{"id":73110,"date":"2024-05-16T07:20:41","date_gmt":"2024-05-16T12:20:41","guid":{"rendered":"https:\/\/luchonoticias.com\/?p=73110"},"modified":"2024-05-16T07:20:41","modified_gmt":"2024-05-16T12:20:41","slug":"huila-tiene-nuevo-director-de-seguridad-y-convivencia-ciudadana","status":"publish","type":"post","link":"https:\/\/luchonoticias.com\/editor\/huila-tiene-nuevo-director-de-seguridad-y-convivencia-ciudadana\/","title":{"rendered":"Huila tiene nuevo director de seguridad y convivencia ciudadana"},"content":{"rendered":"<p>El Huila ha dado un paso significativo hacia la promoci\u00f3n del bienestar ciudadano con la creaci\u00f3n de la Direcci\u00f3n de Seguridad y Convivencia Ciudadana, conforme a la Ordenanza 003 del 5 de abril de 2024, esta direcci\u00f3n, adscrita a la Secretar\u00eda de Gobierno, Asuntos Comunitarios y Seguridad, tiene como misi\u00f3n principal coordinar, articular y controlar el proceso de seguridad y convivencia ciudadana, paz, derechos humanos y atenci\u00f3n a v\u00edctimas en el departamento.<\/p>\n<p>\u201cEl pilar fundamental de nuestro plan de gobierno es la seguridad, estamos trabajando de la mano con la Fuerza P\u00fablica, hemos evidenciado resultados importantes contra el secuestro, la extorsi\u00f3n, procurando poner en \u2018cintura\u2019 a los delincuentes, pero todav\u00eda nos falta, por eso creamos la Direcci\u00f3n T\u00e9cnica de Seguridad y Convivencia Ciudadana para apuntalar con mayores instrumentos, con mejores herramientas contra la inseguridad en el departamento\u201d destac\u00f3 el Gobernador Rodrigo Villalba.<\/p>\n<p>El reci\u00e9n nombrado Director de Seguridad y Convivencia Ciudadana, Oscar Fernando Espa\u00f1a, se ha comprometido a liderar junto con el Secretario de Gobierno, Seguridad y Asuntos Comunitarios, Edgar Mart\u00edn Lara, acciones para el mantenimiento del orden p\u00fablico y la prevenci\u00f3n del delito. Adem\u00e1s, trabajar\u00e1 en estrecha colaboraci\u00f3n con la fuerza p\u00fablica para mejorar la percepci\u00f3n de seguridad en la regi\u00f3n, tambi\u00e9n se enfocar\u00e1 en promover una cultura de convivencia, participaci\u00f3n ciudadana y tolerancia en el departamento del Huila.<\/p>\n<p>Tambi\u00e9n adelantar\u00e1 la formulaci\u00f3n de pol\u00edticas para proteger a los l\u00edderes sociales y defensores de los derechos humanos, y coordinar\u00e1 acciones para la b\u00fasqueda urgente de personas desaparecidas y v\u00edctimas de violencia. Su compromiso incluye la gesti\u00f3n de recursos para la protecci\u00f3n de derechos humanos y la asistencia t\u00e9cnica a los municipios en la prevenci\u00f3n del delito, as\u00ed como la evaluaci\u00f3n continua de programas para proteger los derechos esenciales en el departamento.<\/p>\n<p>\u201cAsumimos este reto de buscar estrategias que nos permitan llevar soluciones a los problemas de seguridad de los peque\u00f1os productores, a los campesinos, a todos los ciudadanos que necesitan nuestra atenci\u00f3n, vamos a trabajar de manera articulada con la Polic\u00eda Nacional, el Ej\u00e9rcito Nacional, la Fiscal\u00eda, para mostrar los resultados que todos esperamos\u201d expres\u00f3 Oscar Fernando Espa\u00f1a Algecira, Director de Seguridad y Convivencia Ciudadana del departamento del Huila.<\/p>\n","protected":false},"excerpt":{"rendered":"<p>El Huila ha dado un paso significativo hacia la promoci\u00f3n del bienestar ciudadano con la creaci\u00f3n de la Direcci\u00f3n de Seguridad y Convivencia Ciudadana, conforme a la Ordenanza 003 del 5 de abril de 2024, esta direcci\u00f3n, adscrita a la Secretar\u00eda de Gobierno, Asuntos Comunitarios y Seguridad, tiene como misi\u00f3n principal coordinar, articular y controlar [&hellip;]<\/p>\n","protected":false},"author":2,"featured_media":73111,"comment_status":"closed","ping_status":"open","sticky":false,"template":"","format":"standard","meta":{"footnotes":""},"categories":[33],"tags":[],"class_list":["post-73110","post","type-post","status-publish","format-standard","has-post-thumbnail","hentry","category-huila"],"yoast_head":"<!-- This site is optimized with the Yoast SEO plugin v26.6 - https:\/\/yoast.com\/wordpress\/plugins\/seo\/ -->\n<title>Huila tiene nuevo director de seguridad y convivencia ciudadana -<\/title>\n<meta name=\"robots\" content=\"index, follow, max-snippet:-1, max-image-preview:large, max-video-preview:-1\" \/>\n<link rel=\"canonical\" href=\"https:\/\/luchonoticias.com\/editor\/huila-tiene-nuevo-director-de-seguridad-y-convivencia-ciudadana\/\" \/>\n<meta property=\"og:locale\" content=\"es_ES\" \/>\n<meta property=\"og:type\" content=\"article\" \/>\n<meta property=\"og:title\" content=\"Huila tiene nuevo director de seguridad y convivencia ciudadana -\" \/>\n<meta property=\"og:url\" content=\"https:\/\/luchonoticias.com\/editor\/huila-tiene-nuevo-director-de-seguridad-y-convivencia-ciudadana\/\" \/>\n<meta property=\"article:publisher\" content=\"https:\/\/www.facebook.com\/luchonoticiasneiva\" \/>\n<meta property=\"article:published_time\" content=\"2024-05-16T12:20:41+00:00\" \/>\n<meta property=\"og:image\" content=\"https:\/\/luchonoticias.com\/editor\/wp-content\/uploads\/2024\/05\/director-de-seutidad.jpg\" \/>\n\t<meta property=\"og:image:width\" content=\"700\" \/>\n\t<meta property=\"og:image:height\" content=\"400\" \/>\n\t<meta property=\"og:image:type\" content=\"image\/jpeg\" \/>\n<meta name=\"author\" content=\"Editor General\" \/>\n<meta name=\"twitter:card\" content=\"summary_large_image\" \/>\n<meta name=\"twitter:label1\" content=\"Escrito por\" \/>\n\t<meta name=\"twitter:data1\" content=\"Editor General\" \/>\n\t<meta name=\"twitter:label2\" content=\"Tiempo de lectura\" \/>\n\t<meta name=\"twitter:data2\" content=\"2 minutos\" \/>\n<script type=\"application\/ld+json\" class=\"yoast-schema-graph\">{\"@context\":\"https:\/\/schema.org\",\"@graph\":[{\"@type\":\"Article\",\"@id\":\"https:\/\/luchonoticias.com\/editor\/huila-tiene-nuevo-director-de-seguridad-y-convivencia-ciudadana\/#article\",\"isPartOf\":{\"@id\":\"https:\/\/luchonoticias.com\/editor\/huila-tiene-nuevo-director-de-seguridad-y-convivencia-ciudadana\/\"},\"author\":{\"name\":\"Editor General\",\"@id\":\"https:\/\/luchonoticias.com\/editor\/#\/schema\/person\/29217990ddf6f14e35912b2866d591fb\"},\"headline\":\"Huila tiene nuevo director de seguridad y convivencia ciudadana\",\"datePublished\":\"2024-05-16T12:20:41+00:00\",\"mainEntityOfPage\":{\"@id\":\"https:\/\/luchonoticias.com\/editor\/huila-tiene-nuevo-director-de-seguridad-y-convivencia-ciudadana\/\"},\"wordCount\":408,\"publisher\":{\"@id\":\"https:\/\/luchonoticias.com\/editor\/#\/schema\/person\/7a7fd911f58561fd056dbac7b55af9cd\"},\"image\":{\"@id\":\"https:\/\/luchonoticias.com\/editor\/huila-tiene-nuevo-director-de-seguridad-y-convivencia-ciudadana\/#primaryimage\"},\"thumbnailUrl\":\"https:\/\/luchonoticias.com\/editor\/wp-content\/uploads\/2024\/05\/director-de-seutidad.jpg\",\"articleSection\":[\"Huila\"],\"inLanguage\":\"es\"},{\"@type\":\"WebPage\",\"@id\":\"https:\/\/luchonoticias.com\/editor\/huila-tiene-nuevo-director-de-seguridad-y-convivencia-ciudadana\/\",\"url\":\"https:\/\/luchonoticias.com\/editor\/huila-tiene-nuevo-director-de-seguridad-y-convivencia-ciudadana\/\",\"name\":\"Huila tiene nuevo director de seguridad y convivencia ciudadana -\",\"isPartOf\":{\"@id\":\"https:\/\/luchonoticias.com\/editor\/#website\"},\"primaryImageOfPage\":{\"@id\":\"https:\/\/luchonoticias.com\/editor\/huila-tiene-nuevo-director-de-seguridad-y-convivencia-ciudadana\/#primaryimage\"},\"image\":{\"@id\":\"https:\/\/luchonoticias.com\/editor\/huila-tiene-nuevo-director-de-seguridad-y-convivencia-ciudadana\/#primaryimage\"},\"thumbnailUrl\":\"https:\/\/luchonoticias.com\/editor\/wp-content\/uploads\/2024\/05\/director-de-seutidad.jpg\",\"datePublished\":\"2024-05-16T12:20:41+00:00\",\"breadcrumb\":{\"@id\":\"https:\/\/luchonoticias.com\/editor\/huila-tiene-nuevo-director-de-seguridad-y-convivencia-ciudadana\/#breadcrumb\"},\"inLanguage\":\"es\",\"potentialAction\":[{\"@type\":\"ReadAction\",\"target\":[\"https:\/\/luchonoticias.com\/editor\/huila-tiene-nuevo-director-de-seguridad-y-convivencia-ciudadana\/\"]}]},{\"@type\":\"ImageObject\",\"inLanguage\":\"es\",\"@id\":\"https:\/\/luchonoticias.com\/editor\/huila-tiene-nuevo-director-de-seguridad-y-convivencia-ciudadana\/#primaryimage\",\"url\":\"https:\/\/luchonoticias.com\/editor\/wp-content\/uploads\/2024\/05\/director-de-seutidad.jpg\",\"contentUrl\":\"https:\/\/luchonoticias.com\/editor\/wp-content\/uploads\/2024\/05\/director-de-seutidad.jpg\",\"width\":700,\"height\":400},{\"@type\":\"BreadcrumbList\",\"@id\":\"https:\/\/luchonoticias.com\/editor\/huila-tiene-nuevo-director-de-seguridad-y-convivencia-ciudadana\/#breadcrumb\",\"itemListElement\":[{\"@type\":\"ListItem\",\"position\":1,\"name\":\"Portada\",\"item\":\"https:\/\/luchonoticias.com\/editor\/\"},{\"@type\":\"ListItem\",\"position\":2,\"name\":\"Huila tiene nuevo director de seguridad y convivencia ciudadana\"}]},{\"@type\":\"WebSite\",\"@id\":\"https:\/\/luchonoticias.com\/editor\/#website\",\"url\":\"https:\/\/luchonoticias.com\/editor\/\",\"name\":\"\",\"description\":\"\",\"publisher\":{\"@id\":\"https:\/\/luchonoticias.com\/editor\/#\/schema\/person\/7a7fd911f58561fd056dbac7b55af9cd\"},\"potentialAction\":[{\"@type\":\"SearchAction\",\"target\":{\"@type\":\"EntryPoint\",\"urlTemplate\":\"https:\/\/luchonoticias.com\/editor\/?s={search_term_string}\"},\"query-input\":{\"@type\":\"PropertyValueSpecification\",\"valueRequired\":true,\"valueName\":\"search_term_string\"}}],\"inLanguage\":\"es\"},{\"@type\":[\"Person\",\"Organization\"],\"@id\":\"https:\/\/luchonoticias.com\/editor\/#\/schema\/person\/7a7fd911f58561fd056dbac7b55af9cd\",\"name\":\"admin\",\"image\":{\"@type\":\"ImageObject\",\"inLanguage\":\"es\",\"@id\":\"https:\/\/luchonoticias.com\/editor\/#\/schema\/person\/image\/\",\"url\":\"https:\/\/luchonoticias.com\/editor\/wp-content\/uploads\/2024\/02\/cropped-cropped-logolu.webp\",\"contentUrl\":\"https:\/\/luchonoticias.com\/editor\/wp-content\/uploads\/2024\/02\/cropped-cropped-logolu.webp\",\"width\":382,\"height\":170,\"caption\":\"admin\"},\"logo\":{\"@id\":\"https:\/\/luchonoticias.com\/editor\/#\/schema\/person\/image\/\"},\"sameAs\":[\"https:\/\/www.facebook.com\/luchonoticiasneiva\"]},{\"@type\":\"Person\",\"@id\":\"https:\/\/luchonoticias.com\/editor\/#\/schema\/person\/29217990ddf6f14e35912b2866d591fb\",\"name\":\"Editor General\",\"image\":{\"@type\":\"ImageObject\",\"inLanguage\":\"es\",\"@id\":\"https:\/\/luchonoticias.com\/editor\/#\/schema\/person\/image\/\",\"url\":\"https:\/\/luchonoticias.com\/editor\/wp-content\/uploads\/2024\/02\/cropped-cropped-logolu-150x150.webp\",\"contentUrl\":\"https:\/\/luchonoticias.com\/editor\/wp-content\/uploads\/2024\/02\/cropped-cropped-logolu-150x150.webp\",\"caption\":\"Editor General\"},\"sameAs\":[\"https:\/\/luchonoticias.com\/\"],\"url\":\"https:\/\/luchonoticias.com\/editor\/author\/editor-general\/\"}]}<\/script>\n<!-- \/ Yoast SEO plugin. -->","yoast_head_json":{"title":"Huila tiene nuevo director de seguridad y convivencia ciudadana -","robots":{"index":"index","follow":"follow","max-snippet":"max-snippet:-1","max-image-preview":"max-image-preview:large","max-video-preview":"max-video-preview:-1"},"canonical":"https:\/\/luchonoticias.com\/editor\/huila-tiene-nuevo-director-de-seguridad-y-convivencia-ciudadana\/","og_locale":"es_ES","og_type":"article","og_title":"Huila tiene nuevo director de seguridad y convivencia ciudadana -","og_url":"https:\/\/luchonoticias.com\/editor\/huila-tiene-nuevo-director-de-seguridad-y-convivencia-ciudadana\/","article_publisher":"https:\/\/www.facebook.com\/luchonoticiasneiva","article_published_time":"2024-05-16T12:20:41+00:00","og_image":[{"width":700,"height":400,"url":"https:\/\/luchonoticias.com\/editor\/wp-content\/uploads\/2024\/05\/director-de-seutidad.jpg","type":"image\/jpeg"}],"author":"Editor General","twitter_card":"summary_large_image","twitter_misc":{"Escrito por":"Editor General","Tiempo de lectura":"2 minutos"},"schema":{"@context":"https:\/\/schema.org","@graph":[{"@type":"Article","@id":"https:\/\/luchonoticias.com\/editor\/huila-tiene-nuevo-director-de-seguridad-y-convivencia-ciudadana\/#article","isPartOf":{"@id":"https:\/\/luchonoticias.com\/editor\/huila-tiene-nuevo-director-de-seguridad-y-convivencia-ciudadana\/"},"author":{"name":"Editor General","@id":"https:\/\/luchonoticias.com\/editor\/#\/schema\/person\/29217990ddf6f14e35912b2866d591fb"},"headline":"Huila tiene nuevo director de seguridad y convivencia ciudadana","datePublished":"2024-05-16T12:20:41+00:00","mainEntityOfPage":{"@id":"https:\/\/luchonoticias.com\/editor\/huila-tiene-nuevo-director-de-seguridad-y-convivencia-ciudadana\/"},"wordCount":408,"publisher":{"@id":"https:\/\/luchonoticias.com\/editor\/#\/schema\/person\/7a7fd911f58561fd056dbac7b55af9cd"},"image":{"@id":"https:\/\/luchonoticias.com\/editor\/huila-tiene-nuevo-director-de-seguridad-y-convivencia-ciudadana\/#primaryimage"},"thumbnailUrl":"https:\/\/luchonoticias.com\/editor\/wp-content\/uploads\/2024\/05\/director-de-seutidad.jpg","articleSection":["Huila"],"inLanguage":"es"},{"@type":"WebPage","@id":"https:\/\/luchonoticias.com\/editor\/huila-tiene-nuevo-director-de-seguridad-y-convivencia-ciudadana\/","url":"https:\/\/luchonoticias.com\/editor\/huila-tiene-nuevo-director-de-seguridad-y-convivencia-ciudadana\/","name":"Huila tiene nuevo director de seguridad y convivencia ciudadana -","isPartOf":{"@id":"https:\/\/luchonoticias.com\/editor\/#website"},"primaryImageOfPage":{"@id":"https:\/\/luchonoticias.com\/editor\/huila-tiene-nuevo-director-de-seguridad-y-convivencia-ciudadana\/#primaryimage"},"image":{"@id":"https:\/\/luchonoticias.com\/editor\/huila-tiene-nuevo-director-de-seguridad-y-convivencia-ciudadana\/#primaryimage"},"thumbnailUrl":"https:\/\/luchonoticias.com\/editor\/wp-content\/uploads\/2024\/05\/director-de-seutidad.jpg","datePublished":"2024-05-16T12:20:41+00:00","breadcrumb":{"@id":"https:\/\/luchonoticias.com\/editor\/huila-tiene-nuevo-director-de-seguridad-y-convivencia-ciudadana\/#breadcrumb"},"inLanguage":"es","potentialAction":[{"@type":"ReadAction","target":["https:\/\/luchonoticias.com\/editor\/huila-tiene-nuevo-director-de-seguridad-y-convivencia-ciudadana\/"]}]},{"@type":"ImageObject","inLanguage":"es","@id":"https:\/\/luchonoticias.com\/editor\/huila-tiene-nuevo-director-de-seguridad-y-convivencia-ciudadana\/#primaryimage","url":"https:\/\/luchonoticias.com\/editor\/wp-content\/uploads\/2024\/05\/director-de-seutidad.jpg","contentUrl":"https:\/\/luchonoticias.com\/editor\/wp-content\/uploads\/2024\/05\/director-de-seutidad.jpg","width":700,"height":400},{"@type":"BreadcrumbList","@id":"https:\/\/luchonoticias.com\/editor\/huila-tiene-nuevo-director-de-seguridad-y-convivencia-ciudadana\/#breadcrumb","itemListElement":[{"@type":"ListItem","position":1,"name":"Portada","item":"https:\/\/luchonoticias.com\/editor\/"},{"@type":"ListItem","position":2,"name":"Huila tiene nuevo director de seguridad y convivencia ciudadana"}]},{"@type":"WebSite","@id":"https:\/\/luchonoticias.com\/editor\/#website","url":"https:\/\/luchonoticias.com\/editor\/","name":"","description":"","publisher":{"@id":"https:\/\/luchonoticias.com\/editor\/#\/schema\/person\/7a7fd911f58561fd056dbac7b55af9cd"},"potentialAction":[{"@type":"SearchAction","target":{"@type":"EntryPoint","urlTemplate":"https:\/\/luchonoticias.com\/editor\/?s={search_term_string}"},"query-input":{"@type":"PropertyValueSpecification","valueRequired":true,"valueName":"search_term_string"}}],"inLanguage":"es"},{"@type":["Person","Organization"],"@id":"https:\/\/luchonoticias.com\/editor\/#\/schema\/person\/7a7fd911f58561fd056dbac7b55af9cd","name":"admin","image":{"@type":"ImageObject","inLanguage":"es","@id":"https:\/\/luchonoticias.com\/editor\/#\/schema\/person\/image\/","url":"https:\/\/luchonoticias.com\/editor\/wp-content\/uploads\/2024\/02\/cropped-cropped-logolu.webp","contentUrl":"https:\/\/luchonoticias.com\/editor\/wp-content\/uploads\/2024\/02\/cropped-cropped-logolu.webp","width":382,"height":170,"caption":"admin"},"logo":{"@id":"https:\/\/luchonoticias.com\/editor\/#\/schema\/person\/image\/"},"sameAs":["https:\/\/www.facebook.com\/luchonoticiasneiva"]},{"@type":"Person","@id":"https:\/\/luchonoticias.com\/editor\/#\/schema\/person\/29217990ddf6f14e35912b2866d591fb","name":"Editor General","image":{"@type":"ImageObject","inLanguage":"es","@id":"https:\/\/luchonoticias.com\/editor\/#\/schema\/person\/image\/","url":"https:\/\/luchonoticias.com\/editor\/wp-content\/uploads\/2024\/02\/cropped-cropped-logolu-150x150.webp","contentUrl":"https:\/\/luchonoticias.com\/editor\/wp-content\/uploads\/2024\/02\/cropped-cropped-logolu-150x150.webp","caption":"Editor General"},"sameAs":["https:\/\/luchonoticias.com\/"],"url":"https:\/\/luchonoticias.com\/editor\/author\/editor-general\/"}]}},"_links":{"self":[{"href":"https:\/\/luchonoticias.com\/editor\/wp-json\/wp\/v2\/posts\/73110","targetHints":{"allow":["GET"]}}],"collection":[{"href":"https:\/\/luchonoticias.com\/editor\/wp-json\/wp\/v2\/posts"}],"about":[{"href":"https:\/\/luchonoticias.com\/editor\/wp-json\/wp\/v2\/types\/post"}],"author":[{"embeddable":true,"href":"https:\/\/luchonoticias.com\/editor\/wp-json\/wp\/v2\/users\/2"}],"replies":[{"embeddable":true,"href":"https:\/\/luchonoticias.com\/editor\/wp-json\/wp\/v2\/comments?post=73110"}],"version-history":[{"count":0,"href":"https:\/\/luchonoticias.com\/editor\/wp-json\/wp\/v2\/posts\/73110\/revisions"}],"wp:featuredmedia":[{"embeddable":true,"href":"https:\/\/luchonoticias.com\/editor\/wp-json\/wp\/v2\/media\/73111"}],"wp:attachment":[{"href":"https:\/\/luchonoticias.com\/editor\/wp-json\/wp\/v2\/media?parent=73110"}],"wp:term":[{"taxonomy":"category","embeddable":true,"href":"https:\/\/luchonoticias.com\/editor\/wp-json\/wp\/v2\/categories?post=73110"},{"taxonomy":"post_tag","embeddable":true,"href":"https:\/\/luchonoticias.com\/editor\/wp-json\/wp\/v2\/tags?post=73110"}],"curies":[{"name":"wp","href":"https:\/\/api.w.org\/{rel}","templated":true}]}}