{"id":73113,"date":"2024-05-16T07:24:06","date_gmt":"2024-05-16T12:24:06","guid":{"rendered":"https:\/\/luchonoticias.com\/?p=73113"},"modified":"2024-05-16T07:24:06","modified_gmt":"2024-05-16T12:24:06","slug":"nueva-critica-del-presidente-por-lo-ocurrido-con-el-ministerio-de-equidad","status":"publish","type":"post","link":"https:\/\/luchonoticias.com\/editor\/nueva-critica-del-presidente-por-lo-ocurrido-con-el-ministerio-de-equidad\/","title":{"rendered":"Nueva cr\u00edtica del Presidente por lo ocurrido con el Ministerio de Equidad"},"content":{"rendered":"<p>\u201cEl Ministerio de Igualdad o quienes quisieron da\u00f1arlo, simplemente era porque en el fondo no quieren la igualdad en Colombia\u00bb, dijo el presidente Gustavo Petro durante la sesi\u00f3n conjunta del subsistema de participaci\u00f3n juvenil que se realiz\u00f3 en Bogot\u00e1.<\/p>\n<p>En su intervenci\u00f3n, asegur\u00f3 que \u00abla palabra igualdad parece una groser\u00eda en Colombia\u00bb, al insistir en que la igualdad \u201ces la base de todos estos siglos de construcci\u00f3n de una Rep\u00fablica, de unas democracias en todo el mundo. Ni m\u00e1s ni menos\u00bb.<\/p>\n<p>Enfatiz\u00f3 que \u201ctenemos una sociedad profundamente desigual, aberrantemente desigual, hoy ya es la m\u00e1s desigual de Am\u00e9rica Latina, y Am\u00e9rica Latina es de las m\u00e1s sociedades m\u00e1s desiguales del mundo. Luego, Colombia es una de las cuatro sociedades m\u00e1s desiguales del planeta Tierra. Eso es aberrante\u00bb.<\/p>\n<p>Se\u00f1al\u00f3 que muchos sectores de la sociedad no quieren la igualdad, porque est\u00e1n acostumbrados a la exclusi\u00f3n. \u00abLa igualdad es que, como seres humanos, seamos tratados iguales ante las posibilidades, ante los derechos y ante la vida\u00bb, subray\u00f3.<\/p>\n<p><strong>La juve\u200b\u200bntud y el estallido social<\/strong><\/p>\n<p>\u200bEl presidente se refiri\u00f3 al estallido social en Colombia y a la participaci\u00f3n de los j\u00f3venes de la Primera L\u00ednea. Afirm\u00f3 que no eran terroristas, como algunos medios de comunicaci\u00f3n los etiquetaron, sino que protestaban por su derecho a vivir.<\/p>\n<p>Por ello, inst\u00f3 a los j\u00f3venes a luchar por una sociedad m\u00e1s equitativa y a no conformarse con las formas tradicionales de la pol\u00edtica que perpet\u00faan la exclusi\u00f3n.<\/p>\n<p>\u201cUna fuerza juvenil delante de la sociedad, es una fuerza que transforma la sociedad. Luego, ser j\u00f3venes y estar frente a la sociedad, no contra sino llev\u00e1ndola en el arte, la poes\u00eda, en la danza, en la pintura, en las matem\u00e1ticas, en la ciencia, en la danza, en el canto como aqu\u00ed, etc., en la pol\u00edtica, en la acci\u00f3n social, en la decisi\u00f3n\u00bb, dijo.<\/p>\n<p>En su conclusi\u00f3n, el presidente se cuestion\u00f3: \u201c\u00bfCu\u00e1l es el papel de la juventud en este momento?\u00bb y respondi\u00f3 que \u201cyo creo, humildemente, que es el de luchar, el de juntarse, el de pensar y el de actuar\u00bb.<\/p>\n","protected":false},"excerpt":{"rendered":"<p>\u201cEl Ministerio de Igualdad o quienes quisieron da\u00f1arlo, simplemente era porque en el fondo no quieren la igualdad en Colombia\u00bb, dijo el presidente Gustavo Petro durante la sesi\u00f3n conjunta del subsistema de participaci\u00f3n juvenil que se realiz\u00f3 en Bogot\u00e1. En su intervenci\u00f3n, asegur\u00f3 que \u00abla palabra igualdad parece una groser\u00eda en Colombia\u00bb, al insistir en [&hellip;]<\/p>\n","protected":false},"author":2,"featured_media":73114,"comment_status":"closed","ping_status":"open","sticky":false,"template":"","format":"standard","meta":{"footnotes":""},"categories":[28],"tags":[],"class_list":["post-73113","post","type-post","status-publish","format-standard","has-post-thumbnail","hentry","category-actualidad"],"yoast_head":"<!-- This site is optimized with the Yoast SEO plugin v26.6 - https:\/\/yoast.com\/wordpress\/plugins\/seo\/ -->\n<title>Nueva cr\u00edtica del Presidente por lo ocurrido con el Ministerio de Equidad -<\/title>\n<meta name=\"robots\" content=\"index, follow, max-snippet:-1, max-image-preview:large, max-video-preview:-1\" \/>\n<link rel=\"canonical\" href=\"https:\/\/luchonoticias.com\/editor\/nueva-critica-del-presidente-por-lo-ocurrido-con-el-ministerio-de-equidad\/\" \/>\n<meta property=\"og:locale\" content=\"es_ES\" \/>\n<meta property=\"og:type\" content=\"article\" \/>\n<meta property=\"og:title\" content=\"Nueva cr\u00edtica del Presidente por lo ocurrido con el Ministerio de Equidad -\" \/>\n<meta property=\"og:url\" content=\"https:\/\/luchonoticias.com\/editor\/nueva-critica-del-presidente-por-lo-ocurrido-con-el-ministerio-de-equidad\/\" \/>\n<meta property=\"article:publisher\" content=\"https:\/\/www.facebook.com\/luchonoticiasneiva\" \/>\n<meta property=\"article:published_time\" content=\"2024-05-16T12:24:06+00:00\" \/>\n<meta property=\"og:image\" content=\"https:\/\/luchonoticias.com\/editor\/wp-content\/uploads\/2024\/05\/presidente.jpg\" \/>\n\t<meta property=\"og:image:width\" content=\"700\" \/>\n\t<meta property=\"og:image:height\" content=\"400\" \/>\n\t<meta property=\"og:image:type\" content=\"image\/jpeg\" \/>\n<meta name=\"author\" content=\"Editor General\" \/>\n<meta name=\"twitter:card\" content=\"summary_large_image\" \/>\n<meta name=\"twitter:label1\" content=\"Escrito por\" \/>\n\t<meta name=\"twitter:data1\" content=\"Editor General\" \/>\n\t<meta name=\"twitter:label2\" content=\"Tiempo de lectura\" \/>\n\t<meta name=\"twitter:data2\" content=\"2 minutos\" \/>\n<script type=\"application\/ld+json\" class=\"yoast-schema-graph\">{\"@context\":\"https:\/\/schema.org\",\"@graph\":[{\"@type\":\"Article\",\"@id\":\"https:\/\/luchonoticias.com\/editor\/nueva-critica-del-presidente-por-lo-ocurrido-con-el-ministerio-de-equidad\/#article\",\"isPartOf\":{\"@id\":\"https:\/\/luchonoticias.com\/editor\/nueva-critica-del-presidente-por-lo-ocurrido-con-el-ministerio-de-equidad\/\"},\"author\":{\"name\":\"Editor General\",\"@id\":\"https:\/\/luchonoticias.com\/editor\/#\/schema\/person\/29217990ddf6f14e35912b2866d591fb\"},\"headline\":\"Nueva cr\u00edtica del Presidente por lo ocurrido con el Ministerio de Equidad\",\"datePublished\":\"2024-05-16T12:24:06+00:00\",\"mainEntityOfPage\":{\"@id\":\"https:\/\/luchonoticias.com\/editor\/nueva-critica-del-presidente-por-lo-ocurrido-con-el-ministerio-de-equidad\/\"},\"wordCount\":390,\"publisher\":{\"@id\":\"https:\/\/luchonoticias.com\/editor\/#\/schema\/person\/7a7fd911f58561fd056dbac7b55af9cd\"},\"image\":{\"@id\":\"https:\/\/luchonoticias.com\/editor\/nueva-critica-del-presidente-por-lo-ocurrido-con-el-ministerio-de-equidad\/#primaryimage\"},\"thumbnailUrl\":\"https:\/\/luchonoticias.com\/editor\/wp-content\/uploads\/2024\/05\/presidente.jpg\",\"articleSection\":[\"Actualidad\"],\"inLanguage\":\"es\"},{\"@type\":\"WebPage\",\"@id\":\"https:\/\/luchonoticias.com\/editor\/nueva-critica-del-presidente-por-lo-ocurrido-con-el-ministerio-de-equidad\/\",\"url\":\"https:\/\/luchonoticias.com\/editor\/nueva-critica-del-presidente-por-lo-ocurrido-con-el-ministerio-de-equidad\/\",\"name\":\"Nueva cr\u00edtica del Presidente por lo ocurrido con el Ministerio de Equidad -\",\"isPartOf\":{\"@id\":\"https:\/\/luchonoticias.com\/editor\/#website\"},\"primaryImageOfPage\":{\"@id\":\"https:\/\/luchonoticias.com\/editor\/nueva-critica-del-presidente-por-lo-ocurrido-con-el-ministerio-de-equidad\/#primaryimage\"},\"image\":{\"@id\":\"https:\/\/luchonoticias.com\/editor\/nueva-critica-del-presidente-por-lo-ocurrido-con-el-ministerio-de-equidad\/#primaryimage\"},\"thumbnailUrl\":\"https:\/\/luchonoticias.com\/editor\/wp-content\/uploads\/2024\/05\/presidente.jpg\",\"datePublished\":\"2024-05-16T12:24:06+00:00\",\"breadcrumb\":{\"@id\":\"https:\/\/luchonoticias.com\/editor\/nueva-critica-del-presidente-por-lo-ocurrido-con-el-ministerio-de-equidad\/#breadcrumb\"},\"inLanguage\":\"es\",\"potentialAction\":[{\"@type\":\"ReadAction\",\"target\":[\"https:\/\/luchonoticias.com\/editor\/nueva-critica-del-presidente-por-lo-ocurrido-con-el-ministerio-de-equidad\/\"]}]},{\"@type\":\"ImageObject\",\"inLanguage\":\"es\",\"@id\":\"https:\/\/luchonoticias.com\/editor\/nueva-critica-del-presidente-por-lo-ocurrido-con-el-ministerio-de-equidad\/#primaryimage\",\"url\":\"https:\/\/luchonoticias.com\/editor\/wp-content\/uploads\/2024\/05\/presidente.jpg\",\"contentUrl\":\"https:\/\/luchonoticias.com\/editor\/wp-content\/uploads\/2024\/05\/presidente.jpg\",\"width\":700,\"height\":400},{\"@type\":\"BreadcrumbList\",\"@id\":\"https:\/\/luchonoticias.com\/editor\/nueva-critica-del-presidente-por-lo-ocurrido-con-el-ministerio-de-equidad\/#breadcrumb\",\"itemListElement\":[{\"@type\":\"ListItem\",\"position\":1,\"name\":\"Portada\",\"item\":\"https:\/\/luchonoticias.com\/editor\/\"},{\"@type\":\"ListItem\",\"position\":2,\"name\":\"Nueva cr\u00edtica del Presidente por lo ocurrido con el Ministerio de Equidad\"}]},{\"@type\":\"WebSite\",\"@id\":\"https:\/\/luchonoticias.com\/editor\/#website\",\"url\":\"https:\/\/luchonoticias.com\/editor\/\",\"name\":\"\",\"description\":\"\",\"publisher\":{\"@id\":\"https:\/\/luchonoticias.com\/editor\/#\/schema\/person\/7a7fd911f58561fd056dbac7b55af9cd\"},\"potentialAction\":[{\"@type\":\"SearchAction\",\"target\":{\"@type\":\"EntryPoint\",\"urlTemplate\":\"https:\/\/luchonoticias.com\/editor\/?s={search_term_string}\"},\"query-input\":{\"@type\":\"PropertyValueSpecification\",\"valueRequired\":true,\"valueName\":\"search_term_string\"}}],\"inLanguage\":\"es\"},{\"@type\":[\"Person\",\"Organization\"],\"@id\":\"https:\/\/luchonoticias.com\/editor\/#\/schema\/person\/7a7fd911f58561fd056dbac7b55af9cd\",\"name\":\"admin\",\"image\":{\"@type\":\"ImageObject\",\"inLanguage\":\"es\",\"@id\":\"https:\/\/luchonoticias.com\/editor\/#\/schema\/person\/image\/\",\"url\":\"https:\/\/luchonoticias.com\/editor\/wp-content\/uploads\/2024\/02\/cropped-cropped-logolu.webp\",\"contentUrl\":\"https:\/\/luchonoticias.com\/editor\/wp-content\/uploads\/2024\/02\/cropped-cropped-logolu.webp\",\"width\":382,\"height\":170,\"caption\":\"admin\"},\"logo\":{\"@id\":\"https:\/\/luchonoticias.com\/editor\/#\/schema\/person\/image\/\"},\"sameAs\":[\"https:\/\/www.facebook.com\/luchonoticiasneiva\"]},{\"@type\":\"Person\",\"@id\":\"https:\/\/luchonoticias.com\/editor\/#\/schema\/person\/29217990ddf6f14e35912b2866d591fb\",\"name\":\"Editor General\",\"image\":{\"@type\":\"ImageObject\",\"inLanguage\":\"es\",\"@id\":\"https:\/\/luchonoticias.com\/editor\/#\/schema\/person\/image\/\",\"url\":\"https:\/\/luchonoticias.com\/editor\/wp-content\/uploads\/2024\/02\/cropped-cropped-logolu-150x150.webp\",\"contentUrl\":\"https:\/\/luchonoticias.com\/editor\/wp-content\/uploads\/2024\/02\/cropped-cropped-logolu-150x150.webp\",\"caption\":\"Editor General\"},\"sameAs\":[\"https:\/\/luchonoticias.com\/\"],\"url\":\"https:\/\/luchonoticias.com\/editor\/author\/editor-general\/\"}]}<\/script>\n<!-- \/ Yoast SEO plugin. -->","yoast_head_json":{"title":"Nueva cr\u00edtica del Presidente por lo ocurrido con el Ministerio de Equidad -","robots":{"index":"index","follow":"follow","max-snippet":"max-snippet:-1","max-image-preview":"max-image-preview:large","max-video-preview":"max-video-preview:-1"},"canonical":"https:\/\/luchonoticias.com\/editor\/nueva-critica-del-presidente-por-lo-ocurrido-con-el-ministerio-de-equidad\/","og_locale":"es_ES","og_type":"article","og_title":"Nueva cr\u00edtica del Presidente por lo ocurrido con el Ministerio de Equidad -","og_url":"https:\/\/luchonoticias.com\/editor\/nueva-critica-del-presidente-por-lo-ocurrido-con-el-ministerio-de-equidad\/","article_publisher":"https:\/\/www.facebook.com\/luchonoticiasneiva","article_published_time":"2024-05-16T12:24:06+00:00","og_image":[{"width":700,"height":400,"url":"https:\/\/luchonoticias.com\/editor\/wp-content\/uploads\/2024\/05\/presidente.jpg","type":"image\/jpeg"}],"author":"Editor General","twitter_card":"summary_large_image","twitter_misc":{"Escrito por":"Editor General","Tiempo de lectura":"2 minutos"},"schema":{"@context":"https:\/\/schema.org","@graph":[{"@type":"Article","@id":"https:\/\/luchonoticias.com\/editor\/nueva-critica-del-presidente-por-lo-ocurrido-con-el-ministerio-de-equidad\/#article","isPartOf":{"@id":"https:\/\/luchonoticias.com\/editor\/nueva-critica-del-presidente-por-lo-ocurrido-con-el-ministerio-de-equidad\/"},"author":{"name":"Editor General","@id":"https:\/\/luchonoticias.com\/editor\/#\/schema\/person\/29217990ddf6f14e35912b2866d591fb"},"headline":"Nueva cr\u00edtica del Presidente por lo ocurrido con el Ministerio de Equidad","datePublished":"2024-05-16T12:24:06+00:00","mainEntityOfPage":{"@id":"https:\/\/luchonoticias.com\/editor\/nueva-critica-del-presidente-por-lo-ocurrido-con-el-ministerio-de-equidad\/"},"wordCount":390,"publisher":{"@id":"https:\/\/luchonoticias.com\/editor\/#\/schema\/person\/7a7fd911f58561fd056dbac7b55af9cd"},"image":{"@id":"https:\/\/luchonoticias.com\/editor\/nueva-critica-del-presidente-por-lo-ocurrido-con-el-ministerio-de-equidad\/#primaryimage"},"thumbnailUrl":"https:\/\/luchonoticias.com\/editor\/wp-content\/uploads\/2024\/05\/presidente.jpg","articleSection":["Actualidad"],"inLanguage":"es"},{"@type":"WebPage","@id":"https:\/\/luchonoticias.com\/editor\/nueva-critica-del-presidente-por-lo-ocurrido-con-el-ministerio-de-equidad\/","url":"https:\/\/luchonoticias.com\/editor\/nueva-critica-del-presidente-por-lo-ocurrido-con-el-ministerio-de-equidad\/","name":"Nueva cr\u00edtica del Presidente por lo ocurrido con el Ministerio de Equidad -","isPartOf":{"@id":"https:\/\/luchonoticias.com\/editor\/#website"},"primaryImageOfPage":{"@id":"https:\/\/luchonoticias.com\/editor\/nueva-critica-del-presidente-por-lo-ocurrido-con-el-ministerio-de-equidad\/#primaryimage"},"image":{"@id":"https:\/\/luchonoticias.com\/editor\/nueva-critica-del-presidente-por-lo-ocurrido-con-el-ministerio-de-equidad\/#primaryimage"},"thumbnailUrl":"https:\/\/luchonoticias.com\/editor\/wp-content\/uploads\/2024\/05\/presidente.jpg","datePublished":"2024-05-16T12:24:06+00:00","breadcrumb":{"@id":"https:\/\/luchonoticias.com\/editor\/nueva-critica-del-presidente-por-lo-ocurrido-con-el-ministerio-de-equidad\/#breadcrumb"},"inLanguage":"es","potentialAction":[{"@type":"ReadAction","target":["https:\/\/luchonoticias.com\/editor\/nueva-critica-del-presidente-por-lo-ocurrido-con-el-ministerio-de-equidad\/"]}]},{"@type":"ImageObject","inLanguage":"es","@id":"https:\/\/luchonoticias.com\/editor\/nueva-critica-del-presidente-por-lo-ocurrido-con-el-ministerio-de-equidad\/#primaryimage","url":"https:\/\/luchonoticias.com\/editor\/wp-content\/uploads\/2024\/05\/presidente.jpg","contentUrl":"https:\/\/luchonoticias.com\/editor\/wp-content\/uploads\/2024\/05\/presidente.jpg","width":700,"height":400},{"@type":"BreadcrumbList","@id":"https:\/\/luchonoticias.com\/editor\/nueva-critica-del-presidente-por-lo-ocurrido-con-el-ministerio-de-equidad\/#breadcrumb","itemListElement":[{"@type":"ListItem","position":1,"name":"Portada","item":"https:\/\/luchonoticias.com\/editor\/"},{"@type":"ListItem","position":2,"name":"Nueva cr\u00edtica del Presidente por lo ocurrido con el Ministerio de Equidad"}]},{"@type":"WebSite","@id":"https:\/\/luchonoticias.com\/editor\/#website","url":"https:\/\/luchonoticias.com\/editor\/","name":"","description":"","publisher":{"@id":"https:\/\/luchonoticias.com\/editor\/#\/schema\/person\/7a7fd911f58561fd056dbac7b55af9cd"},"potentialAction":[{"@type":"SearchAction","target":{"@type":"EntryPoint","urlTemplate":"https:\/\/luchonoticias.com\/editor\/?s={search_term_string}"},"query-input":{"@type":"PropertyValueSpecification","valueRequired":true,"valueName":"search_term_string"}}],"inLanguage":"es"},{"@type":["Person","Organization"],"@id":"https:\/\/luchonoticias.com\/editor\/#\/schema\/person\/7a7fd911f58561fd056dbac7b55af9cd","name":"admin","image":{"@type":"ImageObject","inLanguage":"es","@id":"https:\/\/luchonoticias.com\/editor\/#\/schema\/person\/image\/","url":"https:\/\/luchonoticias.com\/editor\/wp-content\/uploads\/2024\/02\/cropped-cropped-logolu.webp","contentUrl":"https:\/\/luchonoticias.com\/editor\/wp-content\/uploads\/2024\/02\/cropped-cropped-logolu.webp","width":382,"height":170,"caption":"admin"},"logo":{"@id":"https:\/\/luchonoticias.com\/editor\/#\/schema\/person\/image\/"},"sameAs":["https:\/\/www.facebook.com\/luchonoticiasneiva"]},{"@type":"Person","@id":"https:\/\/luchonoticias.com\/editor\/#\/schema\/person\/29217990ddf6f14e35912b2866d591fb","name":"Editor General","image":{"@type":"ImageObject","inLanguage":"es","@id":"https:\/\/luchonoticias.com\/editor\/#\/schema\/person\/image\/","url":"https:\/\/luchonoticias.com\/editor\/wp-content\/uploads\/2024\/02\/cropped-cropped-logolu-150x150.webp","contentUrl":"https:\/\/luchonoticias.com\/editor\/wp-content\/uploads\/2024\/02\/cropped-cropped-logolu-150x150.webp","caption":"Editor General"},"sameAs":["https:\/\/luchonoticias.com\/"],"url":"https:\/\/luchonoticias.com\/editor\/author\/editor-general\/"}]}},"_links":{"self":[{"href":"https:\/\/luchonoticias.com\/editor\/wp-json\/wp\/v2\/posts\/73113","targetHints":{"allow":["GET"]}}],"collection":[{"href":"https:\/\/luchonoticias.com\/editor\/wp-json\/wp\/v2\/posts"}],"about":[{"href":"https:\/\/luchonoticias.com\/editor\/wp-json\/wp\/v2\/types\/post"}],"author":[{"embeddable":true,"href":"https:\/\/luchonoticias.com\/editor\/wp-json\/wp\/v2\/users\/2"}],"replies":[{"embeddable":true,"href":"https:\/\/luchonoticias.com\/editor\/wp-json\/wp\/v2\/comments?post=73113"}],"version-history":[{"count":0,"href":"https:\/\/luchonoticias.com\/editor\/wp-json\/wp\/v2\/posts\/73113\/revisions"}],"wp:featuredmedia":[{"embeddable":true,"href":"https:\/\/luchonoticias.com\/editor\/wp-json\/wp\/v2\/media\/73114"}],"wp:attachment":[{"href":"https:\/\/luchonoticias.com\/editor\/wp-json\/wp\/v2\/media?parent=73113"}],"wp:term":[{"taxonomy":"category","embeddable":true,"href":"https:\/\/luchonoticias.com\/editor\/wp-json\/wp\/v2\/categories?post=73113"},{"taxonomy":"post_tag","embeddable":true,"href":"https:\/\/luchonoticias.com\/editor\/wp-json\/wp\/v2\/tags?post=73113"}],"curies":[{"name":"wp","href":"https:\/\/api.w.org\/{rel}","templated":true}]}}