{"id":73116,"date":"2024-05-16T07:33:04","date_gmt":"2024-05-16T12:33:04","guid":{"rendered":"https:\/\/luchonoticias.com\/?p=73116"},"modified":"2024-05-16T07:33:04","modified_gmt":"2024-05-16T12:33:04","slug":"dos-proyectos-del-senado-cerca-de-la-sancion-presidencial","status":"publish","type":"post","link":"https:\/\/luchonoticias.com\/editor\/dos-proyectos-del-senado-cerca-de-la-sancion-presidencial\/","title":{"rendered":"Dos proyectos del Senado, cerca de la Sanci\u00f3n Presidencial"},"content":{"rendered":"<p>Por razones sanitarias el Senado de la Rep\u00fablica realiz\u00f3 la Sesi\u00f3n Plenaria de manera virtual con presencia mayoritaria de parlamentarios, quienes aprobaron dos proyectos de ley en segundo debate, y que pasan a sanci\u00f3n presidencial al tiempo que evacuaron otra iniciativa que pasa a debate en C\u00e1mara.<\/p>\n<p>El racionamiento de agua en el sector donde se encuentra el edificio del Congreso de Colombia, y por ende la suspensi\u00f3n del servicio, oblig\u00f3 que la Sesi\u00f3n Plenaria se efectuara virtualmente similar a la \u00e9poca de pandemia hace dos a\u00f1os.<\/p>\n<p>Utilizando toda la tecnolog\u00eda, los senadores debatieron el proyecto de ley, que pasa a sanci\u00f3n presidencial, que se refiere a la exaltaci\u00f3n del Mapal\u00e9 como una manifestaci\u00f3n del patrimonio cultural inmaterial de la naci\u00f3n que se celebra en el municipio de Buenavista en el departamento de C\u00f3rdoba, el cual fue respaldado un\u00e1nimemente, es decir por 161 votos a favor, con ponencia del legislador Julio Alberto El\u00edas Vidal del partido de la U.<\/p>\n<p>Tambi\u00e9n fue probado en segundo debate el proyecto de ley por medio del cual se dictan disposiciones \u201cpara la reducci\u00f3n de las desigualdades de g\u00e9nero en el sector de la infraestructura civil y la construcci\u00f3n en Colombia, a trav\u00e9s de la estrategia m\u00e1s mujeres construyendo\u201d.<\/p>\n<p>La ponencia estuvo a cargo de la senadora Norma Hurtado, del partido de la U, quien explic\u00f3 que la iniciativa \u201ces un proyecto por medio del cual se establecen las medidas necesarias para reducci\u00f3n de las desigualdades de g\u00e9nero que existen en el sector de la infraestructura civil y construcci\u00f3n en Colombia a trav\u00e9s de una mayor participaci\u00f3n femenina\u201d.<\/p>\n<p>La Plenaria Virtual del Senado tambi\u00e9n aprob\u00f3, en primer debate el proyecto de ley que declara la disciplina de la Chaza como deporte nacional, con ponencia de la senadora Norma Hurtado S\u00e1nchez.<\/p>\n<p>\u201cLa chaza es un legado de nuestros ancestros y se hace de manera espont\u00e1nea y cotidiana en los departamentos de Nari\u00f1o y sur del Cauca\u201d, sostuvo el senador Robert Daza, del partido Polo Democr\u00e1tico Alternativo, en agradecimiento a la ponente Norma Hurtado.<\/p>\n","protected":false},"excerpt":{"rendered":"<p>Por razones sanitarias el Senado de la Rep\u00fablica realiz\u00f3 la Sesi\u00f3n Plenaria de manera virtual con presencia mayoritaria de parlamentarios, quienes aprobaron dos proyectos de ley en segundo debate, y que pasan a sanci\u00f3n presidencial al tiempo que evacuaron otra iniciativa que pasa a debate en C\u00e1mara. El racionamiento de agua en el sector donde [&hellip;]<\/p>\n","protected":false},"author":2,"featured_media":73117,"comment_status":"closed","ping_status":"open","sticky":false,"template":"","format":"standard","meta":{"footnotes":""},"categories":[28],"tags":[],"class_list":["post-73116","post","type-post","status-publish","format-standard","has-post-thumbnail","hentry","category-actualidad"],"yoast_head":"<!-- This site is optimized with the Yoast SEO plugin v26.6 - https:\/\/yoast.com\/wordpress\/plugins\/seo\/ -->\n<title>Dos proyectos del Senado, cerca de la Sanci\u00f3n Presidencial -<\/title>\n<meta name=\"robots\" content=\"index, follow, max-snippet:-1, max-image-preview:large, max-video-preview:-1\" \/>\n<link rel=\"canonical\" href=\"https:\/\/luchonoticias.com\/editor\/dos-proyectos-del-senado-cerca-de-la-sancion-presidencial\/\" \/>\n<meta property=\"og:locale\" content=\"es_ES\" \/>\n<meta property=\"og:type\" content=\"article\" \/>\n<meta property=\"og:title\" content=\"Dos proyectos del Senado, cerca de la Sanci\u00f3n Presidencial -\" \/>\n<meta property=\"og:url\" content=\"https:\/\/luchonoticias.com\/editor\/dos-proyectos-del-senado-cerca-de-la-sancion-presidencial\/\" \/>\n<meta property=\"article:publisher\" content=\"https:\/\/www.facebook.com\/luchonoticiasneiva\" \/>\n<meta property=\"article:published_time\" content=\"2024-05-16T12:33:04+00:00\" \/>\n<meta property=\"og:image\" content=\"https:\/\/luchonoticias.com\/editor\/wp-content\/uploads\/2024\/05\/senado-4.jpg\" \/>\n\t<meta property=\"og:image:width\" content=\"700\" \/>\n\t<meta property=\"og:image:height\" content=\"400\" \/>\n\t<meta property=\"og:image:type\" content=\"image\/jpeg\" \/>\n<meta name=\"author\" content=\"Editor General\" \/>\n<meta name=\"twitter:card\" content=\"summary_large_image\" \/>\n<meta name=\"twitter:label1\" content=\"Escrito por\" \/>\n\t<meta name=\"twitter:data1\" content=\"Editor General\" \/>\n\t<meta name=\"twitter:label2\" content=\"Tiempo de lectura\" \/>\n\t<meta name=\"twitter:data2\" content=\"2 minutos\" \/>\n<script type=\"application\/ld+json\" class=\"yoast-schema-graph\">{\"@context\":\"https:\/\/schema.org\",\"@graph\":[{\"@type\":\"Article\",\"@id\":\"https:\/\/luchonoticias.com\/editor\/dos-proyectos-del-senado-cerca-de-la-sancion-presidencial\/#article\",\"isPartOf\":{\"@id\":\"https:\/\/luchonoticias.com\/editor\/dos-proyectos-del-senado-cerca-de-la-sancion-presidencial\/\"},\"author\":{\"name\":\"Editor General\",\"@id\":\"https:\/\/luchonoticias.com\/editor\/#\/schema\/person\/29217990ddf6f14e35912b2866d591fb\"},\"headline\":\"Dos proyectos del Senado, cerca de la Sanci\u00f3n Presidencial\",\"datePublished\":\"2024-05-16T12:33:04+00:00\",\"mainEntityOfPage\":{\"@id\":\"https:\/\/luchonoticias.com\/editor\/dos-proyectos-del-senado-cerca-de-la-sancion-presidencial\/\"},\"wordCount\":377,\"publisher\":{\"@id\":\"https:\/\/luchonoticias.com\/editor\/#\/schema\/person\/7a7fd911f58561fd056dbac7b55af9cd\"},\"image\":{\"@id\":\"https:\/\/luchonoticias.com\/editor\/dos-proyectos-del-senado-cerca-de-la-sancion-presidencial\/#primaryimage\"},\"thumbnailUrl\":\"https:\/\/luchonoticias.com\/editor\/wp-content\/uploads\/2024\/05\/senado-4.jpg\",\"articleSection\":[\"Actualidad\"],\"inLanguage\":\"es\"},{\"@type\":\"WebPage\",\"@id\":\"https:\/\/luchonoticias.com\/editor\/dos-proyectos-del-senado-cerca-de-la-sancion-presidencial\/\",\"url\":\"https:\/\/luchonoticias.com\/editor\/dos-proyectos-del-senado-cerca-de-la-sancion-presidencial\/\",\"name\":\"Dos proyectos del Senado, cerca de la Sanci\u00f3n Presidencial -\",\"isPartOf\":{\"@id\":\"https:\/\/luchonoticias.com\/editor\/#website\"},\"primaryImageOfPage\":{\"@id\":\"https:\/\/luchonoticias.com\/editor\/dos-proyectos-del-senado-cerca-de-la-sancion-presidencial\/#primaryimage\"},\"image\":{\"@id\":\"https:\/\/luchonoticias.com\/editor\/dos-proyectos-del-senado-cerca-de-la-sancion-presidencial\/#primaryimage\"},\"thumbnailUrl\":\"https:\/\/luchonoticias.com\/editor\/wp-content\/uploads\/2024\/05\/senado-4.jpg\",\"datePublished\":\"2024-05-16T12:33:04+00:00\",\"breadcrumb\":{\"@id\":\"https:\/\/luchonoticias.com\/editor\/dos-proyectos-del-senado-cerca-de-la-sancion-presidencial\/#breadcrumb\"},\"inLanguage\":\"es\",\"potentialAction\":[{\"@type\":\"ReadAction\",\"target\":[\"https:\/\/luchonoticias.com\/editor\/dos-proyectos-del-senado-cerca-de-la-sancion-presidencial\/\"]}]},{\"@type\":\"ImageObject\",\"inLanguage\":\"es\",\"@id\":\"https:\/\/luchonoticias.com\/editor\/dos-proyectos-del-senado-cerca-de-la-sancion-presidencial\/#primaryimage\",\"url\":\"https:\/\/luchonoticias.com\/editor\/wp-content\/uploads\/2024\/05\/senado-4.jpg\",\"contentUrl\":\"https:\/\/luchonoticias.com\/editor\/wp-content\/uploads\/2024\/05\/senado-4.jpg\",\"width\":700,\"height\":400},{\"@type\":\"BreadcrumbList\",\"@id\":\"https:\/\/luchonoticias.com\/editor\/dos-proyectos-del-senado-cerca-de-la-sancion-presidencial\/#breadcrumb\",\"itemListElement\":[{\"@type\":\"ListItem\",\"position\":1,\"name\":\"Portada\",\"item\":\"https:\/\/luchonoticias.com\/editor\/\"},{\"@type\":\"ListItem\",\"position\":2,\"name\":\"Dos proyectos del Senado, cerca de la Sanci\u00f3n Presidencial\"}]},{\"@type\":\"WebSite\",\"@id\":\"https:\/\/luchonoticias.com\/editor\/#website\",\"url\":\"https:\/\/luchonoticias.com\/editor\/\",\"name\":\"\",\"description\":\"\",\"publisher\":{\"@id\":\"https:\/\/luchonoticias.com\/editor\/#\/schema\/person\/7a7fd911f58561fd056dbac7b55af9cd\"},\"potentialAction\":[{\"@type\":\"SearchAction\",\"target\":{\"@type\":\"EntryPoint\",\"urlTemplate\":\"https:\/\/luchonoticias.com\/editor\/?s={search_term_string}\"},\"query-input\":{\"@type\":\"PropertyValueSpecification\",\"valueRequired\":true,\"valueName\":\"search_term_string\"}}],\"inLanguage\":\"es\"},{\"@type\":[\"Person\",\"Organization\"],\"@id\":\"https:\/\/luchonoticias.com\/editor\/#\/schema\/person\/7a7fd911f58561fd056dbac7b55af9cd\",\"name\":\"admin\",\"image\":{\"@type\":\"ImageObject\",\"inLanguage\":\"es\",\"@id\":\"https:\/\/luchonoticias.com\/editor\/#\/schema\/person\/image\/\",\"url\":\"https:\/\/luchonoticias.com\/editor\/wp-content\/uploads\/2024\/02\/cropped-cropped-logolu.webp\",\"contentUrl\":\"https:\/\/luchonoticias.com\/editor\/wp-content\/uploads\/2024\/02\/cropped-cropped-logolu.webp\",\"width\":382,\"height\":170,\"caption\":\"admin\"},\"logo\":{\"@id\":\"https:\/\/luchonoticias.com\/editor\/#\/schema\/person\/image\/\"},\"sameAs\":[\"https:\/\/www.facebook.com\/luchonoticiasneiva\"]},{\"@type\":\"Person\",\"@id\":\"https:\/\/luchonoticias.com\/editor\/#\/schema\/person\/29217990ddf6f14e35912b2866d591fb\",\"name\":\"Editor General\",\"image\":{\"@type\":\"ImageObject\",\"inLanguage\":\"es\",\"@id\":\"https:\/\/luchonoticias.com\/editor\/#\/schema\/person\/image\/\",\"url\":\"https:\/\/luchonoticias.com\/editor\/wp-content\/uploads\/2024\/02\/cropped-cropped-logolu-150x150.webp\",\"contentUrl\":\"https:\/\/luchonoticias.com\/editor\/wp-content\/uploads\/2024\/02\/cropped-cropped-logolu-150x150.webp\",\"caption\":\"Editor General\"},\"sameAs\":[\"https:\/\/luchonoticias.com\/\"],\"url\":\"https:\/\/luchonoticias.com\/editor\/author\/editor-general\/\"}]}<\/script>\n<!-- \/ Yoast SEO plugin. -->","yoast_head_json":{"title":"Dos proyectos del Senado, cerca de la Sanci\u00f3n Presidencial -","robots":{"index":"index","follow":"follow","max-snippet":"max-snippet:-1","max-image-preview":"max-image-preview:large","max-video-preview":"max-video-preview:-1"},"canonical":"https:\/\/luchonoticias.com\/editor\/dos-proyectos-del-senado-cerca-de-la-sancion-presidencial\/","og_locale":"es_ES","og_type":"article","og_title":"Dos proyectos del Senado, cerca de la Sanci\u00f3n Presidencial -","og_url":"https:\/\/luchonoticias.com\/editor\/dos-proyectos-del-senado-cerca-de-la-sancion-presidencial\/","article_publisher":"https:\/\/www.facebook.com\/luchonoticiasneiva","article_published_time":"2024-05-16T12:33:04+00:00","og_image":[{"width":700,"height":400,"url":"https:\/\/luchonoticias.com\/editor\/wp-content\/uploads\/2024\/05\/senado-4.jpg","type":"image\/jpeg"}],"author":"Editor General","twitter_card":"summary_large_image","twitter_misc":{"Escrito por":"Editor General","Tiempo de lectura":"2 minutos"},"schema":{"@context":"https:\/\/schema.org","@graph":[{"@type":"Article","@id":"https:\/\/luchonoticias.com\/editor\/dos-proyectos-del-senado-cerca-de-la-sancion-presidencial\/#article","isPartOf":{"@id":"https:\/\/luchonoticias.com\/editor\/dos-proyectos-del-senado-cerca-de-la-sancion-presidencial\/"},"author":{"name":"Editor General","@id":"https:\/\/luchonoticias.com\/editor\/#\/schema\/person\/29217990ddf6f14e35912b2866d591fb"},"headline":"Dos proyectos del Senado, cerca de la Sanci\u00f3n Presidencial","datePublished":"2024-05-16T12:33:04+00:00","mainEntityOfPage":{"@id":"https:\/\/luchonoticias.com\/editor\/dos-proyectos-del-senado-cerca-de-la-sancion-presidencial\/"},"wordCount":377,"publisher":{"@id":"https:\/\/luchonoticias.com\/editor\/#\/schema\/person\/7a7fd911f58561fd056dbac7b55af9cd"},"image":{"@id":"https:\/\/luchonoticias.com\/editor\/dos-proyectos-del-senado-cerca-de-la-sancion-presidencial\/#primaryimage"},"thumbnailUrl":"https:\/\/luchonoticias.com\/editor\/wp-content\/uploads\/2024\/05\/senado-4.jpg","articleSection":["Actualidad"],"inLanguage":"es"},{"@type":"WebPage","@id":"https:\/\/luchonoticias.com\/editor\/dos-proyectos-del-senado-cerca-de-la-sancion-presidencial\/","url":"https:\/\/luchonoticias.com\/editor\/dos-proyectos-del-senado-cerca-de-la-sancion-presidencial\/","name":"Dos proyectos del Senado, cerca de la Sanci\u00f3n Presidencial -","isPartOf":{"@id":"https:\/\/luchonoticias.com\/editor\/#website"},"primaryImageOfPage":{"@id":"https:\/\/luchonoticias.com\/editor\/dos-proyectos-del-senado-cerca-de-la-sancion-presidencial\/#primaryimage"},"image":{"@id":"https:\/\/luchonoticias.com\/editor\/dos-proyectos-del-senado-cerca-de-la-sancion-presidencial\/#primaryimage"},"thumbnailUrl":"https:\/\/luchonoticias.com\/editor\/wp-content\/uploads\/2024\/05\/senado-4.jpg","datePublished":"2024-05-16T12:33:04+00:00","breadcrumb":{"@id":"https:\/\/luchonoticias.com\/editor\/dos-proyectos-del-senado-cerca-de-la-sancion-presidencial\/#breadcrumb"},"inLanguage":"es","potentialAction":[{"@type":"ReadAction","target":["https:\/\/luchonoticias.com\/editor\/dos-proyectos-del-senado-cerca-de-la-sancion-presidencial\/"]}]},{"@type":"ImageObject","inLanguage":"es","@id":"https:\/\/luchonoticias.com\/editor\/dos-proyectos-del-senado-cerca-de-la-sancion-presidencial\/#primaryimage","url":"https:\/\/luchonoticias.com\/editor\/wp-content\/uploads\/2024\/05\/senado-4.jpg","contentUrl":"https:\/\/luchonoticias.com\/editor\/wp-content\/uploads\/2024\/05\/senado-4.jpg","width":700,"height":400},{"@type":"BreadcrumbList","@id":"https:\/\/luchonoticias.com\/editor\/dos-proyectos-del-senado-cerca-de-la-sancion-presidencial\/#breadcrumb","itemListElement":[{"@type":"ListItem","position":1,"name":"Portada","item":"https:\/\/luchonoticias.com\/editor\/"},{"@type":"ListItem","position":2,"name":"Dos proyectos del Senado, cerca de la Sanci\u00f3n Presidencial"}]},{"@type":"WebSite","@id":"https:\/\/luchonoticias.com\/editor\/#website","url":"https:\/\/luchonoticias.com\/editor\/","name":"","description":"","publisher":{"@id":"https:\/\/luchonoticias.com\/editor\/#\/schema\/person\/7a7fd911f58561fd056dbac7b55af9cd"},"potentialAction":[{"@type":"SearchAction","target":{"@type":"EntryPoint","urlTemplate":"https:\/\/luchonoticias.com\/editor\/?s={search_term_string}"},"query-input":{"@type":"PropertyValueSpecification","valueRequired":true,"valueName":"search_term_string"}}],"inLanguage":"es"},{"@type":["Person","Organization"],"@id":"https:\/\/luchonoticias.com\/editor\/#\/schema\/person\/7a7fd911f58561fd056dbac7b55af9cd","name":"admin","image":{"@type":"ImageObject","inLanguage":"es","@id":"https:\/\/luchonoticias.com\/editor\/#\/schema\/person\/image\/","url":"https:\/\/luchonoticias.com\/editor\/wp-content\/uploads\/2024\/02\/cropped-cropped-logolu.webp","contentUrl":"https:\/\/luchonoticias.com\/editor\/wp-content\/uploads\/2024\/02\/cropped-cropped-logolu.webp","width":382,"height":170,"caption":"admin"},"logo":{"@id":"https:\/\/luchonoticias.com\/editor\/#\/schema\/person\/image\/"},"sameAs":["https:\/\/www.facebook.com\/luchonoticiasneiva"]},{"@type":"Person","@id":"https:\/\/luchonoticias.com\/editor\/#\/schema\/person\/29217990ddf6f14e35912b2866d591fb","name":"Editor General","image":{"@type":"ImageObject","inLanguage":"es","@id":"https:\/\/luchonoticias.com\/editor\/#\/schema\/person\/image\/","url":"https:\/\/luchonoticias.com\/editor\/wp-content\/uploads\/2024\/02\/cropped-cropped-logolu-150x150.webp","contentUrl":"https:\/\/luchonoticias.com\/editor\/wp-content\/uploads\/2024\/02\/cropped-cropped-logolu-150x150.webp","caption":"Editor General"},"sameAs":["https:\/\/luchonoticias.com\/"],"url":"https:\/\/luchonoticias.com\/editor\/author\/editor-general\/"}]}},"_links":{"self":[{"href":"https:\/\/luchonoticias.com\/editor\/wp-json\/wp\/v2\/posts\/73116","targetHints":{"allow":["GET"]}}],"collection":[{"href":"https:\/\/luchonoticias.com\/editor\/wp-json\/wp\/v2\/posts"}],"about":[{"href":"https:\/\/luchonoticias.com\/editor\/wp-json\/wp\/v2\/types\/post"}],"author":[{"embeddable":true,"href":"https:\/\/luchonoticias.com\/editor\/wp-json\/wp\/v2\/users\/2"}],"replies":[{"embeddable":true,"href":"https:\/\/luchonoticias.com\/editor\/wp-json\/wp\/v2\/comments?post=73116"}],"version-history":[{"count":0,"href":"https:\/\/luchonoticias.com\/editor\/wp-json\/wp\/v2\/posts\/73116\/revisions"}],"wp:featuredmedia":[{"embeddable":true,"href":"https:\/\/luchonoticias.com\/editor\/wp-json\/wp\/v2\/media\/73117"}],"wp:attachment":[{"href":"https:\/\/luchonoticias.com\/editor\/wp-json\/wp\/v2\/media?parent=73116"}],"wp:term":[{"taxonomy":"category","embeddable":true,"href":"https:\/\/luchonoticias.com\/editor\/wp-json\/wp\/v2\/categories?post=73116"},{"taxonomy":"post_tag","embeddable":true,"href":"https:\/\/luchonoticias.com\/editor\/wp-json\/wp\/v2\/tags?post=73116"}],"curies":[{"name":"wp","href":"https:\/\/api.w.org\/{rel}","templated":true}]}}