{"id":73134,"date":"2024-05-16T12:04:29","date_gmt":"2024-05-16T17:04:29","guid":{"rendered":"https:\/\/luchonoticias.com\/?p=73134"},"modified":"2024-05-16T12:04:29","modified_gmt":"2024-05-16T17:04:29","slug":"buscando-soluciones-para-la-alimentacion-escolar-en-algeciras","status":"publish","type":"post","link":"https:\/\/luchonoticias.com\/editor\/buscando-soluciones-para-la-alimentacion-escolar-en-algeciras\/","title":{"rendered":"Buscando soluciones para la alimentaci\u00f3n escolar en Algeciras"},"content":{"rendered":"<p>Cerca de 3.200 estudiantes de 6 instituciones educativas y sus respectivas sedes que suman en total 57 establecimientos, se han visto afectados con la no prestaci\u00f3n del servicio de restaurante escolar, fundamental para la permanencia en las aulas, debido a la problem\u00e1tica de seguridad que persiste en el municipio de Algeciras.<\/p>\n<p>Ante este panorama, la Gobernaci\u00f3n del Huila y la alcald\u00eda municipal, convocaron una reuni\u00f3n con las comunidades educativas de los establecimientos que prestan el servicio de educaci\u00f3n en Algeciras, evento llevado a cabo en el despacho del se\u00f1or alcalde de la localidad.<\/p>\n<p>Germ\u00e1n Dar\u00edo Delgado, Coordinador General PAE \u2013 Huila, afirm\u00f3 que, siguiendo la directriz del gobernador, Rodrigo Villalba Mosquera, de buscar una soluci\u00f3n pronta a la problem\u00e1tica que se est\u00e1 presentando en el municipio de Algeciras, por la no prestaci\u00f3n del Programa de Alimentaci\u00f3n Escolar debido a razones de orden p\u00fablico, se continua con el di\u00e1logo propositivo para superar esta crisis.<\/p>\n<p>\u201cEste es un hecho excepcional a nivel nacional, que se debe resolver y estamos tratando mediante el di\u00e1logo articulando con los distintos actores para buscarle salidas a esta situaci\u00f3n, de manera propositiva y constructiva y que podamos restablecer el servicio ojal\u00e1 muy pronto\u201d, dijo el funcionario.<\/p>\n<p>Afirm\u00f3 que el operador del PAE que cubre el servicio en el municipio, y que est\u00e1 afectado por su vulnerabilidad ante posibles amenazas por parte de actores armados ilegales, ha propuesto brindar el servicio de alimentaci\u00f3n escolar con raci\u00f3n industrializada la cual no se prepara en sitio, sino que los alimentos ya vienen preparados.<\/p>\n<p>\u201cSon m\u00e1s de 3.200 ni\u00f1os, ni\u00f1as y adolescentes afectados por la interrupci\u00f3n del PAE en Algeciras, un programa tan bonito de permanencia educativa pero hoy afectado por situaci\u00f3n de inseguridad. El objetivo de todos, de la Gobernaci\u00f3n del Huila, del alcalde de Algeciras, de la UAPA, de los rectores, padres de familia, docentes y estudiantes, debe ser el de aunar esfuerzos para que se restablezca este vital servicio de manera permanente y oportuna a nuestros estudiantes\u201d, continu\u00f3 Germ\u00e1n.<\/p>\n<p>\u201cNos llevamos unas propuestas que se plantearon por parte de las comunidades educativas en la mesa que tuvimos en el despacho del alcalde municipal, y que se llevar\u00e1n a la mesa de trabajo con la UAPA, con el equipo t\u00e9cnico y jur\u00eddico nuestro, para analizar su viabilidad de implementaci\u00f3n\u201d, agreg\u00f3 finalmente.<\/p>\n<p>A esta reuni\u00f3n participaron de manera presencial, el alcalde de la localidad, Alexander Mart\u00ednez Ballesteros, el coordinador general del PAE &#8211; Huila, Germ\u00e1n Dar\u00edo Delgado Bola\u00f1os, el enlace del programa en el Municipio, Edwin Vega, 6 presidentes de CAE, (Comit\u00e9s de Alimentaci\u00f3n Escolar), 6 rectores, padres de familia y el el Personero Municipal. De manera virtual, particip\u00f3 el equipo t\u00e9cnico, jur\u00eddico y financiero del PAE \u2013 Huila, y representantes de los operadores del programa en Algeciras.<\/p>\n","protected":false},"excerpt":{"rendered":"<p>Cerca de 3.200 estudiantes de 6 instituciones educativas y sus respectivas sedes que suman en total 57 establecimientos, se han visto afectados con la no prestaci\u00f3n del servicio de restaurante escolar, fundamental para la permanencia en las aulas, debido a la problem\u00e1tica de seguridad que persiste en el municipio de Algeciras. Ante este panorama, la [&hellip;]<\/p>\n","protected":false},"author":2,"featured_media":73135,"comment_status":"closed","ping_status":"open","sticky":false,"template":"","format":"standard","meta":{"footnotes":""},"categories":[33],"tags":[],"class_list":["post-73134","post","type-post","status-publish","format-standard","has-post-thumbnail","hentry","category-huila"],"yoast_head":"<!-- This site is optimized with the Yoast SEO plugin v26.6 - https:\/\/yoast.com\/wordpress\/plugins\/seo\/ -->\n<title>Buscando soluciones para la alimentaci\u00f3n escolar en Algeciras -<\/title>\n<meta name=\"robots\" content=\"index, follow, max-snippet:-1, max-image-preview:large, max-video-preview:-1\" \/>\n<link rel=\"canonical\" href=\"https:\/\/luchonoticias.com\/editor\/buscando-soluciones-para-la-alimentacion-escolar-en-algeciras\/\" \/>\n<meta property=\"og:locale\" content=\"es_ES\" \/>\n<meta property=\"og:type\" content=\"article\" \/>\n<meta property=\"og:title\" content=\"Buscando soluciones para la alimentaci\u00f3n escolar en Algeciras -\" \/>\n<meta property=\"og:url\" content=\"https:\/\/luchonoticias.com\/editor\/buscando-soluciones-para-la-alimentacion-escolar-en-algeciras\/\" \/>\n<meta property=\"article:publisher\" content=\"https:\/\/www.facebook.com\/luchonoticiasneiva\" \/>\n<meta property=\"article:published_time\" content=\"2024-05-16T17:04:29+00:00\" \/>\n<meta property=\"og:image\" content=\"https:\/\/luchonoticias.com\/editor\/wp-content\/uploads\/2024\/05\/alimentacion-escolar-algeciras.jpg\" \/>\n\t<meta property=\"og:image:width\" content=\"700\" \/>\n\t<meta property=\"og:image:height\" content=\"400\" \/>\n\t<meta property=\"og:image:type\" content=\"image\/jpeg\" \/>\n<meta name=\"author\" content=\"Editor General\" \/>\n<meta name=\"twitter:card\" content=\"summary_large_image\" \/>\n<meta name=\"twitter:label1\" content=\"Escrito por\" \/>\n\t<meta name=\"twitter:data1\" content=\"Editor General\" \/>\n\t<meta name=\"twitter:label2\" content=\"Tiempo de lectura\" \/>\n\t<meta name=\"twitter:data2\" content=\"2 minutos\" \/>\n<script type=\"application\/ld+json\" class=\"yoast-schema-graph\">{\"@context\":\"https:\/\/schema.org\",\"@graph\":[{\"@type\":\"Article\",\"@id\":\"https:\/\/luchonoticias.com\/editor\/buscando-soluciones-para-la-alimentacion-escolar-en-algeciras\/#article\",\"isPartOf\":{\"@id\":\"https:\/\/luchonoticias.com\/editor\/buscando-soluciones-para-la-alimentacion-escolar-en-algeciras\/\"},\"author\":{\"name\":\"Editor General\",\"@id\":\"https:\/\/luchonoticias.com\/editor\/#\/schema\/person\/29217990ddf6f14e35912b2866d591fb\"},\"headline\":\"Buscando soluciones para la alimentaci\u00f3n escolar en Algeciras\",\"datePublished\":\"2024-05-16T17:04:29+00:00\",\"mainEntityOfPage\":{\"@id\":\"https:\/\/luchonoticias.com\/editor\/buscando-soluciones-para-la-alimentacion-escolar-en-algeciras\/\"},\"wordCount\":498,\"publisher\":{\"@id\":\"https:\/\/luchonoticias.com\/editor\/#\/schema\/person\/7a7fd911f58561fd056dbac7b55af9cd\"},\"image\":{\"@id\":\"https:\/\/luchonoticias.com\/editor\/buscando-soluciones-para-la-alimentacion-escolar-en-algeciras\/#primaryimage\"},\"thumbnailUrl\":\"https:\/\/luchonoticias.com\/editor\/wp-content\/uploads\/2024\/05\/alimentacion-escolar-algeciras.jpg\",\"articleSection\":[\"Huila\"],\"inLanguage\":\"es\"},{\"@type\":\"WebPage\",\"@id\":\"https:\/\/luchonoticias.com\/editor\/buscando-soluciones-para-la-alimentacion-escolar-en-algeciras\/\",\"url\":\"https:\/\/luchonoticias.com\/editor\/buscando-soluciones-para-la-alimentacion-escolar-en-algeciras\/\",\"name\":\"Buscando soluciones para la alimentaci\u00f3n escolar en Algeciras -\",\"isPartOf\":{\"@id\":\"https:\/\/luchonoticias.com\/editor\/#website\"},\"primaryImageOfPage\":{\"@id\":\"https:\/\/luchonoticias.com\/editor\/buscando-soluciones-para-la-alimentacion-escolar-en-algeciras\/#primaryimage\"},\"image\":{\"@id\":\"https:\/\/luchonoticias.com\/editor\/buscando-soluciones-para-la-alimentacion-escolar-en-algeciras\/#primaryimage\"},\"thumbnailUrl\":\"https:\/\/luchonoticias.com\/editor\/wp-content\/uploads\/2024\/05\/alimentacion-escolar-algeciras.jpg\",\"datePublished\":\"2024-05-16T17:04:29+00:00\",\"breadcrumb\":{\"@id\":\"https:\/\/luchonoticias.com\/editor\/buscando-soluciones-para-la-alimentacion-escolar-en-algeciras\/#breadcrumb\"},\"inLanguage\":\"es\",\"potentialAction\":[{\"@type\":\"ReadAction\",\"target\":[\"https:\/\/luchonoticias.com\/editor\/buscando-soluciones-para-la-alimentacion-escolar-en-algeciras\/\"]}]},{\"@type\":\"ImageObject\",\"inLanguage\":\"es\",\"@id\":\"https:\/\/luchonoticias.com\/editor\/buscando-soluciones-para-la-alimentacion-escolar-en-algeciras\/#primaryimage\",\"url\":\"https:\/\/luchonoticias.com\/editor\/wp-content\/uploads\/2024\/05\/alimentacion-escolar-algeciras.jpg\",\"contentUrl\":\"https:\/\/luchonoticias.com\/editor\/wp-content\/uploads\/2024\/05\/alimentacion-escolar-algeciras.jpg\",\"width\":700,\"height\":400},{\"@type\":\"BreadcrumbList\",\"@id\":\"https:\/\/luchonoticias.com\/editor\/buscando-soluciones-para-la-alimentacion-escolar-en-algeciras\/#breadcrumb\",\"itemListElement\":[{\"@type\":\"ListItem\",\"position\":1,\"name\":\"Portada\",\"item\":\"https:\/\/luchonoticias.com\/editor\/\"},{\"@type\":\"ListItem\",\"position\":2,\"name\":\"Buscando soluciones para la alimentaci\u00f3n escolar en Algeciras\"}]},{\"@type\":\"WebSite\",\"@id\":\"https:\/\/luchonoticias.com\/editor\/#website\",\"url\":\"https:\/\/luchonoticias.com\/editor\/\",\"name\":\"\",\"description\":\"\",\"publisher\":{\"@id\":\"https:\/\/luchonoticias.com\/editor\/#\/schema\/person\/7a7fd911f58561fd056dbac7b55af9cd\"},\"potentialAction\":[{\"@type\":\"SearchAction\",\"target\":{\"@type\":\"EntryPoint\",\"urlTemplate\":\"https:\/\/luchonoticias.com\/editor\/?s={search_term_string}\"},\"query-input\":{\"@type\":\"PropertyValueSpecification\",\"valueRequired\":true,\"valueName\":\"search_term_string\"}}],\"inLanguage\":\"es\"},{\"@type\":[\"Person\",\"Organization\"],\"@id\":\"https:\/\/luchonoticias.com\/editor\/#\/schema\/person\/7a7fd911f58561fd056dbac7b55af9cd\",\"name\":\"admin\",\"image\":{\"@type\":\"ImageObject\",\"inLanguage\":\"es\",\"@id\":\"https:\/\/luchonoticias.com\/editor\/#\/schema\/person\/image\/\",\"url\":\"https:\/\/luchonoticias.com\/editor\/wp-content\/uploads\/2024\/02\/cropped-cropped-logolu.webp\",\"contentUrl\":\"https:\/\/luchonoticias.com\/editor\/wp-content\/uploads\/2024\/02\/cropped-cropped-logolu.webp\",\"width\":382,\"height\":170,\"caption\":\"admin\"},\"logo\":{\"@id\":\"https:\/\/luchonoticias.com\/editor\/#\/schema\/person\/image\/\"},\"sameAs\":[\"https:\/\/www.facebook.com\/luchonoticiasneiva\"]},{\"@type\":\"Person\",\"@id\":\"https:\/\/luchonoticias.com\/editor\/#\/schema\/person\/29217990ddf6f14e35912b2866d591fb\",\"name\":\"Editor General\",\"image\":{\"@type\":\"ImageObject\",\"inLanguage\":\"es\",\"@id\":\"https:\/\/luchonoticias.com\/editor\/#\/schema\/person\/image\/\",\"url\":\"https:\/\/luchonoticias.com\/editor\/wp-content\/uploads\/2024\/02\/cropped-cropped-logolu-150x150.webp\",\"contentUrl\":\"https:\/\/luchonoticias.com\/editor\/wp-content\/uploads\/2024\/02\/cropped-cropped-logolu-150x150.webp\",\"caption\":\"Editor General\"},\"sameAs\":[\"https:\/\/luchonoticias.com\/\"],\"url\":\"https:\/\/luchonoticias.com\/editor\/author\/editor-general\/\"}]}<\/script>\n<!-- \/ Yoast SEO plugin. -->","yoast_head_json":{"title":"Buscando soluciones para la alimentaci\u00f3n escolar en Algeciras -","robots":{"index":"index","follow":"follow","max-snippet":"max-snippet:-1","max-image-preview":"max-image-preview:large","max-video-preview":"max-video-preview:-1"},"canonical":"https:\/\/luchonoticias.com\/editor\/buscando-soluciones-para-la-alimentacion-escolar-en-algeciras\/","og_locale":"es_ES","og_type":"article","og_title":"Buscando soluciones para la alimentaci\u00f3n escolar en Algeciras -","og_url":"https:\/\/luchonoticias.com\/editor\/buscando-soluciones-para-la-alimentacion-escolar-en-algeciras\/","article_publisher":"https:\/\/www.facebook.com\/luchonoticiasneiva","article_published_time":"2024-05-16T17:04:29+00:00","og_image":[{"width":700,"height":400,"url":"https:\/\/luchonoticias.com\/editor\/wp-content\/uploads\/2024\/05\/alimentacion-escolar-algeciras.jpg","type":"image\/jpeg"}],"author":"Editor General","twitter_card":"summary_large_image","twitter_misc":{"Escrito por":"Editor General","Tiempo de lectura":"2 minutos"},"schema":{"@context":"https:\/\/schema.org","@graph":[{"@type":"Article","@id":"https:\/\/luchonoticias.com\/editor\/buscando-soluciones-para-la-alimentacion-escolar-en-algeciras\/#article","isPartOf":{"@id":"https:\/\/luchonoticias.com\/editor\/buscando-soluciones-para-la-alimentacion-escolar-en-algeciras\/"},"author":{"name":"Editor General","@id":"https:\/\/luchonoticias.com\/editor\/#\/schema\/person\/29217990ddf6f14e35912b2866d591fb"},"headline":"Buscando soluciones para la alimentaci\u00f3n escolar en Algeciras","datePublished":"2024-05-16T17:04:29+00:00","mainEntityOfPage":{"@id":"https:\/\/luchonoticias.com\/editor\/buscando-soluciones-para-la-alimentacion-escolar-en-algeciras\/"},"wordCount":498,"publisher":{"@id":"https:\/\/luchonoticias.com\/editor\/#\/schema\/person\/7a7fd911f58561fd056dbac7b55af9cd"},"image":{"@id":"https:\/\/luchonoticias.com\/editor\/buscando-soluciones-para-la-alimentacion-escolar-en-algeciras\/#primaryimage"},"thumbnailUrl":"https:\/\/luchonoticias.com\/editor\/wp-content\/uploads\/2024\/05\/alimentacion-escolar-algeciras.jpg","articleSection":["Huila"],"inLanguage":"es"},{"@type":"WebPage","@id":"https:\/\/luchonoticias.com\/editor\/buscando-soluciones-para-la-alimentacion-escolar-en-algeciras\/","url":"https:\/\/luchonoticias.com\/editor\/buscando-soluciones-para-la-alimentacion-escolar-en-algeciras\/","name":"Buscando soluciones para la alimentaci\u00f3n escolar en Algeciras -","isPartOf":{"@id":"https:\/\/luchonoticias.com\/editor\/#website"},"primaryImageOfPage":{"@id":"https:\/\/luchonoticias.com\/editor\/buscando-soluciones-para-la-alimentacion-escolar-en-algeciras\/#primaryimage"},"image":{"@id":"https:\/\/luchonoticias.com\/editor\/buscando-soluciones-para-la-alimentacion-escolar-en-algeciras\/#primaryimage"},"thumbnailUrl":"https:\/\/luchonoticias.com\/editor\/wp-content\/uploads\/2024\/05\/alimentacion-escolar-algeciras.jpg","datePublished":"2024-05-16T17:04:29+00:00","breadcrumb":{"@id":"https:\/\/luchonoticias.com\/editor\/buscando-soluciones-para-la-alimentacion-escolar-en-algeciras\/#breadcrumb"},"inLanguage":"es","potentialAction":[{"@type":"ReadAction","target":["https:\/\/luchonoticias.com\/editor\/buscando-soluciones-para-la-alimentacion-escolar-en-algeciras\/"]}]},{"@type":"ImageObject","inLanguage":"es","@id":"https:\/\/luchonoticias.com\/editor\/buscando-soluciones-para-la-alimentacion-escolar-en-algeciras\/#primaryimage","url":"https:\/\/luchonoticias.com\/editor\/wp-content\/uploads\/2024\/05\/alimentacion-escolar-algeciras.jpg","contentUrl":"https:\/\/luchonoticias.com\/editor\/wp-content\/uploads\/2024\/05\/alimentacion-escolar-algeciras.jpg","width":700,"height":400},{"@type":"BreadcrumbList","@id":"https:\/\/luchonoticias.com\/editor\/buscando-soluciones-para-la-alimentacion-escolar-en-algeciras\/#breadcrumb","itemListElement":[{"@type":"ListItem","position":1,"name":"Portada","item":"https:\/\/luchonoticias.com\/editor\/"},{"@type":"ListItem","position":2,"name":"Buscando soluciones para la alimentaci\u00f3n escolar en Algeciras"}]},{"@type":"WebSite","@id":"https:\/\/luchonoticias.com\/editor\/#website","url":"https:\/\/luchonoticias.com\/editor\/","name":"","description":"","publisher":{"@id":"https:\/\/luchonoticias.com\/editor\/#\/schema\/person\/7a7fd911f58561fd056dbac7b55af9cd"},"potentialAction":[{"@type":"SearchAction","target":{"@type":"EntryPoint","urlTemplate":"https:\/\/luchonoticias.com\/editor\/?s={search_term_string}"},"query-input":{"@type":"PropertyValueSpecification","valueRequired":true,"valueName":"search_term_string"}}],"inLanguage":"es"},{"@type":["Person","Organization"],"@id":"https:\/\/luchonoticias.com\/editor\/#\/schema\/person\/7a7fd911f58561fd056dbac7b55af9cd","name":"admin","image":{"@type":"ImageObject","inLanguage":"es","@id":"https:\/\/luchonoticias.com\/editor\/#\/schema\/person\/image\/","url":"https:\/\/luchonoticias.com\/editor\/wp-content\/uploads\/2024\/02\/cropped-cropped-logolu.webp","contentUrl":"https:\/\/luchonoticias.com\/editor\/wp-content\/uploads\/2024\/02\/cropped-cropped-logolu.webp","width":382,"height":170,"caption":"admin"},"logo":{"@id":"https:\/\/luchonoticias.com\/editor\/#\/schema\/person\/image\/"},"sameAs":["https:\/\/www.facebook.com\/luchonoticiasneiva"]},{"@type":"Person","@id":"https:\/\/luchonoticias.com\/editor\/#\/schema\/person\/29217990ddf6f14e35912b2866d591fb","name":"Editor General","image":{"@type":"ImageObject","inLanguage":"es","@id":"https:\/\/luchonoticias.com\/editor\/#\/schema\/person\/image\/","url":"https:\/\/luchonoticias.com\/editor\/wp-content\/uploads\/2024\/02\/cropped-cropped-logolu-150x150.webp","contentUrl":"https:\/\/luchonoticias.com\/editor\/wp-content\/uploads\/2024\/02\/cropped-cropped-logolu-150x150.webp","caption":"Editor General"},"sameAs":["https:\/\/luchonoticias.com\/"],"url":"https:\/\/luchonoticias.com\/editor\/author\/editor-general\/"}]}},"_links":{"self":[{"href":"https:\/\/luchonoticias.com\/editor\/wp-json\/wp\/v2\/posts\/73134","targetHints":{"allow":["GET"]}}],"collection":[{"href":"https:\/\/luchonoticias.com\/editor\/wp-json\/wp\/v2\/posts"}],"about":[{"href":"https:\/\/luchonoticias.com\/editor\/wp-json\/wp\/v2\/types\/post"}],"author":[{"embeddable":true,"href":"https:\/\/luchonoticias.com\/editor\/wp-json\/wp\/v2\/users\/2"}],"replies":[{"embeddable":true,"href":"https:\/\/luchonoticias.com\/editor\/wp-json\/wp\/v2\/comments?post=73134"}],"version-history":[{"count":0,"href":"https:\/\/luchonoticias.com\/editor\/wp-json\/wp\/v2\/posts\/73134\/revisions"}],"wp:featuredmedia":[{"embeddable":true,"href":"https:\/\/luchonoticias.com\/editor\/wp-json\/wp\/v2\/media\/73135"}],"wp:attachment":[{"href":"https:\/\/luchonoticias.com\/editor\/wp-json\/wp\/v2\/media?parent=73134"}],"wp:term":[{"taxonomy":"category","embeddable":true,"href":"https:\/\/luchonoticias.com\/editor\/wp-json\/wp\/v2\/categories?post=73134"},{"taxonomy":"post_tag","embeddable":true,"href":"https:\/\/luchonoticias.com\/editor\/wp-json\/wp\/v2\/tags?post=73134"}],"curies":[{"name":"wp","href":"https:\/\/api.w.org\/{rel}","templated":true}]}}