{"id":73137,"date":"2024-05-16T17:34:36","date_gmt":"2024-05-16T22:34:36","guid":{"rendered":"https:\/\/luchonoticias.com\/?p=73137"},"modified":"2024-05-16T17:34:36","modified_gmt":"2024-05-16T22:34:36","slug":"cafetero-que-mato-a-presunto-ladron-se-defendera-en-libertad","status":"publish","type":"post","link":"https:\/\/luchonoticias.com\/editor\/cafetero-que-mato-a-presunto-ladron-se-defendera-en-libertad\/","title":{"rendered":"Cafetero que mat\u00f3 a presunto ladr\u00f3n se defender\u00e1 en libertad"},"content":{"rendered":"<p>El cafetero Amin Cerquera, quien mat\u00f3 un joven que al parecer le iba a hurtar una fuerte suma de dinero en una panader\u00eda en Neiva, se defender\u00e1 desde la libertad.<br \/>\nAl hombre, oriundo del municipio de Teruel, la Fiscal\u00eda le imput\u00f3 el delito de homicidio agravado.<\/p>\n<p>Mientras que el hijo del hombre se recupera de la herida de bala que le propin\u00f3 del presunto asaltante.<\/p>\n<p>Los hechos ocurrieron el pasado martes en la ma\u00f1ana en la panader\u00eda que queda frente al centro comercial Unicentro en el sur de Neiva.<\/p>\n<p>Seg\u00fan las informaciones preliminares, padre e hijo hab\u00edan retirado una gruesa suma de dinero en una entidad financiera del establecimiento comercial.<\/p>\n<p>Agregan que los dos fueron perseguidos por el presunto ladr\u00f3n, ingresaron a la panader\u00eda donde se present\u00f3 un forcejeo, cuando el supuesto delincuente estaba sometido, le peg\u00f3 un tiro al hijo del cafetero.<\/p>\n<p>El hombre al ver al hijo herido le propin\u00f3 un balazo en la cabeza al delincuente, quien cay\u00f3 al suelo u fue rematado por el cafetero.<\/p>\n<p>Ahora el hombre responder\u00e1 ante la justicia por la muerte del joven.<\/p>\n<p>Estos fueron perseguidos por los delincuentes hasta la panader\u00eda Neiva Pan, donde fueron arremetidos por el fletero, quien ingres\u00f3 al establecimiento y accion\u00f3 su arma contra el joven para despojarlo de su bolso, hecho que caus\u00f3 la reacci\u00f3n de su progenitor, un reconocido cafetero de 61 a\u00f1os de edad.<\/p>\n","protected":false},"excerpt":{"rendered":"<p>El cafetero Amin Cerquera, quien mat\u00f3 un joven que al parecer le iba a hurtar una fuerte suma de dinero en una panader\u00eda en Neiva, se defender\u00e1 desde la libertad. Al hombre, oriundo del municipio de Teruel, la Fiscal\u00eda le imput\u00f3 el delito de homicidio agravado. Mientras que el hijo del hombre se recupera de [&hellip;]<\/p>\n","protected":false},"author":2,"featured_media":73138,"comment_status":"closed","ping_status":"open","sticky":false,"template":"","format":"standard","meta":{"footnotes":""},"categories":[29],"tags":[],"class_list":["post-73137","post","type-post","status-publish","format-standard","has-post-thumbnail","hentry","category-judicial"],"yoast_head":"<!-- This site is optimized with the Yoast SEO plugin v26.6 - https:\/\/yoast.com\/wordpress\/plugins\/seo\/ -->\n<title>Cafetero que mat\u00f3 a presunto ladr\u00f3n se defender\u00e1 en libertad -<\/title>\n<meta name=\"robots\" content=\"index, follow, max-snippet:-1, max-image-preview:large, max-video-preview:-1\" \/>\n<link rel=\"canonical\" href=\"https:\/\/luchonoticias.com\/editor\/cafetero-que-mato-a-presunto-ladron-se-defendera-en-libertad\/\" \/>\n<meta property=\"og:locale\" content=\"es_ES\" \/>\n<meta property=\"og:type\" content=\"article\" \/>\n<meta property=\"og:title\" content=\"Cafetero que mat\u00f3 a presunto ladr\u00f3n se defender\u00e1 en libertad -\" \/>\n<meta property=\"og:url\" content=\"https:\/\/luchonoticias.com\/editor\/cafetero-que-mato-a-presunto-ladron-se-defendera-en-libertad\/\" \/>\n<meta property=\"article:publisher\" content=\"https:\/\/www.facebook.com\/luchonoticiasneiva\" \/>\n<meta property=\"article:published_time\" content=\"2024-05-16T22:34:36+00:00\" \/>\n<meta property=\"og:image\" content=\"https:\/\/luchonoticias.com\/editor\/wp-content\/uploads\/2024\/05\/fletero.jpg\" \/>\n\t<meta property=\"og:image:width\" content=\"700\" \/>\n\t<meta property=\"og:image:height\" content=\"400\" \/>\n\t<meta property=\"og:image:type\" content=\"image\/jpeg\" \/>\n<meta name=\"author\" content=\"Editor General\" \/>\n<meta name=\"twitter:card\" content=\"summary_large_image\" \/>\n<meta name=\"twitter:label1\" content=\"Escrito por\" \/>\n\t<meta name=\"twitter:data1\" content=\"Editor General\" \/>\n\t<meta name=\"twitter:label2\" content=\"Tiempo de lectura\" \/>\n\t<meta name=\"twitter:data2\" content=\"1 minuto\" \/>\n<script type=\"application\/ld+json\" class=\"yoast-schema-graph\">{\"@context\":\"https:\/\/schema.org\",\"@graph\":[{\"@type\":\"Article\",\"@id\":\"https:\/\/luchonoticias.com\/editor\/cafetero-que-mato-a-presunto-ladron-se-defendera-en-libertad\/#article\",\"isPartOf\":{\"@id\":\"https:\/\/luchonoticias.com\/editor\/cafetero-que-mato-a-presunto-ladron-se-defendera-en-libertad\/\"},\"author\":{\"name\":\"Editor General\",\"@id\":\"https:\/\/luchonoticias.com\/editor\/#\/schema\/person\/29217990ddf6f14e35912b2866d591fb\"},\"headline\":\"Cafetero que mat\u00f3 a presunto ladr\u00f3n se defender\u00e1 en libertad\",\"datePublished\":\"2024-05-16T22:34:36+00:00\",\"mainEntityOfPage\":{\"@id\":\"https:\/\/luchonoticias.com\/editor\/cafetero-que-mato-a-presunto-ladron-se-defendera-en-libertad\/\"},\"wordCount\":251,\"publisher\":{\"@id\":\"https:\/\/luchonoticias.com\/editor\/#\/schema\/person\/7a7fd911f58561fd056dbac7b55af9cd\"},\"image\":{\"@id\":\"https:\/\/luchonoticias.com\/editor\/cafetero-que-mato-a-presunto-ladron-se-defendera-en-libertad\/#primaryimage\"},\"thumbnailUrl\":\"https:\/\/luchonoticias.com\/editor\/wp-content\/uploads\/2024\/05\/fletero.jpg\",\"articleSection\":[\"Judicial\"],\"inLanguage\":\"es\"},{\"@type\":\"WebPage\",\"@id\":\"https:\/\/luchonoticias.com\/editor\/cafetero-que-mato-a-presunto-ladron-se-defendera-en-libertad\/\",\"url\":\"https:\/\/luchonoticias.com\/editor\/cafetero-que-mato-a-presunto-ladron-se-defendera-en-libertad\/\",\"name\":\"Cafetero que mat\u00f3 a presunto ladr\u00f3n se defender\u00e1 en libertad -\",\"isPartOf\":{\"@id\":\"https:\/\/luchonoticias.com\/editor\/#website\"},\"primaryImageOfPage\":{\"@id\":\"https:\/\/luchonoticias.com\/editor\/cafetero-que-mato-a-presunto-ladron-se-defendera-en-libertad\/#primaryimage\"},\"image\":{\"@id\":\"https:\/\/luchonoticias.com\/editor\/cafetero-que-mato-a-presunto-ladron-se-defendera-en-libertad\/#primaryimage\"},\"thumbnailUrl\":\"https:\/\/luchonoticias.com\/editor\/wp-content\/uploads\/2024\/05\/fletero.jpg\",\"datePublished\":\"2024-05-16T22:34:36+00:00\",\"breadcrumb\":{\"@id\":\"https:\/\/luchonoticias.com\/editor\/cafetero-que-mato-a-presunto-ladron-se-defendera-en-libertad\/#breadcrumb\"},\"inLanguage\":\"es\",\"potentialAction\":[{\"@type\":\"ReadAction\",\"target\":[\"https:\/\/luchonoticias.com\/editor\/cafetero-que-mato-a-presunto-ladron-se-defendera-en-libertad\/\"]}]},{\"@type\":\"ImageObject\",\"inLanguage\":\"es\",\"@id\":\"https:\/\/luchonoticias.com\/editor\/cafetero-que-mato-a-presunto-ladron-se-defendera-en-libertad\/#primaryimage\",\"url\":\"https:\/\/luchonoticias.com\/editor\/wp-content\/uploads\/2024\/05\/fletero.jpg\",\"contentUrl\":\"https:\/\/luchonoticias.com\/editor\/wp-content\/uploads\/2024\/05\/fletero.jpg\",\"width\":700,\"height\":400},{\"@type\":\"BreadcrumbList\",\"@id\":\"https:\/\/luchonoticias.com\/editor\/cafetero-que-mato-a-presunto-ladron-se-defendera-en-libertad\/#breadcrumb\",\"itemListElement\":[{\"@type\":\"ListItem\",\"position\":1,\"name\":\"Portada\",\"item\":\"https:\/\/luchonoticias.com\/editor\/\"},{\"@type\":\"ListItem\",\"position\":2,\"name\":\"Cafetero que mat\u00f3 a presunto ladr\u00f3n se defender\u00e1 en libertad\"}]},{\"@type\":\"WebSite\",\"@id\":\"https:\/\/luchonoticias.com\/editor\/#website\",\"url\":\"https:\/\/luchonoticias.com\/editor\/\",\"name\":\"\",\"description\":\"\",\"publisher\":{\"@id\":\"https:\/\/luchonoticias.com\/editor\/#\/schema\/person\/7a7fd911f58561fd056dbac7b55af9cd\"},\"potentialAction\":[{\"@type\":\"SearchAction\",\"target\":{\"@type\":\"EntryPoint\",\"urlTemplate\":\"https:\/\/luchonoticias.com\/editor\/?s={search_term_string}\"},\"query-input\":{\"@type\":\"PropertyValueSpecification\",\"valueRequired\":true,\"valueName\":\"search_term_string\"}}],\"inLanguage\":\"es\"},{\"@type\":[\"Person\",\"Organization\"],\"@id\":\"https:\/\/luchonoticias.com\/editor\/#\/schema\/person\/7a7fd911f58561fd056dbac7b55af9cd\",\"name\":\"admin\",\"image\":{\"@type\":\"ImageObject\",\"inLanguage\":\"es\",\"@id\":\"https:\/\/luchonoticias.com\/editor\/#\/schema\/person\/image\/\",\"url\":\"https:\/\/luchonoticias.com\/editor\/wp-content\/uploads\/2024\/02\/cropped-cropped-logolu.webp\",\"contentUrl\":\"https:\/\/luchonoticias.com\/editor\/wp-content\/uploads\/2024\/02\/cropped-cropped-logolu.webp\",\"width\":382,\"height\":170,\"caption\":\"admin\"},\"logo\":{\"@id\":\"https:\/\/luchonoticias.com\/editor\/#\/schema\/person\/image\/\"},\"sameAs\":[\"https:\/\/www.facebook.com\/luchonoticiasneiva\"]},{\"@type\":\"Person\",\"@id\":\"https:\/\/luchonoticias.com\/editor\/#\/schema\/person\/29217990ddf6f14e35912b2866d591fb\",\"name\":\"Editor General\",\"image\":{\"@type\":\"ImageObject\",\"inLanguage\":\"es\",\"@id\":\"https:\/\/luchonoticias.com\/editor\/#\/schema\/person\/image\/\",\"url\":\"https:\/\/luchonoticias.com\/editor\/wp-content\/uploads\/2024\/02\/cropped-cropped-logolu-150x150.webp\",\"contentUrl\":\"https:\/\/luchonoticias.com\/editor\/wp-content\/uploads\/2024\/02\/cropped-cropped-logolu-150x150.webp\",\"caption\":\"Editor General\"},\"sameAs\":[\"https:\/\/luchonoticias.com\/\"],\"url\":\"https:\/\/luchonoticias.com\/editor\/author\/editor-general\/\"}]}<\/script>\n<!-- \/ Yoast SEO plugin. -->","yoast_head_json":{"title":"Cafetero que mat\u00f3 a presunto ladr\u00f3n se defender\u00e1 en libertad -","robots":{"index":"index","follow":"follow","max-snippet":"max-snippet:-1","max-image-preview":"max-image-preview:large","max-video-preview":"max-video-preview:-1"},"canonical":"https:\/\/luchonoticias.com\/editor\/cafetero-que-mato-a-presunto-ladron-se-defendera-en-libertad\/","og_locale":"es_ES","og_type":"article","og_title":"Cafetero que mat\u00f3 a presunto ladr\u00f3n se defender\u00e1 en libertad -","og_url":"https:\/\/luchonoticias.com\/editor\/cafetero-que-mato-a-presunto-ladron-se-defendera-en-libertad\/","article_publisher":"https:\/\/www.facebook.com\/luchonoticiasneiva","article_published_time":"2024-05-16T22:34:36+00:00","og_image":[{"width":700,"height":400,"url":"https:\/\/luchonoticias.com\/editor\/wp-content\/uploads\/2024\/05\/fletero.jpg","type":"image\/jpeg"}],"author":"Editor General","twitter_card":"summary_large_image","twitter_misc":{"Escrito por":"Editor General","Tiempo de lectura":"1 minuto"},"schema":{"@context":"https:\/\/schema.org","@graph":[{"@type":"Article","@id":"https:\/\/luchonoticias.com\/editor\/cafetero-que-mato-a-presunto-ladron-se-defendera-en-libertad\/#article","isPartOf":{"@id":"https:\/\/luchonoticias.com\/editor\/cafetero-que-mato-a-presunto-ladron-se-defendera-en-libertad\/"},"author":{"name":"Editor General","@id":"https:\/\/luchonoticias.com\/editor\/#\/schema\/person\/29217990ddf6f14e35912b2866d591fb"},"headline":"Cafetero que mat\u00f3 a presunto ladr\u00f3n se defender\u00e1 en libertad","datePublished":"2024-05-16T22:34:36+00:00","mainEntityOfPage":{"@id":"https:\/\/luchonoticias.com\/editor\/cafetero-que-mato-a-presunto-ladron-se-defendera-en-libertad\/"},"wordCount":251,"publisher":{"@id":"https:\/\/luchonoticias.com\/editor\/#\/schema\/person\/7a7fd911f58561fd056dbac7b55af9cd"},"image":{"@id":"https:\/\/luchonoticias.com\/editor\/cafetero-que-mato-a-presunto-ladron-se-defendera-en-libertad\/#primaryimage"},"thumbnailUrl":"https:\/\/luchonoticias.com\/editor\/wp-content\/uploads\/2024\/05\/fletero.jpg","articleSection":["Judicial"],"inLanguage":"es"},{"@type":"WebPage","@id":"https:\/\/luchonoticias.com\/editor\/cafetero-que-mato-a-presunto-ladron-se-defendera-en-libertad\/","url":"https:\/\/luchonoticias.com\/editor\/cafetero-que-mato-a-presunto-ladron-se-defendera-en-libertad\/","name":"Cafetero que mat\u00f3 a presunto ladr\u00f3n se defender\u00e1 en libertad -","isPartOf":{"@id":"https:\/\/luchonoticias.com\/editor\/#website"},"primaryImageOfPage":{"@id":"https:\/\/luchonoticias.com\/editor\/cafetero-que-mato-a-presunto-ladron-se-defendera-en-libertad\/#primaryimage"},"image":{"@id":"https:\/\/luchonoticias.com\/editor\/cafetero-que-mato-a-presunto-ladron-se-defendera-en-libertad\/#primaryimage"},"thumbnailUrl":"https:\/\/luchonoticias.com\/editor\/wp-content\/uploads\/2024\/05\/fletero.jpg","datePublished":"2024-05-16T22:34:36+00:00","breadcrumb":{"@id":"https:\/\/luchonoticias.com\/editor\/cafetero-que-mato-a-presunto-ladron-se-defendera-en-libertad\/#breadcrumb"},"inLanguage":"es","potentialAction":[{"@type":"ReadAction","target":["https:\/\/luchonoticias.com\/editor\/cafetero-que-mato-a-presunto-ladron-se-defendera-en-libertad\/"]}]},{"@type":"ImageObject","inLanguage":"es","@id":"https:\/\/luchonoticias.com\/editor\/cafetero-que-mato-a-presunto-ladron-se-defendera-en-libertad\/#primaryimage","url":"https:\/\/luchonoticias.com\/editor\/wp-content\/uploads\/2024\/05\/fletero.jpg","contentUrl":"https:\/\/luchonoticias.com\/editor\/wp-content\/uploads\/2024\/05\/fletero.jpg","width":700,"height":400},{"@type":"BreadcrumbList","@id":"https:\/\/luchonoticias.com\/editor\/cafetero-que-mato-a-presunto-ladron-se-defendera-en-libertad\/#breadcrumb","itemListElement":[{"@type":"ListItem","position":1,"name":"Portada","item":"https:\/\/luchonoticias.com\/editor\/"},{"@type":"ListItem","position":2,"name":"Cafetero que mat\u00f3 a presunto ladr\u00f3n se defender\u00e1 en libertad"}]},{"@type":"WebSite","@id":"https:\/\/luchonoticias.com\/editor\/#website","url":"https:\/\/luchonoticias.com\/editor\/","name":"","description":"","publisher":{"@id":"https:\/\/luchonoticias.com\/editor\/#\/schema\/person\/7a7fd911f58561fd056dbac7b55af9cd"},"potentialAction":[{"@type":"SearchAction","target":{"@type":"EntryPoint","urlTemplate":"https:\/\/luchonoticias.com\/editor\/?s={search_term_string}"},"query-input":{"@type":"PropertyValueSpecification","valueRequired":true,"valueName":"search_term_string"}}],"inLanguage":"es"},{"@type":["Person","Organization"],"@id":"https:\/\/luchonoticias.com\/editor\/#\/schema\/person\/7a7fd911f58561fd056dbac7b55af9cd","name":"admin","image":{"@type":"ImageObject","inLanguage":"es","@id":"https:\/\/luchonoticias.com\/editor\/#\/schema\/person\/image\/","url":"https:\/\/luchonoticias.com\/editor\/wp-content\/uploads\/2024\/02\/cropped-cropped-logolu.webp","contentUrl":"https:\/\/luchonoticias.com\/editor\/wp-content\/uploads\/2024\/02\/cropped-cropped-logolu.webp","width":382,"height":170,"caption":"admin"},"logo":{"@id":"https:\/\/luchonoticias.com\/editor\/#\/schema\/person\/image\/"},"sameAs":["https:\/\/www.facebook.com\/luchonoticiasneiva"]},{"@type":"Person","@id":"https:\/\/luchonoticias.com\/editor\/#\/schema\/person\/29217990ddf6f14e35912b2866d591fb","name":"Editor General","image":{"@type":"ImageObject","inLanguage":"es","@id":"https:\/\/luchonoticias.com\/editor\/#\/schema\/person\/image\/","url":"https:\/\/luchonoticias.com\/editor\/wp-content\/uploads\/2024\/02\/cropped-cropped-logolu-150x150.webp","contentUrl":"https:\/\/luchonoticias.com\/editor\/wp-content\/uploads\/2024\/02\/cropped-cropped-logolu-150x150.webp","caption":"Editor General"},"sameAs":["https:\/\/luchonoticias.com\/"],"url":"https:\/\/luchonoticias.com\/editor\/author\/editor-general\/"}]}},"_links":{"self":[{"href":"https:\/\/luchonoticias.com\/editor\/wp-json\/wp\/v2\/posts\/73137","targetHints":{"allow":["GET"]}}],"collection":[{"href":"https:\/\/luchonoticias.com\/editor\/wp-json\/wp\/v2\/posts"}],"about":[{"href":"https:\/\/luchonoticias.com\/editor\/wp-json\/wp\/v2\/types\/post"}],"author":[{"embeddable":true,"href":"https:\/\/luchonoticias.com\/editor\/wp-json\/wp\/v2\/users\/2"}],"replies":[{"embeddable":true,"href":"https:\/\/luchonoticias.com\/editor\/wp-json\/wp\/v2\/comments?post=73137"}],"version-history":[{"count":0,"href":"https:\/\/luchonoticias.com\/editor\/wp-json\/wp\/v2\/posts\/73137\/revisions"}],"wp:featuredmedia":[{"embeddable":true,"href":"https:\/\/luchonoticias.com\/editor\/wp-json\/wp\/v2\/media\/73138"}],"wp:attachment":[{"href":"https:\/\/luchonoticias.com\/editor\/wp-json\/wp\/v2\/media?parent=73137"}],"wp:term":[{"taxonomy":"category","embeddable":true,"href":"https:\/\/luchonoticias.com\/editor\/wp-json\/wp\/v2\/categories?post=73137"},{"taxonomy":"post_tag","embeddable":true,"href":"https:\/\/luchonoticias.com\/editor\/wp-json\/wp\/v2\/tags?post=73137"}],"curies":[{"name":"wp","href":"https:\/\/api.w.org\/{rel}","templated":true}]}}