{"id":73143,"date":"2024-05-16T18:26:21","date_gmt":"2024-05-16T23:26:21","guid":{"rendered":"https:\/\/luchonoticias.com\/?p=73143"},"modified":"2024-05-16T18:26:21","modified_gmt":"2024-05-16T23:26:21","slug":"asesinado-director-de-la-carcel-la-modelo-de-bogota","status":"publish","type":"post","link":"https:\/\/luchonoticias.com\/editor\/asesinado-director-de-la-carcel-la-modelo-de-bogota\/","title":{"rendered":"Asesinado director de la c\u00e1rcel La Modelo de Bogot\u00e1"},"content":{"rendered":"<p>En la tarde de este jueves 16 de mayo, el director de la c\u00e1rcel La Modelo de Bogot\u00e1, Elmer Fern\u00e1ndez, fue asesinado en medio de un atentado sicarial mientras se desplazaba en un veh\u00edculo del\u00a0INPEC.<\/p>\n<p>Las primeras hip\u00f3tesis apuntan al peligroso \u2018Pipe Tul\u00faa\u2019, quien comanda el grupo Mago (Muerte a Guardias Opresores) y a unos panfletos que habr\u00edan llegado contra el funcionario por parte de un hombre que se identific\u00f3 como \u2018Pedro Pluma\u2019.<\/p>\n<div class=\"max-w-screen-md prose prose-lg mx-auto mb-5\">\n<p data-type=\"text\">Por el momento no se tiene conocimiento de qui\u00e9n es \u2018Pedro Pluma\u2019, pero en la escena tambi\u00e9n entra el peligroso Pipe Tul\u00faa, comandante del grupo Mago (Muerte a Guardias Opresores), quien ha amenazado con descaro a los integrantes del Instituto Nacional Penitenciario (INPEC).<\/p>\n<\/div>\n<div class=\"max-w-screen-md prose prose-lg mx-auto mb-5\">Con informaci\u00f3n y foto de Caracol Radio &#8211; Semana.<\/div>\n<div class=\"oembed-twitter  container_row margin_top_md margin_bottom_md block-margin-bottom thisisNotAmp\">\n<div>\n<div><\/div>\n<\/div>\n<\/div>\n","protected":false},"excerpt":{"rendered":"<p>En la tarde de este jueves 16 de mayo, el director de la c\u00e1rcel La Modelo de Bogot\u00e1, Elmer Fern\u00e1ndez, fue asesinado en medio de un atentado sicarial mientras se desplazaba en un veh\u00edculo del\u00a0INPEC. Las primeras hip\u00f3tesis apuntan al peligroso \u2018Pipe Tul\u00faa\u2019, quien comanda el grupo Mago (Muerte a Guardias Opresores) y a unos [&hellip;]<\/p>\n","protected":false},"author":2,"featured_media":73144,"comment_status":"closed","ping_status":"open","sticky":false,"template":"","format":"standard","meta":{"footnotes":""},"categories":[28],"tags":[],"class_list":["post-73143","post","type-post","status-publish","format-standard","has-post-thumbnail","hentry","category-actualidad"],"yoast_head":"<!-- This site is optimized with the Yoast SEO plugin v26.6 - https:\/\/yoast.com\/wordpress\/plugins\/seo\/ -->\n<title>Asesinado director de la c\u00e1rcel La Modelo de Bogot\u00e1 -<\/title>\n<meta name=\"robots\" content=\"index, follow, max-snippet:-1, max-image-preview:large, max-video-preview:-1\" \/>\n<link rel=\"canonical\" href=\"https:\/\/luchonoticias.com\/editor\/asesinado-director-de-la-carcel-la-modelo-de-bogota\/\" \/>\n<meta property=\"og:locale\" content=\"es_ES\" \/>\n<meta property=\"og:type\" content=\"article\" \/>\n<meta property=\"og:title\" content=\"Asesinado director de la c\u00e1rcel La Modelo de Bogot\u00e1 -\" \/>\n<meta property=\"og:url\" content=\"https:\/\/luchonoticias.com\/editor\/asesinado-director-de-la-carcel-la-modelo-de-bogota\/\" \/>\n<meta property=\"article:publisher\" content=\"https:\/\/www.facebook.com\/luchonoticiasneiva\" \/>\n<meta property=\"article:published_time\" content=\"2024-05-16T23:26:21+00:00\" \/>\n<meta property=\"og:image\" content=\"https:\/\/luchonoticias.com\/editor\/wp-content\/uploads\/2024\/05\/carcel-la-modelo.jpg\" \/>\n\t<meta property=\"og:image:width\" content=\"700\" \/>\n\t<meta property=\"og:image:height\" content=\"400\" \/>\n\t<meta property=\"og:image:type\" content=\"image\/jpeg\" \/>\n<meta name=\"author\" content=\"Editor General\" \/>\n<meta name=\"twitter:card\" content=\"summary_large_image\" \/>\n<meta name=\"twitter:label1\" content=\"Escrito por\" \/>\n\t<meta name=\"twitter:data1\" content=\"Editor General\" \/>\n\t<meta name=\"twitter:label2\" content=\"Tiempo de lectura\" \/>\n\t<meta name=\"twitter:data2\" content=\"1 minuto\" \/>\n<script type=\"application\/ld+json\" class=\"yoast-schema-graph\">{\"@context\":\"https:\/\/schema.org\",\"@graph\":[{\"@type\":\"Article\",\"@id\":\"https:\/\/luchonoticias.com\/editor\/asesinado-director-de-la-carcel-la-modelo-de-bogota\/#article\",\"isPartOf\":{\"@id\":\"https:\/\/luchonoticias.com\/editor\/asesinado-director-de-la-carcel-la-modelo-de-bogota\/\"},\"author\":{\"name\":\"Editor General\",\"@id\":\"https:\/\/luchonoticias.com\/editor\/#\/schema\/person\/29217990ddf6f14e35912b2866d591fb\"},\"headline\":\"Asesinado director de la c\u00e1rcel La Modelo de Bogot\u00e1\",\"datePublished\":\"2024-05-16T23:26:21+00:00\",\"mainEntityOfPage\":{\"@id\":\"https:\/\/luchonoticias.com\/editor\/asesinado-director-de-la-carcel-la-modelo-de-bogota\/\"},\"wordCount\":145,\"publisher\":{\"@id\":\"https:\/\/luchonoticias.com\/editor\/#\/schema\/person\/7a7fd911f58561fd056dbac7b55af9cd\"},\"image\":{\"@id\":\"https:\/\/luchonoticias.com\/editor\/asesinado-director-de-la-carcel-la-modelo-de-bogota\/#primaryimage\"},\"thumbnailUrl\":\"https:\/\/luchonoticias.com\/editor\/wp-content\/uploads\/2024\/05\/carcel-la-modelo.jpg\",\"articleSection\":[\"Actualidad\"],\"inLanguage\":\"es\"},{\"@type\":\"WebPage\",\"@id\":\"https:\/\/luchonoticias.com\/editor\/asesinado-director-de-la-carcel-la-modelo-de-bogota\/\",\"url\":\"https:\/\/luchonoticias.com\/editor\/asesinado-director-de-la-carcel-la-modelo-de-bogota\/\",\"name\":\"Asesinado director de la c\u00e1rcel La Modelo de Bogot\u00e1 -\",\"isPartOf\":{\"@id\":\"https:\/\/luchonoticias.com\/editor\/#website\"},\"primaryImageOfPage\":{\"@id\":\"https:\/\/luchonoticias.com\/editor\/asesinado-director-de-la-carcel-la-modelo-de-bogota\/#primaryimage\"},\"image\":{\"@id\":\"https:\/\/luchonoticias.com\/editor\/asesinado-director-de-la-carcel-la-modelo-de-bogota\/#primaryimage\"},\"thumbnailUrl\":\"https:\/\/luchonoticias.com\/editor\/wp-content\/uploads\/2024\/05\/carcel-la-modelo.jpg\",\"datePublished\":\"2024-05-16T23:26:21+00:00\",\"breadcrumb\":{\"@id\":\"https:\/\/luchonoticias.com\/editor\/asesinado-director-de-la-carcel-la-modelo-de-bogota\/#breadcrumb\"},\"inLanguage\":\"es\",\"potentialAction\":[{\"@type\":\"ReadAction\",\"target\":[\"https:\/\/luchonoticias.com\/editor\/asesinado-director-de-la-carcel-la-modelo-de-bogota\/\"]}]},{\"@type\":\"ImageObject\",\"inLanguage\":\"es\",\"@id\":\"https:\/\/luchonoticias.com\/editor\/asesinado-director-de-la-carcel-la-modelo-de-bogota\/#primaryimage\",\"url\":\"https:\/\/luchonoticias.com\/editor\/wp-content\/uploads\/2024\/05\/carcel-la-modelo.jpg\",\"contentUrl\":\"https:\/\/luchonoticias.com\/editor\/wp-content\/uploads\/2024\/05\/carcel-la-modelo.jpg\",\"width\":700,\"height\":400},{\"@type\":\"BreadcrumbList\",\"@id\":\"https:\/\/luchonoticias.com\/editor\/asesinado-director-de-la-carcel-la-modelo-de-bogota\/#breadcrumb\",\"itemListElement\":[{\"@type\":\"ListItem\",\"position\":1,\"name\":\"Portada\",\"item\":\"https:\/\/luchonoticias.com\/editor\/\"},{\"@type\":\"ListItem\",\"position\":2,\"name\":\"Asesinado director de la c\u00e1rcel La Modelo de Bogot\u00e1\"}]},{\"@type\":\"WebSite\",\"@id\":\"https:\/\/luchonoticias.com\/editor\/#website\",\"url\":\"https:\/\/luchonoticias.com\/editor\/\",\"name\":\"\",\"description\":\"\",\"publisher\":{\"@id\":\"https:\/\/luchonoticias.com\/editor\/#\/schema\/person\/7a7fd911f58561fd056dbac7b55af9cd\"},\"potentialAction\":[{\"@type\":\"SearchAction\",\"target\":{\"@type\":\"EntryPoint\",\"urlTemplate\":\"https:\/\/luchonoticias.com\/editor\/?s={search_term_string}\"},\"query-input\":{\"@type\":\"PropertyValueSpecification\",\"valueRequired\":true,\"valueName\":\"search_term_string\"}}],\"inLanguage\":\"es\"},{\"@type\":[\"Person\",\"Organization\"],\"@id\":\"https:\/\/luchonoticias.com\/editor\/#\/schema\/person\/7a7fd911f58561fd056dbac7b55af9cd\",\"name\":\"admin\",\"image\":{\"@type\":\"ImageObject\",\"inLanguage\":\"es\",\"@id\":\"https:\/\/luchonoticias.com\/editor\/#\/schema\/person\/image\/\",\"url\":\"https:\/\/luchonoticias.com\/editor\/wp-content\/uploads\/2024\/02\/cropped-cropped-logolu.webp\",\"contentUrl\":\"https:\/\/luchonoticias.com\/editor\/wp-content\/uploads\/2024\/02\/cropped-cropped-logolu.webp\",\"width\":382,\"height\":170,\"caption\":\"admin\"},\"logo\":{\"@id\":\"https:\/\/luchonoticias.com\/editor\/#\/schema\/person\/image\/\"},\"sameAs\":[\"https:\/\/www.facebook.com\/luchonoticiasneiva\"]},{\"@type\":\"Person\",\"@id\":\"https:\/\/luchonoticias.com\/editor\/#\/schema\/person\/29217990ddf6f14e35912b2866d591fb\",\"name\":\"Editor General\",\"image\":{\"@type\":\"ImageObject\",\"inLanguage\":\"es\",\"@id\":\"https:\/\/luchonoticias.com\/editor\/#\/schema\/person\/image\/\",\"url\":\"https:\/\/luchonoticias.com\/editor\/wp-content\/uploads\/2024\/02\/cropped-cropped-logolu-150x150.webp\",\"contentUrl\":\"https:\/\/luchonoticias.com\/editor\/wp-content\/uploads\/2024\/02\/cropped-cropped-logolu-150x150.webp\",\"caption\":\"Editor General\"},\"sameAs\":[\"https:\/\/luchonoticias.com\/\"],\"url\":\"https:\/\/luchonoticias.com\/editor\/author\/editor-general\/\"}]}<\/script>\n<!-- \/ Yoast SEO plugin. -->","yoast_head_json":{"title":"Asesinado director de la c\u00e1rcel La Modelo de Bogot\u00e1 -","robots":{"index":"index","follow":"follow","max-snippet":"max-snippet:-1","max-image-preview":"max-image-preview:large","max-video-preview":"max-video-preview:-1"},"canonical":"https:\/\/luchonoticias.com\/editor\/asesinado-director-de-la-carcel-la-modelo-de-bogota\/","og_locale":"es_ES","og_type":"article","og_title":"Asesinado director de la c\u00e1rcel La Modelo de Bogot\u00e1 -","og_url":"https:\/\/luchonoticias.com\/editor\/asesinado-director-de-la-carcel-la-modelo-de-bogota\/","article_publisher":"https:\/\/www.facebook.com\/luchonoticiasneiva","article_published_time":"2024-05-16T23:26:21+00:00","og_image":[{"width":700,"height":400,"url":"https:\/\/luchonoticias.com\/editor\/wp-content\/uploads\/2024\/05\/carcel-la-modelo.jpg","type":"image\/jpeg"}],"author":"Editor General","twitter_card":"summary_large_image","twitter_misc":{"Escrito por":"Editor General","Tiempo de lectura":"1 minuto"},"schema":{"@context":"https:\/\/schema.org","@graph":[{"@type":"Article","@id":"https:\/\/luchonoticias.com\/editor\/asesinado-director-de-la-carcel-la-modelo-de-bogota\/#article","isPartOf":{"@id":"https:\/\/luchonoticias.com\/editor\/asesinado-director-de-la-carcel-la-modelo-de-bogota\/"},"author":{"name":"Editor General","@id":"https:\/\/luchonoticias.com\/editor\/#\/schema\/person\/29217990ddf6f14e35912b2866d591fb"},"headline":"Asesinado director de la c\u00e1rcel La Modelo de Bogot\u00e1","datePublished":"2024-05-16T23:26:21+00:00","mainEntityOfPage":{"@id":"https:\/\/luchonoticias.com\/editor\/asesinado-director-de-la-carcel-la-modelo-de-bogota\/"},"wordCount":145,"publisher":{"@id":"https:\/\/luchonoticias.com\/editor\/#\/schema\/person\/7a7fd911f58561fd056dbac7b55af9cd"},"image":{"@id":"https:\/\/luchonoticias.com\/editor\/asesinado-director-de-la-carcel-la-modelo-de-bogota\/#primaryimage"},"thumbnailUrl":"https:\/\/luchonoticias.com\/editor\/wp-content\/uploads\/2024\/05\/carcel-la-modelo.jpg","articleSection":["Actualidad"],"inLanguage":"es"},{"@type":"WebPage","@id":"https:\/\/luchonoticias.com\/editor\/asesinado-director-de-la-carcel-la-modelo-de-bogota\/","url":"https:\/\/luchonoticias.com\/editor\/asesinado-director-de-la-carcel-la-modelo-de-bogota\/","name":"Asesinado director de la c\u00e1rcel La Modelo de Bogot\u00e1 -","isPartOf":{"@id":"https:\/\/luchonoticias.com\/editor\/#website"},"primaryImageOfPage":{"@id":"https:\/\/luchonoticias.com\/editor\/asesinado-director-de-la-carcel-la-modelo-de-bogota\/#primaryimage"},"image":{"@id":"https:\/\/luchonoticias.com\/editor\/asesinado-director-de-la-carcel-la-modelo-de-bogota\/#primaryimage"},"thumbnailUrl":"https:\/\/luchonoticias.com\/editor\/wp-content\/uploads\/2024\/05\/carcel-la-modelo.jpg","datePublished":"2024-05-16T23:26:21+00:00","breadcrumb":{"@id":"https:\/\/luchonoticias.com\/editor\/asesinado-director-de-la-carcel-la-modelo-de-bogota\/#breadcrumb"},"inLanguage":"es","potentialAction":[{"@type":"ReadAction","target":["https:\/\/luchonoticias.com\/editor\/asesinado-director-de-la-carcel-la-modelo-de-bogota\/"]}]},{"@type":"ImageObject","inLanguage":"es","@id":"https:\/\/luchonoticias.com\/editor\/asesinado-director-de-la-carcel-la-modelo-de-bogota\/#primaryimage","url":"https:\/\/luchonoticias.com\/editor\/wp-content\/uploads\/2024\/05\/carcel-la-modelo.jpg","contentUrl":"https:\/\/luchonoticias.com\/editor\/wp-content\/uploads\/2024\/05\/carcel-la-modelo.jpg","width":700,"height":400},{"@type":"BreadcrumbList","@id":"https:\/\/luchonoticias.com\/editor\/asesinado-director-de-la-carcel-la-modelo-de-bogota\/#breadcrumb","itemListElement":[{"@type":"ListItem","position":1,"name":"Portada","item":"https:\/\/luchonoticias.com\/editor\/"},{"@type":"ListItem","position":2,"name":"Asesinado director de la c\u00e1rcel La Modelo de Bogot\u00e1"}]},{"@type":"WebSite","@id":"https:\/\/luchonoticias.com\/editor\/#website","url":"https:\/\/luchonoticias.com\/editor\/","name":"","description":"","publisher":{"@id":"https:\/\/luchonoticias.com\/editor\/#\/schema\/person\/7a7fd911f58561fd056dbac7b55af9cd"},"potentialAction":[{"@type":"SearchAction","target":{"@type":"EntryPoint","urlTemplate":"https:\/\/luchonoticias.com\/editor\/?s={search_term_string}"},"query-input":{"@type":"PropertyValueSpecification","valueRequired":true,"valueName":"search_term_string"}}],"inLanguage":"es"},{"@type":["Person","Organization"],"@id":"https:\/\/luchonoticias.com\/editor\/#\/schema\/person\/7a7fd911f58561fd056dbac7b55af9cd","name":"admin","image":{"@type":"ImageObject","inLanguage":"es","@id":"https:\/\/luchonoticias.com\/editor\/#\/schema\/person\/image\/","url":"https:\/\/luchonoticias.com\/editor\/wp-content\/uploads\/2024\/02\/cropped-cropped-logolu.webp","contentUrl":"https:\/\/luchonoticias.com\/editor\/wp-content\/uploads\/2024\/02\/cropped-cropped-logolu.webp","width":382,"height":170,"caption":"admin"},"logo":{"@id":"https:\/\/luchonoticias.com\/editor\/#\/schema\/person\/image\/"},"sameAs":["https:\/\/www.facebook.com\/luchonoticiasneiva"]},{"@type":"Person","@id":"https:\/\/luchonoticias.com\/editor\/#\/schema\/person\/29217990ddf6f14e35912b2866d591fb","name":"Editor General","image":{"@type":"ImageObject","inLanguage":"es","@id":"https:\/\/luchonoticias.com\/editor\/#\/schema\/person\/image\/","url":"https:\/\/luchonoticias.com\/editor\/wp-content\/uploads\/2024\/02\/cropped-cropped-logolu-150x150.webp","contentUrl":"https:\/\/luchonoticias.com\/editor\/wp-content\/uploads\/2024\/02\/cropped-cropped-logolu-150x150.webp","caption":"Editor General"},"sameAs":["https:\/\/luchonoticias.com\/"],"url":"https:\/\/luchonoticias.com\/editor\/author\/editor-general\/"}]}},"_links":{"self":[{"href":"https:\/\/luchonoticias.com\/editor\/wp-json\/wp\/v2\/posts\/73143","targetHints":{"allow":["GET"]}}],"collection":[{"href":"https:\/\/luchonoticias.com\/editor\/wp-json\/wp\/v2\/posts"}],"about":[{"href":"https:\/\/luchonoticias.com\/editor\/wp-json\/wp\/v2\/types\/post"}],"author":[{"embeddable":true,"href":"https:\/\/luchonoticias.com\/editor\/wp-json\/wp\/v2\/users\/2"}],"replies":[{"embeddable":true,"href":"https:\/\/luchonoticias.com\/editor\/wp-json\/wp\/v2\/comments?post=73143"}],"version-history":[{"count":0,"href":"https:\/\/luchonoticias.com\/editor\/wp-json\/wp\/v2\/posts\/73143\/revisions"}],"wp:featuredmedia":[{"embeddable":true,"href":"https:\/\/luchonoticias.com\/editor\/wp-json\/wp\/v2\/media\/73144"}],"wp:attachment":[{"href":"https:\/\/luchonoticias.com\/editor\/wp-json\/wp\/v2\/media?parent=73143"}],"wp:term":[{"taxonomy":"category","embeddable":true,"href":"https:\/\/luchonoticias.com\/editor\/wp-json\/wp\/v2\/categories?post=73143"},{"taxonomy":"post_tag","embeddable":true,"href":"https:\/\/luchonoticias.com\/editor\/wp-json\/wp\/v2\/tags?post=73143"}],"curies":[{"name":"wp","href":"https:\/\/api.w.org\/{rel}","templated":true}]}}