{"id":73146,"date":"2024-05-17T05:20:27","date_gmt":"2024-05-17T10:20:27","guid":{"rendered":"https:\/\/luchonoticias.com\/?p=73146"},"modified":"2024-05-17T05:20:27","modified_gmt":"2024-05-17T10:20:27","slug":"ex-alcalde-de-tello-es-el-primer-gerente-del-instituto-de-accion-comunal","status":"publish","type":"post","link":"https:\/\/luchonoticias.com\/editor\/ex-alcalde-de-tello-es-el-primer-gerente-del-instituto-de-accion-comunal\/","title":{"rendered":"Ex alcalde de Tello es el primer gerente del instituto de acci\u00f3n comunal"},"content":{"rendered":"<p>El Gobernador del Huila, Rodrigo Villalba, hizo posesi\u00f3n como el primer Gerente del reci\u00e9n creado Idaco \u2013 Huila, al ex alcalde del municipio de Tello, Jos\u00e9 Manuel C\u00f3rdoba, quien tendr\u00e1 a cargo una inmensa responsabilidad al frente de este instituto creado mediante Ordenanza por la Asamblea Departamental en marzo del presente a\u00f1o.<\/p>\n<p>\u201cEste Gobierno tiene como pol\u00edtica p\u00fablica hacer muchas convocatorias para involucrar a las Juntas de Acci\u00f3n Comunal y de muchas organizaciones sin \u00e1nimo de lucro, para que se desempe\u00f1en en algunas tareas de bienes y servicios p\u00fablicos. Vemos que cuando se hacen esas convocatorias nacionales, el Departamento que m\u00e1s empodera, participa y califica, es el de Cundinamarca de la mano de las juntas de acci\u00f3n comunal. Hay una relaci\u00f3n directa entre el instituto Idaco, y la participaci\u00f3n de la comunidad en ese departamento\u201d, afirm\u00f3 Villalba Mosquera.<\/p>\n<p>\u201cPor lo dem\u00e1s, nosotros hemos visto muchas m\u00e1s bondades. Examinaremos c\u00f3mo trabajar de la mano con la base, con una buena participaci\u00f3n comunal, ciudadana. La primera tarea es mirar c\u00f3mo a las instituciones educativas las podemos empoderar con un programa como el PAE. Pero hay todo tipo de inconvenientes. Primero es una competencia que nos trasladaron a los Departamento y Municipios, sin los suficientes recursos\u201d, a\u00f1adi\u00f3.<\/p>\n<p>\u201cEl actual contrato de operaci\u00f3n PAE de la presente vigencia s\u00f3lo aguanta financieramente hasta el mes de julio. Y nos han dicho entonces que invirtamos del recurso de regal\u00edas. Pero ese tipo de recurso es el que tenemos para inversi\u00f3n en otros temas sensibles. Los recursos propios que tenemos se van en la operaci\u00f3n y funcionamiento del ente territorial. Entonces si destinamos recursos de regal\u00edas para el PAE, no podr\u00edamos hacer el mantenimiento vial, placa huella, infraestructura deportiva y todas las dem\u00e1s obras que deben hacerse para los huilenses\u201d, reflexion\u00f3 el mandatario de los huilenses.<\/p>\n<p>Sin embargo, dijo que la meta para el a\u00f1o entrante y como parte de la soluci\u00f3n, es entregarle el manejo del PAE a las juntas y asociaciones de padres de familia, donde hay pocos estudiantes y que corresponde por lo menos a unos 300 o 400 establecimientos escolares.<\/p>\n<p>\u201cEste a\u00f1o la tarea de Idaco es mirar si esas instituciones educativas tienen comedores y cocinas escolares adecuadas para el n\u00famero de estudiantes y examinar c\u00f3mo se invierten recursos en su adecuaci\u00f3n con los mismos padres de familia o juntas de acci\u00f3n comunal\u201d, asegur\u00f3 el gobernador.<\/p>\n<p>\u201cPero hay m\u00e1s objetivos. El Gobierno y el Congreso hace unos 4 o 5 a\u00f1os, implement\u00f3 el pliego tipo para la licitaci\u00f3n de contrataci\u00f3n p\u00fablica que ha ayudado mucho en la diversidad de oferentes, ya que antes se presentaban 1 o 2 proponentes y hoy vemos 100 para pavimentaci\u00f3n y placa huella por ejemplo. Pero ello ha significado que la Oficina de Contrataci\u00f3n debe dar mejores respuestas y requiere m\u00e1s personal y eso nos ha crecido esta dependencia de la Gobernaci\u00f3n\u201d, asever\u00f3.<\/p>\n<p>\u201cVamos a quitarle entonces trabajo a esta oficina, a trav\u00e9s de Idaco con la contrataci\u00f3n directa con las JAC y con las entidades sin \u00e1nimo de lucro para procesos contractuales peque\u00f1os, que estas organizaciones puedan ejecutar\u201d, a\u00f1adi\u00f3 el mandatario departamental.<\/p>\n<p>Resalt\u00f3 a Idaco como un instituto que tendr\u00e1 un contacto directo con la base comunitaria, y funcionar\u00e1 utilizando personal de las dem\u00e1s dependencias para cada fin. Si es PAE, pues con Gobierno y con Educaci\u00f3n. Si son arreglo de v\u00edas, ser\u00e1 entre la Secretar\u00eda de V\u00edas e Infraestructura e Idaco.<\/p>\n","protected":false},"excerpt":{"rendered":"<p>El Gobernador del Huila, Rodrigo Villalba, hizo posesi\u00f3n como el primer Gerente del reci\u00e9n creado Idaco \u2013 Huila, al ex alcalde del municipio de Tello, Jos\u00e9 Manuel C\u00f3rdoba, quien tendr\u00e1 a cargo una inmensa responsabilidad al frente de este instituto creado mediante Ordenanza por la Asamblea Departamental en marzo del presente a\u00f1o. \u201cEste Gobierno tiene [&hellip;]<\/p>\n","protected":false},"author":2,"featured_media":73147,"comment_status":"closed","ping_status":"open","sticky":false,"template":"","format":"standard","meta":{"footnotes":""},"categories":[33],"tags":[],"class_list":["post-73146","post","type-post","status-publish","format-standard","has-post-thumbnail","hentry","category-huila"],"yoast_head":"<!-- This site is optimized with the Yoast SEO plugin v26.6 - https:\/\/yoast.com\/wordpress\/plugins\/seo\/ -->\n<title>Ex alcalde de Tello es el primer gerente del instituto de acci\u00f3n comunal -<\/title>\n<meta name=\"robots\" content=\"index, follow, max-snippet:-1, max-image-preview:large, max-video-preview:-1\" \/>\n<link rel=\"canonical\" href=\"https:\/\/luchonoticias.com\/editor\/ex-alcalde-de-tello-es-el-primer-gerente-del-instituto-de-accion-comunal\/\" \/>\n<meta property=\"og:locale\" content=\"es_ES\" \/>\n<meta property=\"og:type\" content=\"article\" \/>\n<meta property=\"og:title\" content=\"Ex alcalde de Tello es el primer gerente del instituto de acci\u00f3n comunal -\" \/>\n<meta property=\"og:url\" content=\"https:\/\/luchonoticias.com\/editor\/ex-alcalde-de-tello-es-el-primer-gerente-del-instituto-de-accion-comunal\/\" \/>\n<meta property=\"article:publisher\" content=\"https:\/\/www.facebook.com\/luchonoticiasneiva\" \/>\n<meta property=\"article:published_time\" content=\"2024-05-17T10:20:27+00:00\" \/>\n<meta property=\"og:image\" content=\"https:\/\/luchonoticias.com\/editor\/wp-content\/uploads\/2024\/05\/accion-comunal.jpg\" \/>\n\t<meta property=\"og:image:width\" content=\"700\" \/>\n\t<meta property=\"og:image:height\" content=\"400\" \/>\n\t<meta property=\"og:image:type\" content=\"image\/jpeg\" \/>\n<meta name=\"author\" content=\"Editor General\" \/>\n<meta name=\"twitter:card\" content=\"summary_large_image\" \/>\n<meta name=\"twitter:label1\" content=\"Escrito por\" \/>\n\t<meta name=\"twitter:data1\" content=\"Editor General\" \/>\n\t<meta name=\"twitter:label2\" content=\"Tiempo de lectura\" \/>\n\t<meta name=\"twitter:data2\" content=\"3 minutos\" \/>\n<script type=\"application\/ld+json\" class=\"yoast-schema-graph\">{\"@context\":\"https:\/\/schema.org\",\"@graph\":[{\"@type\":\"Article\",\"@id\":\"https:\/\/luchonoticias.com\/editor\/ex-alcalde-de-tello-es-el-primer-gerente-del-instituto-de-accion-comunal\/#article\",\"isPartOf\":{\"@id\":\"https:\/\/luchonoticias.com\/editor\/ex-alcalde-de-tello-es-el-primer-gerente-del-instituto-de-accion-comunal\/\"},\"author\":{\"name\":\"Editor General\",\"@id\":\"https:\/\/luchonoticias.com\/editor\/#\/schema\/person\/29217990ddf6f14e35912b2866d591fb\"},\"headline\":\"Ex alcalde de Tello es el primer gerente del instituto de acci\u00f3n comunal\",\"datePublished\":\"2024-05-17T10:20:27+00:00\",\"mainEntityOfPage\":{\"@id\":\"https:\/\/luchonoticias.com\/editor\/ex-alcalde-de-tello-es-el-primer-gerente-del-instituto-de-accion-comunal\/\"},\"wordCount\":623,\"publisher\":{\"@id\":\"https:\/\/luchonoticias.com\/editor\/#\/schema\/person\/7a7fd911f58561fd056dbac7b55af9cd\"},\"image\":{\"@id\":\"https:\/\/luchonoticias.com\/editor\/ex-alcalde-de-tello-es-el-primer-gerente-del-instituto-de-accion-comunal\/#primaryimage\"},\"thumbnailUrl\":\"https:\/\/luchonoticias.com\/editor\/wp-content\/uploads\/2024\/05\/accion-comunal.jpg\",\"articleSection\":[\"Huila\"],\"inLanguage\":\"es\"},{\"@type\":\"WebPage\",\"@id\":\"https:\/\/luchonoticias.com\/editor\/ex-alcalde-de-tello-es-el-primer-gerente-del-instituto-de-accion-comunal\/\",\"url\":\"https:\/\/luchonoticias.com\/editor\/ex-alcalde-de-tello-es-el-primer-gerente-del-instituto-de-accion-comunal\/\",\"name\":\"Ex alcalde de Tello es el primer gerente del instituto de acci\u00f3n comunal -\",\"isPartOf\":{\"@id\":\"https:\/\/luchonoticias.com\/editor\/#website\"},\"primaryImageOfPage\":{\"@id\":\"https:\/\/luchonoticias.com\/editor\/ex-alcalde-de-tello-es-el-primer-gerente-del-instituto-de-accion-comunal\/#primaryimage\"},\"image\":{\"@id\":\"https:\/\/luchonoticias.com\/editor\/ex-alcalde-de-tello-es-el-primer-gerente-del-instituto-de-accion-comunal\/#primaryimage\"},\"thumbnailUrl\":\"https:\/\/luchonoticias.com\/editor\/wp-content\/uploads\/2024\/05\/accion-comunal.jpg\",\"datePublished\":\"2024-05-17T10:20:27+00:00\",\"breadcrumb\":{\"@id\":\"https:\/\/luchonoticias.com\/editor\/ex-alcalde-de-tello-es-el-primer-gerente-del-instituto-de-accion-comunal\/#breadcrumb\"},\"inLanguage\":\"es\",\"potentialAction\":[{\"@type\":\"ReadAction\",\"target\":[\"https:\/\/luchonoticias.com\/editor\/ex-alcalde-de-tello-es-el-primer-gerente-del-instituto-de-accion-comunal\/\"]}]},{\"@type\":\"ImageObject\",\"inLanguage\":\"es\",\"@id\":\"https:\/\/luchonoticias.com\/editor\/ex-alcalde-de-tello-es-el-primer-gerente-del-instituto-de-accion-comunal\/#primaryimage\",\"url\":\"https:\/\/luchonoticias.com\/editor\/wp-content\/uploads\/2024\/05\/accion-comunal.jpg\",\"contentUrl\":\"https:\/\/luchonoticias.com\/editor\/wp-content\/uploads\/2024\/05\/accion-comunal.jpg\",\"width\":700,\"height\":400},{\"@type\":\"BreadcrumbList\",\"@id\":\"https:\/\/luchonoticias.com\/editor\/ex-alcalde-de-tello-es-el-primer-gerente-del-instituto-de-accion-comunal\/#breadcrumb\",\"itemListElement\":[{\"@type\":\"ListItem\",\"position\":1,\"name\":\"Portada\",\"item\":\"https:\/\/luchonoticias.com\/editor\/\"},{\"@type\":\"ListItem\",\"position\":2,\"name\":\"Ex alcalde de Tello es el primer gerente del instituto de acci\u00f3n comunal\"}]},{\"@type\":\"WebSite\",\"@id\":\"https:\/\/luchonoticias.com\/editor\/#website\",\"url\":\"https:\/\/luchonoticias.com\/editor\/\",\"name\":\"\",\"description\":\"\",\"publisher\":{\"@id\":\"https:\/\/luchonoticias.com\/editor\/#\/schema\/person\/7a7fd911f58561fd056dbac7b55af9cd\"},\"potentialAction\":[{\"@type\":\"SearchAction\",\"target\":{\"@type\":\"EntryPoint\",\"urlTemplate\":\"https:\/\/luchonoticias.com\/editor\/?s={search_term_string}\"},\"query-input\":{\"@type\":\"PropertyValueSpecification\",\"valueRequired\":true,\"valueName\":\"search_term_string\"}}],\"inLanguage\":\"es\"},{\"@type\":[\"Person\",\"Organization\"],\"@id\":\"https:\/\/luchonoticias.com\/editor\/#\/schema\/person\/7a7fd911f58561fd056dbac7b55af9cd\",\"name\":\"admin\",\"image\":{\"@type\":\"ImageObject\",\"inLanguage\":\"es\",\"@id\":\"https:\/\/luchonoticias.com\/editor\/#\/schema\/person\/image\/\",\"url\":\"https:\/\/luchonoticias.com\/editor\/wp-content\/uploads\/2024\/02\/cropped-cropped-logolu.webp\",\"contentUrl\":\"https:\/\/luchonoticias.com\/editor\/wp-content\/uploads\/2024\/02\/cropped-cropped-logolu.webp\",\"width\":382,\"height\":170,\"caption\":\"admin\"},\"logo\":{\"@id\":\"https:\/\/luchonoticias.com\/editor\/#\/schema\/person\/image\/\"},\"sameAs\":[\"https:\/\/www.facebook.com\/luchonoticiasneiva\"]},{\"@type\":\"Person\",\"@id\":\"https:\/\/luchonoticias.com\/editor\/#\/schema\/person\/29217990ddf6f14e35912b2866d591fb\",\"name\":\"Editor General\",\"image\":{\"@type\":\"ImageObject\",\"inLanguage\":\"es\",\"@id\":\"https:\/\/luchonoticias.com\/editor\/#\/schema\/person\/image\/\",\"url\":\"https:\/\/luchonoticias.com\/editor\/wp-content\/uploads\/2024\/02\/cropped-cropped-logolu-150x150.webp\",\"contentUrl\":\"https:\/\/luchonoticias.com\/editor\/wp-content\/uploads\/2024\/02\/cropped-cropped-logolu-150x150.webp\",\"caption\":\"Editor General\"},\"sameAs\":[\"https:\/\/luchonoticias.com\/\"],\"url\":\"https:\/\/luchonoticias.com\/editor\/author\/editor-general\/\"}]}<\/script>\n<!-- \/ Yoast SEO plugin. -->","yoast_head_json":{"title":"Ex alcalde de Tello es el primer gerente del instituto de acci\u00f3n comunal -","robots":{"index":"index","follow":"follow","max-snippet":"max-snippet:-1","max-image-preview":"max-image-preview:large","max-video-preview":"max-video-preview:-1"},"canonical":"https:\/\/luchonoticias.com\/editor\/ex-alcalde-de-tello-es-el-primer-gerente-del-instituto-de-accion-comunal\/","og_locale":"es_ES","og_type":"article","og_title":"Ex alcalde de Tello es el primer gerente del instituto de acci\u00f3n comunal -","og_url":"https:\/\/luchonoticias.com\/editor\/ex-alcalde-de-tello-es-el-primer-gerente-del-instituto-de-accion-comunal\/","article_publisher":"https:\/\/www.facebook.com\/luchonoticiasneiva","article_published_time":"2024-05-17T10:20:27+00:00","og_image":[{"width":700,"height":400,"url":"https:\/\/luchonoticias.com\/editor\/wp-content\/uploads\/2024\/05\/accion-comunal.jpg","type":"image\/jpeg"}],"author":"Editor General","twitter_card":"summary_large_image","twitter_misc":{"Escrito por":"Editor General","Tiempo de lectura":"3 minutos"},"schema":{"@context":"https:\/\/schema.org","@graph":[{"@type":"Article","@id":"https:\/\/luchonoticias.com\/editor\/ex-alcalde-de-tello-es-el-primer-gerente-del-instituto-de-accion-comunal\/#article","isPartOf":{"@id":"https:\/\/luchonoticias.com\/editor\/ex-alcalde-de-tello-es-el-primer-gerente-del-instituto-de-accion-comunal\/"},"author":{"name":"Editor General","@id":"https:\/\/luchonoticias.com\/editor\/#\/schema\/person\/29217990ddf6f14e35912b2866d591fb"},"headline":"Ex alcalde de Tello es el primer gerente del instituto de acci\u00f3n comunal","datePublished":"2024-05-17T10:20:27+00:00","mainEntityOfPage":{"@id":"https:\/\/luchonoticias.com\/editor\/ex-alcalde-de-tello-es-el-primer-gerente-del-instituto-de-accion-comunal\/"},"wordCount":623,"publisher":{"@id":"https:\/\/luchonoticias.com\/editor\/#\/schema\/person\/7a7fd911f58561fd056dbac7b55af9cd"},"image":{"@id":"https:\/\/luchonoticias.com\/editor\/ex-alcalde-de-tello-es-el-primer-gerente-del-instituto-de-accion-comunal\/#primaryimage"},"thumbnailUrl":"https:\/\/luchonoticias.com\/editor\/wp-content\/uploads\/2024\/05\/accion-comunal.jpg","articleSection":["Huila"],"inLanguage":"es"},{"@type":"WebPage","@id":"https:\/\/luchonoticias.com\/editor\/ex-alcalde-de-tello-es-el-primer-gerente-del-instituto-de-accion-comunal\/","url":"https:\/\/luchonoticias.com\/editor\/ex-alcalde-de-tello-es-el-primer-gerente-del-instituto-de-accion-comunal\/","name":"Ex alcalde de Tello es el primer gerente del instituto de acci\u00f3n comunal -","isPartOf":{"@id":"https:\/\/luchonoticias.com\/editor\/#website"},"primaryImageOfPage":{"@id":"https:\/\/luchonoticias.com\/editor\/ex-alcalde-de-tello-es-el-primer-gerente-del-instituto-de-accion-comunal\/#primaryimage"},"image":{"@id":"https:\/\/luchonoticias.com\/editor\/ex-alcalde-de-tello-es-el-primer-gerente-del-instituto-de-accion-comunal\/#primaryimage"},"thumbnailUrl":"https:\/\/luchonoticias.com\/editor\/wp-content\/uploads\/2024\/05\/accion-comunal.jpg","datePublished":"2024-05-17T10:20:27+00:00","breadcrumb":{"@id":"https:\/\/luchonoticias.com\/editor\/ex-alcalde-de-tello-es-el-primer-gerente-del-instituto-de-accion-comunal\/#breadcrumb"},"inLanguage":"es","potentialAction":[{"@type":"ReadAction","target":["https:\/\/luchonoticias.com\/editor\/ex-alcalde-de-tello-es-el-primer-gerente-del-instituto-de-accion-comunal\/"]}]},{"@type":"ImageObject","inLanguage":"es","@id":"https:\/\/luchonoticias.com\/editor\/ex-alcalde-de-tello-es-el-primer-gerente-del-instituto-de-accion-comunal\/#primaryimage","url":"https:\/\/luchonoticias.com\/editor\/wp-content\/uploads\/2024\/05\/accion-comunal.jpg","contentUrl":"https:\/\/luchonoticias.com\/editor\/wp-content\/uploads\/2024\/05\/accion-comunal.jpg","width":700,"height":400},{"@type":"BreadcrumbList","@id":"https:\/\/luchonoticias.com\/editor\/ex-alcalde-de-tello-es-el-primer-gerente-del-instituto-de-accion-comunal\/#breadcrumb","itemListElement":[{"@type":"ListItem","position":1,"name":"Portada","item":"https:\/\/luchonoticias.com\/editor\/"},{"@type":"ListItem","position":2,"name":"Ex alcalde de Tello es el primer gerente del instituto de acci\u00f3n comunal"}]},{"@type":"WebSite","@id":"https:\/\/luchonoticias.com\/editor\/#website","url":"https:\/\/luchonoticias.com\/editor\/","name":"","description":"","publisher":{"@id":"https:\/\/luchonoticias.com\/editor\/#\/schema\/person\/7a7fd911f58561fd056dbac7b55af9cd"},"potentialAction":[{"@type":"SearchAction","target":{"@type":"EntryPoint","urlTemplate":"https:\/\/luchonoticias.com\/editor\/?s={search_term_string}"},"query-input":{"@type":"PropertyValueSpecification","valueRequired":true,"valueName":"search_term_string"}}],"inLanguage":"es"},{"@type":["Person","Organization"],"@id":"https:\/\/luchonoticias.com\/editor\/#\/schema\/person\/7a7fd911f58561fd056dbac7b55af9cd","name":"admin","image":{"@type":"ImageObject","inLanguage":"es","@id":"https:\/\/luchonoticias.com\/editor\/#\/schema\/person\/image\/","url":"https:\/\/luchonoticias.com\/editor\/wp-content\/uploads\/2024\/02\/cropped-cropped-logolu.webp","contentUrl":"https:\/\/luchonoticias.com\/editor\/wp-content\/uploads\/2024\/02\/cropped-cropped-logolu.webp","width":382,"height":170,"caption":"admin"},"logo":{"@id":"https:\/\/luchonoticias.com\/editor\/#\/schema\/person\/image\/"},"sameAs":["https:\/\/www.facebook.com\/luchonoticiasneiva"]},{"@type":"Person","@id":"https:\/\/luchonoticias.com\/editor\/#\/schema\/person\/29217990ddf6f14e35912b2866d591fb","name":"Editor General","image":{"@type":"ImageObject","inLanguage":"es","@id":"https:\/\/luchonoticias.com\/editor\/#\/schema\/person\/image\/","url":"https:\/\/luchonoticias.com\/editor\/wp-content\/uploads\/2024\/02\/cropped-cropped-logolu-150x150.webp","contentUrl":"https:\/\/luchonoticias.com\/editor\/wp-content\/uploads\/2024\/02\/cropped-cropped-logolu-150x150.webp","caption":"Editor General"},"sameAs":["https:\/\/luchonoticias.com\/"],"url":"https:\/\/luchonoticias.com\/editor\/author\/editor-general\/"}]}},"_links":{"self":[{"href":"https:\/\/luchonoticias.com\/editor\/wp-json\/wp\/v2\/posts\/73146","targetHints":{"allow":["GET"]}}],"collection":[{"href":"https:\/\/luchonoticias.com\/editor\/wp-json\/wp\/v2\/posts"}],"about":[{"href":"https:\/\/luchonoticias.com\/editor\/wp-json\/wp\/v2\/types\/post"}],"author":[{"embeddable":true,"href":"https:\/\/luchonoticias.com\/editor\/wp-json\/wp\/v2\/users\/2"}],"replies":[{"embeddable":true,"href":"https:\/\/luchonoticias.com\/editor\/wp-json\/wp\/v2\/comments?post=73146"}],"version-history":[{"count":0,"href":"https:\/\/luchonoticias.com\/editor\/wp-json\/wp\/v2\/posts\/73146\/revisions"}],"wp:featuredmedia":[{"embeddable":true,"href":"https:\/\/luchonoticias.com\/editor\/wp-json\/wp\/v2\/media\/73147"}],"wp:attachment":[{"href":"https:\/\/luchonoticias.com\/editor\/wp-json\/wp\/v2\/media?parent=73146"}],"wp:term":[{"taxonomy":"category","embeddable":true,"href":"https:\/\/luchonoticias.com\/editor\/wp-json\/wp\/v2\/categories?post=73146"},{"taxonomy":"post_tag","embeddable":true,"href":"https:\/\/luchonoticias.com\/editor\/wp-json\/wp\/v2\/tags?post=73146"}],"curies":[{"name":"wp","href":"https:\/\/api.w.org\/{rel}","templated":true}]}}