{"id":73149,"date":"2024-05-17T05:24:28","date_gmt":"2024-05-17T10:24:28","guid":{"rendered":"https:\/\/luchonoticias.com\/?p=73149"},"modified":"2024-05-17T05:24:28","modified_gmt":"2024-05-17T10:24:28","slug":"presidente-anuncia-otro-paso-hacia-la-reforma-agraria","status":"publish","type":"post","link":"https:\/\/luchonoticias.com\/editor\/presidente-anuncia-otro-paso-hacia-la-reforma-agraria\/","title":{"rendered":"Presidente anuncia otro paso hacia la reforma agraria"},"content":{"rendered":"<p>El presidente Gustavo Petro anunci\u00f3 este jueves que el Gobierno Nacional comprar\u00e1 tierras f\u00e9rtiles e improductivas a valor comercial, con el prop\u00f3sito de avanzar en el Reforma Agraria y el cumplimiento del Acuerdo de Paz.<\/p>\n<p>El mandatario enfatiz\u00f3 que se trata de \u201ctierra f\u00e9rtil en este momento\u00bb y dijo que \u201cno estamos hablando de los bananeros, no estamos hablando de los ca\u00f1eros, de los de palma africana\u00bb, \u201cporque all\u00e1 hay producci\u00f3n y ya usan la tierra para producir\u00bb.<\/p>\n<p>\u201cEs la tierra f\u00e9rtil que no est\u00e1 siendo usada para producir\u00bb, dijo e instruy\u00f3: \u201cAh\u00ed sobre esa tierra, hacer una propaganda, una comunicaci\u00f3n institucional, de que estamos deseando comprarla\u00bb.<\/p>\n<p>Al intervenir en el Congreso del Sistema Nacional de Reforma Agraria, realizado este jueves en Bogot\u00e1, el presidente Petro cit\u00f3 a manera de ejemplo la tierra que perteneci\u00f3 a antiguos terratenientes y cuyos descendientes ya no est\u00e1n interesados en vivir en esa tierra o en hacerla producir.<\/p>\n<p>\u201cEsos se\u00f1ores terratenientes, ya con sus a\u00f1os, ven que sus hijos no van a quedarse con su tierra. Entonces hay much\u00edsimos que quisieran &#8216;desenhuesarse&#8217;, vivir sus \u00faltimos a\u00f1os de otra manera y venderla. Y nosotros queremos comprarla\u00bb, recalc\u00f3.<\/p>\n<p>Reiter\u00f3 que, \u201centonces, para eso hay que establecer una comunicaci\u00f3n que nos permita ofertas de tierras f\u00e9rtiles, improductivas, en los departamentos de Colombia\u00bb.<\/p>\n<p>De otro lado, el jefe de Estado inst\u00f3 a las entidades pertinentes a establecer \u201cun sistema en l\u00ednea que nos permita control p\u00fablico sobre la compraventa de tierras en Colombia\u00bb.<\/p>\n<p>El Presidente puntualiz\u00f3 que este sistema debe ser \u201cp\u00fablico, visible, transparente, que donde haya un problema se pueda detectar a tiempo\u00bb, tarea en la que pueden contribuir las entidades que conforman el Sistema Nacional de Reforma Agraria.<\/p>\n","protected":false},"excerpt":{"rendered":"<p>El presidente Gustavo Petro anunci\u00f3 este jueves que el Gobierno Nacional comprar\u00e1 tierras f\u00e9rtiles e improductivas a valor comercial, con el prop\u00f3sito de avanzar en el Reforma Agraria y el cumplimiento del Acuerdo de Paz. El mandatario enfatiz\u00f3 que se trata de \u201ctierra f\u00e9rtil en este momento\u00bb y dijo que \u201cno estamos hablando de los [&hellip;]<\/p>\n","protected":false},"author":2,"featured_media":73150,"comment_status":"closed","ping_status":"open","sticky":false,"template":"","format":"standard","meta":{"footnotes":""},"categories":[28],"tags":[],"class_list":["post-73149","post","type-post","status-publish","format-standard","has-post-thumbnail","hentry","category-actualidad"],"yoast_head":"<!-- This site is optimized with the Yoast SEO plugin v26.6 - https:\/\/yoast.com\/wordpress\/plugins\/seo\/ -->\n<title>Presidente anuncia otro paso hacia la reforma agraria -<\/title>\n<meta name=\"robots\" content=\"index, follow, max-snippet:-1, max-image-preview:large, max-video-preview:-1\" \/>\n<link rel=\"canonical\" href=\"https:\/\/luchonoticias.com\/editor\/presidente-anuncia-otro-paso-hacia-la-reforma-agraria\/\" \/>\n<meta property=\"og:locale\" content=\"es_ES\" \/>\n<meta property=\"og:type\" content=\"article\" \/>\n<meta property=\"og:title\" content=\"Presidente anuncia otro paso hacia la reforma agraria -\" \/>\n<meta property=\"og:url\" content=\"https:\/\/luchonoticias.com\/editor\/presidente-anuncia-otro-paso-hacia-la-reforma-agraria\/\" \/>\n<meta property=\"article:publisher\" content=\"https:\/\/www.facebook.com\/luchonoticiasneiva\" \/>\n<meta property=\"article:published_time\" content=\"2024-05-17T10:24:28+00:00\" \/>\n<meta property=\"og:image\" content=\"https:\/\/luchonoticias.com\/editor\/wp-content\/uploads\/2024\/05\/petro-4.jpg\" \/>\n\t<meta property=\"og:image:width\" content=\"700\" \/>\n\t<meta property=\"og:image:height\" content=\"400\" \/>\n\t<meta property=\"og:image:type\" content=\"image\/jpeg\" \/>\n<meta name=\"author\" content=\"Editor General\" \/>\n<meta name=\"twitter:card\" content=\"summary_large_image\" \/>\n<meta name=\"twitter:label1\" content=\"Escrito por\" \/>\n\t<meta name=\"twitter:data1\" content=\"Editor General\" \/>\n\t<meta name=\"twitter:label2\" content=\"Tiempo de lectura\" \/>\n\t<meta name=\"twitter:data2\" content=\"1 minuto\" \/>\n<script type=\"application\/ld+json\" class=\"yoast-schema-graph\">{\"@context\":\"https:\/\/schema.org\",\"@graph\":[{\"@type\":\"Article\",\"@id\":\"https:\/\/luchonoticias.com\/editor\/presidente-anuncia-otro-paso-hacia-la-reforma-agraria\/#article\",\"isPartOf\":{\"@id\":\"https:\/\/luchonoticias.com\/editor\/presidente-anuncia-otro-paso-hacia-la-reforma-agraria\/\"},\"author\":{\"name\":\"Editor General\",\"@id\":\"https:\/\/luchonoticias.com\/editor\/#\/schema\/person\/29217990ddf6f14e35912b2866d591fb\"},\"headline\":\"Presidente anuncia otro paso hacia la reforma agraria\",\"datePublished\":\"2024-05-17T10:24:28+00:00\",\"mainEntityOfPage\":{\"@id\":\"https:\/\/luchonoticias.com\/editor\/presidente-anuncia-otro-paso-hacia-la-reforma-agraria\/\"},\"wordCount\":307,\"publisher\":{\"@id\":\"https:\/\/luchonoticias.com\/editor\/#\/schema\/person\/7a7fd911f58561fd056dbac7b55af9cd\"},\"image\":{\"@id\":\"https:\/\/luchonoticias.com\/editor\/presidente-anuncia-otro-paso-hacia-la-reforma-agraria\/#primaryimage\"},\"thumbnailUrl\":\"https:\/\/luchonoticias.com\/editor\/wp-content\/uploads\/2024\/05\/petro-4.jpg\",\"articleSection\":[\"Actualidad\"],\"inLanguage\":\"es\"},{\"@type\":\"WebPage\",\"@id\":\"https:\/\/luchonoticias.com\/editor\/presidente-anuncia-otro-paso-hacia-la-reforma-agraria\/\",\"url\":\"https:\/\/luchonoticias.com\/editor\/presidente-anuncia-otro-paso-hacia-la-reforma-agraria\/\",\"name\":\"Presidente anuncia otro paso hacia la reforma agraria -\",\"isPartOf\":{\"@id\":\"https:\/\/luchonoticias.com\/editor\/#website\"},\"primaryImageOfPage\":{\"@id\":\"https:\/\/luchonoticias.com\/editor\/presidente-anuncia-otro-paso-hacia-la-reforma-agraria\/#primaryimage\"},\"image\":{\"@id\":\"https:\/\/luchonoticias.com\/editor\/presidente-anuncia-otro-paso-hacia-la-reforma-agraria\/#primaryimage\"},\"thumbnailUrl\":\"https:\/\/luchonoticias.com\/editor\/wp-content\/uploads\/2024\/05\/petro-4.jpg\",\"datePublished\":\"2024-05-17T10:24:28+00:00\",\"breadcrumb\":{\"@id\":\"https:\/\/luchonoticias.com\/editor\/presidente-anuncia-otro-paso-hacia-la-reforma-agraria\/#breadcrumb\"},\"inLanguage\":\"es\",\"potentialAction\":[{\"@type\":\"ReadAction\",\"target\":[\"https:\/\/luchonoticias.com\/editor\/presidente-anuncia-otro-paso-hacia-la-reforma-agraria\/\"]}]},{\"@type\":\"ImageObject\",\"inLanguage\":\"es\",\"@id\":\"https:\/\/luchonoticias.com\/editor\/presidente-anuncia-otro-paso-hacia-la-reforma-agraria\/#primaryimage\",\"url\":\"https:\/\/luchonoticias.com\/editor\/wp-content\/uploads\/2024\/05\/petro-4.jpg\",\"contentUrl\":\"https:\/\/luchonoticias.com\/editor\/wp-content\/uploads\/2024\/05\/petro-4.jpg\",\"width\":700,\"height\":400},{\"@type\":\"BreadcrumbList\",\"@id\":\"https:\/\/luchonoticias.com\/editor\/presidente-anuncia-otro-paso-hacia-la-reforma-agraria\/#breadcrumb\",\"itemListElement\":[{\"@type\":\"ListItem\",\"position\":1,\"name\":\"Portada\",\"item\":\"https:\/\/luchonoticias.com\/editor\/\"},{\"@type\":\"ListItem\",\"position\":2,\"name\":\"Presidente anuncia otro paso hacia la reforma agraria\"}]},{\"@type\":\"WebSite\",\"@id\":\"https:\/\/luchonoticias.com\/editor\/#website\",\"url\":\"https:\/\/luchonoticias.com\/editor\/\",\"name\":\"\",\"description\":\"\",\"publisher\":{\"@id\":\"https:\/\/luchonoticias.com\/editor\/#\/schema\/person\/7a7fd911f58561fd056dbac7b55af9cd\"},\"potentialAction\":[{\"@type\":\"SearchAction\",\"target\":{\"@type\":\"EntryPoint\",\"urlTemplate\":\"https:\/\/luchonoticias.com\/editor\/?s={search_term_string}\"},\"query-input\":{\"@type\":\"PropertyValueSpecification\",\"valueRequired\":true,\"valueName\":\"search_term_string\"}}],\"inLanguage\":\"es\"},{\"@type\":[\"Person\",\"Organization\"],\"@id\":\"https:\/\/luchonoticias.com\/editor\/#\/schema\/person\/7a7fd911f58561fd056dbac7b55af9cd\",\"name\":\"admin\",\"image\":{\"@type\":\"ImageObject\",\"inLanguage\":\"es\",\"@id\":\"https:\/\/luchonoticias.com\/editor\/#\/schema\/person\/image\/\",\"url\":\"https:\/\/luchonoticias.com\/editor\/wp-content\/uploads\/2024\/02\/cropped-cropped-logolu.webp\",\"contentUrl\":\"https:\/\/luchonoticias.com\/editor\/wp-content\/uploads\/2024\/02\/cropped-cropped-logolu.webp\",\"width\":382,\"height\":170,\"caption\":\"admin\"},\"logo\":{\"@id\":\"https:\/\/luchonoticias.com\/editor\/#\/schema\/person\/image\/\"},\"sameAs\":[\"https:\/\/www.facebook.com\/luchonoticiasneiva\"]},{\"@type\":\"Person\",\"@id\":\"https:\/\/luchonoticias.com\/editor\/#\/schema\/person\/29217990ddf6f14e35912b2866d591fb\",\"name\":\"Editor General\",\"image\":{\"@type\":\"ImageObject\",\"inLanguage\":\"es\",\"@id\":\"https:\/\/luchonoticias.com\/editor\/#\/schema\/person\/image\/\",\"url\":\"https:\/\/luchonoticias.com\/editor\/wp-content\/uploads\/2024\/02\/cropped-cropped-logolu-150x150.webp\",\"contentUrl\":\"https:\/\/luchonoticias.com\/editor\/wp-content\/uploads\/2024\/02\/cropped-cropped-logolu-150x150.webp\",\"caption\":\"Editor General\"},\"sameAs\":[\"https:\/\/luchonoticias.com\/\"],\"url\":\"https:\/\/luchonoticias.com\/editor\/author\/editor-general\/\"}]}<\/script>\n<!-- \/ Yoast SEO plugin. -->","yoast_head_json":{"title":"Presidente anuncia otro paso hacia la reforma agraria -","robots":{"index":"index","follow":"follow","max-snippet":"max-snippet:-1","max-image-preview":"max-image-preview:large","max-video-preview":"max-video-preview:-1"},"canonical":"https:\/\/luchonoticias.com\/editor\/presidente-anuncia-otro-paso-hacia-la-reforma-agraria\/","og_locale":"es_ES","og_type":"article","og_title":"Presidente anuncia otro paso hacia la reforma agraria -","og_url":"https:\/\/luchonoticias.com\/editor\/presidente-anuncia-otro-paso-hacia-la-reforma-agraria\/","article_publisher":"https:\/\/www.facebook.com\/luchonoticiasneiva","article_published_time":"2024-05-17T10:24:28+00:00","og_image":[{"width":700,"height":400,"url":"https:\/\/luchonoticias.com\/editor\/wp-content\/uploads\/2024\/05\/petro-4.jpg","type":"image\/jpeg"}],"author":"Editor General","twitter_card":"summary_large_image","twitter_misc":{"Escrito por":"Editor General","Tiempo de lectura":"1 minuto"},"schema":{"@context":"https:\/\/schema.org","@graph":[{"@type":"Article","@id":"https:\/\/luchonoticias.com\/editor\/presidente-anuncia-otro-paso-hacia-la-reforma-agraria\/#article","isPartOf":{"@id":"https:\/\/luchonoticias.com\/editor\/presidente-anuncia-otro-paso-hacia-la-reforma-agraria\/"},"author":{"name":"Editor General","@id":"https:\/\/luchonoticias.com\/editor\/#\/schema\/person\/29217990ddf6f14e35912b2866d591fb"},"headline":"Presidente anuncia otro paso hacia la reforma agraria","datePublished":"2024-05-17T10:24:28+00:00","mainEntityOfPage":{"@id":"https:\/\/luchonoticias.com\/editor\/presidente-anuncia-otro-paso-hacia-la-reforma-agraria\/"},"wordCount":307,"publisher":{"@id":"https:\/\/luchonoticias.com\/editor\/#\/schema\/person\/7a7fd911f58561fd056dbac7b55af9cd"},"image":{"@id":"https:\/\/luchonoticias.com\/editor\/presidente-anuncia-otro-paso-hacia-la-reforma-agraria\/#primaryimage"},"thumbnailUrl":"https:\/\/luchonoticias.com\/editor\/wp-content\/uploads\/2024\/05\/petro-4.jpg","articleSection":["Actualidad"],"inLanguage":"es"},{"@type":"WebPage","@id":"https:\/\/luchonoticias.com\/editor\/presidente-anuncia-otro-paso-hacia-la-reforma-agraria\/","url":"https:\/\/luchonoticias.com\/editor\/presidente-anuncia-otro-paso-hacia-la-reforma-agraria\/","name":"Presidente anuncia otro paso hacia la reforma agraria -","isPartOf":{"@id":"https:\/\/luchonoticias.com\/editor\/#website"},"primaryImageOfPage":{"@id":"https:\/\/luchonoticias.com\/editor\/presidente-anuncia-otro-paso-hacia-la-reforma-agraria\/#primaryimage"},"image":{"@id":"https:\/\/luchonoticias.com\/editor\/presidente-anuncia-otro-paso-hacia-la-reforma-agraria\/#primaryimage"},"thumbnailUrl":"https:\/\/luchonoticias.com\/editor\/wp-content\/uploads\/2024\/05\/petro-4.jpg","datePublished":"2024-05-17T10:24:28+00:00","breadcrumb":{"@id":"https:\/\/luchonoticias.com\/editor\/presidente-anuncia-otro-paso-hacia-la-reforma-agraria\/#breadcrumb"},"inLanguage":"es","potentialAction":[{"@type":"ReadAction","target":["https:\/\/luchonoticias.com\/editor\/presidente-anuncia-otro-paso-hacia-la-reforma-agraria\/"]}]},{"@type":"ImageObject","inLanguage":"es","@id":"https:\/\/luchonoticias.com\/editor\/presidente-anuncia-otro-paso-hacia-la-reforma-agraria\/#primaryimage","url":"https:\/\/luchonoticias.com\/editor\/wp-content\/uploads\/2024\/05\/petro-4.jpg","contentUrl":"https:\/\/luchonoticias.com\/editor\/wp-content\/uploads\/2024\/05\/petro-4.jpg","width":700,"height":400},{"@type":"BreadcrumbList","@id":"https:\/\/luchonoticias.com\/editor\/presidente-anuncia-otro-paso-hacia-la-reforma-agraria\/#breadcrumb","itemListElement":[{"@type":"ListItem","position":1,"name":"Portada","item":"https:\/\/luchonoticias.com\/editor\/"},{"@type":"ListItem","position":2,"name":"Presidente anuncia otro paso hacia la reforma agraria"}]},{"@type":"WebSite","@id":"https:\/\/luchonoticias.com\/editor\/#website","url":"https:\/\/luchonoticias.com\/editor\/","name":"","description":"","publisher":{"@id":"https:\/\/luchonoticias.com\/editor\/#\/schema\/person\/7a7fd911f58561fd056dbac7b55af9cd"},"potentialAction":[{"@type":"SearchAction","target":{"@type":"EntryPoint","urlTemplate":"https:\/\/luchonoticias.com\/editor\/?s={search_term_string}"},"query-input":{"@type":"PropertyValueSpecification","valueRequired":true,"valueName":"search_term_string"}}],"inLanguage":"es"},{"@type":["Person","Organization"],"@id":"https:\/\/luchonoticias.com\/editor\/#\/schema\/person\/7a7fd911f58561fd056dbac7b55af9cd","name":"admin","image":{"@type":"ImageObject","inLanguage":"es","@id":"https:\/\/luchonoticias.com\/editor\/#\/schema\/person\/image\/","url":"https:\/\/luchonoticias.com\/editor\/wp-content\/uploads\/2024\/02\/cropped-cropped-logolu.webp","contentUrl":"https:\/\/luchonoticias.com\/editor\/wp-content\/uploads\/2024\/02\/cropped-cropped-logolu.webp","width":382,"height":170,"caption":"admin"},"logo":{"@id":"https:\/\/luchonoticias.com\/editor\/#\/schema\/person\/image\/"},"sameAs":["https:\/\/www.facebook.com\/luchonoticiasneiva"]},{"@type":"Person","@id":"https:\/\/luchonoticias.com\/editor\/#\/schema\/person\/29217990ddf6f14e35912b2866d591fb","name":"Editor General","image":{"@type":"ImageObject","inLanguage":"es","@id":"https:\/\/luchonoticias.com\/editor\/#\/schema\/person\/image\/","url":"https:\/\/luchonoticias.com\/editor\/wp-content\/uploads\/2024\/02\/cropped-cropped-logolu-150x150.webp","contentUrl":"https:\/\/luchonoticias.com\/editor\/wp-content\/uploads\/2024\/02\/cropped-cropped-logolu-150x150.webp","caption":"Editor General"},"sameAs":["https:\/\/luchonoticias.com\/"],"url":"https:\/\/luchonoticias.com\/editor\/author\/editor-general\/"}]}},"_links":{"self":[{"href":"https:\/\/luchonoticias.com\/editor\/wp-json\/wp\/v2\/posts\/73149","targetHints":{"allow":["GET"]}}],"collection":[{"href":"https:\/\/luchonoticias.com\/editor\/wp-json\/wp\/v2\/posts"}],"about":[{"href":"https:\/\/luchonoticias.com\/editor\/wp-json\/wp\/v2\/types\/post"}],"author":[{"embeddable":true,"href":"https:\/\/luchonoticias.com\/editor\/wp-json\/wp\/v2\/users\/2"}],"replies":[{"embeddable":true,"href":"https:\/\/luchonoticias.com\/editor\/wp-json\/wp\/v2\/comments?post=73149"}],"version-history":[{"count":0,"href":"https:\/\/luchonoticias.com\/editor\/wp-json\/wp\/v2\/posts\/73149\/revisions"}],"wp:featuredmedia":[{"embeddable":true,"href":"https:\/\/luchonoticias.com\/editor\/wp-json\/wp\/v2\/media\/73150"}],"wp:attachment":[{"href":"https:\/\/luchonoticias.com\/editor\/wp-json\/wp\/v2\/media?parent=73149"}],"wp:term":[{"taxonomy":"category","embeddable":true,"href":"https:\/\/luchonoticias.com\/editor\/wp-json\/wp\/v2\/categories?post=73149"},{"taxonomy":"post_tag","embeddable":true,"href":"https:\/\/luchonoticias.com\/editor\/wp-json\/wp\/v2\/tags?post=73149"}],"curies":[{"name":"wp","href":"https:\/\/api.w.org\/{rel}","templated":true}]}}