{"id":73152,"date":"2024-05-17T05:27:56","date_gmt":"2024-05-17T10:27:56","guid":{"rendered":"https:\/\/luchonoticias.com\/?p=73152"},"modified":"2024-05-17T05:27:56","modified_gmt":"2024-05-17T10:27:56","slug":"global-big-day-reconoce-a-colombia-como-el-numero-uno","status":"publish","type":"post","link":"https:\/\/luchonoticias.com\/editor\/global-big-day-reconoce-a-colombia-como-el-numero-uno\/","title":{"rendered":"Global Big Day reconoce a Colombia como el n\u00famero uno"},"content":{"rendered":"<div>Al registrar un total de 1.558 especies, Colombia se consolida como el mejor pa\u00eds para el avistamiento de aves en el mundo y qued\u00f3 ratificado con el primer puesto que obtuvo en el Global Big Day 2024 que se realiz\u00f3 en la Amazon\u00eda colombiana.<\/div>\n<div><\/div>\n<div>En esta jornada Colombia super\u00f3 a pa\u00edses como Per\u00fa con 1.448, Brasil con 1.207, Ecuador con 1.190 e India con 801, posicion\u00e1ndose en la cima del conteo global de especies de aves.<\/div>\n<div><\/div>\n<div>En el mundo se encuentran 7.727 especies de aves registradas, en Suram\u00e9rica son 2.946, de las cuales Colombia cuenta con 1.558.<\/div>\n<div><\/div>\n<div>Este evento, organizado por el Laboratorio de Ornitolog\u00eda de la Universidad de Cornell (Estados Unidos), tiene como objetivo recopilar datos sobre la distribuci\u00f3n y abundancia de las aves a trav\u00e9s de su plataforma e-Bird, contribuyendo a la investigaci\u00f3n cient\u00edfica y a la conservaci\u00f3n.<\/div>\n<p><strong>Especies destacadas<\/strong><\/p>\n<div>Entre las nuevas especies encontradas en Colombia se destacan el Nictibio Colilargo, Nictibio Rufo, Chotacabras Coladeseda, Pauj\u00ed Tuberoso y Tapacaminos Sabanero. Estas adiciones al registro ornitol\u00f3gico nacional subrayan la riqueza y diversidad de la avifauna colombiana, reforzando su posici\u00f3n como l\u00edder en biodiversidad.<\/div>\n<div><\/div>\n<div>Desde la creaci\u00f3n del Global Big Day en 2015, Colombia ha mantenido una destacada participaci\u00f3n, ocupando el primer lugar en el ranking desde 2017, con excepci\u00f3n del a\u00f1o 2021. Las cifras de a\u00f1os anteriores reflejan un compromiso continuo y creciente con la conservaci\u00f3n y el avistamiento de aves.<\/div>\n","protected":false},"excerpt":{"rendered":"<p>Al registrar un total de 1.558 especies, Colombia se consolida como el mejor pa\u00eds para el avistamiento de aves en el mundo y qued\u00f3 ratificado con el primer puesto que obtuvo en el Global Big Day 2024 que se realiz\u00f3 en la Amazon\u00eda colombiana. En esta jornada Colombia super\u00f3 a pa\u00edses como Per\u00fa con 1.448, [&hellip;]<\/p>\n","protected":false},"author":2,"featured_media":73153,"comment_status":"closed","ping_status":"open","sticky":false,"template":"","format":"standard","meta":{"footnotes":""},"categories":[28],"tags":[],"class_list":["post-73152","post","type-post","status-publish","format-standard","has-post-thumbnail","hentry","category-actualidad"],"yoast_head":"<!-- This site is optimized with the Yoast SEO plugin v26.6 - https:\/\/yoast.com\/wordpress\/plugins\/seo\/ -->\n<title>Global Big Day reconoce a Colombia como el n\u00famero uno -<\/title>\n<meta name=\"robots\" content=\"index, follow, max-snippet:-1, max-image-preview:large, max-video-preview:-1\" \/>\n<link rel=\"canonical\" href=\"https:\/\/luchonoticias.com\/editor\/global-big-day-reconoce-a-colombia-como-el-numero-uno\/\" \/>\n<meta property=\"og:locale\" content=\"es_ES\" \/>\n<meta property=\"og:type\" content=\"article\" \/>\n<meta property=\"og:title\" content=\"Global Big Day reconoce a Colombia como el n\u00famero uno -\" \/>\n<meta property=\"og:url\" content=\"https:\/\/luchonoticias.com\/editor\/global-big-day-reconoce-a-colombia-como-el-numero-uno\/\" \/>\n<meta property=\"article:publisher\" content=\"https:\/\/www.facebook.com\/luchonoticiasneiva\" \/>\n<meta property=\"article:published_time\" content=\"2024-05-17T10:27:56+00:00\" \/>\n<meta property=\"og:image\" content=\"https:\/\/luchonoticias.com\/editor\/wp-content\/uploads\/2024\/05\/AVES-1.jpg\" \/>\n\t<meta property=\"og:image:width\" content=\"700\" \/>\n\t<meta property=\"og:image:height\" content=\"400\" \/>\n\t<meta property=\"og:image:type\" content=\"image\/jpeg\" \/>\n<meta name=\"author\" content=\"Editor General\" \/>\n<meta name=\"twitter:card\" content=\"summary_large_image\" \/>\n<meta name=\"twitter:label1\" content=\"Escrito por\" \/>\n\t<meta name=\"twitter:data1\" content=\"Editor General\" \/>\n\t<meta name=\"twitter:label2\" content=\"Tiempo de lectura\" \/>\n\t<meta name=\"twitter:data2\" content=\"1 minuto\" \/>\n<script type=\"application\/ld+json\" class=\"yoast-schema-graph\">{\"@context\":\"https:\/\/schema.org\",\"@graph\":[{\"@type\":\"Article\",\"@id\":\"https:\/\/luchonoticias.com\/editor\/global-big-day-reconoce-a-colombia-como-el-numero-uno\/#article\",\"isPartOf\":{\"@id\":\"https:\/\/luchonoticias.com\/editor\/global-big-day-reconoce-a-colombia-como-el-numero-uno\/\"},\"author\":{\"name\":\"Editor General\",\"@id\":\"https:\/\/luchonoticias.com\/editor\/#\/schema\/person\/29217990ddf6f14e35912b2866d591fb\"},\"headline\":\"Global Big Day reconoce a Colombia como el n\u00famero uno\",\"datePublished\":\"2024-05-17T10:27:56+00:00\",\"mainEntityOfPage\":{\"@id\":\"https:\/\/luchonoticias.com\/editor\/global-big-day-reconoce-a-colombia-como-el-numero-uno\/\"},\"wordCount\":252,\"publisher\":{\"@id\":\"https:\/\/luchonoticias.com\/editor\/#\/schema\/person\/7a7fd911f58561fd056dbac7b55af9cd\"},\"image\":{\"@id\":\"https:\/\/luchonoticias.com\/editor\/global-big-day-reconoce-a-colombia-como-el-numero-uno\/#primaryimage\"},\"thumbnailUrl\":\"https:\/\/luchonoticias.com\/editor\/wp-content\/uploads\/2024\/05\/AVES-1.jpg\",\"articleSection\":[\"Actualidad\"],\"inLanguage\":\"es\"},{\"@type\":\"WebPage\",\"@id\":\"https:\/\/luchonoticias.com\/editor\/global-big-day-reconoce-a-colombia-como-el-numero-uno\/\",\"url\":\"https:\/\/luchonoticias.com\/editor\/global-big-day-reconoce-a-colombia-como-el-numero-uno\/\",\"name\":\"Global Big Day reconoce a Colombia como el n\u00famero uno -\",\"isPartOf\":{\"@id\":\"https:\/\/luchonoticias.com\/editor\/#website\"},\"primaryImageOfPage\":{\"@id\":\"https:\/\/luchonoticias.com\/editor\/global-big-day-reconoce-a-colombia-como-el-numero-uno\/#primaryimage\"},\"image\":{\"@id\":\"https:\/\/luchonoticias.com\/editor\/global-big-day-reconoce-a-colombia-como-el-numero-uno\/#primaryimage\"},\"thumbnailUrl\":\"https:\/\/luchonoticias.com\/editor\/wp-content\/uploads\/2024\/05\/AVES-1.jpg\",\"datePublished\":\"2024-05-17T10:27:56+00:00\",\"breadcrumb\":{\"@id\":\"https:\/\/luchonoticias.com\/editor\/global-big-day-reconoce-a-colombia-como-el-numero-uno\/#breadcrumb\"},\"inLanguage\":\"es\",\"potentialAction\":[{\"@type\":\"ReadAction\",\"target\":[\"https:\/\/luchonoticias.com\/editor\/global-big-day-reconoce-a-colombia-como-el-numero-uno\/\"]}]},{\"@type\":\"ImageObject\",\"inLanguage\":\"es\",\"@id\":\"https:\/\/luchonoticias.com\/editor\/global-big-day-reconoce-a-colombia-como-el-numero-uno\/#primaryimage\",\"url\":\"https:\/\/luchonoticias.com\/editor\/wp-content\/uploads\/2024\/05\/AVES-1.jpg\",\"contentUrl\":\"https:\/\/luchonoticias.com\/editor\/wp-content\/uploads\/2024\/05\/AVES-1.jpg\",\"width\":700,\"height\":400},{\"@type\":\"BreadcrumbList\",\"@id\":\"https:\/\/luchonoticias.com\/editor\/global-big-day-reconoce-a-colombia-como-el-numero-uno\/#breadcrumb\",\"itemListElement\":[{\"@type\":\"ListItem\",\"position\":1,\"name\":\"Portada\",\"item\":\"https:\/\/luchonoticias.com\/editor\/\"},{\"@type\":\"ListItem\",\"position\":2,\"name\":\"Global Big Day reconoce a Colombia como el n\u00famero uno\"}]},{\"@type\":\"WebSite\",\"@id\":\"https:\/\/luchonoticias.com\/editor\/#website\",\"url\":\"https:\/\/luchonoticias.com\/editor\/\",\"name\":\"\",\"description\":\"\",\"publisher\":{\"@id\":\"https:\/\/luchonoticias.com\/editor\/#\/schema\/person\/7a7fd911f58561fd056dbac7b55af9cd\"},\"potentialAction\":[{\"@type\":\"SearchAction\",\"target\":{\"@type\":\"EntryPoint\",\"urlTemplate\":\"https:\/\/luchonoticias.com\/editor\/?s={search_term_string}\"},\"query-input\":{\"@type\":\"PropertyValueSpecification\",\"valueRequired\":true,\"valueName\":\"search_term_string\"}}],\"inLanguage\":\"es\"},{\"@type\":[\"Person\",\"Organization\"],\"@id\":\"https:\/\/luchonoticias.com\/editor\/#\/schema\/person\/7a7fd911f58561fd056dbac7b55af9cd\",\"name\":\"admin\",\"image\":{\"@type\":\"ImageObject\",\"inLanguage\":\"es\",\"@id\":\"https:\/\/luchonoticias.com\/editor\/#\/schema\/person\/image\/\",\"url\":\"https:\/\/luchonoticias.com\/editor\/wp-content\/uploads\/2024\/02\/cropped-cropped-logolu.webp\",\"contentUrl\":\"https:\/\/luchonoticias.com\/editor\/wp-content\/uploads\/2024\/02\/cropped-cropped-logolu.webp\",\"width\":382,\"height\":170,\"caption\":\"admin\"},\"logo\":{\"@id\":\"https:\/\/luchonoticias.com\/editor\/#\/schema\/person\/image\/\"},\"sameAs\":[\"https:\/\/www.facebook.com\/luchonoticiasneiva\"]},{\"@type\":\"Person\",\"@id\":\"https:\/\/luchonoticias.com\/editor\/#\/schema\/person\/29217990ddf6f14e35912b2866d591fb\",\"name\":\"Editor General\",\"image\":{\"@type\":\"ImageObject\",\"inLanguage\":\"es\",\"@id\":\"https:\/\/luchonoticias.com\/editor\/#\/schema\/person\/image\/\",\"url\":\"https:\/\/luchonoticias.com\/editor\/wp-content\/uploads\/2024\/02\/cropped-cropped-logolu-150x150.webp\",\"contentUrl\":\"https:\/\/luchonoticias.com\/editor\/wp-content\/uploads\/2024\/02\/cropped-cropped-logolu-150x150.webp\",\"caption\":\"Editor General\"},\"sameAs\":[\"https:\/\/luchonoticias.com\/\"],\"url\":\"https:\/\/luchonoticias.com\/editor\/author\/editor-general\/\"}]}<\/script>\n<!-- \/ Yoast SEO plugin. -->","yoast_head_json":{"title":"Global Big Day reconoce a Colombia como el n\u00famero uno -","robots":{"index":"index","follow":"follow","max-snippet":"max-snippet:-1","max-image-preview":"max-image-preview:large","max-video-preview":"max-video-preview:-1"},"canonical":"https:\/\/luchonoticias.com\/editor\/global-big-day-reconoce-a-colombia-como-el-numero-uno\/","og_locale":"es_ES","og_type":"article","og_title":"Global Big Day reconoce a Colombia como el n\u00famero uno -","og_url":"https:\/\/luchonoticias.com\/editor\/global-big-day-reconoce-a-colombia-como-el-numero-uno\/","article_publisher":"https:\/\/www.facebook.com\/luchonoticiasneiva","article_published_time":"2024-05-17T10:27:56+00:00","og_image":[{"width":700,"height":400,"url":"https:\/\/luchonoticias.com\/editor\/wp-content\/uploads\/2024\/05\/AVES-1.jpg","type":"image\/jpeg"}],"author":"Editor General","twitter_card":"summary_large_image","twitter_misc":{"Escrito por":"Editor General","Tiempo de lectura":"1 minuto"},"schema":{"@context":"https:\/\/schema.org","@graph":[{"@type":"Article","@id":"https:\/\/luchonoticias.com\/editor\/global-big-day-reconoce-a-colombia-como-el-numero-uno\/#article","isPartOf":{"@id":"https:\/\/luchonoticias.com\/editor\/global-big-day-reconoce-a-colombia-como-el-numero-uno\/"},"author":{"name":"Editor General","@id":"https:\/\/luchonoticias.com\/editor\/#\/schema\/person\/29217990ddf6f14e35912b2866d591fb"},"headline":"Global Big Day reconoce a Colombia como el n\u00famero uno","datePublished":"2024-05-17T10:27:56+00:00","mainEntityOfPage":{"@id":"https:\/\/luchonoticias.com\/editor\/global-big-day-reconoce-a-colombia-como-el-numero-uno\/"},"wordCount":252,"publisher":{"@id":"https:\/\/luchonoticias.com\/editor\/#\/schema\/person\/7a7fd911f58561fd056dbac7b55af9cd"},"image":{"@id":"https:\/\/luchonoticias.com\/editor\/global-big-day-reconoce-a-colombia-como-el-numero-uno\/#primaryimage"},"thumbnailUrl":"https:\/\/luchonoticias.com\/editor\/wp-content\/uploads\/2024\/05\/AVES-1.jpg","articleSection":["Actualidad"],"inLanguage":"es"},{"@type":"WebPage","@id":"https:\/\/luchonoticias.com\/editor\/global-big-day-reconoce-a-colombia-como-el-numero-uno\/","url":"https:\/\/luchonoticias.com\/editor\/global-big-day-reconoce-a-colombia-como-el-numero-uno\/","name":"Global Big Day reconoce a Colombia como el n\u00famero uno -","isPartOf":{"@id":"https:\/\/luchonoticias.com\/editor\/#website"},"primaryImageOfPage":{"@id":"https:\/\/luchonoticias.com\/editor\/global-big-day-reconoce-a-colombia-como-el-numero-uno\/#primaryimage"},"image":{"@id":"https:\/\/luchonoticias.com\/editor\/global-big-day-reconoce-a-colombia-como-el-numero-uno\/#primaryimage"},"thumbnailUrl":"https:\/\/luchonoticias.com\/editor\/wp-content\/uploads\/2024\/05\/AVES-1.jpg","datePublished":"2024-05-17T10:27:56+00:00","breadcrumb":{"@id":"https:\/\/luchonoticias.com\/editor\/global-big-day-reconoce-a-colombia-como-el-numero-uno\/#breadcrumb"},"inLanguage":"es","potentialAction":[{"@type":"ReadAction","target":["https:\/\/luchonoticias.com\/editor\/global-big-day-reconoce-a-colombia-como-el-numero-uno\/"]}]},{"@type":"ImageObject","inLanguage":"es","@id":"https:\/\/luchonoticias.com\/editor\/global-big-day-reconoce-a-colombia-como-el-numero-uno\/#primaryimage","url":"https:\/\/luchonoticias.com\/editor\/wp-content\/uploads\/2024\/05\/AVES-1.jpg","contentUrl":"https:\/\/luchonoticias.com\/editor\/wp-content\/uploads\/2024\/05\/AVES-1.jpg","width":700,"height":400},{"@type":"BreadcrumbList","@id":"https:\/\/luchonoticias.com\/editor\/global-big-day-reconoce-a-colombia-como-el-numero-uno\/#breadcrumb","itemListElement":[{"@type":"ListItem","position":1,"name":"Portada","item":"https:\/\/luchonoticias.com\/editor\/"},{"@type":"ListItem","position":2,"name":"Global Big Day reconoce a Colombia como el n\u00famero uno"}]},{"@type":"WebSite","@id":"https:\/\/luchonoticias.com\/editor\/#website","url":"https:\/\/luchonoticias.com\/editor\/","name":"","description":"","publisher":{"@id":"https:\/\/luchonoticias.com\/editor\/#\/schema\/person\/7a7fd911f58561fd056dbac7b55af9cd"},"potentialAction":[{"@type":"SearchAction","target":{"@type":"EntryPoint","urlTemplate":"https:\/\/luchonoticias.com\/editor\/?s={search_term_string}"},"query-input":{"@type":"PropertyValueSpecification","valueRequired":true,"valueName":"search_term_string"}}],"inLanguage":"es"},{"@type":["Person","Organization"],"@id":"https:\/\/luchonoticias.com\/editor\/#\/schema\/person\/7a7fd911f58561fd056dbac7b55af9cd","name":"admin","image":{"@type":"ImageObject","inLanguage":"es","@id":"https:\/\/luchonoticias.com\/editor\/#\/schema\/person\/image\/","url":"https:\/\/luchonoticias.com\/editor\/wp-content\/uploads\/2024\/02\/cropped-cropped-logolu.webp","contentUrl":"https:\/\/luchonoticias.com\/editor\/wp-content\/uploads\/2024\/02\/cropped-cropped-logolu.webp","width":382,"height":170,"caption":"admin"},"logo":{"@id":"https:\/\/luchonoticias.com\/editor\/#\/schema\/person\/image\/"},"sameAs":["https:\/\/www.facebook.com\/luchonoticiasneiva"]},{"@type":"Person","@id":"https:\/\/luchonoticias.com\/editor\/#\/schema\/person\/29217990ddf6f14e35912b2866d591fb","name":"Editor General","image":{"@type":"ImageObject","inLanguage":"es","@id":"https:\/\/luchonoticias.com\/editor\/#\/schema\/person\/image\/","url":"https:\/\/luchonoticias.com\/editor\/wp-content\/uploads\/2024\/02\/cropped-cropped-logolu-150x150.webp","contentUrl":"https:\/\/luchonoticias.com\/editor\/wp-content\/uploads\/2024\/02\/cropped-cropped-logolu-150x150.webp","caption":"Editor General"},"sameAs":["https:\/\/luchonoticias.com\/"],"url":"https:\/\/luchonoticias.com\/editor\/author\/editor-general\/"}]}},"_links":{"self":[{"href":"https:\/\/luchonoticias.com\/editor\/wp-json\/wp\/v2\/posts\/73152","targetHints":{"allow":["GET"]}}],"collection":[{"href":"https:\/\/luchonoticias.com\/editor\/wp-json\/wp\/v2\/posts"}],"about":[{"href":"https:\/\/luchonoticias.com\/editor\/wp-json\/wp\/v2\/types\/post"}],"author":[{"embeddable":true,"href":"https:\/\/luchonoticias.com\/editor\/wp-json\/wp\/v2\/users\/2"}],"replies":[{"embeddable":true,"href":"https:\/\/luchonoticias.com\/editor\/wp-json\/wp\/v2\/comments?post=73152"}],"version-history":[{"count":0,"href":"https:\/\/luchonoticias.com\/editor\/wp-json\/wp\/v2\/posts\/73152\/revisions"}],"wp:featuredmedia":[{"embeddable":true,"href":"https:\/\/luchonoticias.com\/editor\/wp-json\/wp\/v2\/media\/73153"}],"wp:attachment":[{"href":"https:\/\/luchonoticias.com\/editor\/wp-json\/wp\/v2\/media?parent=73152"}],"wp:term":[{"taxonomy":"category","embeddable":true,"href":"https:\/\/luchonoticias.com\/editor\/wp-json\/wp\/v2\/categories?post=73152"},{"taxonomy":"post_tag","embeddable":true,"href":"https:\/\/luchonoticias.com\/editor\/wp-json\/wp\/v2\/tags?post=73152"}],"curies":[{"name":"wp","href":"https:\/\/api.w.org\/{rel}","templated":true}]}}