{"id":73155,"date":"2024-05-17T05:35:48","date_gmt":"2024-05-17T10:35:48","guid":{"rendered":"https:\/\/luchonoticias.com\/?p=73155"},"modified":"2024-05-17T05:35:48","modified_gmt":"2024-05-17T10:35:48","slug":"modelo-de-salud-del-magisterio-a-debate-en-el-senado","status":"publish","type":"post","link":"https:\/\/luchonoticias.com\/editor\/modelo-de-salud-del-magisterio-a-debate-en-el-senado\/","title":{"rendered":"Modelo de salud del Magisterio, a debate en el Senado"},"content":{"rendered":"<div class=\"article-body\">\n<div class=\"article-introtext\">\n<p class=\"s7\"><span class=\"s8\">Los\u00a0<\/span><span class=\"s8\">integrantes de la Comisi\u00f3n Sexta de Senado expresaron su preocupaci\u00f3n por las recientes denuncias\u00a0<\/span><span class=\"s8\">que vienen haciendo algunos <\/span><span class=\"s8\">maestros en medio <\/span><span class=\"s8\">del\u00a0<\/span><span class=\"s8\">nuevo modelo de atenci\u00f3n\u00a0<\/span><span class=\"s8\">de<\/span><span class=\"s8\">\u00a0salud de<\/span><span class=\"s8\">l magisterio\u00a0<\/span><span class=\"s8\">en<\/span><span class=\"s8\"> Colombia\u00a0<\/span><span class=\"s8\">que entr\u00f3 en vigencia el pasado 1 de mayo.\u00a0<\/span><\/p>\n<p class=\"s7\"><span class=\"s8\">Las largas filas, l<\/span><span class=\"s8\">a\u00a0<\/span><span class=\"s8\">falta<\/span><span class=\"s8\">\u00a0de atenci\u00f3n<\/span><span class=\"s8\">,\u00a0<\/span><span class=\"s8\">la\u00a0<\/span><span class=\"s8\">escasez<\/span><span class=\"s8\">\u00a0de medicamentos,\u00a0<\/span><span class=\"s8\">problemas en el servicio de<\/span><span class=\"s8\">\u00a0urgencias o incluso el desplazamiento a otras ciudades llevaron a maestros de distintas zonas del pa\u00eds a declararse en alerta roja.<\/span><\/p>\n<p class=\"s7\"><span class=\"s8\">La\u00a0<\/span><span class=\"s8\">senadora citante<\/span><span class=\"s8\">\u00a0al debate de control pol\u00edtico,<\/span><span class=\"s2\">\u00a0Sandra Yaneth Jaimes Cruz,\u00a0<\/span><span class=\"s8\">de la\u00a0<\/span><span class=\"s2\">C<\/span><span class=\"s2\">oalici\u00f3n Pacto Hist\u00f3rico <\/span><span class=\"s8\">y quien adem\u00e1s es educadora y l\u00edder sindical, explic\u00f3 que el Gobierno Nacional en su necesidad de mitigar \u201clas enormes falencias\u00a0<\/span><span class=\"s8\">que ten\u00eda el\u00a0<\/span><span class=\"s8\">anterior\u00a0<\/span><span class=\"s8\">sistema de\u00a0<\/span><span class=\"s8\">prestaci\u00f3n de salud de los docentes\u00a0<\/span><span class=\"s8\">con un<\/span><span class=\"s8\">\u00a0n\u00famero de quejas y reclamos<\/span><span class=\"s8\">\u00a0que duplica<\/span><span class=\"s8\">ban <\/span><span class=\"s8\">en\u00a0<\/span><span class=\"s8\">los que se recib\u00edan en\u00a0<\/span><span class=\"s8\">comparaci\u00f3n con el <\/span><span class=\"s8\">r\u00e9gimen ordinario, el Consejo Directivo del Fomag prop<\/span><span class=\"s8\">uso <\/span><span class=\"s8\">que\u00a0<\/span><span class=\"s8\">fuera<\/span><span class=\"s8\">\u00a0la Fiduprevisora la encargada de centralizar la operaci\u00f3n, organizar la red y administrar los recursos<\/span><span class=\"s8\">\u201d.<\/span><\/p>\n<p class=\"s7\"><span class=\"s8\">La senadora calific\u00f3\u00a0<\/span><span class=\"s8\">como un \u201cverdadero desorden\u201d la forma en que se\u00a0<\/span><span class=\"s8\">ha<\/span><span class=\"s8\">\u00a0dado la migraci\u00f3n del sistema de salud y que no est\u00e1 cumpliendo el mandato del presidente Gustavo Petro<\/span><span class=\"s8\">\u00a0de mejorarles la vida a los educadores.\u00a0<\/span><\/p>\n<p class=\"s7\"><span class=\"s8\">\u201cLa fiduprovisora ha administrado hace tres d\u00e9cadas y a\u00fan no tiene organizada la base de datos del magisterio, las historias cl\u00ednicas no est\u00e1n digitalizadas, esto es vergonzoso\u201d,\u00a0<\/span><span class=\"s8\">puntualiz<\/span><span class=\"s8\">\u00f3 la congresista.\u00a0<\/span><\/p>\n<p class=\"s7\"><span class=\"s8\">Por su parte el <\/span><span class=\"s8\">senador<\/span><span class=\"s2\">\u00a0Pedro Hernando Fl\u00f3rez Porras,\u00a0<\/span><span class=\"s8\">de la\u00a0<\/span><span class=\"s2\">Co<\/span><span class=\"s2\">alici\u00f3n Pacto Hist\u00f3rico, <\/span><span class=\"s8\">sostuvo<\/span><span class=\"s8\">\u00a0que seg\u00fan las evidencias y recientes denuncias p\u00fablicas por parte de maestros que alegan que no son atendidos<\/span><span class=\"s8\">, \u201cel actual sistema no est\u00e1 mejorando lo errores del pasado y, al contrario, est\u00e1 agravando\u00a0<\/span><span class=\"s8\">l<\/span><span class=\"s8\">as condiciones de los\u00a0<\/span><span class=\"s8\">maestros,<\/span><span class=\"s8\">\u00a0situaci\u00f3n que podr\u00eda hacerle creer a los colombianos\u00a0<\/span><span class=\"s8\">que si as\u00ed le est\u00e1 yendo al magisterio qu\u00e9 podr\u00edan esperar de una reforma a la salud<\/span><span class=\"s8\">. Como Gobierno hago un llamado a la reflexi\u00f3n<\/span><span class=\"s8\">\u201d.\u00a0<\/span><\/p>\n<p class=\"s7\"><span class=\"s8\">Esta afirmaci\u00f3n fue compartida po<\/span><span class=\"s8\">r la senadora<\/span><span class=\"s2\">\u00a0Soledad Tamayo Tamayo,\u00a0<\/span><span class=\"s8\">del\u00a0<\/span><span class=\"s2\">P<\/span><span class=\"s2\">artido Conservador<\/span><span class=\"s8\">,<\/span><span class=\"s8\">\u00a0quien indic\u00f3 que este modelo de transici\u00f3n podr\u00eda tomarse como el plan piloto para eventuales proyectos de reformas en el sistema de salud y que por ello es indispensable que corrijan los errores de las entidades toda vez que \u201csi buscaron el cambio es para mejorar, no para\u00a0<\/span><span class=\"s8\">acentuar las dificultades de los profesionales con vocaci\u00f3n que en numerosos casos act\u00faan como los padres de familia de la ni\u00f1ez y juventud colombiana\u201d.\u00a0<\/span><\/p>\n<p class=\"s7\"><span class=\"s8\">A su paso,\u00a0<\/span><span class=\"s8\">el senador caldense<\/span><span class=\"s2\">\u00a0Guido Echeverri Piedrahita,\u00a0<\/span><span class=\"s8\">del\u00a0<\/span><span class=\"s2\">Partido<\/span><span class=\"s2\">\u00a0En Marcha<\/span><span class=\"s8\">y quien en el pasado se desempe\u00f1\u00f3 tambi\u00e9n como rector\u00a0<\/span><span class=\"s8\">de\u00a0<\/span><span class=\"s8\">universidades p\u00fablicas y privadas del pa\u00eds,<\/span><span class=\"s8\"> centr\u00f3 su discurso en el \u00a0poco tiempo que se estableci\u00f3 para hacer la transici\u00f3n al nuevo modelo de salud y agreg\u00f3 que\u00a0<\/span><span class=\"s8\">para el caso de<\/span><span class=\"s8\">l departamento de\u00a0<\/span><span class=\"s8\">Caldas <\/span><span class=\"s8\">contrataron con las mejores IPS\u00a0<\/span><span class=\"s8\">pero\u00a0<\/span><span class=\"s8\">\u201cse les olvid\u00f3 que el modelo\u00a0<\/span><span class=\"s8\">va<\/span><span class=\"s8\">\u00a0m\u00e1s all\u00e1, lo hicieron a las carreras y de forma improvisada\u201d.\u00a0<\/span><\/p>\n<p class=\"s7\"><span class=\"s8\">Record\u00f3 cuando la Procuradur\u00eda General de la Naci\u00f3n hizo un llamado antes de la implementaci\u00f3n del nuevo modelo<\/span><span class=\"s8\">, <\/span><span class=\"s8\">sobre las dificultades que esto podr\u00eda acarrear, sobre todo <\/span><span class=\"s8\">cuando se buscaba\u00a0<\/span><span class=\"s8\">reestructurar<\/span><span class=\"s8\">\u00a0un modelo de hace muchos a\u00f1os<\/span><span class=\"s8\">,<\/span><span class=\"s8\">\u00a0con el agravante de que\u00a0<\/span><span class=\"s8\">la\u00a0<\/span><span class=\"s8\">Fiduprevisora\u00a0<\/span><span class=\"s8\">no est\u00e1 vigilada por la Superintendencia de Salud<\/span><span class=\"s8\">. \u201cNi<\/span><span class=\"s8\">\u00a0siquiera una entidad especializada e<\/span><span class=\"s8\">n<\/span><span class=\"s8\">\u00a0el sector salud hubiera podido implementar en tan poco tiempo un nuevo modelo con\u00a0<\/span><span class=\"s8\">tales <\/span><span class=\"s8\">rigideces<\/span><span class=\"s8\">\u201d, apunt\u00f3.<\/span><\/p>\n<p class=\"s7\"><span class=\"s8\">El Gobierno Nacional, en cabeza del Ministerio de Educaci\u00f3n y otras entidades citadas explicar\u00e1n y dar\u00e1n respuesta p\u00fablica a los cuestionarios cuando se re<\/span><span class=\"s8\">tome<\/span><span class=\"s8\">\u00a0su discusi\u00f3n el pr\u00f3ximo lunes 20 de mayo en el recinto de la Comisi\u00f3n Sexta del Senado de la Rep\u00fablica.<\/span><\/p>\n<\/div>\n<\/div>\n<div class=\"s2s_supra_contenedor lang_directon_right s2sdefault  align_left  s2s_balloon_bottom \">\n<div class=\"s2s_contenedor  s2s_no_text  s2s-btn-group\">\n<div class=\"s2s_twitter s2s_btn s2s-btn-default \"><i class=\"s2sfo fo-twitter\"><\/i><\/p>\n<div class=\"globo s2s_globo_closed s2s_twitter_iframe\">\n<div class=\"s2s_flecha\"><\/div>\n<\/div>\n<\/div>\n<div class=\"s2s_facebook s2s_btn s2s-btn-default \"><i class=\"s2sfo fo-facebook\"><\/i><\/p>\n<div class=\"globo s2s_globo_closed s2s_facebook_iframe\">\n<div class=\"s2s_flecha\"><\/div>\n<div id=\"fb-root\"><\/div>\n<\/div>\n<\/div>\n<div class=\"s2s_tgram s2s_btn s2s-btn-default  \"><i class=\"s2sfo fo-tgram\"><\/i><\/p>\n<div class=\"globo s2s_globo_closed s2s_tgram_iframe\">\n<div class=\"s2s_flecha\"><\/div>\n<p><i class=\"s2sfo fo-telegram\" aria-hidden=\"true\"><\/i><\/div>\n<\/div>\n<\/div>\n<div class=\"s2s_credits_wrapper\"><\/div>\n<\/div>\n","protected":false},"excerpt":{"rendered":"<p>Los\u00a0integrantes de la Comisi\u00f3n Sexta de Senado expresaron su preocupaci\u00f3n por las recientes denuncias\u00a0que vienen haciendo algunos maestros en medio del\u00a0nuevo modelo de atenci\u00f3n\u00a0de\u00a0salud del magisterio\u00a0en Colombia\u00a0que entr\u00f3 en vigencia el pasado 1 de mayo.\u00a0 Las largas filas, la\u00a0falta\u00a0de atenci\u00f3n,\u00a0la\u00a0escasez\u00a0de medicamentos,\u00a0problemas en el servicio de\u00a0urgencias o incluso el desplazamiento a otras ciudades llevaron a maestros [&hellip;]<\/p>\n","protected":false},"author":2,"featured_media":73156,"comment_status":"closed","ping_status":"open","sticky":false,"template":"","format":"standard","meta":{"footnotes":""},"categories":[28],"tags":[],"class_list":["post-73155","post","type-post","status-publish","format-standard","has-post-thumbnail","hentry","category-actualidad"],"yoast_head":"<!-- This site is optimized with the Yoast SEO plugin v26.6 - https:\/\/yoast.com\/wordpress\/plugins\/seo\/ -->\n<title>Modelo de salud del Magisterio, a debate en el Senado -<\/title>\n<meta name=\"robots\" content=\"index, follow, max-snippet:-1, max-image-preview:large, max-video-preview:-1\" \/>\n<link rel=\"canonical\" href=\"https:\/\/luchonoticias.com\/editor\/modelo-de-salud-del-magisterio-a-debate-en-el-senado\/\" \/>\n<meta property=\"og:locale\" content=\"es_ES\" \/>\n<meta property=\"og:type\" content=\"article\" \/>\n<meta property=\"og:title\" content=\"Modelo de salud del Magisterio, a debate en el Senado -\" \/>\n<meta property=\"og:url\" content=\"https:\/\/luchonoticias.com\/editor\/modelo-de-salud-del-magisterio-a-debate-en-el-senado\/\" \/>\n<meta property=\"article:publisher\" content=\"https:\/\/www.facebook.com\/luchonoticiasneiva\" \/>\n<meta property=\"article:published_time\" content=\"2024-05-17T10:35:48+00:00\" \/>\n<meta property=\"og:image\" content=\"https:\/\/luchonoticias.com\/editor\/wp-content\/uploads\/2024\/05\/senado-docentes.jpg\" \/>\n\t<meta property=\"og:image:width\" content=\"700\" \/>\n\t<meta property=\"og:image:height\" content=\"400\" \/>\n\t<meta property=\"og:image:type\" content=\"image\/jpeg\" \/>\n<meta name=\"author\" content=\"Editor General\" \/>\n<meta name=\"twitter:card\" content=\"summary_large_image\" \/>\n<meta name=\"twitter:label1\" content=\"Escrito por\" \/>\n\t<meta name=\"twitter:data1\" content=\"Editor General\" \/>\n\t<meta name=\"twitter:label2\" content=\"Tiempo de lectura\" \/>\n\t<meta name=\"twitter:data2\" content=\"3 minutos\" \/>\n<script type=\"application\/ld+json\" class=\"yoast-schema-graph\">{\"@context\":\"https:\/\/schema.org\",\"@graph\":[{\"@type\":\"Article\",\"@id\":\"https:\/\/luchonoticias.com\/editor\/modelo-de-salud-del-magisterio-a-debate-en-el-senado\/#article\",\"isPartOf\":{\"@id\":\"https:\/\/luchonoticias.com\/editor\/modelo-de-salud-del-magisterio-a-debate-en-el-senado\/\"},\"author\":{\"name\":\"Editor General\",\"@id\":\"https:\/\/luchonoticias.com\/editor\/#\/schema\/person\/29217990ddf6f14e35912b2866d591fb\"},\"headline\":\"Modelo de salud del Magisterio, a debate en el Senado\",\"datePublished\":\"2024-05-17T10:35:48+00:00\",\"mainEntityOfPage\":{\"@id\":\"https:\/\/luchonoticias.com\/editor\/modelo-de-salud-del-magisterio-a-debate-en-el-senado\/\"},\"wordCount\":688,\"publisher\":{\"@id\":\"https:\/\/luchonoticias.com\/editor\/#\/schema\/person\/7a7fd911f58561fd056dbac7b55af9cd\"},\"image\":{\"@id\":\"https:\/\/luchonoticias.com\/editor\/modelo-de-salud-del-magisterio-a-debate-en-el-senado\/#primaryimage\"},\"thumbnailUrl\":\"https:\/\/luchonoticias.com\/editor\/wp-content\/uploads\/2024\/05\/senado-docentes.jpg\",\"articleSection\":[\"Actualidad\"],\"inLanguage\":\"es\"},{\"@type\":\"WebPage\",\"@id\":\"https:\/\/luchonoticias.com\/editor\/modelo-de-salud-del-magisterio-a-debate-en-el-senado\/\",\"url\":\"https:\/\/luchonoticias.com\/editor\/modelo-de-salud-del-magisterio-a-debate-en-el-senado\/\",\"name\":\"Modelo de salud del Magisterio, a debate en el Senado -\",\"isPartOf\":{\"@id\":\"https:\/\/luchonoticias.com\/editor\/#website\"},\"primaryImageOfPage\":{\"@id\":\"https:\/\/luchonoticias.com\/editor\/modelo-de-salud-del-magisterio-a-debate-en-el-senado\/#primaryimage\"},\"image\":{\"@id\":\"https:\/\/luchonoticias.com\/editor\/modelo-de-salud-del-magisterio-a-debate-en-el-senado\/#primaryimage\"},\"thumbnailUrl\":\"https:\/\/luchonoticias.com\/editor\/wp-content\/uploads\/2024\/05\/senado-docentes.jpg\",\"datePublished\":\"2024-05-17T10:35:48+00:00\",\"breadcrumb\":{\"@id\":\"https:\/\/luchonoticias.com\/editor\/modelo-de-salud-del-magisterio-a-debate-en-el-senado\/#breadcrumb\"},\"inLanguage\":\"es\",\"potentialAction\":[{\"@type\":\"ReadAction\",\"target\":[\"https:\/\/luchonoticias.com\/editor\/modelo-de-salud-del-magisterio-a-debate-en-el-senado\/\"]}]},{\"@type\":\"ImageObject\",\"inLanguage\":\"es\",\"@id\":\"https:\/\/luchonoticias.com\/editor\/modelo-de-salud-del-magisterio-a-debate-en-el-senado\/#primaryimage\",\"url\":\"https:\/\/luchonoticias.com\/editor\/wp-content\/uploads\/2024\/05\/senado-docentes.jpg\",\"contentUrl\":\"https:\/\/luchonoticias.com\/editor\/wp-content\/uploads\/2024\/05\/senado-docentes.jpg\",\"width\":700,\"height\":400},{\"@type\":\"BreadcrumbList\",\"@id\":\"https:\/\/luchonoticias.com\/editor\/modelo-de-salud-del-magisterio-a-debate-en-el-senado\/#breadcrumb\",\"itemListElement\":[{\"@type\":\"ListItem\",\"position\":1,\"name\":\"Portada\",\"item\":\"https:\/\/luchonoticias.com\/editor\/\"},{\"@type\":\"ListItem\",\"position\":2,\"name\":\"Modelo de salud del Magisterio, a debate en el Senado\"}]},{\"@type\":\"WebSite\",\"@id\":\"https:\/\/luchonoticias.com\/editor\/#website\",\"url\":\"https:\/\/luchonoticias.com\/editor\/\",\"name\":\"\",\"description\":\"\",\"publisher\":{\"@id\":\"https:\/\/luchonoticias.com\/editor\/#\/schema\/person\/7a7fd911f58561fd056dbac7b55af9cd\"},\"potentialAction\":[{\"@type\":\"SearchAction\",\"target\":{\"@type\":\"EntryPoint\",\"urlTemplate\":\"https:\/\/luchonoticias.com\/editor\/?s={search_term_string}\"},\"query-input\":{\"@type\":\"PropertyValueSpecification\",\"valueRequired\":true,\"valueName\":\"search_term_string\"}}],\"inLanguage\":\"es\"},{\"@type\":[\"Person\",\"Organization\"],\"@id\":\"https:\/\/luchonoticias.com\/editor\/#\/schema\/person\/7a7fd911f58561fd056dbac7b55af9cd\",\"name\":\"admin\",\"image\":{\"@type\":\"ImageObject\",\"inLanguage\":\"es\",\"@id\":\"https:\/\/luchonoticias.com\/editor\/#\/schema\/person\/image\/\",\"url\":\"https:\/\/luchonoticias.com\/editor\/wp-content\/uploads\/2024\/02\/cropped-cropped-logolu.webp\",\"contentUrl\":\"https:\/\/luchonoticias.com\/editor\/wp-content\/uploads\/2024\/02\/cropped-cropped-logolu.webp\",\"width\":382,\"height\":170,\"caption\":\"admin\"},\"logo\":{\"@id\":\"https:\/\/luchonoticias.com\/editor\/#\/schema\/person\/image\/\"},\"sameAs\":[\"https:\/\/www.facebook.com\/luchonoticiasneiva\"]},{\"@type\":\"Person\",\"@id\":\"https:\/\/luchonoticias.com\/editor\/#\/schema\/person\/29217990ddf6f14e35912b2866d591fb\",\"name\":\"Editor General\",\"image\":{\"@type\":\"ImageObject\",\"inLanguage\":\"es\",\"@id\":\"https:\/\/luchonoticias.com\/editor\/#\/schema\/person\/image\/\",\"url\":\"https:\/\/luchonoticias.com\/editor\/wp-content\/uploads\/2024\/02\/cropped-cropped-logolu-150x150.webp\",\"contentUrl\":\"https:\/\/luchonoticias.com\/editor\/wp-content\/uploads\/2024\/02\/cropped-cropped-logolu-150x150.webp\",\"caption\":\"Editor General\"},\"sameAs\":[\"https:\/\/luchonoticias.com\/\"],\"url\":\"https:\/\/luchonoticias.com\/editor\/author\/editor-general\/\"}]}<\/script>\n<!-- \/ Yoast SEO plugin. -->","yoast_head_json":{"title":"Modelo de salud del Magisterio, a debate en el Senado -","robots":{"index":"index","follow":"follow","max-snippet":"max-snippet:-1","max-image-preview":"max-image-preview:large","max-video-preview":"max-video-preview:-1"},"canonical":"https:\/\/luchonoticias.com\/editor\/modelo-de-salud-del-magisterio-a-debate-en-el-senado\/","og_locale":"es_ES","og_type":"article","og_title":"Modelo de salud del Magisterio, a debate en el Senado -","og_url":"https:\/\/luchonoticias.com\/editor\/modelo-de-salud-del-magisterio-a-debate-en-el-senado\/","article_publisher":"https:\/\/www.facebook.com\/luchonoticiasneiva","article_published_time":"2024-05-17T10:35:48+00:00","og_image":[{"width":700,"height":400,"url":"https:\/\/luchonoticias.com\/editor\/wp-content\/uploads\/2024\/05\/senado-docentes.jpg","type":"image\/jpeg"}],"author":"Editor General","twitter_card":"summary_large_image","twitter_misc":{"Escrito por":"Editor General","Tiempo de lectura":"3 minutos"},"schema":{"@context":"https:\/\/schema.org","@graph":[{"@type":"Article","@id":"https:\/\/luchonoticias.com\/editor\/modelo-de-salud-del-magisterio-a-debate-en-el-senado\/#article","isPartOf":{"@id":"https:\/\/luchonoticias.com\/editor\/modelo-de-salud-del-magisterio-a-debate-en-el-senado\/"},"author":{"name":"Editor General","@id":"https:\/\/luchonoticias.com\/editor\/#\/schema\/person\/29217990ddf6f14e35912b2866d591fb"},"headline":"Modelo de salud del Magisterio, a debate en el Senado","datePublished":"2024-05-17T10:35:48+00:00","mainEntityOfPage":{"@id":"https:\/\/luchonoticias.com\/editor\/modelo-de-salud-del-magisterio-a-debate-en-el-senado\/"},"wordCount":688,"publisher":{"@id":"https:\/\/luchonoticias.com\/editor\/#\/schema\/person\/7a7fd911f58561fd056dbac7b55af9cd"},"image":{"@id":"https:\/\/luchonoticias.com\/editor\/modelo-de-salud-del-magisterio-a-debate-en-el-senado\/#primaryimage"},"thumbnailUrl":"https:\/\/luchonoticias.com\/editor\/wp-content\/uploads\/2024\/05\/senado-docentes.jpg","articleSection":["Actualidad"],"inLanguage":"es"},{"@type":"WebPage","@id":"https:\/\/luchonoticias.com\/editor\/modelo-de-salud-del-magisterio-a-debate-en-el-senado\/","url":"https:\/\/luchonoticias.com\/editor\/modelo-de-salud-del-magisterio-a-debate-en-el-senado\/","name":"Modelo de salud del Magisterio, a debate en el Senado -","isPartOf":{"@id":"https:\/\/luchonoticias.com\/editor\/#website"},"primaryImageOfPage":{"@id":"https:\/\/luchonoticias.com\/editor\/modelo-de-salud-del-magisterio-a-debate-en-el-senado\/#primaryimage"},"image":{"@id":"https:\/\/luchonoticias.com\/editor\/modelo-de-salud-del-magisterio-a-debate-en-el-senado\/#primaryimage"},"thumbnailUrl":"https:\/\/luchonoticias.com\/editor\/wp-content\/uploads\/2024\/05\/senado-docentes.jpg","datePublished":"2024-05-17T10:35:48+00:00","breadcrumb":{"@id":"https:\/\/luchonoticias.com\/editor\/modelo-de-salud-del-magisterio-a-debate-en-el-senado\/#breadcrumb"},"inLanguage":"es","potentialAction":[{"@type":"ReadAction","target":["https:\/\/luchonoticias.com\/editor\/modelo-de-salud-del-magisterio-a-debate-en-el-senado\/"]}]},{"@type":"ImageObject","inLanguage":"es","@id":"https:\/\/luchonoticias.com\/editor\/modelo-de-salud-del-magisterio-a-debate-en-el-senado\/#primaryimage","url":"https:\/\/luchonoticias.com\/editor\/wp-content\/uploads\/2024\/05\/senado-docentes.jpg","contentUrl":"https:\/\/luchonoticias.com\/editor\/wp-content\/uploads\/2024\/05\/senado-docentes.jpg","width":700,"height":400},{"@type":"BreadcrumbList","@id":"https:\/\/luchonoticias.com\/editor\/modelo-de-salud-del-magisterio-a-debate-en-el-senado\/#breadcrumb","itemListElement":[{"@type":"ListItem","position":1,"name":"Portada","item":"https:\/\/luchonoticias.com\/editor\/"},{"@type":"ListItem","position":2,"name":"Modelo de salud del Magisterio, a debate en el Senado"}]},{"@type":"WebSite","@id":"https:\/\/luchonoticias.com\/editor\/#website","url":"https:\/\/luchonoticias.com\/editor\/","name":"","description":"","publisher":{"@id":"https:\/\/luchonoticias.com\/editor\/#\/schema\/person\/7a7fd911f58561fd056dbac7b55af9cd"},"potentialAction":[{"@type":"SearchAction","target":{"@type":"EntryPoint","urlTemplate":"https:\/\/luchonoticias.com\/editor\/?s={search_term_string}"},"query-input":{"@type":"PropertyValueSpecification","valueRequired":true,"valueName":"search_term_string"}}],"inLanguage":"es"},{"@type":["Person","Organization"],"@id":"https:\/\/luchonoticias.com\/editor\/#\/schema\/person\/7a7fd911f58561fd056dbac7b55af9cd","name":"admin","image":{"@type":"ImageObject","inLanguage":"es","@id":"https:\/\/luchonoticias.com\/editor\/#\/schema\/person\/image\/","url":"https:\/\/luchonoticias.com\/editor\/wp-content\/uploads\/2024\/02\/cropped-cropped-logolu.webp","contentUrl":"https:\/\/luchonoticias.com\/editor\/wp-content\/uploads\/2024\/02\/cropped-cropped-logolu.webp","width":382,"height":170,"caption":"admin"},"logo":{"@id":"https:\/\/luchonoticias.com\/editor\/#\/schema\/person\/image\/"},"sameAs":["https:\/\/www.facebook.com\/luchonoticiasneiva"]},{"@type":"Person","@id":"https:\/\/luchonoticias.com\/editor\/#\/schema\/person\/29217990ddf6f14e35912b2866d591fb","name":"Editor General","image":{"@type":"ImageObject","inLanguage":"es","@id":"https:\/\/luchonoticias.com\/editor\/#\/schema\/person\/image\/","url":"https:\/\/luchonoticias.com\/editor\/wp-content\/uploads\/2024\/02\/cropped-cropped-logolu-150x150.webp","contentUrl":"https:\/\/luchonoticias.com\/editor\/wp-content\/uploads\/2024\/02\/cropped-cropped-logolu-150x150.webp","caption":"Editor General"},"sameAs":["https:\/\/luchonoticias.com\/"],"url":"https:\/\/luchonoticias.com\/editor\/author\/editor-general\/"}]}},"_links":{"self":[{"href":"https:\/\/luchonoticias.com\/editor\/wp-json\/wp\/v2\/posts\/73155","targetHints":{"allow":["GET"]}}],"collection":[{"href":"https:\/\/luchonoticias.com\/editor\/wp-json\/wp\/v2\/posts"}],"about":[{"href":"https:\/\/luchonoticias.com\/editor\/wp-json\/wp\/v2\/types\/post"}],"author":[{"embeddable":true,"href":"https:\/\/luchonoticias.com\/editor\/wp-json\/wp\/v2\/users\/2"}],"replies":[{"embeddable":true,"href":"https:\/\/luchonoticias.com\/editor\/wp-json\/wp\/v2\/comments?post=73155"}],"version-history":[{"count":0,"href":"https:\/\/luchonoticias.com\/editor\/wp-json\/wp\/v2\/posts\/73155\/revisions"}],"wp:featuredmedia":[{"embeddable":true,"href":"https:\/\/luchonoticias.com\/editor\/wp-json\/wp\/v2\/media\/73156"}],"wp:attachment":[{"href":"https:\/\/luchonoticias.com\/editor\/wp-json\/wp\/v2\/media?parent=73155"}],"wp:term":[{"taxonomy":"category","embeddable":true,"href":"https:\/\/luchonoticias.com\/editor\/wp-json\/wp\/v2\/categories?post=73155"},{"taxonomy":"post_tag","embeddable":true,"href":"https:\/\/luchonoticias.com\/editor\/wp-json\/wp\/v2\/tags?post=73155"}],"curies":[{"name":"wp","href":"https:\/\/api.w.org\/{rel}","templated":true}]}}