{"id":73161,"date":"2024-05-17T12:12:23","date_gmt":"2024-05-17T17:12:23","guid":{"rendered":"https:\/\/luchonoticias.com\/?p=73161"},"modified":"2024-05-17T12:12:23","modified_gmt":"2024-05-17T17:12:23","slug":"mesa-de-seguridad-trato-el-tema-del-turismo-en-el-huila","status":"publish","type":"post","link":"https:\/\/luchonoticias.com\/editor\/mesa-de-seguridad-trato-el-tema-del-turismo-en-el-huila\/","title":{"rendered":"Mesa de seguridad trat\u00f3 el tema del turismo en el Huila"},"content":{"rendered":"<p>Uno de los puntos claves discutidos fue la percepci\u00f3n de seguridad y el fen\u00f3meno de la extorsi\u00f3n, que se ha presentado de manera aislada afectando algunos empresarios del sector. El Secretario de Desarrollo Econ\u00f3mico y Turismo, Ricardo Vera Torres, hizo un llamado a denunciar estos delitos para poner fin a esta pr\u00e1ctica en el departamento.<\/p>\n<p>\u201cLo m\u00e1s importante cuando hablamos con las fuerzas militares es que realmente haya una denuncia formal, no podemos pensar que se van a lograr resultados a trav\u00e9s del voz a voz sino que tiene que haber una denuncia real y tenemos que lograr hacer frente a esta circunstancia que se est\u00e1 presentando en el departamento\u201d, resalt\u00f3 el Secretario de Desarrollo Econ\u00f3mico del Huila.<\/p>\n<p>Durante el encuentro, se realiz\u00f3 un an\u00e1lisis exhaustivo de los delitos hist\u00f3ricos y recientes en el Huila, esto en cabeza de la secretar\u00eda de Gobierno de la gobernaci\u00f3n del Huila donde se han examinado 18 \u00edtems espec\u00edficos para entender tanto su origen como los autores de estos cr\u00edmenes. Este an\u00e1lisis es fundamental para desarrollar estrategias efectivas de prevenci\u00f3n y respuesta.<\/p>\n<p>Asimismo, como parte de las estrategias de seguridad, la Gobernaci\u00f3n del Huila, a trav\u00e9s de la Secretar\u00eda de Gobierno, present\u00f3 la creaci\u00f3n del Centro Inter Agencial para la Protecci\u00f3n Ambiental y de Turismo. Esta iniciativa comprende dos elementos principales:<\/p>\n<p>1. Caracterizaci\u00f3n de Fen\u00f3menos Delictuales Ambientales:\u00a0Este componente se enfoca en identificar y caracterizar los delitos que afectan el medio ambiente, con el objetivo de garantizar su preservaci\u00f3n, especialmente en las zonas rurales donde se ubican la mayor\u00eda de los sitios tur\u00edsticos del departamento.<\/p>\n<p>2. Operaciones Ambientales y Desarticulaci\u00f3n de Actores Criminales:\u00a0Se realizar\u00e1n operaciones espec\u00edficas para desmantelar grupos criminales que impactan negativamente la flora y fauna del departamento y, por ende, los sitios tur\u00edsticos.<\/p>\n<p>El segundo aspecto propuesto para lograr un territorio seguro, fue el fortalecimiento del Grupo de Turismo del Departamento de Polic\u00eda Huila, equipo que est\u00e1 implementando diversos programas enfocados a la garant\u00eda de la seguridad y la convivencia principalmente en los destinos tur\u00edsticos del departamento.<\/p>\n<p><strong>Trabajo articulado por la seguridad<\/strong><\/p>\n<p>Del mismo modo, el Viceministerio de Turismo present\u00f3 un diagn\u00f3stico realizado en febrero, con el fin de identificar problem\u00e1ticas de seguridad en varios municipios del Huila, este estudio revel\u00f3 que, aunque existen desaf\u00edos relacionados con disidencias en ciertos municipios, estas no han tenido un impacto en el desarrollo de las actividades tur\u00edsticas.<\/p>\n<p>La Mesa Departamental de Seguridad Tur\u00edstica representa un espacio importante hacia la consolidaci\u00f3n de un entorno seguro y atractivo para el turismo en el Huila, garantizando la protecci\u00f3n tanto de los visitantes como del medio ambiente que hace de esta regi\u00f3n un destino \u00fanico.<\/p>\n<p>Otra de las estrategias que viene liderando la Gobernaci\u00f3n del Huila a trav\u00e9s de la Secretar\u00eda de Desarrollo Econ\u00f3mico y Turismo es el de las caravanas tur\u00edsticas, que, si bien su objetivo principal es el de promover el turismo en los diferentes municipios, generan una percepci\u00f3n de seguridad al viajar en grupos con el acompa\u00f1amiento de distintas entidades y autoridades. Las caravanas iniciar\u00e1n en el municipio de Garz\u00f3n los d\u00edas 8 y 9 de junio.<\/p>\n","protected":false},"excerpt":{"rendered":"<p>Uno de los puntos claves discutidos fue la percepci\u00f3n de seguridad y el fen\u00f3meno de la extorsi\u00f3n, que se ha presentado de manera aislada afectando algunos empresarios del sector. El Secretario de Desarrollo Econ\u00f3mico y Turismo, Ricardo Vera Torres, hizo un llamado a denunciar estos delitos para poner fin a esta pr\u00e1ctica en el departamento. [&hellip;]<\/p>\n","protected":false},"author":2,"featured_media":73162,"comment_status":"closed","ping_status":"open","sticky":false,"template":"","format":"standard","meta":{"footnotes":""},"categories":[33],"tags":[],"class_list":["post-73161","post","type-post","status-publish","format-standard","has-post-thumbnail","hentry","category-huila"],"yoast_head":"<!-- This site is optimized with the Yoast SEO plugin v26.6 - https:\/\/yoast.com\/wordpress\/plugins\/seo\/ -->\n<title>Mesa de seguridad trat\u00f3 el tema del turismo en el Huila -<\/title>\n<meta name=\"robots\" content=\"index, follow, max-snippet:-1, max-image-preview:large, max-video-preview:-1\" \/>\n<link rel=\"canonical\" href=\"https:\/\/luchonoticias.com\/editor\/mesa-de-seguridad-trato-el-tema-del-turismo-en-el-huila\/\" \/>\n<meta property=\"og:locale\" content=\"es_ES\" \/>\n<meta property=\"og:type\" content=\"article\" \/>\n<meta property=\"og:title\" content=\"Mesa de seguridad trat\u00f3 el tema del turismo en el Huila -\" \/>\n<meta property=\"og:url\" content=\"https:\/\/luchonoticias.com\/editor\/mesa-de-seguridad-trato-el-tema-del-turismo-en-el-huila\/\" \/>\n<meta property=\"article:publisher\" content=\"https:\/\/www.facebook.com\/luchonoticiasneiva\" \/>\n<meta property=\"article:published_time\" content=\"2024-05-17T17:12:23+00:00\" \/>\n<meta property=\"og:image\" content=\"https:\/\/luchonoticias.com\/editor\/wp-content\/uploads\/2024\/05\/turismo-3-1.jpg\" \/>\n\t<meta property=\"og:image:width\" content=\"700\" \/>\n\t<meta property=\"og:image:height\" content=\"400\" \/>\n\t<meta property=\"og:image:type\" content=\"image\/jpeg\" \/>\n<meta name=\"author\" content=\"Editor General\" \/>\n<meta name=\"twitter:card\" content=\"summary_large_image\" \/>\n<meta name=\"twitter:label1\" content=\"Escrito por\" \/>\n\t<meta name=\"twitter:data1\" content=\"Editor General\" \/>\n\t<meta name=\"twitter:label2\" content=\"Tiempo de lectura\" \/>\n\t<meta name=\"twitter:data2\" content=\"3 minutos\" \/>\n<script type=\"application\/ld+json\" class=\"yoast-schema-graph\">{\"@context\":\"https:\/\/schema.org\",\"@graph\":[{\"@type\":\"Article\",\"@id\":\"https:\/\/luchonoticias.com\/editor\/mesa-de-seguridad-trato-el-tema-del-turismo-en-el-huila\/#article\",\"isPartOf\":{\"@id\":\"https:\/\/luchonoticias.com\/editor\/mesa-de-seguridad-trato-el-tema-del-turismo-en-el-huila\/\"},\"author\":{\"name\":\"Editor General\",\"@id\":\"https:\/\/luchonoticias.com\/editor\/#\/schema\/person\/29217990ddf6f14e35912b2866d591fb\"},\"headline\":\"Mesa de seguridad trat\u00f3 el tema del turismo en el Huila\",\"datePublished\":\"2024-05-17T17:12:23+00:00\",\"mainEntityOfPage\":{\"@id\":\"https:\/\/luchonoticias.com\/editor\/mesa-de-seguridad-trato-el-tema-del-turismo-en-el-huila\/\"},\"wordCount\":569,\"publisher\":{\"@id\":\"https:\/\/luchonoticias.com\/editor\/#\/schema\/person\/7a7fd911f58561fd056dbac7b55af9cd\"},\"image\":{\"@id\":\"https:\/\/luchonoticias.com\/editor\/mesa-de-seguridad-trato-el-tema-del-turismo-en-el-huila\/#primaryimage\"},\"thumbnailUrl\":\"https:\/\/luchonoticias.com\/editor\/wp-content\/uploads\/2024\/05\/turismo-3-1.jpg\",\"articleSection\":[\"Huila\"],\"inLanguage\":\"es\"},{\"@type\":\"WebPage\",\"@id\":\"https:\/\/luchonoticias.com\/editor\/mesa-de-seguridad-trato-el-tema-del-turismo-en-el-huila\/\",\"url\":\"https:\/\/luchonoticias.com\/editor\/mesa-de-seguridad-trato-el-tema-del-turismo-en-el-huila\/\",\"name\":\"Mesa de seguridad trat\u00f3 el tema del turismo en el Huila -\",\"isPartOf\":{\"@id\":\"https:\/\/luchonoticias.com\/editor\/#website\"},\"primaryImageOfPage\":{\"@id\":\"https:\/\/luchonoticias.com\/editor\/mesa-de-seguridad-trato-el-tema-del-turismo-en-el-huila\/#primaryimage\"},\"image\":{\"@id\":\"https:\/\/luchonoticias.com\/editor\/mesa-de-seguridad-trato-el-tema-del-turismo-en-el-huila\/#primaryimage\"},\"thumbnailUrl\":\"https:\/\/luchonoticias.com\/editor\/wp-content\/uploads\/2024\/05\/turismo-3-1.jpg\",\"datePublished\":\"2024-05-17T17:12:23+00:00\",\"breadcrumb\":{\"@id\":\"https:\/\/luchonoticias.com\/editor\/mesa-de-seguridad-trato-el-tema-del-turismo-en-el-huila\/#breadcrumb\"},\"inLanguage\":\"es\",\"potentialAction\":[{\"@type\":\"ReadAction\",\"target\":[\"https:\/\/luchonoticias.com\/editor\/mesa-de-seguridad-trato-el-tema-del-turismo-en-el-huila\/\"]}]},{\"@type\":\"ImageObject\",\"inLanguage\":\"es\",\"@id\":\"https:\/\/luchonoticias.com\/editor\/mesa-de-seguridad-trato-el-tema-del-turismo-en-el-huila\/#primaryimage\",\"url\":\"https:\/\/luchonoticias.com\/editor\/wp-content\/uploads\/2024\/05\/turismo-3-1.jpg\",\"contentUrl\":\"https:\/\/luchonoticias.com\/editor\/wp-content\/uploads\/2024\/05\/turismo-3-1.jpg\",\"width\":700,\"height\":400},{\"@type\":\"BreadcrumbList\",\"@id\":\"https:\/\/luchonoticias.com\/editor\/mesa-de-seguridad-trato-el-tema-del-turismo-en-el-huila\/#breadcrumb\",\"itemListElement\":[{\"@type\":\"ListItem\",\"position\":1,\"name\":\"Portada\",\"item\":\"https:\/\/luchonoticias.com\/editor\/\"},{\"@type\":\"ListItem\",\"position\":2,\"name\":\"Mesa de seguridad trat\u00f3 el tema del turismo en el Huila\"}]},{\"@type\":\"WebSite\",\"@id\":\"https:\/\/luchonoticias.com\/editor\/#website\",\"url\":\"https:\/\/luchonoticias.com\/editor\/\",\"name\":\"\",\"description\":\"\",\"publisher\":{\"@id\":\"https:\/\/luchonoticias.com\/editor\/#\/schema\/person\/7a7fd911f58561fd056dbac7b55af9cd\"},\"potentialAction\":[{\"@type\":\"SearchAction\",\"target\":{\"@type\":\"EntryPoint\",\"urlTemplate\":\"https:\/\/luchonoticias.com\/editor\/?s={search_term_string}\"},\"query-input\":{\"@type\":\"PropertyValueSpecification\",\"valueRequired\":true,\"valueName\":\"search_term_string\"}}],\"inLanguage\":\"es\"},{\"@type\":[\"Person\",\"Organization\"],\"@id\":\"https:\/\/luchonoticias.com\/editor\/#\/schema\/person\/7a7fd911f58561fd056dbac7b55af9cd\",\"name\":\"admin\",\"image\":{\"@type\":\"ImageObject\",\"inLanguage\":\"es\",\"@id\":\"https:\/\/luchonoticias.com\/editor\/#\/schema\/person\/image\/\",\"url\":\"https:\/\/luchonoticias.com\/editor\/wp-content\/uploads\/2024\/02\/cropped-cropped-logolu.webp\",\"contentUrl\":\"https:\/\/luchonoticias.com\/editor\/wp-content\/uploads\/2024\/02\/cropped-cropped-logolu.webp\",\"width\":382,\"height\":170,\"caption\":\"admin\"},\"logo\":{\"@id\":\"https:\/\/luchonoticias.com\/editor\/#\/schema\/person\/image\/\"},\"sameAs\":[\"https:\/\/www.facebook.com\/luchonoticiasneiva\"]},{\"@type\":\"Person\",\"@id\":\"https:\/\/luchonoticias.com\/editor\/#\/schema\/person\/29217990ddf6f14e35912b2866d591fb\",\"name\":\"Editor General\",\"image\":{\"@type\":\"ImageObject\",\"inLanguage\":\"es\",\"@id\":\"https:\/\/luchonoticias.com\/editor\/#\/schema\/person\/image\/\",\"url\":\"https:\/\/luchonoticias.com\/editor\/wp-content\/uploads\/2024\/02\/cropped-cropped-logolu-150x150.webp\",\"contentUrl\":\"https:\/\/luchonoticias.com\/editor\/wp-content\/uploads\/2024\/02\/cropped-cropped-logolu-150x150.webp\",\"caption\":\"Editor General\"},\"sameAs\":[\"https:\/\/luchonoticias.com\/\"],\"url\":\"https:\/\/luchonoticias.com\/editor\/author\/editor-general\/\"}]}<\/script>\n<!-- \/ Yoast SEO plugin. -->","yoast_head_json":{"title":"Mesa de seguridad trat\u00f3 el tema del turismo en el Huila -","robots":{"index":"index","follow":"follow","max-snippet":"max-snippet:-1","max-image-preview":"max-image-preview:large","max-video-preview":"max-video-preview:-1"},"canonical":"https:\/\/luchonoticias.com\/editor\/mesa-de-seguridad-trato-el-tema-del-turismo-en-el-huila\/","og_locale":"es_ES","og_type":"article","og_title":"Mesa de seguridad trat\u00f3 el tema del turismo en el Huila -","og_url":"https:\/\/luchonoticias.com\/editor\/mesa-de-seguridad-trato-el-tema-del-turismo-en-el-huila\/","article_publisher":"https:\/\/www.facebook.com\/luchonoticiasneiva","article_published_time":"2024-05-17T17:12:23+00:00","og_image":[{"width":700,"height":400,"url":"https:\/\/luchonoticias.com\/editor\/wp-content\/uploads\/2024\/05\/turismo-3-1.jpg","type":"image\/jpeg"}],"author":"Editor General","twitter_card":"summary_large_image","twitter_misc":{"Escrito por":"Editor General","Tiempo de lectura":"3 minutos"},"schema":{"@context":"https:\/\/schema.org","@graph":[{"@type":"Article","@id":"https:\/\/luchonoticias.com\/editor\/mesa-de-seguridad-trato-el-tema-del-turismo-en-el-huila\/#article","isPartOf":{"@id":"https:\/\/luchonoticias.com\/editor\/mesa-de-seguridad-trato-el-tema-del-turismo-en-el-huila\/"},"author":{"name":"Editor General","@id":"https:\/\/luchonoticias.com\/editor\/#\/schema\/person\/29217990ddf6f14e35912b2866d591fb"},"headline":"Mesa de seguridad trat\u00f3 el tema del turismo en el Huila","datePublished":"2024-05-17T17:12:23+00:00","mainEntityOfPage":{"@id":"https:\/\/luchonoticias.com\/editor\/mesa-de-seguridad-trato-el-tema-del-turismo-en-el-huila\/"},"wordCount":569,"publisher":{"@id":"https:\/\/luchonoticias.com\/editor\/#\/schema\/person\/7a7fd911f58561fd056dbac7b55af9cd"},"image":{"@id":"https:\/\/luchonoticias.com\/editor\/mesa-de-seguridad-trato-el-tema-del-turismo-en-el-huila\/#primaryimage"},"thumbnailUrl":"https:\/\/luchonoticias.com\/editor\/wp-content\/uploads\/2024\/05\/turismo-3-1.jpg","articleSection":["Huila"],"inLanguage":"es"},{"@type":"WebPage","@id":"https:\/\/luchonoticias.com\/editor\/mesa-de-seguridad-trato-el-tema-del-turismo-en-el-huila\/","url":"https:\/\/luchonoticias.com\/editor\/mesa-de-seguridad-trato-el-tema-del-turismo-en-el-huila\/","name":"Mesa de seguridad trat\u00f3 el tema del turismo en el Huila -","isPartOf":{"@id":"https:\/\/luchonoticias.com\/editor\/#website"},"primaryImageOfPage":{"@id":"https:\/\/luchonoticias.com\/editor\/mesa-de-seguridad-trato-el-tema-del-turismo-en-el-huila\/#primaryimage"},"image":{"@id":"https:\/\/luchonoticias.com\/editor\/mesa-de-seguridad-trato-el-tema-del-turismo-en-el-huila\/#primaryimage"},"thumbnailUrl":"https:\/\/luchonoticias.com\/editor\/wp-content\/uploads\/2024\/05\/turismo-3-1.jpg","datePublished":"2024-05-17T17:12:23+00:00","breadcrumb":{"@id":"https:\/\/luchonoticias.com\/editor\/mesa-de-seguridad-trato-el-tema-del-turismo-en-el-huila\/#breadcrumb"},"inLanguage":"es","potentialAction":[{"@type":"ReadAction","target":["https:\/\/luchonoticias.com\/editor\/mesa-de-seguridad-trato-el-tema-del-turismo-en-el-huila\/"]}]},{"@type":"ImageObject","inLanguage":"es","@id":"https:\/\/luchonoticias.com\/editor\/mesa-de-seguridad-trato-el-tema-del-turismo-en-el-huila\/#primaryimage","url":"https:\/\/luchonoticias.com\/editor\/wp-content\/uploads\/2024\/05\/turismo-3-1.jpg","contentUrl":"https:\/\/luchonoticias.com\/editor\/wp-content\/uploads\/2024\/05\/turismo-3-1.jpg","width":700,"height":400},{"@type":"BreadcrumbList","@id":"https:\/\/luchonoticias.com\/editor\/mesa-de-seguridad-trato-el-tema-del-turismo-en-el-huila\/#breadcrumb","itemListElement":[{"@type":"ListItem","position":1,"name":"Portada","item":"https:\/\/luchonoticias.com\/editor\/"},{"@type":"ListItem","position":2,"name":"Mesa de seguridad trat\u00f3 el tema del turismo en el Huila"}]},{"@type":"WebSite","@id":"https:\/\/luchonoticias.com\/editor\/#website","url":"https:\/\/luchonoticias.com\/editor\/","name":"","description":"","publisher":{"@id":"https:\/\/luchonoticias.com\/editor\/#\/schema\/person\/7a7fd911f58561fd056dbac7b55af9cd"},"potentialAction":[{"@type":"SearchAction","target":{"@type":"EntryPoint","urlTemplate":"https:\/\/luchonoticias.com\/editor\/?s={search_term_string}"},"query-input":{"@type":"PropertyValueSpecification","valueRequired":true,"valueName":"search_term_string"}}],"inLanguage":"es"},{"@type":["Person","Organization"],"@id":"https:\/\/luchonoticias.com\/editor\/#\/schema\/person\/7a7fd911f58561fd056dbac7b55af9cd","name":"admin","image":{"@type":"ImageObject","inLanguage":"es","@id":"https:\/\/luchonoticias.com\/editor\/#\/schema\/person\/image\/","url":"https:\/\/luchonoticias.com\/editor\/wp-content\/uploads\/2024\/02\/cropped-cropped-logolu.webp","contentUrl":"https:\/\/luchonoticias.com\/editor\/wp-content\/uploads\/2024\/02\/cropped-cropped-logolu.webp","width":382,"height":170,"caption":"admin"},"logo":{"@id":"https:\/\/luchonoticias.com\/editor\/#\/schema\/person\/image\/"},"sameAs":["https:\/\/www.facebook.com\/luchonoticiasneiva"]},{"@type":"Person","@id":"https:\/\/luchonoticias.com\/editor\/#\/schema\/person\/29217990ddf6f14e35912b2866d591fb","name":"Editor General","image":{"@type":"ImageObject","inLanguage":"es","@id":"https:\/\/luchonoticias.com\/editor\/#\/schema\/person\/image\/","url":"https:\/\/luchonoticias.com\/editor\/wp-content\/uploads\/2024\/02\/cropped-cropped-logolu-150x150.webp","contentUrl":"https:\/\/luchonoticias.com\/editor\/wp-content\/uploads\/2024\/02\/cropped-cropped-logolu-150x150.webp","caption":"Editor General"},"sameAs":["https:\/\/luchonoticias.com\/"],"url":"https:\/\/luchonoticias.com\/editor\/author\/editor-general\/"}]}},"_links":{"self":[{"href":"https:\/\/luchonoticias.com\/editor\/wp-json\/wp\/v2\/posts\/73161","targetHints":{"allow":["GET"]}}],"collection":[{"href":"https:\/\/luchonoticias.com\/editor\/wp-json\/wp\/v2\/posts"}],"about":[{"href":"https:\/\/luchonoticias.com\/editor\/wp-json\/wp\/v2\/types\/post"}],"author":[{"embeddable":true,"href":"https:\/\/luchonoticias.com\/editor\/wp-json\/wp\/v2\/users\/2"}],"replies":[{"embeddable":true,"href":"https:\/\/luchonoticias.com\/editor\/wp-json\/wp\/v2\/comments?post=73161"}],"version-history":[{"count":0,"href":"https:\/\/luchonoticias.com\/editor\/wp-json\/wp\/v2\/posts\/73161\/revisions"}],"wp:featuredmedia":[{"embeddable":true,"href":"https:\/\/luchonoticias.com\/editor\/wp-json\/wp\/v2\/media\/73162"}],"wp:attachment":[{"href":"https:\/\/luchonoticias.com\/editor\/wp-json\/wp\/v2\/media?parent=73161"}],"wp:term":[{"taxonomy":"category","embeddable":true,"href":"https:\/\/luchonoticias.com\/editor\/wp-json\/wp\/v2\/categories?post=73161"},{"taxonomy":"post_tag","embeddable":true,"href":"https:\/\/luchonoticias.com\/editor\/wp-json\/wp\/v2\/tags?post=73161"}],"curies":[{"name":"wp","href":"https:\/\/api.w.org\/{rel}","templated":true}]}}