{"id":73168,"date":"2024-05-17T14:08:36","date_gmt":"2024-05-17T19:08:36","guid":{"rendered":"https:\/\/luchonoticias.com\/?p=73168"},"modified":"2024-05-17T14:08:36","modified_gmt":"2024-05-17T19:08:36","slug":"huila-puesto-12-en-el-global-big-day","status":"publish","type":"post","link":"https:\/\/luchonoticias.com\/editor\/huila-puesto-12-en-el-global-big-day\/","title":{"rendered":"Huila, puesto 12 en el Global Big Day"},"content":{"rendered":"<p>Con 479 especies de aves reportadas, dos nuevos registros de aves y 422 participantes, el Huila se posicion\u00f3 en el puesto 12 a nivel nacional del evento de ciencia ciudadana m\u00e1s importante de avistamiento de aves del mundo.<\/p>\n<p>El registro, por primera vez de las especies Myiobius villosus y Turdus obsoletus en los municipios de Garz\u00f3n y Palestina, fue uno de los logros alcanzados para el departamento del Huila durante el Global Big Day 2024, el evento m\u00e1s importante de avistamiento de aves a nivel mundial.<\/p>\n<p>\u201cSe confirmaron dos especies que estaban como hipot\u00e9ticas y en esta actividad se avist\u00f3 el Turdus obsoletus por el bi\u00f3logo Jorge Pe\u00f1a en el Parque Nacional Natural Cueva de los Gu\u00e1charos, y la especie de ave Myiobius villosus por el ingeniero Ambiental Santiago Due\u00f1as en el \u00e1rea de influencia del Parque Natural Regional P\u00e1ramo de Miraflores\u201d, explic\u00f3 Sebasti\u00e1n Betancourth, profesional del componente ornitol\u00f3gico de la Corporaci\u00f3n Aut\u00f3noma Regional del Alto Magdalena-CAM.<\/p>\n<p>Para este a\u00f1o, el departamento del Huila report\u00f3 479 especies de aves y se posicion\u00f3 en el puesto n\u00famero 12 del ranking nacional durante el Global Big Day 2024. La CAM se sum\u00f3 a esta iniciativa que se realiza en todo el mundo y que busca proteger las aves y sus h\u00e1bitats, participando en 21 municipios junto a los amantes de las aves y los avistadores expertos.<\/p>\n<p>\u201cEn la plataforma ebird, de las 315 listas que logramos subir, hay registradas cerca del 60 por ciento de aves que tenemos en el departamento, que son 736, lo que lo hace un muy buen registro\u201d, asegur\u00f3 el Ornit\u00f3logo, ya que como \u00e9l lo dice, existen paisajes como los p\u00e1ramos que son de dif\u00edcil acceso o como el occidente del Huila donde la cultura de la observaci\u00f3n de aves todav\u00eda no es muy fuerte.<\/p>\n<p><img loading=\"lazy\" decoding=\"async\" class=\"alignnone wp-image-73170\" src=\"https:\/\/luchonoticias.com\/wp-content\/uploads\/2024\/05\/WhatsApp-Image-2024-05-17-at-13.04.22-300x226.jpeg\" alt=\"\" width=\"700\" height=\"527\" srcset=\"https:\/\/luchonoticias.com\/editor\/wp-content\/uploads\/2024\/05\/WhatsApp-Image-2024-05-17-at-13.04.22-300x226.jpeg 300w, https:\/\/luchonoticias.com\/editor\/wp-content\/uploads\/2024\/05\/WhatsApp-Image-2024-05-17-at-13.04.22-1024x771.jpeg 1024w, https:\/\/luchonoticias.com\/editor\/wp-content\/uploads\/2024\/05\/WhatsApp-Image-2024-05-17-at-13.04.22-768x578.jpeg 768w, https:\/\/luchonoticias.com\/editor\/wp-content\/uploads\/2024\/05\/WhatsApp-Image-2024-05-17-at-13.04.22-1536x1157.jpeg 1536w, https:\/\/luchonoticias.com\/editor\/wp-content\/uploads\/2024\/05\/WhatsApp-Image-2024-05-17-at-13.04.22-90x68.jpeg 90w, https:\/\/luchonoticias.com\/editor\/wp-content\/uploads\/2024\/05\/WhatsApp-Image-2024-05-17-at-13.04.22.jpeg 1600w\" sizes=\"auto, (max-width: 700px) 100vw, 700px\" \/><\/p>\n<p><strong>Amantes de las aves<\/strong><\/p>\n<p>Durante la jornada, 420 personas en 65 sectores del Huila salieron e hicieron avistamiento seg\u00fan la plataforma eBird, que registra las aves de esta gran actividad, la cual se hace tradicionalmente el segundo s\u00e1bado del mes de mayo.<\/p>\n<p>En el departamento del Huila los lugares que se destacaron por sus registros de aves fueron, Pitalito, Garz\u00f3n, Palestina y Palermo.<\/p>\n<p><strong>Colombia<\/strong><\/p>\n<p>Igualmente, Colombia lider\u00f3 el ranking mundial con un total de 1.555 especies de aves registradas, ratific\u00e1ndose como el pa\u00eds m\u00e1s biodiverso.<\/p>\n<p><strong>Especies del Huila<\/strong><\/p>\n<p>As\u00ed mismo Betancourth destac\u00f3 el registro de 13 de las 15 especies end\u00e9micas que existen en el departamento huilense, registro que era el objetivo del evento de ciencia ciudadana de este a\u00f1o.<\/p>\n<p>\u201cEl Global Big Day 2024 estaba enfocado en las especies end\u00e9micas y en el departamento contamos con 15 especies, de las cuales logramos registrar 13 y adicional algunas de inter\u00e9s como 15 especies migratorias, una de esas es la Plegadis falcinellus avistada en Garz\u00f3n, que en a\u00f1os anteriores hab\u00eda sido registrada en el departamento m\u00e1s al norte en Palermo, en los arrozales\u201d, indic\u00f3 el profesional de las aves.<\/p>\n<p><img loading=\"lazy\" decoding=\"async\" class=\"alignnone wp-image-73171\" src=\"https:\/\/luchonoticias.com\/wp-content\/uploads\/2024\/05\/WhatsApp-Image-2024-05-17-at-12.43.44-300x199.jpeg\" alt=\"\" width=\"700\" height=\"464\" srcset=\"https:\/\/luchonoticias.com\/editor\/wp-content\/uploads\/2024\/05\/WhatsApp-Image-2024-05-17-at-12.43.44-300x199.jpeg 300w, https:\/\/luchonoticias.com\/editor\/wp-content\/uploads\/2024\/05\/WhatsApp-Image-2024-05-17-at-12.43.44-1024x679.jpeg 1024w, https:\/\/luchonoticias.com\/editor\/wp-content\/uploads\/2024\/05\/WhatsApp-Image-2024-05-17-at-12.43.44-768x509.jpeg 768w, https:\/\/luchonoticias.com\/editor\/wp-content\/uploads\/2024\/05\/WhatsApp-Image-2024-05-17-at-12.43.44-331x219.jpeg 331w, https:\/\/luchonoticias.com\/editor\/wp-content\/uploads\/2024\/05\/WhatsApp-Image-2024-05-17-at-12.43.44.jpeg 1280w\" sizes=\"auto, (max-width: 700px) 100vw, 700px\" \/><\/p>\n<p><strong>Nuevas distribuciones<\/strong><\/p>\n<p>Betancourth agreg\u00f3 que se hallaron nuevas localidades para dos especies, Hapaloptila castanea por el informador de aves Edier Rojas en Garz\u00f3n en el Parque Natural Regional Miraflores y Discosura popelairii por el Ingeniero Nicol\u00e1s Jara en la Reserva Natural El Carriqu\u00ed y el Barranquero en Gigante.<\/p>\n<p>Para finalizar el ornit\u00f3logo explic\u00f3 que desde la CAM buscan aportar datos sobre las aves con fines de estudio en el marco de sus planes de conservaci\u00f3n, su importancia y las principales amenazas.<\/p>\n<p>\u00abEstos son registros que nos llevan a analizar los vac\u00edos y c\u00f3mo poder llegar a las comunidades con educaci\u00f3n ambiental, apoyo a grupos de monitoreo y organizaciones ambientales, generando apropiaci\u00f3n por las aves, as\u00ed como en apoyar la creaci\u00f3n de proyectos de turismo de naturaleza y aviturismo en articulaci\u00f3n con alcald\u00edas y la Gobernaci\u00f3n\u201d, finaliz\u00f3 diciendo Sebasti\u00e1n Betancourth.<\/p>\n","protected":false},"excerpt":{"rendered":"<p>Con 479 especies de aves reportadas, dos nuevos registros de aves y 422 participantes, el Huila se posicion\u00f3 en el puesto 12 a nivel nacional del evento de ciencia ciudadana m\u00e1s importante de avistamiento de aves del mundo. El registro, por primera vez de las especies Myiobius villosus y Turdus obsoletus en los municipios de [&hellip;]<\/p>\n","protected":false},"author":2,"featured_media":73169,"comment_status":"closed","ping_status":"open","sticky":false,"template":"","format":"standard","meta":{"footnotes":""},"categories":[33],"tags":[],"class_list":["post-73168","post","type-post","status-publish","format-standard","has-post-thumbnail","hentry","category-huila"],"yoast_head":"<!-- This site is optimized with the Yoast SEO plugin v26.6 - https:\/\/yoast.com\/wordpress\/plugins\/seo\/ -->\n<title>Huila, puesto 12 en el Global Big Day -<\/title>\n<meta name=\"robots\" content=\"index, follow, max-snippet:-1, max-image-preview:large, max-video-preview:-1\" \/>\n<link rel=\"canonical\" href=\"https:\/\/luchonoticias.com\/editor\/huila-puesto-12-en-el-global-big-day\/\" \/>\n<meta property=\"og:locale\" content=\"es_ES\" \/>\n<meta property=\"og:type\" content=\"article\" \/>\n<meta property=\"og:title\" content=\"Huila, puesto 12 en el Global Big Day -\" \/>\n<meta property=\"og:url\" content=\"https:\/\/luchonoticias.com\/editor\/huila-puesto-12-en-el-global-big-day\/\" \/>\n<meta property=\"article:publisher\" content=\"https:\/\/www.facebook.com\/luchonoticiasneiva\" \/>\n<meta property=\"article:published_time\" content=\"2024-05-17T19:08:36+00:00\" \/>\n<meta property=\"og:image\" content=\"https:\/\/luchonoticias.com\/editor\/wp-content\/uploads\/2024\/05\/aves-4.jpg\" \/>\n\t<meta property=\"og:image:width\" content=\"700\" \/>\n\t<meta property=\"og:image:height\" content=\"400\" \/>\n\t<meta property=\"og:image:type\" content=\"image\/jpeg\" \/>\n<meta name=\"author\" content=\"Editor General\" \/>\n<meta name=\"twitter:card\" content=\"summary_large_image\" \/>\n<meta name=\"twitter:label1\" content=\"Escrito por\" \/>\n\t<meta name=\"twitter:data1\" content=\"Editor General\" \/>\n\t<meta name=\"twitter:label2\" content=\"Tiempo de lectura\" \/>\n\t<meta name=\"twitter:data2\" content=\"3 minutos\" \/>\n<script type=\"application\/ld+json\" class=\"yoast-schema-graph\">{\"@context\":\"https:\/\/schema.org\",\"@graph\":[{\"@type\":\"Article\",\"@id\":\"https:\/\/luchonoticias.com\/editor\/huila-puesto-12-en-el-global-big-day\/#article\",\"isPartOf\":{\"@id\":\"https:\/\/luchonoticias.com\/editor\/huila-puesto-12-en-el-global-big-day\/\"},\"author\":{\"name\":\"Editor General\",\"@id\":\"https:\/\/luchonoticias.com\/editor\/#\/schema\/person\/29217990ddf6f14e35912b2866d591fb\"},\"headline\":\"Huila, puesto 12 en el Global Big Day\",\"datePublished\":\"2024-05-17T19:08:36+00:00\",\"mainEntityOfPage\":{\"@id\":\"https:\/\/luchonoticias.com\/editor\/huila-puesto-12-en-el-global-big-day\/\"},\"wordCount\":660,\"publisher\":{\"@id\":\"https:\/\/luchonoticias.com\/editor\/#\/schema\/person\/7a7fd911f58561fd056dbac7b55af9cd\"},\"image\":{\"@id\":\"https:\/\/luchonoticias.com\/editor\/huila-puesto-12-en-el-global-big-day\/#primaryimage\"},\"thumbnailUrl\":\"https:\/\/luchonoticias.com\/editor\/wp-content\/uploads\/2024\/05\/aves-4.jpg\",\"articleSection\":[\"Huila\"],\"inLanguage\":\"es\"},{\"@type\":\"WebPage\",\"@id\":\"https:\/\/luchonoticias.com\/editor\/huila-puesto-12-en-el-global-big-day\/\",\"url\":\"https:\/\/luchonoticias.com\/editor\/huila-puesto-12-en-el-global-big-day\/\",\"name\":\"Huila, puesto 12 en el Global Big Day -\",\"isPartOf\":{\"@id\":\"https:\/\/luchonoticias.com\/editor\/#website\"},\"primaryImageOfPage\":{\"@id\":\"https:\/\/luchonoticias.com\/editor\/huila-puesto-12-en-el-global-big-day\/#primaryimage\"},\"image\":{\"@id\":\"https:\/\/luchonoticias.com\/editor\/huila-puesto-12-en-el-global-big-day\/#primaryimage\"},\"thumbnailUrl\":\"https:\/\/luchonoticias.com\/editor\/wp-content\/uploads\/2024\/05\/aves-4.jpg\",\"datePublished\":\"2024-05-17T19:08:36+00:00\",\"breadcrumb\":{\"@id\":\"https:\/\/luchonoticias.com\/editor\/huila-puesto-12-en-el-global-big-day\/#breadcrumb\"},\"inLanguage\":\"es\",\"potentialAction\":[{\"@type\":\"ReadAction\",\"target\":[\"https:\/\/luchonoticias.com\/editor\/huila-puesto-12-en-el-global-big-day\/\"]}]},{\"@type\":\"ImageObject\",\"inLanguage\":\"es\",\"@id\":\"https:\/\/luchonoticias.com\/editor\/huila-puesto-12-en-el-global-big-day\/#primaryimage\",\"url\":\"https:\/\/luchonoticias.com\/editor\/wp-content\/uploads\/2024\/05\/aves-4.jpg\",\"contentUrl\":\"https:\/\/luchonoticias.com\/editor\/wp-content\/uploads\/2024\/05\/aves-4.jpg\",\"width\":700,\"height\":400},{\"@type\":\"BreadcrumbList\",\"@id\":\"https:\/\/luchonoticias.com\/editor\/huila-puesto-12-en-el-global-big-day\/#breadcrumb\",\"itemListElement\":[{\"@type\":\"ListItem\",\"position\":1,\"name\":\"Portada\",\"item\":\"https:\/\/luchonoticias.com\/editor\/\"},{\"@type\":\"ListItem\",\"position\":2,\"name\":\"Huila, puesto 12 en el Global Big Day\"}]},{\"@type\":\"WebSite\",\"@id\":\"https:\/\/luchonoticias.com\/editor\/#website\",\"url\":\"https:\/\/luchonoticias.com\/editor\/\",\"name\":\"\",\"description\":\"\",\"publisher\":{\"@id\":\"https:\/\/luchonoticias.com\/editor\/#\/schema\/person\/7a7fd911f58561fd056dbac7b55af9cd\"},\"potentialAction\":[{\"@type\":\"SearchAction\",\"target\":{\"@type\":\"EntryPoint\",\"urlTemplate\":\"https:\/\/luchonoticias.com\/editor\/?s={search_term_string}\"},\"query-input\":{\"@type\":\"PropertyValueSpecification\",\"valueRequired\":true,\"valueName\":\"search_term_string\"}}],\"inLanguage\":\"es\"},{\"@type\":[\"Person\",\"Organization\"],\"@id\":\"https:\/\/luchonoticias.com\/editor\/#\/schema\/person\/7a7fd911f58561fd056dbac7b55af9cd\",\"name\":\"admin\",\"image\":{\"@type\":\"ImageObject\",\"inLanguage\":\"es\",\"@id\":\"https:\/\/luchonoticias.com\/editor\/#\/schema\/person\/image\/\",\"url\":\"https:\/\/luchonoticias.com\/editor\/wp-content\/uploads\/2024\/02\/cropped-cropped-logolu.webp\",\"contentUrl\":\"https:\/\/luchonoticias.com\/editor\/wp-content\/uploads\/2024\/02\/cropped-cropped-logolu.webp\",\"width\":382,\"height\":170,\"caption\":\"admin\"},\"logo\":{\"@id\":\"https:\/\/luchonoticias.com\/editor\/#\/schema\/person\/image\/\"},\"sameAs\":[\"https:\/\/www.facebook.com\/luchonoticiasneiva\"]},{\"@type\":\"Person\",\"@id\":\"https:\/\/luchonoticias.com\/editor\/#\/schema\/person\/29217990ddf6f14e35912b2866d591fb\",\"name\":\"Editor General\",\"image\":{\"@type\":\"ImageObject\",\"inLanguage\":\"es\",\"@id\":\"https:\/\/luchonoticias.com\/editor\/#\/schema\/person\/image\/\",\"url\":\"https:\/\/luchonoticias.com\/editor\/wp-content\/uploads\/2024\/02\/cropped-cropped-logolu-150x150.webp\",\"contentUrl\":\"https:\/\/luchonoticias.com\/editor\/wp-content\/uploads\/2024\/02\/cropped-cropped-logolu-150x150.webp\",\"caption\":\"Editor General\"},\"sameAs\":[\"https:\/\/luchonoticias.com\/\"],\"url\":\"https:\/\/luchonoticias.com\/editor\/author\/editor-general\/\"}]}<\/script>\n<!-- \/ Yoast SEO plugin. -->","yoast_head_json":{"title":"Huila, puesto 12 en el Global Big Day -","robots":{"index":"index","follow":"follow","max-snippet":"max-snippet:-1","max-image-preview":"max-image-preview:large","max-video-preview":"max-video-preview:-1"},"canonical":"https:\/\/luchonoticias.com\/editor\/huila-puesto-12-en-el-global-big-day\/","og_locale":"es_ES","og_type":"article","og_title":"Huila, puesto 12 en el Global Big Day -","og_url":"https:\/\/luchonoticias.com\/editor\/huila-puesto-12-en-el-global-big-day\/","article_publisher":"https:\/\/www.facebook.com\/luchonoticiasneiva","article_published_time":"2024-05-17T19:08:36+00:00","og_image":[{"width":700,"height":400,"url":"https:\/\/luchonoticias.com\/editor\/wp-content\/uploads\/2024\/05\/aves-4.jpg","type":"image\/jpeg"}],"author":"Editor General","twitter_card":"summary_large_image","twitter_misc":{"Escrito por":"Editor General","Tiempo de lectura":"3 minutos"},"schema":{"@context":"https:\/\/schema.org","@graph":[{"@type":"Article","@id":"https:\/\/luchonoticias.com\/editor\/huila-puesto-12-en-el-global-big-day\/#article","isPartOf":{"@id":"https:\/\/luchonoticias.com\/editor\/huila-puesto-12-en-el-global-big-day\/"},"author":{"name":"Editor General","@id":"https:\/\/luchonoticias.com\/editor\/#\/schema\/person\/29217990ddf6f14e35912b2866d591fb"},"headline":"Huila, puesto 12 en el Global Big Day","datePublished":"2024-05-17T19:08:36+00:00","mainEntityOfPage":{"@id":"https:\/\/luchonoticias.com\/editor\/huila-puesto-12-en-el-global-big-day\/"},"wordCount":660,"publisher":{"@id":"https:\/\/luchonoticias.com\/editor\/#\/schema\/person\/7a7fd911f58561fd056dbac7b55af9cd"},"image":{"@id":"https:\/\/luchonoticias.com\/editor\/huila-puesto-12-en-el-global-big-day\/#primaryimage"},"thumbnailUrl":"https:\/\/luchonoticias.com\/editor\/wp-content\/uploads\/2024\/05\/aves-4.jpg","articleSection":["Huila"],"inLanguage":"es"},{"@type":"WebPage","@id":"https:\/\/luchonoticias.com\/editor\/huila-puesto-12-en-el-global-big-day\/","url":"https:\/\/luchonoticias.com\/editor\/huila-puesto-12-en-el-global-big-day\/","name":"Huila, puesto 12 en el Global Big Day -","isPartOf":{"@id":"https:\/\/luchonoticias.com\/editor\/#website"},"primaryImageOfPage":{"@id":"https:\/\/luchonoticias.com\/editor\/huila-puesto-12-en-el-global-big-day\/#primaryimage"},"image":{"@id":"https:\/\/luchonoticias.com\/editor\/huila-puesto-12-en-el-global-big-day\/#primaryimage"},"thumbnailUrl":"https:\/\/luchonoticias.com\/editor\/wp-content\/uploads\/2024\/05\/aves-4.jpg","datePublished":"2024-05-17T19:08:36+00:00","breadcrumb":{"@id":"https:\/\/luchonoticias.com\/editor\/huila-puesto-12-en-el-global-big-day\/#breadcrumb"},"inLanguage":"es","potentialAction":[{"@type":"ReadAction","target":["https:\/\/luchonoticias.com\/editor\/huila-puesto-12-en-el-global-big-day\/"]}]},{"@type":"ImageObject","inLanguage":"es","@id":"https:\/\/luchonoticias.com\/editor\/huila-puesto-12-en-el-global-big-day\/#primaryimage","url":"https:\/\/luchonoticias.com\/editor\/wp-content\/uploads\/2024\/05\/aves-4.jpg","contentUrl":"https:\/\/luchonoticias.com\/editor\/wp-content\/uploads\/2024\/05\/aves-4.jpg","width":700,"height":400},{"@type":"BreadcrumbList","@id":"https:\/\/luchonoticias.com\/editor\/huila-puesto-12-en-el-global-big-day\/#breadcrumb","itemListElement":[{"@type":"ListItem","position":1,"name":"Portada","item":"https:\/\/luchonoticias.com\/editor\/"},{"@type":"ListItem","position":2,"name":"Huila, puesto 12 en el Global Big Day"}]},{"@type":"WebSite","@id":"https:\/\/luchonoticias.com\/editor\/#website","url":"https:\/\/luchonoticias.com\/editor\/","name":"","description":"","publisher":{"@id":"https:\/\/luchonoticias.com\/editor\/#\/schema\/person\/7a7fd911f58561fd056dbac7b55af9cd"},"potentialAction":[{"@type":"SearchAction","target":{"@type":"EntryPoint","urlTemplate":"https:\/\/luchonoticias.com\/editor\/?s={search_term_string}"},"query-input":{"@type":"PropertyValueSpecification","valueRequired":true,"valueName":"search_term_string"}}],"inLanguage":"es"},{"@type":["Person","Organization"],"@id":"https:\/\/luchonoticias.com\/editor\/#\/schema\/person\/7a7fd911f58561fd056dbac7b55af9cd","name":"admin","image":{"@type":"ImageObject","inLanguage":"es","@id":"https:\/\/luchonoticias.com\/editor\/#\/schema\/person\/image\/","url":"https:\/\/luchonoticias.com\/editor\/wp-content\/uploads\/2024\/02\/cropped-cropped-logolu.webp","contentUrl":"https:\/\/luchonoticias.com\/editor\/wp-content\/uploads\/2024\/02\/cropped-cropped-logolu.webp","width":382,"height":170,"caption":"admin"},"logo":{"@id":"https:\/\/luchonoticias.com\/editor\/#\/schema\/person\/image\/"},"sameAs":["https:\/\/www.facebook.com\/luchonoticiasneiva"]},{"@type":"Person","@id":"https:\/\/luchonoticias.com\/editor\/#\/schema\/person\/29217990ddf6f14e35912b2866d591fb","name":"Editor General","image":{"@type":"ImageObject","inLanguage":"es","@id":"https:\/\/luchonoticias.com\/editor\/#\/schema\/person\/image\/","url":"https:\/\/luchonoticias.com\/editor\/wp-content\/uploads\/2024\/02\/cropped-cropped-logolu-150x150.webp","contentUrl":"https:\/\/luchonoticias.com\/editor\/wp-content\/uploads\/2024\/02\/cropped-cropped-logolu-150x150.webp","caption":"Editor General"},"sameAs":["https:\/\/luchonoticias.com\/"],"url":"https:\/\/luchonoticias.com\/editor\/author\/editor-general\/"}]}},"_links":{"self":[{"href":"https:\/\/luchonoticias.com\/editor\/wp-json\/wp\/v2\/posts\/73168","targetHints":{"allow":["GET"]}}],"collection":[{"href":"https:\/\/luchonoticias.com\/editor\/wp-json\/wp\/v2\/posts"}],"about":[{"href":"https:\/\/luchonoticias.com\/editor\/wp-json\/wp\/v2\/types\/post"}],"author":[{"embeddable":true,"href":"https:\/\/luchonoticias.com\/editor\/wp-json\/wp\/v2\/users\/2"}],"replies":[{"embeddable":true,"href":"https:\/\/luchonoticias.com\/editor\/wp-json\/wp\/v2\/comments?post=73168"}],"version-history":[{"count":0,"href":"https:\/\/luchonoticias.com\/editor\/wp-json\/wp\/v2\/posts\/73168\/revisions"}],"wp:featuredmedia":[{"embeddable":true,"href":"https:\/\/luchonoticias.com\/editor\/wp-json\/wp\/v2\/media\/73169"}],"wp:attachment":[{"href":"https:\/\/luchonoticias.com\/editor\/wp-json\/wp\/v2\/media?parent=73168"}],"wp:term":[{"taxonomy":"category","embeddable":true,"href":"https:\/\/luchonoticias.com\/editor\/wp-json\/wp\/v2\/categories?post=73168"},{"taxonomy":"post_tag","embeddable":true,"href":"https:\/\/luchonoticias.com\/editor\/wp-json\/wp\/v2\/tags?post=73168"}],"curies":[{"name":"wp","href":"https:\/\/api.w.org\/{rel}","templated":true}]}}