{"id":73174,"date":"2024-05-17T15:49:37","date_gmt":"2024-05-17T20:49:37","guid":{"rendered":"https:\/\/luchonoticias.com\/?p=73174"},"modified":"2024-05-17T15:49:37","modified_gmt":"2024-05-17T20:49:37","slug":"jornada-contra-el-dengue-en-la-comuna-nueve","status":"publish","type":"post","link":"https:\/\/luchonoticias.com\/editor\/jornada-contra-el-dengue-en-la-comuna-nueve\/","title":{"rendered":"Jornada contra el dengue en la Comuna Nueve"},"content":{"rendered":"<p>Con la intervenci\u00f3n de algunos barrios de la comuna Nueve, como Jos\u00e9 Mar\u00eda Carbonell, Alberto Galindo y asentamientos como Villa Magdalena, entre otros, se realizaron las actividades de inspecci\u00f3n, vigilancia y control del dengue, que la Alcald\u00eda de Neiva, a trav\u00e9s de la Secretar\u00eda de Salud, realiza en el desarrollo de la campa\u00f1a \u2018Todos Contra el dengue\u2019, la cual tiene como prop\u00f3sito reducir la presencia del zancudo, Aedes aegypti, en esta zona de la ciudad.<\/p>\n<p>\u201cNos fue muy bien en la jornada, se hizo vacunaci\u00f3n antirr\u00e1bica a 364 mascotas, se recolectaron 349 llantas que promedian entre 800 y 900 Kilos de este material contaminante y foco de zancudos para darles disposici\u00f3n final, y se entregaron 100 toldillos impregnados con insecticida en el barrio Villa Magdalena, impactando en los barrios, Alberto Galindo, Carbonell, Eduardo Santos, Asentamientos Villa Magdalena y Dolcey Andrade\u00bb, puntualiz\u00f3 la secretaria de Salud Lilibet Galv\u00e1n.<\/p>\n<p>En la jornada se logr\u00f3 inspeccionar 399 viviendas y educar a 494 personas, contando con el apoyo de todo el personal de la Secretar\u00eda de Salud, en un trabajo conjunto con instituciones como Cesalud, Universidad Antonio Nari\u00f1o, la Escuela San Pedro Claver, el Batall\u00f3n de Ingenieros de Desminado N. \u00b05 y la ESE Carmen Emilia Ospina, en la que se ofrecieron los servicios de consulta m\u00e9dica, salud oral, control de crecimiento y desarrollo en la Unidad M\u00f3vil.<\/p>\n<p>Las comunas m\u00e1s afectadas por la presencia del zancudo Aedes aegypti, principal transmisor del dengue, siguen siendo las comunas Uno, Dos, Seis, Ocho, Nueve y Diez, sumando un total de 4586 casos en la ciudad de Neiva.<\/p>\n<p>Estas estrategias e intervenciones se continuar\u00e1n realizando para socializar con los neivanos la importancia de eliminar los criaderos de zancudos, el correcto lavado de albercas y tanques, y el uso de toldillos en zonas con m\u00e1s presencia del vector de la enfermedad.<\/p>\n","protected":false},"excerpt":{"rendered":"<p>Con la intervenci\u00f3n de algunos barrios de la comuna Nueve, como Jos\u00e9 Mar\u00eda Carbonell, Alberto Galindo y asentamientos como Villa Magdalena, entre otros, se realizaron las actividades de inspecci\u00f3n, vigilancia y control del dengue, que la Alcald\u00eda de Neiva, a trav\u00e9s de la Secretar\u00eda de Salud, realiza en el desarrollo de la campa\u00f1a \u2018Todos Contra [&hellip;]<\/p>\n","protected":false},"author":2,"featured_media":73175,"comment_status":"closed","ping_status":"open","sticky":false,"template":"","format":"standard","meta":{"footnotes":""},"categories":[31],"tags":[],"class_list":["post-73174","post","type-post","status-publish","format-standard","has-post-thumbnail","hentry","category-local"],"yoast_head":"<!-- This site is optimized with the Yoast SEO plugin v26.6 - https:\/\/yoast.com\/wordpress\/plugins\/seo\/ -->\n<title>Jornada contra el dengue en la Comuna Nueve -<\/title>\n<meta name=\"robots\" content=\"index, follow, max-snippet:-1, max-image-preview:large, max-video-preview:-1\" \/>\n<link rel=\"canonical\" href=\"https:\/\/luchonoticias.com\/editor\/jornada-contra-el-dengue-en-la-comuna-nueve\/\" \/>\n<meta property=\"og:locale\" content=\"es_ES\" \/>\n<meta property=\"og:type\" content=\"article\" \/>\n<meta property=\"og:title\" content=\"Jornada contra el dengue en la Comuna Nueve -\" \/>\n<meta property=\"og:url\" content=\"https:\/\/luchonoticias.com\/editor\/jornada-contra-el-dengue-en-la-comuna-nueve\/\" \/>\n<meta property=\"article:publisher\" content=\"https:\/\/www.facebook.com\/luchonoticiasneiva\" \/>\n<meta property=\"article:published_time\" content=\"2024-05-17T20:49:37+00:00\" \/>\n<meta property=\"og:image\" content=\"https:\/\/luchonoticias.com\/editor\/wp-content\/uploads\/2024\/05\/dengue-1.jpg\" \/>\n\t<meta property=\"og:image:width\" content=\"700\" \/>\n\t<meta property=\"og:image:height\" content=\"400\" \/>\n\t<meta property=\"og:image:type\" content=\"image\/jpeg\" \/>\n<meta name=\"author\" content=\"Editor General\" \/>\n<meta name=\"twitter:card\" content=\"summary_large_image\" \/>\n<meta name=\"twitter:label1\" content=\"Escrito por\" \/>\n\t<meta name=\"twitter:data1\" content=\"Editor General\" \/>\n\t<meta name=\"twitter:label2\" content=\"Tiempo de lectura\" \/>\n\t<meta name=\"twitter:data2\" content=\"2 minutos\" \/>\n<script type=\"application\/ld+json\" class=\"yoast-schema-graph\">{\"@context\":\"https:\/\/schema.org\",\"@graph\":[{\"@type\":\"Article\",\"@id\":\"https:\/\/luchonoticias.com\/editor\/jornada-contra-el-dengue-en-la-comuna-nueve\/#article\",\"isPartOf\":{\"@id\":\"https:\/\/luchonoticias.com\/editor\/jornada-contra-el-dengue-en-la-comuna-nueve\/\"},\"author\":{\"name\":\"Editor General\",\"@id\":\"https:\/\/luchonoticias.com\/editor\/#\/schema\/person\/29217990ddf6f14e35912b2866d591fb\"},\"headline\":\"Jornada contra el dengue en la Comuna Nueve\",\"datePublished\":\"2024-05-17T20:49:37+00:00\",\"mainEntityOfPage\":{\"@id\":\"https:\/\/luchonoticias.com\/editor\/jornada-contra-el-dengue-en-la-comuna-nueve\/\"},\"wordCount\":322,\"publisher\":{\"@id\":\"https:\/\/luchonoticias.com\/editor\/#\/schema\/person\/7a7fd911f58561fd056dbac7b55af9cd\"},\"image\":{\"@id\":\"https:\/\/luchonoticias.com\/editor\/jornada-contra-el-dengue-en-la-comuna-nueve\/#primaryimage\"},\"thumbnailUrl\":\"https:\/\/luchonoticias.com\/editor\/wp-content\/uploads\/2024\/05\/dengue-1.jpg\",\"articleSection\":[\"Local\"],\"inLanguage\":\"es\"},{\"@type\":\"WebPage\",\"@id\":\"https:\/\/luchonoticias.com\/editor\/jornada-contra-el-dengue-en-la-comuna-nueve\/\",\"url\":\"https:\/\/luchonoticias.com\/editor\/jornada-contra-el-dengue-en-la-comuna-nueve\/\",\"name\":\"Jornada contra el dengue en la Comuna Nueve -\",\"isPartOf\":{\"@id\":\"https:\/\/luchonoticias.com\/editor\/#website\"},\"primaryImageOfPage\":{\"@id\":\"https:\/\/luchonoticias.com\/editor\/jornada-contra-el-dengue-en-la-comuna-nueve\/#primaryimage\"},\"image\":{\"@id\":\"https:\/\/luchonoticias.com\/editor\/jornada-contra-el-dengue-en-la-comuna-nueve\/#primaryimage\"},\"thumbnailUrl\":\"https:\/\/luchonoticias.com\/editor\/wp-content\/uploads\/2024\/05\/dengue-1.jpg\",\"datePublished\":\"2024-05-17T20:49:37+00:00\",\"breadcrumb\":{\"@id\":\"https:\/\/luchonoticias.com\/editor\/jornada-contra-el-dengue-en-la-comuna-nueve\/#breadcrumb\"},\"inLanguage\":\"es\",\"potentialAction\":[{\"@type\":\"ReadAction\",\"target\":[\"https:\/\/luchonoticias.com\/editor\/jornada-contra-el-dengue-en-la-comuna-nueve\/\"]}]},{\"@type\":\"ImageObject\",\"inLanguage\":\"es\",\"@id\":\"https:\/\/luchonoticias.com\/editor\/jornada-contra-el-dengue-en-la-comuna-nueve\/#primaryimage\",\"url\":\"https:\/\/luchonoticias.com\/editor\/wp-content\/uploads\/2024\/05\/dengue-1.jpg\",\"contentUrl\":\"https:\/\/luchonoticias.com\/editor\/wp-content\/uploads\/2024\/05\/dengue-1.jpg\",\"width\":700,\"height\":400},{\"@type\":\"BreadcrumbList\",\"@id\":\"https:\/\/luchonoticias.com\/editor\/jornada-contra-el-dengue-en-la-comuna-nueve\/#breadcrumb\",\"itemListElement\":[{\"@type\":\"ListItem\",\"position\":1,\"name\":\"Portada\",\"item\":\"https:\/\/luchonoticias.com\/editor\/\"},{\"@type\":\"ListItem\",\"position\":2,\"name\":\"Jornada contra el dengue en la Comuna Nueve\"}]},{\"@type\":\"WebSite\",\"@id\":\"https:\/\/luchonoticias.com\/editor\/#website\",\"url\":\"https:\/\/luchonoticias.com\/editor\/\",\"name\":\"\",\"description\":\"\",\"publisher\":{\"@id\":\"https:\/\/luchonoticias.com\/editor\/#\/schema\/person\/7a7fd911f58561fd056dbac7b55af9cd\"},\"potentialAction\":[{\"@type\":\"SearchAction\",\"target\":{\"@type\":\"EntryPoint\",\"urlTemplate\":\"https:\/\/luchonoticias.com\/editor\/?s={search_term_string}\"},\"query-input\":{\"@type\":\"PropertyValueSpecification\",\"valueRequired\":true,\"valueName\":\"search_term_string\"}}],\"inLanguage\":\"es\"},{\"@type\":[\"Person\",\"Organization\"],\"@id\":\"https:\/\/luchonoticias.com\/editor\/#\/schema\/person\/7a7fd911f58561fd056dbac7b55af9cd\",\"name\":\"admin\",\"image\":{\"@type\":\"ImageObject\",\"inLanguage\":\"es\",\"@id\":\"https:\/\/luchonoticias.com\/editor\/#\/schema\/person\/image\/\",\"url\":\"https:\/\/luchonoticias.com\/editor\/wp-content\/uploads\/2024\/02\/cropped-cropped-logolu.webp\",\"contentUrl\":\"https:\/\/luchonoticias.com\/editor\/wp-content\/uploads\/2024\/02\/cropped-cropped-logolu.webp\",\"width\":382,\"height\":170,\"caption\":\"admin\"},\"logo\":{\"@id\":\"https:\/\/luchonoticias.com\/editor\/#\/schema\/person\/image\/\"},\"sameAs\":[\"https:\/\/www.facebook.com\/luchonoticiasneiva\"]},{\"@type\":\"Person\",\"@id\":\"https:\/\/luchonoticias.com\/editor\/#\/schema\/person\/29217990ddf6f14e35912b2866d591fb\",\"name\":\"Editor General\",\"image\":{\"@type\":\"ImageObject\",\"inLanguage\":\"es\",\"@id\":\"https:\/\/luchonoticias.com\/editor\/#\/schema\/person\/image\/\",\"url\":\"https:\/\/luchonoticias.com\/editor\/wp-content\/uploads\/2024\/02\/cropped-cropped-logolu-150x150.webp\",\"contentUrl\":\"https:\/\/luchonoticias.com\/editor\/wp-content\/uploads\/2024\/02\/cropped-cropped-logolu-150x150.webp\",\"caption\":\"Editor General\"},\"sameAs\":[\"https:\/\/luchonoticias.com\/\"],\"url\":\"https:\/\/luchonoticias.com\/editor\/author\/editor-general\/\"}]}<\/script>\n<!-- \/ Yoast SEO plugin. -->","yoast_head_json":{"title":"Jornada contra el dengue en la Comuna Nueve -","robots":{"index":"index","follow":"follow","max-snippet":"max-snippet:-1","max-image-preview":"max-image-preview:large","max-video-preview":"max-video-preview:-1"},"canonical":"https:\/\/luchonoticias.com\/editor\/jornada-contra-el-dengue-en-la-comuna-nueve\/","og_locale":"es_ES","og_type":"article","og_title":"Jornada contra el dengue en la Comuna Nueve -","og_url":"https:\/\/luchonoticias.com\/editor\/jornada-contra-el-dengue-en-la-comuna-nueve\/","article_publisher":"https:\/\/www.facebook.com\/luchonoticiasneiva","article_published_time":"2024-05-17T20:49:37+00:00","og_image":[{"width":700,"height":400,"url":"https:\/\/luchonoticias.com\/editor\/wp-content\/uploads\/2024\/05\/dengue-1.jpg","type":"image\/jpeg"}],"author":"Editor General","twitter_card":"summary_large_image","twitter_misc":{"Escrito por":"Editor General","Tiempo de lectura":"2 minutos"},"schema":{"@context":"https:\/\/schema.org","@graph":[{"@type":"Article","@id":"https:\/\/luchonoticias.com\/editor\/jornada-contra-el-dengue-en-la-comuna-nueve\/#article","isPartOf":{"@id":"https:\/\/luchonoticias.com\/editor\/jornada-contra-el-dengue-en-la-comuna-nueve\/"},"author":{"name":"Editor General","@id":"https:\/\/luchonoticias.com\/editor\/#\/schema\/person\/29217990ddf6f14e35912b2866d591fb"},"headline":"Jornada contra el dengue en la Comuna Nueve","datePublished":"2024-05-17T20:49:37+00:00","mainEntityOfPage":{"@id":"https:\/\/luchonoticias.com\/editor\/jornada-contra-el-dengue-en-la-comuna-nueve\/"},"wordCount":322,"publisher":{"@id":"https:\/\/luchonoticias.com\/editor\/#\/schema\/person\/7a7fd911f58561fd056dbac7b55af9cd"},"image":{"@id":"https:\/\/luchonoticias.com\/editor\/jornada-contra-el-dengue-en-la-comuna-nueve\/#primaryimage"},"thumbnailUrl":"https:\/\/luchonoticias.com\/editor\/wp-content\/uploads\/2024\/05\/dengue-1.jpg","articleSection":["Local"],"inLanguage":"es"},{"@type":"WebPage","@id":"https:\/\/luchonoticias.com\/editor\/jornada-contra-el-dengue-en-la-comuna-nueve\/","url":"https:\/\/luchonoticias.com\/editor\/jornada-contra-el-dengue-en-la-comuna-nueve\/","name":"Jornada contra el dengue en la Comuna Nueve -","isPartOf":{"@id":"https:\/\/luchonoticias.com\/editor\/#website"},"primaryImageOfPage":{"@id":"https:\/\/luchonoticias.com\/editor\/jornada-contra-el-dengue-en-la-comuna-nueve\/#primaryimage"},"image":{"@id":"https:\/\/luchonoticias.com\/editor\/jornada-contra-el-dengue-en-la-comuna-nueve\/#primaryimage"},"thumbnailUrl":"https:\/\/luchonoticias.com\/editor\/wp-content\/uploads\/2024\/05\/dengue-1.jpg","datePublished":"2024-05-17T20:49:37+00:00","breadcrumb":{"@id":"https:\/\/luchonoticias.com\/editor\/jornada-contra-el-dengue-en-la-comuna-nueve\/#breadcrumb"},"inLanguage":"es","potentialAction":[{"@type":"ReadAction","target":["https:\/\/luchonoticias.com\/editor\/jornada-contra-el-dengue-en-la-comuna-nueve\/"]}]},{"@type":"ImageObject","inLanguage":"es","@id":"https:\/\/luchonoticias.com\/editor\/jornada-contra-el-dengue-en-la-comuna-nueve\/#primaryimage","url":"https:\/\/luchonoticias.com\/editor\/wp-content\/uploads\/2024\/05\/dengue-1.jpg","contentUrl":"https:\/\/luchonoticias.com\/editor\/wp-content\/uploads\/2024\/05\/dengue-1.jpg","width":700,"height":400},{"@type":"BreadcrumbList","@id":"https:\/\/luchonoticias.com\/editor\/jornada-contra-el-dengue-en-la-comuna-nueve\/#breadcrumb","itemListElement":[{"@type":"ListItem","position":1,"name":"Portada","item":"https:\/\/luchonoticias.com\/editor\/"},{"@type":"ListItem","position":2,"name":"Jornada contra el dengue en la Comuna Nueve"}]},{"@type":"WebSite","@id":"https:\/\/luchonoticias.com\/editor\/#website","url":"https:\/\/luchonoticias.com\/editor\/","name":"","description":"","publisher":{"@id":"https:\/\/luchonoticias.com\/editor\/#\/schema\/person\/7a7fd911f58561fd056dbac7b55af9cd"},"potentialAction":[{"@type":"SearchAction","target":{"@type":"EntryPoint","urlTemplate":"https:\/\/luchonoticias.com\/editor\/?s={search_term_string}"},"query-input":{"@type":"PropertyValueSpecification","valueRequired":true,"valueName":"search_term_string"}}],"inLanguage":"es"},{"@type":["Person","Organization"],"@id":"https:\/\/luchonoticias.com\/editor\/#\/schema\/person\/7a7fd911f58561fd056dbac7b55af9cd","name":"admin","image":{"@type":"ImageObject","inLanguage":"es","@id":"https:\/\/luchonoticias.com\/editor\/#\/schema\/person\/image\/","url":"https:\/\/luchonoticias.com\/editor\/wp-content\/uploads\/2024\/02\/cropped-cropped-logolu.webp","contentUrl":"https:\/\/luchonoticias.com\/editor\/wp-content\/uploads\/2024\/02\/cropped-cropped-logolu.webp","width":382,"height":170,"caption":"admin"},"logo":{"@id":"https:\/\/luchonoticias.com\/editor\/#\/schema\/person\/image\/"},"sameAs":["https:\/\/www.facebook.com\/luchonoticiasneiva"]},{"@type":"Person","@id":"https:\/\/luchonoticias.com\/editor\/#\/schema\/person\/29217990ddf6f14e35912b2866d591fb","name":"Editor General","image":{"@type":"ImageObject","inLanguage":"es","@id":"https:\/\/luchonoticias.com\/editor\/#\/schema\/person\/image\/","url":"https:\/\/luchonoticias.com\/editor\/wp-content\/uploads\/2024\/02\/cropped-cropped-logolu-150x150.webp","contentUrl":"https:\/\/luchonoticias.com\/editor\/wp-content\/uploads\/2024\/02\/cropped-cropped-logolu-150x150.webp","caption":"Editor General"},"sameAs":["https:\/\/luchonoticias.com\/"],"url":"https:\/\/luchonoticias.com\/editor\/author\/editor-general\/"}]}},"_links":{"self":[{"href":"https:\/\/luchonoticias.com\/editor\/wp-json\/wp\/v2\/posts\/73174","targetHints":{"allow":["GET"]}}],"collection":[{"href":"https:\/\/luchonoticias.com\/editor\/wp-json\/wp\/v2\/posts"}],"about":[{"href":"https:\/\/luchonoticias.com\/editor\/wp-json\/wp\/v2\/types\/post"}],"author":[{"embeddable":true,"href":"https:\/\/luchonoticias.com\/editor\/wp-json\/wp\/v2\/users\/2"}],"replies":[{"embeddable":true,"href":"https:\/\/luchonoticias.com\/editor\/wp-json\/wp\/v2\/comments?post=73174"}],"version-history":[{"count":0,"href":"https:\/\/luchonoticias.com\/editor\/wp-json\/wp\/v2\/posts\/73174\/revisions"}],"wp:featuredmedia":[{"embeddable":true,"href":"https:\/\/luchonoticias.com\/editor\/wp-json\/wp\/v2\/media\/73175"}],"wp:attachment":[{"href":"https:\/\/luchonoticias.com\/editor\/wp-json\/wp\/v2\/media?parent=73174"}],"wp:term":[{"taxonomy":"category","embeddable":true,"href":"https:\/\/luchonoticias.com\/editor\/wp-json\/wp\/v2\/categories?post=73174"},{"taxonomy":"post_tag","embeddable":true,"href":"https:\/\/luchonoticias.com\/editor\/wp-json\/wp\/v2\/tags?post=73174"}],"curies":[{"name":"wp","href":"https:\/\/api.w.org\/{rel}","templated":true}]}}