{"id":73177,"date":"2024-05-17T18:06:10","date_gmt":"2024-05-17T23:06:10","guid":{"rendered":"https:\/\/luchonoticias.com\/?p=73177"},"modified":"2024-05-17T18:06:10","modified_gmt":"2024-05-17T23:06:10","slug":"en-busca-de-las-compensaciones-por-el-quimbo","status":"publish","type":"post","link":"https:\/\/luchonoticias.com\/editor\/en-busca-de-las-compensaciones-por-el-quimbo\/","title":{"rendered":"En busca de las compensaciones por El Quimbo"},"content":{"rendered":"<p>El gobernador del Huila Rodrigo Villalba Mosquera, la viceministra de Ordenamiento Ambiental del Territorio, Lilia Tatiana Roa, congresistas huilenses, junto con otros importantes actores del orden departamental y nacional, participaron de una jornada de trabajo en torno al cumplimiento de obligaciones consignadas en la licencia ambiental del proyecto hidroel\u00e9ctrico El Quimbo.<\/p>\n<p>Durante este ejercicio promovido por la C\u00e1mara de Representantes y desarrollado en la Biblioteca Departamental Olegario Rivera, fueron instaladas 3 mesas de trabajo, la primera en torno a las Obligaciones Ambientales, la segunda frente a la Recuperaci\u00f3n de Capacidad Productiva, y la tercera frente a la infraestructura.<\/p>\n<p>Para el gobernador del Huila Rodrigo Villalba Mosquera, se ha venido adelantando un trabajo articulado, liderado por congresistas huilenses, con el prop\u00f3sito de exigir el cumplimiento de obligaciones por parte de la multinacional Emgesa, y hoy existe una coyuntura especial con una posici\u00f3n de gobierno m\u00e1s consecuente con lo acordado en la licencia ambiental.<\/p>\n<p>\u201cHace una a\u00f1o en la audiencia de la comisi\u00f3n quinta de la C\u00e1mara de Representantes, vimos claramente la posici\u00f3n del gobierno que es distinta, m\u00e1s consecuente con lo pactado, con lo acordado en los compromisos compensatorios, que con lo que ocurr\u00eda antes con la ANLA que era permisiva y de alguna manera alcahuete con la multinacional, entonces yo creo que ahora hay una posici\u00f3n m\u00e1s neutral, m\u00e1s fuerte del gobierno nacional, es una coyuntura buena para que todos los actores busquemos c\u00f3mo se le pone punto final a este cap\u00edtulo de El Quimbo, que es el cumplimiento de las compensaciones, hoy nos reunimos con todo el equipo de la viceministra de Ordenamiento Ambiental del Territorio, Lilia Tatiana Roa, y vimos todos la necesidad de acelerar las soluciones, inclusive con algunas dosis de pragmatismo y vamos a ver c\u00f3mo somos capaces de entender la coyuntura para ponerle punto final a esta etapa compensatoria sobre la represa El Quimbo\u201d, concluy\u00f3 el mandatario de los huilenses.<\/p>\n<p>En el desarrollo de esta instancia de participaci\u00f3n, igualmente se expres\u00f3 de manera virtual la Ministra de Ambiente y Desarrollo Sostenible, Mar\u00eda Susana Muhamad, quien reiter\u00f3 el compromiso del gobierno nacional, en exigir a la multinacional Emgesa el cumplimiento de las compensaciones, frente al impacto social, ambiental y econ\u00f3mico, por la construcci\u00f3n de proyecto hidroel\u00e9ctrico El Quimbo.<\/p>\n<p>\u201cA la institucionalidad que si bien ayer hubo un taller donde pudimos decir transparentemente donde estamos, el ritmo de este proceso tiene que acelerarse, tenemos que consolidar los objetivos que nos propusimos, y que sea esta una oportunidad de trabajo en conjunto con ustedes a pesar de los puntos donde hay diferencia para que avancemos sustancialmente ya no es tiempo cuando vamos a llegar a la mitad del per\u00edodo de gobierno de seguir dando vueltas, es hora de actuar, decidir, y cerrar temas aqu\u00ed lo importante es que podamos cumplir con los municipios, con las personas, con la regi\u00f3n, y que cada uno de los actores asuman las responsabilidades que deben asumir, el objetivo com\u00fan de todos es hacer justicia ambiental en el territorio, y que esto no se convierta en un lastre sino es una oportunidad de avanzar en temas que tambi\u00e9n son importantes para la regi\u00f3n como la reforma agraria\u201d, indic\u00f3 la ministra de Ambiente y Desarrollo Sostenible.<\/p>\n<p><strong>Decisiones y avances propuestos por el Gobierno Nacional<\/strong><\/p>\n<p>Durante esta mesa de trabajo la viceministra de Ordenamiento Ambiental del Territorio, Lilia Tatiana Roa, dio a conocer las decisiones y avances propuestos desde esa cartera ministerial, en seis temas puntuales.<\/p>\n<p>1. Expedir un acto administrativo que formalice la mesa para hacer seguimiento al cumplimiento de la licencia ambiental, que debe contar con participaci\u00f3n social.<\/p>\n<p>2. Generar un proceso de evaluaci\u00f3n ambiental p\u00fablico de los impactos del proyecto, con el trabajo articulado del IDEAM, y el Instituto Humboldt en par\u00e1metros como calidad del agua, y monitoreo de flora y fauna.<\/p>\n<p>3. Elaborar un estudio ambiental de impactos acumulativos de la Represa El Quimbo, y Betania, para conocer el estado de los ecosistemas, a trav\u00e9s del Sistema Nacional Ambiental.<\/p>\n<p>4. Revisar el decreto de \u00e1reas de influencia de las hidroel\u00e9ctricas frente a impactos ambientales.<\/p>\n<p>5. Actualizar los caudales ecol\u00f3gicos m\u00ednimos en las cuencas y el protocolo de apertura y cierre de compuertas.<\/p>\n<p>6. Realizar una audiencia p\u00fablica Ambiental en territorio, para hacer expl\u00edcitos, el plan de contingencia, las compensaciones ambientales, y la inversi\u00f3n del 1%.<br \/>\nFinalmente el senador Huilense Carlos Julio Gonz\u00e1lez Villa, sostuvo que de acuerdo al m\u00e1s reciente informe sobre el proyecto hidroel\u00e9ctrico El Quimbo, por parte de la Contralor\u00eda General de la Rep\u00fablica, queda evidenciado que por a\u00f1os la Autoridad Nacional de Licencias Ambientales \u2013 ANLA, fue c\u00f3mplice de muchos de los abusos que se cometieron contra el departamento, donde solo han existido excusas, argumentos, y dilaciones frente a los compromisos pactados, en detrimento de la calidad de vida de las comunidades.<\/p>\n<p>De esta importante mesa de trabajo participaron los congresistas, Florita Perdomo, Leyla Marleny Rinc\u00f3n, Carlos Julio Gonz\u00e1lez Villa, entidades como la Agencia Nacional de Licencias Ambientales \u2013 ANLA, Corporaci\u00f3n Aut\u00f3noma Regional del Alto Magdalena \u2013 CAM, IDEAM, Comit\u00e9 de Ganaderos del Huila, veedur\u00edas ciudadanas, y representantes de las comunidades afectadas por el proyecto hidroel\u00e9ctrico El Quimbo.<\/p>\n","protected":false},"excerpt":{"rendered":"<p>El gobernador del Huila Rodrigo Villalba Mosquera, la viceministra de Ordenamiento Ambiental del Territorio, Lilia Tatiana Roa, congresistas huilenses, junto con otros importantes actores del orden departamental y nacional, participaron de una jornada de trabajo en torno al cumplimiento de obligaciones consignadas en la licencia ambiental del proyecto hidroel\u00e9ctrico El Quimbo. Durante este ejercicio promovido [&hellip;]<\/p>\n","protected":false},"author":2,"featured_media":73178,"comment_status":"closed","ping_status":"open","sticky":false,"template":"","format":"standard","meta":{"footnotes":""},"categories":[33],"tags":[],"class_list":["post-73177","post","type-post","status-publish","format-standard","has-post-thumbnail","hentry","category-huila"],"yoast_head":"<!-- This site is optimized with the Yoast SEO plugin v26.6 - https:\/\/yoast.com\/wordpress\/plugins\/seo\/ -->\n<title>En busca de las compensaciones por El Quimbo -<\/title>\n<meta name=\"robots\" content=\"index, follow, max-snippet:-1, max-image-preview:large, max-video-preview:-1\" \/>\n<link rel=\"canonical\" href=\"https:\/\/luchonoticias.com\/editor\/en-busca-de-las-compensaciones-por-el-quimbo\/\" \/>\n<meta property=\"og:locale\" content=\"es_ES\" \/>\n<meta property=\"og:type\" content=\"article\" \/>\n<meta property=\"og:title\" content=\"En busca de las compensaciones por El Quimbo -\" \/>\n<meta property=\"og:url\" content=\"https:\/\/luchonoticias.com\/editor\/en-busca-de-las-compensaciones-por-el-quimbo\/\" \/>\n<meta property=\"article:publisher\" content=\"https:\/\/www.facebook.com\/luchonoticiasneiva\" \/>\n<meta property=\"article:published_time\" content=\"2024-05-17T23:06:10+00:00\" \/>\n<meta property=\"og:image\" content=\"https:\/\/luchonoticias.com\/editor\/wp-content\/uploads\/2024\/05\/el-quimbo.jpg\" \/>\n\t<meta property=\"og:image:width\" content=\"700\" \/>\n\t<meta property=\"og:image:height\" content=\"400\" \/>\n\t<meta property=\"og:image:type\" content=\"image\/jpeg\" \/>\n<meta name=\"author\" content=\"Editor General\" \/>\n<meta name=\"twitter:card\" content=\"summary_large_image\" \/>\n<meta name=\"twitter:label1\" content=\"Escrito por\" \/>\n\t<meta name=\"twitter:data1\" content=\"Editor General\" \/>\n\t<meta name=\"twitter:label2\" content=\"Tiempo de lectura\" \/>\n\t<meta name=\"twitter:data2\" content=\"4 minutos\" \/>\n<script type=\"application\/ld+json\" class=\"yoast-schema-graph\">{\"@context\":\"https:\/\/schema.org\",\"@graph\":[{\"@type\":\"Article\",\"@id\":\"https:\/\/luchonoticias.com\/editor\/en-busca-de-las-compensaciones-por-el-quimbo\/#article\",\"isPartOf\":{\"@id\":\"https:\/\/luchonoticias.com\/editor\/en-busca-de-las-compensaciones-por-el-quimbo\/\"},\"author\":{\"name\":\"Editor General\",\"@id\":\"https:\/\/luchonoticias.com\/editor\/#\/schema\/person\/29217990ddf6f14e35912b2866d591fb\"},\"headline\":\"En busca de las compensaciones por El Quimbo\",\"datePublished\":\"2024-05-17T23:06:10+00:00\",\"mainEntityOfPage\":{\"@id\":\"https:\/\/luchonoticias.com\/editor\/en-busca-de-las-compensaciones-por-el-quimbo\/\"},\"wordCount\":899,\"publisher\":{\"@id\":\"https:\/\/luchonoticias.com\/editor\/#\/schema\/person\/7a7fd911f58561fd056dbac7b55af9cd\"},\"image\":{\"@id\":\"https:\/\/luchonoticias.com\/editor\/en-busca-de-las-compensaciones-por-el-quimbo\/#primaryimage\"},\"thumbnailUrl\":\"https:\/\/luchonoticias.com\/editor\/wp-content\/uploads\/2024\/05\/el-quimbo.jpg\",\"articleSection\":[\"Huila\"],\"inLanguage\":\"es\"},{\"@type\":\"WebPage\",\"@id\":\"https:\/\/luchonoticias.com\/editor\/en-busca-de-las-compensaciones-por-el-quimbo\/\",\"url\":\"https:\/\/luchonoticias.com\/editor\/en-busca-de-las-compensaciones-por-el-quimbo\/\",\"name\":\"En busca de las compensaciones por El Quimbo -\",\"isPartOf\":{\"@id\":\"https:\/\/luchonoticias.com\/editor\/#website\"},\"primaryImageOfPage\":{\"@id\":\"https:\/\/luchonoticias.com\/editor\/en-busca-de-las-compensaciones-por-el-quimbo\/#primaryimage\"},\"image\":{\"@id\":\"https:\/\/luchonoticias.com\/editor\/en-busca-de-las-compensaciones-por-el-quimbo\/#primaryimage\"},\"thumbnailUrl\":\"https:\/\/luchonoticias.com\/editor\/wp-content\/uploads\/2024\/05\/el-quimbo.jpg\",\"datePublished\":\"2024-05-17T23:06:10+00:00\",\"breadcrumb\":{\"@id\":\"https:\/\/luchonoticias.com\/editor\/en-busca-de-las-compensaciones-por-el-quimbo\/#breadcrumb\"},\"inLanguage\":\"es\",\"potentialAction\":[{\"@type\":\"ReadAction\",\"target\":[\"https:\/\/luchonoticias.com\/editor\/en-busca-de-las-compensaciones-por-el-quimbo\/\"]}]},{\"@type\":\"ImageObject\",\"inLanguage\":\"es\",\"@id\":\"https:\/\/luchonoticias.com\/editor\/en-busca-de-las-compensaciones-por-el-quimbo\/#primaryimage\",\"url\":\"https:\/\/luchonoticias.com\/editor\/wp-content\/uploads\/2024\/05\/el-quimbo.jpg\",\"contentUrl\":\"https:\/\/luchonoticias.com\/editor\/wp-content\/uploads\/2024\/05\/el-quimbo.jpg\",\"width\":700,\"height\":400},{\"@type\":\"BreadcrumbList\",\"@id\":\"https:\/\/luchonoticias.com\/editor\/en-busca-de-las-compensaciones-por-el-quimbo\/#breadcrumb\",\"itemListElement\":[{\"@type\":\"ListItem\",\"position\":1,\"name\":\"Portada\",\"item\":\"https:\/\/luchonoticias.com\/editor\/\"},{\"@type\":\"ListItem\",\"position\":2,\"name\":\"En busca de las compensaciones por El Quimbo\"}]},{\"@type\":\"WebSite\",\"@id\":\"https:\/\/luchonoticias.com\/editor\/#website\",\"url\":\"https:\/\/luchonoticias.com\/editor\/\",\"name\":\"\",\"description\":\"\",\"publisher\":{\"@id\":\"https:\/\/luchonoticias.com\/editor\/#\/schema\/person\/7a7fd911f58561fd056dbac7b55af9cd\"},\"potentialAction\":[{\"@type\":\"SearchAction\",\"target\":{\"@type\":\"EntryPoint\",\"urlTemplate\":\"https:\/\/luchonoticias.com\/editor\/?s={search_term_string}\"},\"query-input\":{\"@type\":\"PropertyValueSpecification\",\"valueRequired\":true,\"valueName\":\"search_term_string\"}}],\"inLanguage\":\"es\"},{\"@type\":[\"Person\",\"Organization\"],\"@id\":\"https:\/\/luchonoticias.com\/editor\/#\/schema\/person\/7a7fd911f58561fd056dbac7b55af9cd\",\"name\":\"admin\",\"image\":{\"@type\":\"ImageObject\",\"inLanguage\":\"es\",\"@id\":\"https:\/\/luchonoticias.com\/editor\/#\/schema\/person\/image\/\",\"url\":\"https:\/\/luchonoticias.com\/editor\/wp-content\/uploads\/2024\/02\/cropped-cropped-logolu.webp\",\"contentUrl\":\"https:\/\/luchonoticias.com\/editor\/wp-content\/uploads\/2024\/02\/cropped-cropped-logolu.webp\",\"width\":382,\"height\":170,\"caption\":\"admin\"},\"logo\":{\"@id\":\"https:\/\/luchonoticias.com\/editor\/#\/schema\/person\/image\/\"},\"sameAs\":[\"https:\/\/www.facebook.com\/luchonoticiasneiva\"]},{\"@type\":\"Person\",\"@id\":\"https:\/\/luchonoticias.com\/editor\/#\/schema\/person\/29217990ddf6f14e35912b2866d591fb\",\"name\":\"Editor General\",\"image\":{\"@type\":\"ImageObject\",\"inLanguage\":\"es\",\"@id\":\"https:\/\/luchonoticias.com\/editor\/#\/schema\/person\/image\/\",\"url\":\"https:\/\/luchonoticias.com\/editor\/wp-content\/uploads\/2024\/02\/cropped-cropped-logolu-150x150.webp\",\"contentUrl\":\"https:\/\/luchonoticias.com\/editor\/wp-content\/uploads\/2024\/02\/cropped-cropped-logolu-150x150.webp\",\"caption\":\"Editor General\"},\"sameAs\":[\"https:\/\/luchonoticias.com\/\"],\"url\":\"https:\/\/luchonoticias.com\/editor\/author\/editor-general\/\"}]}<\/script>\n<!-- \/ Yoast SEO plugin. -->","yoast_head_json":{"title":"En busca de las compensaciones por El Quimbo -","robots":{"index":"index","follow":"follow","max-snippet":"max-snippet:-1","max-image-preview":"max-image-preview:large","max-video-preview":"max-video-preview:-1"},"canonical":"https:\/\/luchonoticias.com\/editor\/en-busca-de-las-compensaciones-por-el-quimbo\/","og_locale":"es_ES","og_type":"article","og_title":"En busca de las compensaciones por El Quimbo -","og_url":"https:\/\/luchonoticias.com\/editor\/en-busca-de-las-compensaciones-por-el-quimbo\/","article_publisher":"https:\/\/www.facebook.com\/luchonoticiasneiva","article_published_time":"2024-05-17T23:06:10+00:00","og_image":[{"width":700,"height":400,"url":"https:\/\/luchonoticias.com\/editor\/wp-content\/uploads\/2024\/05\/el-quimbo.jpg","type":"image\/jpeg"}],"author":"Editor General","twitter_card":"summary_large_image","twitter_misc":{"Escrito por":"Editor General","Tiempo de lectura":"4 minutos"},"schema":{"@context":"https:\/\/schema.org","@graph":[{"@type":"Article","@id":"https:\/\/luchonoticias.com\/editor\/en-busca-de-las-compensaciones-por-el-quimbo\/#article","isPartOf":{"@id":"https:\/\/luchonoticias.com\/editor\/en-busca-de-las-compensaciones-por-el-quimbo\/"},"author":{"name":"Editor General","@id":"https:\/\/luchonoticias.com\/editor\/#\/schema\/person\/29217990ddf6f14e35912b2866d591fb"},"headline":"En busca de las compensaciones por El Quimbo","datePublished":"2024-05-17T23:06:10+00:00","mainEntityOfPage":{"@id":"https:\/\/luchonoticias.com\/editor\/en-busca-de-las-compensaciones-por-el-quimbo\/"},"wordCount":899,"publisher":{"@id":"https:\/\/luchonoticias.com\/editor\/#\/schema\/person\/7a7fd911f58561fd056dbac7b55af9cd"},"image":{"@id":"https:\/\/luchonoticias.com\/editor\/en-busca-de-las-compensaciones-por-el-quimbo\/#primaryimage"},"thumbnailUrl":"https:\/\/luchonoticias.com\/editor\/wp-content\/uploads\/2024\/05\/el-quimbo.jpg","articleSection":["Huila"],"inLanguage":"es"},{"@type":"WebPage","@id":"https:\/\/luchonoticias.com\/editor\/en-busca-de-las-compensaciones-por-el-quimbo\/","url":"https:\/\/luchonoticias.com\/editor\/en-busca-de-las-compensaciones-por-el-quimbo\/","name":"En busca de las compensaciones por El Quimbo -","isPartOf":{"@id":"https:\/\/luchonoticias.com\/editor\/#website"},"primaryImageOfPage":{"@id":"https:\/\/luchonoticias.com\/editor\/en-busca-de-las-compensaciones-por-el-quimbo\/#primaryimage"},"image":{"@id":"https:\/\/luchonoticias.com\/editor\/en-busca-de-las-compensaciones-por-el-quimbo\/#primaryimage"},"thumbnailUrl":"https:\/\/luchonoticias.com\/editor\/wp-content\/uploads\/2024\/05\/el-quimbo.jpg","datePublished":"2024-05-17T23:06:10+00:00","breadcrumb":{"@id":"https:\/\/luchonoticias.com\/editor\/en-busca-de-las-compensaciones-por-el-quimbo\/#breadcrumb"},"inLanguage":"es","potentialAction":[{"@type":"ReadAction","target":["https:\/\/luchonoticias.com\/editor\/en-busca-de-las-compensaciones-por-el-quimbo\/"]}]},{"@type":"ImageObject","inLanguage":"es","@id":"https:\/\/luchonoticias.com\/editor\/en-busca-de-las-compensaciones-por-el-quimbo\/#primaryimage","url":"https:\/\/luchonoticias.com\/editor\/wp-content\/uploads\/2024\/05\/el-quimbo.jpg","contentUrl":"https:\/\/luchonoticias.com\/editor\/wp-content\/uploads\/2024\/05\/el-quimbo.jpg","width":700,"height":400},{"@type":"BreadcrumbList","@id":"https:\/\/luchonoticias.com\/editor\/en-busca-de-las-compensaciones-por-el-quimbo\/#breadcrumb","itemListElement":[{"@type":"ListItem","position":1,"name":"Portada","item":"https:\/\/luchonoticias.com\/editor\/"},{"@type":"ListItem","position":2,"name":"En busca de las compensaciones por El Quimbo"}]},{"@type":"WebSite","@id":"https:\/\/luchonoticias.com\/editor\/#website","url":"https:\/\/luchonoticias.com\/editor\/","name":"","description":"","publisher":{"@id":"https:\/\/luchonoticias.com\/editor\/#\/schema\/person\/7a7fd911f58561fd056dbac7b55af9cd"},"potentialAction":[{"@type":"SearchAction","target":{"@type":"EntryPoint","urlTemplate":"https:\/\/luchonoticias.com\/editor\/?s={search_term_string}"},"query-input":{"@type":"PropertyValueSpecification","valueRequired":true,"valueName":"search_term_string"}}],"inLanguage":"es"},{"@type":["Person","Organization"],"@id":"https:\/\/luchonoticias.com\/editor\/#\/schema\/person\/7a7fd911f58561fd056dbac7b55af9cd","name":"admin","image":{"@type":"ImageObject","inLanguage":"es","@id":"https:\/\/luchonoticias.com\/editor\/#\/schema\/person\/image\/","url":"https:\/\/luchonoticias.com\/editor\/wp-content\/uploads\/2024\/02\/cropped-cropped-logolu.webp","contentUrl":"https:\/\/luchonoticias.com\/editor\/wp-content\/uploads\/2024\/02\/cropped-cropped-logolu.webp","width":382,"height":170,"caption":"admin"},"logo":{"@id":"https:\/\/luchonoticias.com\/editor\/#\/schema\/person\/image\/"},"sameAs":["https:\/\/www.facebook.com\/luchonoticiasneiva"]},{"@type":"Person","@id":"https:\/\/luchonoticias.com\/editor\/#\/schema\/person\/29217990ddf6f14e35912b2866d591fb","name":"Editor General","image":{"@type":"ImageObject","inLanguage":"es","@id":"https:\/\/luchonoticias.com\/editor\/#\/schema\/person\/image\/","url":"https:\/\/luchonoticias.com\/editor\/wp-content\/uploads\/2024\/02\/cropped-cropped-logolu-150x150.webp","contentUrl":"https:\/\/luchonoticias.com\/editor\/wp-content\/uploads\/2024\/02\/cropped-cropped-logolu-150x150.webp","caption":"Editor General"},"sameAs":["https:\/\/luchonoticias.com\/"],"url":"https:\/\/luchonoticias.com\/editor\/author\/editor-general\/"}]}},"_links":{"self":[{"href":"https:\/\/luchonoticias.com\/editor\/wp-json\/wp\/v2\/posts\/73177","targetHints":{"allow":["GET"]}}],"collection":[{"href":"https:\/\/luchonoticias.com\/editor\/wp-json\/wp\/v2\/posts"}],"about":[{"href":"https:\/\/luchonoticias.com\/editor\/wp-json\/wp\/v2\/types\/post"}],"author":[{"embeddable":true,"href":"https:\/\/luchonoticias.com\/editor\/wp-json\/wp\/v2\/users\/2"}],"replies":[{"embeddable":true,"href":"https:\/\/luchonoticias.com\/editor\/wp-json\/wp\/v2\/comments?post=73177"}],"version-history":[{"count":0,"href":"https:\/\/luchonoticias.com\/editor\/wp-json\/wp\/v2\/posts\/73177\/revisions"}],"wp:featuredmedia":[{"embeddable":true,"href":"https:\/\/luchonoticias.com\/editor\/wp-json\/wp\/v2\/media\/73178"}],"wp:attachment":[{"href":"https:\/\/luchonoticias.com\/editor\/wp-json\/wp\/v2\/media?parent=73177"}],"wp:term":[{"taxonomy":"category","embeddable":true,"href":"https:\/\/luchonoticias.com\/editor\/wp-json\/wp\/v2\/categories?post=73177"},{"taxonomy":"post_tag","embeddable":true,"href":"https:\/\/luchonoticias.com\/editor\/wp-json\/wp\/v2\/tags?post=73177"}],"curies":[{"name":"wp","href":"https:\/\/api.w.org\/{rel}","templated":true}]}}