{"id":73183,"date":"2024-05-18T07:28:44","date_gmt":"2024-05-18T12:28:44","guid":{"rendered":"https:\/\/luchonoticias.com\/?p=73183"},"modified":"2024-05-18T07:28:44","modified_gmt":"2024-05-18T12:28:44","slug":"descenso-en-el-indice-de-fatalidad-en-accidentes-de-transito","status":"publish","type":"post","link":"https:\/\/luchonoticias.com\/editor\/descenso-en-el-indice-de-fatalidad-en-accidentes-de-transito\/","title":{"rendered":"Descenso en el \u00edndice de fatalidad en accidentes de tr\u00e1nsito"},"content":{"rendered":"<p>Gracias a la implementaci\u00f3n de diferentes estrategias pedag\u00f3gicas y de control en los principales corredores del pa\u00eds, que han permitido promover la movilidad segura y sostenible, el n\u00famero de personas fallecidas en siniestros viales disminuy\u00f3 6% durante el pasado mes de abril, report\u00f3 la Agencia Nacional de Seguridad Vial.<\/p>\n<p>Seg\u00fan el Observatorio Nacional de Seguridad Vial (ONSV), durante el mes pasado se lograron salvar 35 vidas, lo que representa una disminuci\u00f3n del 6% en cuanto a siniestros viales con fatalidades, en comparaci\u00f3n con el mismo periodo de 2023.<\/p>\n<p>Los departamentos con mayor reducci\u00f3n de siniestros viales fueron Vichada y Amazonas con cero fallecidos; Caquet\u00e1 con una disminuci\u00f3n en la fatalidad del 21,9%; Quind\u00edo con 21,1% y Bol\u00edvar con 20,6%.<\/p>\n<p>Y por ciudades, Leticia y Puerto Carre\u00f1o con cero fallecidos, Florencia con 45,5% de reducci\u00f3n, Quibd\u00f3 y San Jos\u00e9 del Guaviare con 33,3%, fueron las de mayor disminuci\u00f3n.<\/p>\n<p>\u201cRecorremos el pa\u00eds entregando herramientas para que podamos reducir los \u00edndices de siniestralidad vial y salvar m\u00e1s vidas en la v\u00eda. El llamado, una vez m\u00e1s, es reflexionar y ser conscientes de los comportamientos que asumimos muchas veces al momento de movilizarnos siendo tolerantes, respetando las normas de tr\u00e1nsito y disminuyendo la velocidad\u00bb, afirm\u00f3 Mariantonia Tabares Pulgar\u00edn, directora General de la ANSV.<\/p>\n<p>En cuanto a la caracterizaci\u00f3n de los fallecidos, los hombres siguen teniendo la mayor participaci\u00f3n en la siniestralidad, con 82% del total, debido a que exponen conductas y comportamientos m\u00e1s riesgosos al momento de conducir.<\/p>\n<p>La ANSV continuar\u00e1 reforzando acciones integrales y conjuntas que promuevan mejores comportamientos que redunden en menos muertes por siniestros viales en lo que resta de 2024, e incentivando el cuidado de la vida y la movilidad segura de todos los actores viales.<\/p>\n","protected":false},"excerpt":{"rendered":"<p>Gracias a la implementaci\u00f3n de diferentes estrategias pedag\u00f3gicas y de control en los principales corredores del pa\u00eds, que han permitido promover la movilidad segura y sostenible, el n\u00famero de personas fallecidas en siniestros viales disminuy\u00f3 6% durante el pasado mes de abril, report\u00f3 la Agencia Nacional de Seguridad Vial. Seg\u00fan el Observatorio Nacional de Seguridad [&hellip;]<\/p>\n","protected":false},"author":2,"featured_media":73184,"comment_status":"closed","ping_status":"open","sticky":false,"template":"","format":"standard","meta":{"footnotes":""},"categories":[28],"tags":[],"class_list":["post-73183","post","type-post","status-publish","format-standard","has-post-thumbnail","hentry","category-actualidad"],"yoast_head":"<!-- This site is optimized with the Yoast SEO plugin v26.6 - https:\/\/yoast.com\/wordpress\/plugins\/seo\/ -->\n<title>Descenso en el \u00edndice de fatalidad en accidentes de tr\u00e1nsito -<\/title>\n<meta name=\"robots\" content=\"index, follow, max-snippet:-1, max-image-preview:large, max-video-preview:-1\" \/>\n<link rel=\"canonical\" href=\"https:\/\/luchonoticias.com\/editor\/descenso-en-el-indice-de-fatalidad-en-accidentes-de-transito\/\" \/>\n<meta property=\"og:locale\" content=\"es_ES\" \/>\n<meta property=\"og:type\" content=\"article\" \/>\n<meta property=\"og:title\" content=\"Descenso en el \u00edndice de fatalidad en accidentes de tr\u00e1nsito -\" \/>\n<meta property=\"og:url\" content=\"https:\/\/luchonoticias.com\/editor\/descenso-en-el-indice-de-fatalidad-en-accidentes-de-transito\/\" \/>\n<meta property=\"article:publisher\" content=\"https:\/\/www.facebook.com\/luchonoticiasneiva\" \/>\n<meta property=\"article:published_time\" content=\"2024-05-18T12:28:44+00:00\" \/>\n<meta property=\"og:image\" content=\"https:\/\/luchonoticias.com\/editor\/wp-content\/uploads\/2024\/05\/transirto.jpg\" \/>\n\t<meta property=\"og:image:width\" content=\"700\" \/>\n\t<meta property=\"og:image:height\" content=\"400\" \/>\n\t<meta property=\"og:image:type\" content=\"image\/jpeg\" \/>\n<meta name=\"author\" content=\"Editor General\" \/>\n<meta name=\"twitter:card\" content=\"summary_large_image\" \/>\n<meta name=\"twitter:label1\" content=\"Escrito por\" \/>\n\t<meta name=\"twitter:data1\" content=\"Editor General\" \/>\n\t<meta name=\"twitter:label2\" content=\"Tiempo de lectura\" \/>\n\t<meta name=\"twitter:data2\" content=\"1 minuto\" \/>\n<script type=\"application\/ld+json\" class=\"yoast-schema-graph\">{\"@context\":\"https:\/\/schema.org\",\"@graph\":[{\"@type\":\"Article\",\"@id\":\"https:\/\/luchonoticias.com\/editor\/descenso-en-el-indice-de-fatalidad-en-accidentes-de-transito\/#article\",\"isPartOf\":{\"@id\":\"https:\/\/luchonoticias.com\/editor\/descenso-en-el-indice-de-fatalidad-en-accidentes-de-transito\/\"},\"author\":{\"name\":\"Editor General\",\"@id\":\"https:\/\/luchonoticias.com\/editor\/#\/schema\/person\/29217990ddf6f14e35912b2866d591fb\"},\"headline\":\"Descenso en el \u00edndice de fatalidad en accidentes de tr\u00e1nsito\",\"datePublished\":\"2024-05-18T12:28:44+00:00\",\"mainEntityOfPage\":{\"@id\":\"https:\/\/luchonoticias.com\/editor\/descenso-en-el-indice-de-fatalidad-en-accidentes-de-transito\/\"},\"wordCount\":309,\"publisher\":{\"@id\":\"https:\/\/luchonoticias.com\/editor\/#\/schema\/person\/7a7fd911f58561fd056dbac7b55af9cd\"},\"image\":{\"@id\":\"https:\/\/luchonoticias.com\/editor\/descenso-en-el-indice-de-fatalidad-en-accidentes-de-transito\/#primaryimage\"},\"thumbnailUrl\":\"https:\/\/luchonoticias.com\/editor\/wp-content\/uploads\/2024\/05\/transirto.jpg\",\"articleSection\":[\"Actualidad\"],\"inLanguage\":\"es\"},{\"@type\":\"WebPage\",\"@id\":\"https:\/\/luchonoticias.com\/editor\/descenso-en-el-indice-de-fatalidad-en-accidentes-de-transito\/\",\"url\":\"https:\/\/luchonoticias.com\/editor\/descenso-en-el-indice-de-fatalidad-en-accidentes-de-transito\/\",\"name\":\"Descenso en el \u00edndice de fatalidad en accidentes de tr\u00e1nsito -\",\"isPartOf\":{\"@id\":\"https:\/\/luchonoticias.com\/editor\/#website\"},\"primaryImageOfPage\":{\"@id\":\"https:\/\/luchonoticias.com\/editor\/descenso-en-el-indice-de-fatalidad-en-accidentes-de-transito\/#primaryimage\"},\"image\":{\"@id\":\"https:\/\/luchonoticias.com\/editor\/descenso-en-el-indice-de-fatalidad-en-accidentes-de-transito\/#primaryimage\"},\"thumbnailUrl\":\"https:\/\/luchonoticias.com\/editor\/wp-content\/uploads\/2024\/05\/transirto.jpg\",\"datePublished\":\"2024-05-18T12:28:44+00:00\",\"breadcrumb\":{\"@id\":\"https:\/\/luchonoticias.com\/editor\/descenso-en-el-indice-de-fatalidad-en-accidentes-de-transito\/#breadcrumb\"},\"inLanguage\":\"es\",\"potentialAction\":[{\"@type\":\"ReadAction\",\"target\":[\"https:\/\/luchonoticias.com\/editor\/descenso-en-el-indice-de-fatalidad-en-accidentes-de-transito\/\"]}]},{\"@type\":\"ImageObject\",\"inLanguage\":\"es\",\"@id\":\"https:\/\/luchonoticias.com\/editor\/descenso-en-el-indice-de-fatalidad-en-accidentes-de-transito\/#primaryimage\",\"url\":\"https:\/\/luchonoticias.com\/editor\/wp-content\/uploads\/2024\/05\/transirto.jpg\",\"contentUrl\":\"https:\/\/luchonoticias.com\/editor\/wp-content\/uploads\/2024\/05\/transirto.jpg\",\"width\":700,\"height\":400},{\"@type\":\"BreadcrumbList\",\"@id\":\"https:\/\/luchonoticias.com\/editor\/descenso-en-el-indice-de-fatalidad-en-accidentes-de-transito\/#breadcrumb\",\"itemListElement\":[{\"@type\":\"ListItem\",\"position\":1,\"name\":\"Portada\",\"item\":\"https:\/\/luchonoticias.com\/editor\/\"},{\"@type\":\"ListItem\",\"position\":2,\"name\":\"Descenso en el \u00edndice de fatalidad en accidentes de tr\u00e1nsito\"}]},{\"@type\":\"WebSite\",\"@id\":\"https:\/\/luchonoticias.com\/editor\/#website\",\"url\":\"https:\/\/luchonoticias.com\/editor\/\",\"name\":\"\",\"description\":\"\",\"publisher\":{\"@id\":\"https:\/\/luchonoticias.com\/editor\/#\/schema\/person\/7a7fd911f58561fd056dbac7b55af9cd\"},\"potentialAction\":[{\"@type\":\"SearchAction\",\"target\":{\"@type\":\"EntryPoint\",\"urlTemplate\":\"https:\/\/luchonoticias.com\/editor\/?s={search_term_string}\"},\"query-input\":{\"@type\":\"PropertyValueSpecification\",\"valueRequired\":true,\"valueName\":\"search_term_string\"}}],\"inLanguage\":\"es\"},{\"@type\":[\"Person\",\"Organization\"],\"@id\":\"https:\/\/luchonoticias.com\/editor\/#\/schema\/person\/7a7fd911f58561fd056dbac7b55af9cd\",\"name\":\"admin\",\"image\":{\"@type\":\"ImageObject\",\"inLanguage\":\"es\",\"@id\":\"https:\/\/luchonoticias.com\/editor\/#\/schema\/person\/image\/\",\"url\":\"https:\/\/luchonoticias.com\/editor\/wp-content\/uploads\/2024\/02\/cropped-cropped-logolu.webp\",\"contentUrl\":\"https:\/\/luchonoticias.com\/editor\/wp-content\/uploads\/2024\/02\/cropped-cropped-logolu.webp\",\"width\":382,\"height\":170,\"caption\":\"admin\"},\"logo\":{\"@id\":\"https:\/\/luchonoticias.com\/editor\/#\/schema\/person\/image\/\"},\"sameAs\":[\"https:\/\/www.facebook.com\/luchonoticiasneiva\"]},{\"@type\":\"Person\",\"@id\":\"https:\/\/luchonoticias.com\/editor\/#\/schema\/person\/29217990ddf6f14e35912b2866d591fb\",\"name\":\"Editor General\",\"image\":{\"@type\":\"ImageObject\",\"inLanguage\":\"es\",\"@id\":\"https:\/\/luchonoticias.com\/editor\/#\/schema\/person\/image\/\",\"url\":\"https:\/\/luchonoticias.com\/editor\/wp-content\/uploads\/2024\/02\/cropped-cropped-logolu-150x150.webp\",\"contentUrl\":\"https:\/\/luchonoticias.com\/editor\/wp-content\/uploads\/2024\/02\/cropped-cropped-logolu-150x150.webp\",\"caption\":\"Editor General\"},\"sameAs\":[\"https:\/\/luchonoticias.com\/\"],\"url\":\"https:\/\/luchonoticias.com\/editor\/author\/editor-general\/\"}]}<\/script>\n<!-- \/ Yoast SEO plugin. -->","yoast_head_json":{"title":"Descenso en el \u00edndice de fatalidad en accidentes de tr\u00e1nsito -","robots":{"index":"index","follow":"follow","max-snippet":"max-snippet:-1","max-image-preview":"max-image-preview:large","max-video-preview":"max-video-preview:-1"},"canonical":"https:\/\/luchonoticias.com\/editor\/descenso-en-el-indice-de-fatalidad-en-accidentes-de-transito\/","og_locale":"es_ES","og_type":"article","og_title":"Descenso en el \u00edndice de fatalidad en accidentes de tr\u00e1nsito -","og_url":"https:\/\/luchonoticias.com\/editor\/descenso-en-el-indice-de-fatalidad-en-accidentes-de-transito\/","article_publisher":"https:\/\/www.facebook.com\/luchonoticiasneiva","article_published_time":"2024-05-18T12:28:44+00:00","og_image":[{"width":700,"height":400,"url":"https:\/\/luchonoticias.com\/editor\/wp-content\/uploads\/2024\/05\/transirto.jpg","type":"image\/jpeg"}],"author":"Editor General","twitter_card":"summary_large_image","twitter_misc":{"Escrito por":"Editor General","Tiempo de lectura":"1 minuto"},"schema":{"@context":"https:\/\/schema.org","@graph":[{"@type":"Article","@id":"https:\/\/luchonoticias.com\/editor\/descenso-en-el-indice-de-fatalidad-en-accidentes-de-transito\/#article","isPartOf":{"@id":"https:\/\/luchonoticias.com\/editor\/descenso-en-el-indice-de-fatalidad-en-accidentes-de-transito\/"},"author":{"name":"Editor General","@id":"https:\/\/luchonoticias.com\/editor\/#\/schema\/person\/29217990ddf6f14e35912b2866d591fb"},"headline":"Descenso en el \u00edndice de fatalidad en accidentes de tr\u00e1nsito","datePublished":"2024-05-18T12:28:44+00:00","mainEntityOfPage":{"@id":"https:\/\/luchonoticias.com\/editor\/descenso-en-el-indice-de-fatalidad-en-accidentes-de-transito\/"},"wordCount":309,"publisher":{"@id":"https:\/\/luchonoticias.com\/editor\/#\/schema\/person\/7a7fd911f58561fd056dbac7b55af9cd"},"image":{"@id":"https:\/\/luchonoticias.com\/editor\/descenso-en-el-indice-de-fatalidad-en-accidentes-de-transito\/#primaryimage"},"thumbnailUrl":"https:\/\/luchonoticias.com\/editor\/wp-content\/uploads\/2024\/05\/transirto.jpg","articleSection":["Actualidad"],"inLanguage":"es"},{"@type":"WebPage","@id":"https:\/\/luchonoticias.com\/editor\/descenso-en-el-indice-de-fatalidad-en-accidentes-de-transito\/","url":"https:\/\/luchonoticias.com\/editor\/descenso-en-el-indice-de-fatalidad-en-accidentes-de-transito\/","name":"Descenso en el \u00edndice de fatalidad en accidentes de tr\u00e1nsito -","isPartOf":{"@id":"https:\/\/luchonoticias.com\/editor\/#website"},"primaryImageOfPage":{"@id":"https:\/\/luchonoticias.com\/editor\/descenso-en-el-indice-de-fatalidad-en-accidentes-de-transito\/#primaryimage"},"image":{"@id":"https:\/\/luchonoticias.com\/editor\/descenso-en-el-indice-de-fatalidad-en-accidentes-de-transito\/#primaryimage"},"thumbnailUrl":"https:\/\/luchonoticias.com\/editor\/wp-content\/uploads\/2024\/05\/transirto.jpg","datePublished":"2024-05-18T12:28:44+00:00","breadcrumb":{"@id":"https:\/\/luchonoticias.com\/editor\/descenso-en-el-indice-de-fatalidad-en-accidentes-de-transito\/#breadcrumb"},"inLanguage":"es","potentialAction":[{"@type":"ReadAction","target":["https:\/\/luchonoticias.com\/editor\/descenso-en-el-indice-de-fatalidad-en-accidentes-de-transito\/"]}]},{"@type":"ImageObject","inLanguage":"es","@id":"https:\/\/luchonoticias.com\/editor\/descenso-en-el-indice-de-fatalidad-en-accidentes-de-transito\/#primaryimage","url":"https:\/\/luchonoticias.com\/editor\/wp-content\/uploads\/2024\/05\/transirto.jpg","contentUrl":"https:\/\/luchonoticias.com\/editor\/wp-content\/uploads\/2024\/05\/transirto.jpg","width":700,"height":400},{"@type":"BreadcrumbList","@id":"https:\/\/luchonoticias.com\/editor\/descenso-en-el-indice-de-fatalidad-en-accidentes-de-transito\/#breadcrumb","itemListElement":[{"@type":"ListItem","position":1,"name":"Portada","item":"https:\/\/luchonoticias.com\/editor\/"},{"@type":"ListItem","position":2,"name":"Descenso en el \u00edndice de fatalidad en accidentes de tr\u00e1nsito"}]},{"@type":"WebSite","@id":"https:\/\/luchonoticias.com\/editor\/#website","url":"https:\/\/luchonoticias.com\/editor\/","name":"","description":"","publisher":{"@id":"https:\/\/luchonoticias.com\/editor\/#\/schema\/person\/7a7fd911f58561fd056dbac7b55af9cd"},"potentialAction":[{"@type":"SearchAction","target":{"@type":"EntryPoint","urlTemplate":"https:\/\/luchonoticias.com\/editor\/?s={search_term_string}"},"query-input":{"@type":"PropertyValueSpecification","valueRequired":true,"valueName":"search_term_string"}}],"inLanguage":"es"},{"@type":["Person","Organization"],"@id":"https:\/\/luchonoticias.com\/editor\/#\/schema\/person\/7a7fd911f58561fd056dbac7b55af9cd","name":"admin","image":{"@type":"ImageObject","inLanguage":"es","@id":"https:\/\/luchonoticias.com\/editor\/#\/schema\/person\/image\/","url":"https:\/\/luchonoticias.com\/editor\/wp-content\/uploads\/2024\/02\/cropped-cropped-logolu.webp","contentUrl":"https:\/\/luchonoticias.com\/editor\/wp-content\/uploads\/2024\/02\/cropped-cropped-logolu.webp","width":382,"height":170,"caption":"admin"},"logo":{"@id":"https:\/\/luchonoticias.com\/editor\/#\/schema\/person\/image\/"},"sameAs":["https:\/\/www.facebook.com\/luchonoticiasneiva"]},{"@type":"Person","@id":"https:\/\/luchonoticias.com\/editor\/#\/schema\/person\/29217990ddf6f14e35912b2866d591fb","name":"Editor General","image":{"@type":"ImageObject","inLanguage":"es","@id":"https:\/\/luchonoticias.com\/editor\/#\/schema\/person\/image\/","url":"https:\/\/luchonoticias.com\/editor\/wp-content\/uploads\/2024\/02\/cropped-cropped-logolu-150x150.webp","contentUrl":"https:\/\/luchonoticias.com\/editor\/wp-content\/uploads\/2024\/02\/cropped-cropped-logolu-150x150.webp","caption":"Editor General"},"sameAs":["https:\/\/luchonoticias.com\/"],"url":"https:\/\/luchonoticias.com\/editor\/author\/editor-general\/"}]}},"_links":{"self":[{"href":"https:\/\/luchonoticias.com\/editor\/wp-json\/wp\/v2\/posts\/73183","targetHints":{"allow":["GET"]}}],"collection":[{"href":"https:\/\/luchonoticias.com\/editor\/wp-json\/wp\/v2\/posts"}],"about":[{"href":"https:\/\/luchonoticias.com\/editor\/wp-json\/wp\/v2\/types\/post"}],"author":[{"embeddable":true,"href":"https:\/\/luchonoticias.com\/editor\/wp-json\/wp\/v2\/users\/2"}],"replies":[{"embeddable":true,"href":"https:\/\/luchonoticias.com\/editor\/wp-json\/wp\/v2\/comments?post=73183"}],"version-history":[{"count":0,"href":"https:\/\/luchonoticias.com\/editor\/wp-json\/wp\/v2\/posts\/73183\/revisions"}],"wp:featuredmedia":[{"embeddable":true,"href":"https:\/\/luchonoticias.com\/editor\/wp-json\/wp\/v2\/media\/73184"}],"wp:attachment":[{"href":"https:\/\/luchonoticias.com\/editor\/wp-json\/wp\/v2\/media?parent=73183"}],"wp:term":[{"taxonomy":"category","embeddable":true,"href":"https:\/\/luchonoticias.com\/editor\/wp-json\/wp\/v2\/categories?post=73183"},{"taxonomy":"post_tag","embeddable":true,"href":"https:\/\/luchonoticias.com\/editor\/wp-json\/wp\/v2\/tags?post=73183"}],"curies":[{"name":"wp","href":"https:\/\/api.w.org\/{rel}","templated":true}]}}