{"id":73199,"date":"2024-05-18T19:23:00","date_gmt":"2024-05-19T00:23:00","guid":{"rendered":"https:\/\/luchonoticias.com\/?p=73199"},"modified":"2024-05-18T19:23:00","modified_gmt":"2024-05-19T00:23:00","slug":"ministro-del-interior-lidero-jornada-de-dialogo-social-en-neiva","status":"publish","type":"post","link":"https:\/\/luchonoticias.com\/editor\/ministro-del-interior-lidero-jornada-de-dialogo-social-en-neiva\/","title":{"rendered":"Ministro del Interior lider\u00f3 jornada de di\u00e1logo social en Neiva"},"content":{"rendered":"<p>Con una participaci\u00f3n destacada de comunidades, l\u00edderes y organizaciones provenientes de todos los rincones del departamento, se llev\u00f3 a cabo con \u00e9xito la jornada de Di\u00e1logo Social liderada por el Ministerio del Interior. El evento se centr\u00f3 en promover avances significativos, desarrollo y transformaciones sociales que respondan a las necesidades del pueblo huilense.<\/p>\n<p>Los objetivos del Di\u00e1logo Social abordaron la situaci\u00f3n humanitaria del departamento, buscando plantear misiones humanitarias y escenarios de di\u00e1logo, asimismo, se enfocaron en consolidar un Movimiento Social por la Paz fuerte, con una interlocuci\u00f3n robusta tanto a nivel nacional como con los actores armados. Adem\u00e1s, se impulsaron iniciativas clave para la construcci\u00f3n de paz, incluyendo inversi\u00f3n social, justicia social y desarrollo de zonas estrat\u00e9gicas.<\/p>\n<p>El Gobernador del Huila, Rodrigo Villalba Mosquera, expres\u00f3 su compromiso con la seguridad en la mesa de negociaci\u00f3n: \u00abQuiero dar la bienvenida a este evento que permite las expresiones aut\u00e9nticas de representativos dirigentes de la regi\u00f3n en procura de bienestar social, en tranquilidad y en paz; pero hay un problema de seguridad que queremos se maneje en la mesa negociaci\u00f3n, que afecta la credibilidad del propio proceso, necesitamos que se sincere desde el seno de la mesa para que sigamos en el proceso pero que haya tambi\u00e9n cese la hostilidad con la poblaci\u00f3n civil.\u00bb<\/p>\n<p>Por su parte, el Ministro del Interior, Luis Fernando Velasco, subray\u00f3 la importancia de un di\u00e1logo participativo y decisivo: \u00abEl valor del ciudadano como constituyente primario implica un cambio radical en el concepto del servidor p\u00fablico. El di\u00e1logo social debe ser un espacio donde se tomen decisiones con impacto real en la comunidad.\u00bb<\/p>\n<p>Durante la jornada, los asistentes se organizaron en mesas sectoriales que representaban a campesinos, comunales, ind\u00edgenas, mujeres y g\u00e9neros, sector productivo, j\u00f3venes, y organizaciones sociales, y de derechos humanos. Estas mesas trabajaron activamente para identificar y proponer acciones concretas que contribuyan a solucionar el conflicto social y armado, avanzando as\u00ed hacia la paz territorial en el Huila.<\/p>\n<p>En palabras de Lilia Clemencia Solano, Viceministra del Interior, \u00abLa paz es imparable y es una respuesta al pueblo. Estamos pidiendo la oportunidad para que, al igual que en esta jornada en el Huila, se establezcan mesas en los territorios que incluyan a todos en un di\u00e1logo din\u00e1mico. \u00a1Que viva la paz!\u00bb.<\/p>\n","protected":false},"excerpt":{"rendered":"<p>Con una participaci\u00f3n destacada de comunidades, l\u00edderes y organizaciones provenientes de todos los rincones del departamento, se llev\u00f3 a cabo con \u00e9xito la jornada de Di\u00e1logo Social liderada por el Ministerio del Interior. El evento se centr\u00f3 en promover avances significativos, desarrollo y transformaciones sociales que respondan a las necesidades del pueblo huilense. Los objetivos [&hellip;]<\/p>\n","protected":false},"author":2,"featured_media":73200,"comment_status":"closed","ping_status":"open","sticky":false,"template":"","format":"standard","meta":{"footnotes":""},"categories":[34],"tags":[],"class_list":["post-73199","post","type-post","status-publish","format-standard","has-post-thumbnail","hentry","category-deportes"],"yoast_head":"<!-- This site is optimized with the Yoast SEO plugin v26.6 - https:\/\/yoast.com\/wordpress\/plugins\/seo\/ -->\n<title>Ministro del Interior lider\u00f3 jornada de di\u00e1logo social en Neiva -<\/title>\n<meta name=\"robots\" content=\"index, follow, max-snippet:-1, max-image-preview:large, max-video-preview:-1\" \/>\n<link rel=\"canonical\" href=\"https:\/\/luchonoticias.com\/editor\/ministro-del-interior-lidero-jornada-de-dialogo-social-en-neiva\/\" \/>\n<meta property=\"og:locale\" content=\"es_ES\" \/>\n<meta property=\"og:type\" content=\"article\" \/>\n<meta property=\"og:title\" content=\"Ministro del Interior lider\u00f3 jornada de di\u00e1logo social en Neiva -\" \/>\n<meta property=\"og:url\" content=\"https:\/\/luchonoticias.com\/editor\/ministro-del-interior-lidero-jornada-de-dialogo-social-en-neiva\/\" \/>\n<meta property=\"article:publisher\" content=\"https:\/\/www.facebook.com\/luchonoticiasneiva\" \/>\n<meta property=\"article:published_time\" content=\"2024-05-19T00:23:00+00:00\" \/>\n<meta property=\"og:image\" content=\"https:\/\/luchonoticias.com\/editor\/wp-content\/uploads\/2024\/05\/ministro.jpg\" \/>\n\t<meta property=\"og:image:width\" content=\"700\" \/>\n\t<meta property=\"og:image:height\" content=\"400\" \/>\n\t<meta property=\"og:image:type\" content=\"image\/jpeg\" \/>\n<meta name=\"author\" content=\"Editor General\" \/>\n<meta name=\"twitter:card\" content=\"summary_large_image\" \/>\n<meta name=\"twitter:label1\" content=\"Escrito por\" \/>\n\t<meta name=\"twitter:data1\" content=\"Editor General\" \/>\n\t<meta name=\"twitter:label2\" content=\"Tiempo de lectura\" \/>\n\t<meta name=\"twitter:data2\" content=\"2 minutos\" \/>\n<script type=\"application\/ld+json\" class=\"yoast-schema-graph\">{\"@context\":\"https:\/\/schema.org\",\"@graph\":[{\"@type\":\"Article\",\"@id\":\"https:\/\/luchonoticias.com\/editor\/ministro-del-interior-lidero-jornada-de-dialogo-social-en-neiva\/#article\",\"isPartOf\":{\"@id\":\"https:\/\/luchonoticias.com\/editor\/ministro-del-interior-lidero-jornada-de-dialogo-social-en-neiva\/\"},\"author\":{\"name\":\"Editor General\",\"@id\":\"https:\/\/luchonoticias.com\/editor\/#\/schema\/person\/29217990ddf6f14e35912b2866d591fb\"},\"headline\":\"Ministro del Interior lider\u00f3 jornada de di\u00e1logo social en Neiva\",\"datePublished\":\"2024-05-19T00:23:00+00:00\",\"mainEntityOfPage\":{\"@id\":\"https:\/\/luchonoticias.com\/editor\/ministro-del-interior-lidero-jornada-de-dialogo-social-en-neiva\/\"},\"wordCount\":409,\"publisher\":{\"@id\":\"https:\/\/luchonoticias.com\/editor\/#\/schema\/person\/7a7fd911f58561fd056dbac7b55af9cd\"},\"image\":{\"@id\":\"https:\/\/luchonoticias.com\/editor\/ministro-del-interior-lidero-jornada-de-dialogo-social-en-neiva\/#primaryimage\"},\"thumbnailUrl\":\"https:\/\/luchonoticias.com\/editor\/wp-content\/uploads\/2024\/05\/ministro.jpg\",\"articleSection\":[\"Deportes\"],\"inLanguage\":\"es\"},{\"@type\":\"WebPage\",\"@id\":\"https:\/\/luchonoticias.com\/editor\/ministro-del-interior-lidero-jornada-de-dialogo-social-en-neiva\/\",\"url\":\"https:\/\/luchonoticias.com\/editor\/ministro-del-interior-lidero-jornada-de-dialogo-social-en-neiva\/\",\"name\":\"Ministro del Interior lider\u00f3 jornada de di\u00e1logo social en Neiva -\",\"isPartOf\":{\"@id\":\"https:\/\/luchonoticias.com\/editor\/#website\"},\"primaryImageOfPage\":{\"@id\":\"https:\/\/luchonoticias.com\/editor\/ministro-del-interior-lidero-jornada-de-dialogo-social-en-neiva\/#primaryimage\"},\"image\":{\"@id\":\"https:\/\/luchonoticias.com\/editor\/ministro-del-interior-lidero-jornada-de-dialogo-social-en-neiva\/#primaryimage\"},\"thumbnailUrl\":\"https:\/\/luchonoticias.com\/editor\/wp-content\/uploads\/2024\/05\/ministro.jpg\",\"datePublished\":\"2024-05-19T00:23:00+00:00\",\"breadcrumb\":{\"@id\":\"https:\/\/luchonoticias.com\/editor\/ministro-del-interior-lidero-jornada-de-dialogo-social-en-neiva\/#breadcrumb\"},\"inLanguage\":\"es\",\"potentialAction\":[{\"@type\":\"ReadAction\",\"target\":[\"https:\/\/luchonoticias.com\/editor\/ministro-del-interior-lidero-jornada-de-dialogo-social-en-neiva\/\"]}]},{\"@type\":\"ImageObject\",\"inLanguage\":\"es\",\"@id\":\"https:\/\/luchonoticias.com\/editor\/ministro-del-interior-lidero-jornada-de-dialogo-social-en-neiva\/#primaryimage\",\"url\":\"https:\/\/luchonoticias.com\/editor\/wp-content\/uploads\/2024\/05\/ministro.jpg\",\"contentUrl\":\"https:\/\/luchonoticias.com\/editor\/wp-content\/uploads\/2024\/05\/ministro.jpg\",\"width\":700,\"height\":400},{\"@type\":\"BreadcrumbList\",\"@id\":\"https:\/\/luchonoticias.com\/editor\/ministro-del-interior-lidero-jornada-de-dialogo-social-en-neiva\/#breadcrumb\",\"itemListElement\":[{\"@type\":\"ListItem\",\"position\":1,\"name\":\"Portada\",\"item\":\"https:\/\/luchonoticias.com\/editor\/\"},{\"@type\":\"ListItem\",\"position\":2,\"name\":\"Ministro del Interior lider\u00f3 jornada de di\u00e1logo social en Neiva\"}]},{\"@type\":\"WebSite\",\"@id\":\"https:\/\/luchonoticias.com\/editor\/#website\",\"url\":\"https:\/\/luchonoticias.com\/editor\/\",\"name\":\"\",\"description\":\"\",\"publisher\":{\"@id\":\"https:\/\/luchonoticias.com\/editor\/#\/schema\/person\/7a7fd911f58561fd056dbac7b55af9cd\"},\"potentialAction\":[{\"@type\":\"SearchAction\",\"target\":{\"@type\":\"EntryPoint\",\"urlTemplate\":\"https:\/\/luchonoticias.com\/editor\/?s={search_term_string}\"},\"query-input\":{\"@type\":\"PropertyValueSpecification\",\"valueRequired\":true,\"valueName\":\"search_term_string\"}}],\"inLanguage\":\"es\"},{\"@type\":[\"Person\",\"Organization\"],\"@id\":\"https:\/\/luchonoticias.com\/editor\/#\/schema\/person\/7a7fd911f58561fd056dbac7b55af9cd\",\"name\":\"admin\",\"image\":{\"@type\":\"ImageObject\",\"inLanguage\":\"es\",\"@id\":\"https:\/\/luchonoticias.com\/editor\/#\/schema\/person\/image\/\",\"url\":\"https:\/\/luchonoticias.com\/editor\/wp-content\/uploads\/2024\/02\/cropped-cropped-logolu.webp\",\"contentUrl\":\"https:\/\/luchonoticias.com\/editor\/wp-content\/uploads\/2024\/02\/cropped-cropped-logolu.webp\",\"width\":382,\"height\":170,\"caption\":\"admin\"},\"logo\":{\"@id\":\"https:\/\/luchonoticias.com\/editor\/#\/schema\/person\/image\/\"},\"sameAs\":[\"https:\/\/www.facebook.com\/luchonoticiasneiva\"]},{\"@type\":\"Person\",\"@id\":\"https:\/\/luchonoticias.com\/editor\/#\/schema\/person\/29217990ddf6f14e35912b2866d591fb\",\"name\":\"Editor General\",\"image\":{\"@type\":\"ImageObject\",\"inLanguage\":\"es\",\"@id\":\"https:\/\/luchonoticias.com\/editor\/#\/schema\/person\/image\/\",\"url\":\"https:\/\/luchonoticias.com\/editor\/wp-content\/uploads\/2024\/02\/cropped-cropped-logolu-150x150.webp\",\"contentUrl\":\"https:\/\/luchonoticias.com\/editor\/wp-content\/uploads\/2024\/02\/cropped-cropped-logolu-150x150.webp\",\"caption\":\"Editor General\"},\"sameAs\":[\"https:\/\/luchonoticias.com\/\"],\"url\":\"https:\/\/luchonoticias.com\/editor\/author\/editor-general\/\"}]}<\/script>\n<!-- \/ Yoast SEO plugin. -->","yoast_head_json":{"title":"Ministro del Interior lider\u00f3 jornada de di\u00e1logo social en Neiva -","robots":{"index":"index","follow":"follow","max-snippet":"max-snippet:-1","max-image-preview":"max-image-preview:large","max-video-preview":"max-video-preview:-1"},"canonical":"https:\/\/luchonoticias.com\/editor\/ministro-del-interior-lidero-jornada-de-dialogo-social-en-neiva\/","og_locale":"es_ES","og_type":"article","og_title":"Ministro del Interior lider\u00f3 jornada de di\u00e1logo social en Neiva -","og_url":"https:\/\/luchonoticias.com\/editor\/ministro-del-interior-lidero-jornada-de-dialogo-social-en-neiva\/","article_publisher":"https:\/\/www.facebook.com\/luchonoticiasneiva","article_published_time":"2024-05-19T00:23:00+00:00","og_image":[{"width":700,"height":400,"url":"https:\/\/luchonoticias.com\/editor\/wp-content\/uploads\/2024\/05\/ministro.jpg","type":"image\/jpeg"}],"author":"Editor General","twitter_card":"summary_large_image","twitter_misc":{"Escrito por":"Editor General","Tiempo de lectura":"2 minutos"},"schema":{"@context":"https:\/\/schema.org","@graph":[{"@type":"Article","@id":"https:\/\/luchonoticias.com\/editor\/ministro-del-interior-lidero-jornada-de-dialogo-social-en-neiva\/#article","isPartOf":{"@id":"https:\/\/luchonoticias.com\/editor\/ministro-del-interior-lidero-jornada-de-dialogo-social-en-neiva\/"},"author":{"name":"Editor General","@id":"https:\/\/luchonoticias.com\/editor\/#\/schema\/person\/29217990ddf6f14e35912b2866d591fb"},"headline":"Ministro del Interior lider\u00f3 jornada de di\u00e1logo social en Neiva","datePublished":"2024-05-19T00:23:00+00:00","mainEntityOfPage":{"@id":"https:\/\/luchonoticias.com\/editor\/ministro-del-interior-lidero-jornada-de-dialogo-social-en-neiva\/"},"wordCount":409,"publisher":{"@id":"https:\/\/luchonoticias.com\/editor\/#\/schema\/person\/7a7fd911f58561fd056dbac7b55af9cd"},"image":{"@id":"https:\/\/luchonoticias.com\/editor\/ministro-del-interior-lidero-jornada-de-dialogo-social-en-neiva\/#primaryimage"},"thumbnailUrl":"https:\/\/luchonoticias.com\/editor\/wp-content\/uploads\/2024\/05\/ministro.jpg","articleSection":["Deportes"],"inLanguage":"es"},{"@type":"WebPage","@id":"https:\/\/luchonoticias.com\/editor\/ministro-del-interior-lidero-jornada-de-dialogo-social-en-neiva\/","url":"https:\/\/luchonoticias.com\/editor\/ministro-del-interior-lidero-jornada-de-dialogo-social-en-neiva\/","name":"Ministro del Interior lider\u00f3 jornada de di\u00e1logo social en Neiva -","isPartOf":{"@id":"https:\/\/luchonoticias.com\/editor\/#website"},"primaryImageOfPage":{"@id":"https:\/\/luchonoticias.com\/editor\/ministro-del-interior-lidero-jornada-de-dialogo-social-en-neiva\/#primaryimage"},"image":{"@id":"https:\/\/luchonoticias.com\/editor\/ministro-del-interior-lidero-jornada-de-dialogo-social-en-neiva\/#primaryimage"},"thumbnailUrl":"https:\/\/luchonoticias.com\/editor\/wp-content\/uploads\/2024\/05\/ministro.jpg","datePublished":"2024-05-19T00:23:00+00:00","breadcrumb":{"@id":"https:\/\/luchonoticias.com\/editor\/ministro-del-interior-lidero-jornada-de-dialogo-social-en-neiva\/#breadcrumb"},"inLanguage":"es","potentialAction":[{"@type":"ReadAction","target":["https:\/\/luchonoticias.com\/editor\/ministro-del-interior-lidero-jornada-de-dialogo-social-en-neiva\/"]}]},{"@type":"ImageObject","inLanguage":"es","@id":"https:\/\/luchonoticias.com\/editor\/ministro-del-interior-lidero-jornada-de-dialogo-social-en-neiva\/#primaryimage","url":"https:\/\/luchonoticias.com\/editor\/wp-content\/uploads\/2024\/05\/ministro.jpg","contentUrl":"https:\/\/luchonoticias.com\/editor\/wp-content\/uploads\/2024\/05\/ministro.jpg","width":700,"height":400},{"@type":"BreadcrumbList","@id":"https:\/\/luchonoticias.com\/editor\/ministro-del-interior-lidero-jornada-de-dialogo-social-en-neiva\/#breadcrumb","itemListElement":[{"@type":"ListItem","position":1,"name":"Portada","item":"https:\/\/luchonoticias.com\/editor\/"},{"@type":"ListItem","position":2,"name":"Ministro del Interior lider\u00f3 jornada de di\u00e1logo social en Neiva"}]},{"@type":"WebSite","@id":"https:\/\/luchonoticias.com\/editor\/#website","url":"https:\/\/luchonoticias.com\/editor\/","name":"","description":"","publisher":{"@id":"https:\/\/luchonoticias.com\/editor\/#\/schema\/person\/7a7fd911f58561fd056dbac7b55af9cd"},"potentialAction":[{"@type":"SearchAction","target":{"@type":"EntryPoint","urlTemplate":"https:\/\/luchonoticias.com\/editor\/?s={search_term_string}"},"query-input":{"@type":"PropertyValueSpecification","valueRequired":true,"valueName":"search_term_string"}}],"inLanguage":"es"},{"@type":["Person","Organization"],"@id":"https:\/\/luchonoticias.com\/editor\/#\/schema\/person\/7a7fd911f58561fd056dbac7b55af9cd","name":"admin","image":{"@type":"ImageObject","inLanguage":"es","@id":"https:\/\/luchonoticias.com\/editor\/#\/schema\/person\/image\/","url":"https:\/\/luchonoticias.com\/editor\/wp-content\/uploads\/2024\/02\/cropped-cropped-logolu.webp","contentUrl":"https:\/\/luchonoticias.com\/editor\/wp-content\/uploads\/2024\/02\/cropped-cropped-logolu.webp","width":382,"height":170,"caption":"admin"},"logo":{"@id":"https:\/\/luchonoticias.com\/editor\/#\/schema\/person\/image\/"},"sameAs":["https:\/\/www.facebook.com\/luchonoticiasneiva"]},{"@type":"Person","@id":"https:\/\/luchonoticias.com\/editor\/#\/schema\/person\/29217990ddf6f14e35912b2866d591fb","name":"Editor General","image":{"@type":"ImageObject","inLanguage":"es","@id":"https:\/\/luchonoticias.com\/editor\/#\/schema\/person\/image\/","url":"https:\/\/luchonoticias.com\/editor\/wp-content\/uploads\/2024\/02\/cropped-cropped-logolu-150x150.webp","contentUrl":"https:\/\/luchonoticias.com\/editor\/wp-content\/uploads\/2024\/02\/cropped-cropped-logolu-150x150.webp","caption":"Editor General"},"sameAs":["https:\/\/luchonoticias.com\/"],"url":"https:\/\/luchonoticias.com\/editor\/author\/editor-general\/"}]}},"_links":{"self":[{"href":"https:\/\/luchonoticias.com\/editor\/wp-json\/wp\/v2\/posts\/73199","targetHints":{"allow":["GET"]}}],"collection":[{"href":"https:\/\/luchonoticias.com\/editor\/wp-json\/wp\/v2\/posts"}],"about":[{"href":"https:\/\/luchonoticias.com\/editor\/wp-json\/wp\/v2\/types\/post"}],"author":[{"embeddable":true,"href":"https:\/\/luchonoticias.com\/editor\/wp-json\/wp\/v2\/users\/2"}],"replies":[{"embeddable":true,"href":"https:\/\/luchonoticias.com\/editor\/wp-json\/wp\/v2\/comments?post=73199"}],"version-history":[{"count":0,"href":"https:\/\/luchonoticias.com\/editor\/wp-json\/wp\/v2\/posts\/73199\/revisions"}],"wp:featuredmedia":[{"embeddable":true,"href":"https:\/\/luchonoticias.com\/editor\/wp-json\/wp\/v2\/media\/73200"}],"wp:attachment":[{"href":"https:\/\/luchonoticias.com\/editor\/wp-json\/wp\/v2\/media?parent=73199"}],"wp:term":[{"taxonomy":"category","embeddable":true,"href":"https:\/\/luchonoticias.com\/editor\/wp-json\/wp\/v2\/categories?post=73199"},{"taxonomy":"post_tag","embeddable":true,"href":"https:\/\/luchonoticias.com\/editor\/wp-json\/wp\/v2\/tags?post=73199"}],"curies":[{"name":"wp","href":"https:\/\/api.w.org\/{rel}","templated":true}]}}