{"id":73202,"date":"2024-05-19T07:11:52","date_gmt":"2024-05-19T12:11:52","guid":{"rendered":"https:\/\/luchonoticias.com\/?p=73202"},"modified":"2024-05-19T07:11:52","modified_gmt":"2024-05-19T12:11:52","slug":"gobierno-a-responder-ante-el-senado-por-sistema-de-salud-docente","status":"publish","type":"post","link":"https:\/\/luchonoticias.com\/editor\/gobierno-a-responder-ante-el-senado-por-sistema-de-salud-docente\/","title":{"rendered":"Gobierno, a responder ante el Senado por sistema de salud docente"},"content":{"rendered":"<p><span class=\"s3\"><span class=\"bumpedFont15\">Entre la espada y la pared, as\u00ed se encuentran<\/span><\/span><span class=\"s3\"><span class=\"bumpedFont15\">,\u00a0<\/span><\/span><span class=\"s3\"><span class=\"bumpedFont15\">quienes en su oficio de maestros y profesores est\u00e1n viviendo el verdadero viacrucis, para logra<\/span><\/span><span class=\"s3\"><span class=\"bumpedFont15\">r que el nuevo servicio de salud\u00a0<\/span><\/span><span class=\"s3\"><span class=\"bumpedFont15\">pueda<\/span><\/span><span class=\"s3\"><span class=\"bumpedFont15\">\u00a0mejorar en algo y por lo menos<\/span><\/span><span class=\"s3\"><span class=\"bumpedFont15\">\u00a0la realidad de las citas para medicina general no sigan<\/span><\/span><span class=\"s3\"><span class=\"bumpedFont15\">,<\/span><\/span><span class=\"s3\"><span class=\"bumpedFont15\">\u00a0en la\u00a0<\/span><\/span><span class=\"s3\"><span class=\"bumpedFont15\">incierta,\u00a0<\/span><\/span><span class=\"s3\"><span class=\"bumpedFont15\">programaci\u00f3n de m\u00e1s de 20 d\u00edas.<\/span><\/span><\/p>\n<p><span class=\"s3\"><span class=\"bumpedFont15\">Por esa situaci\u00f3n fue\u00a0<\/span><\/span><span class=\"s3\"><span class=\"bumpedFont15\">aceptada una propuesta de citaci\u00f3n al gobierno pa<\/span><\/span><span class=\"s3\"><span class=\"bumpedFont15\">ra que responda ante la comisi\u00f3n\u00a0<\/span><\/span><span class=\"s3\"><span class=\"bumpedFont15\">P<\/span><\/span><span class=\"s3\"><span class=\"bumpedFont15\">rimera<\/span><\/span><span class=\"s3\"><span class=\"bumpedFont15\">\u00a0del\u00a0<\/span><\/span><span class=\"s3\"><span class=\"bumpedFont15\">S<\/span><\/span><span class=\"s3\"><span class=\"bumpedFont15\">enado firmada por algunos congresistas como David Luna,\u00a0<\/span><\/span><span class=\"s3\"><span class=\"bumpedFont15\">integrante de\u00a0<\/span><\/span><span class=\"s3\"><span class=\"bumpedFont15\">C<\/span><\/span><span class=\"s3\"><span class=\"bumpedFont15\">ambio\u00a0<\/span><\/span><span class=\"s3\"><span class=\"bumpedFont15\">R<\/span><\/span><span class=\"s3\"><span class=\"bumpedFont15\">adical, partido de oposici\u00f3n,\u00a0<\/span><\/span><span class=\"s3\"><span class=\"bumpedFont15\">quien, considera que<\/span><\/span><span class=\"s3\"><span class=\"bumpedFont15\">,\u00a0<\/span><\/span><span class=\"s3\"><span class=\"bumpedFont15\">los\u00a0<\/span><\/span><span class=\"s3\"><span class=\"bumpedFont15\">docentes\u00a0<\/span><\/span><span class=\"s3\"><span class=\"bumpedFont15\">parecen<\/span><\/span><span class=\"s3\"><span class=\"bumpedFont15\">\u00a0conejillos de indias, cuando en la pr\u00e1ctica deber\u00edan de tener un servicio de salud,\u00a0<\/span><\/span><span class=\"s3\"><span class=\"bumpedFont15\">adecuado, r\u00e1pido y eficiente.<\/span><\/span><\/p>\n<p><span class=\"s3\"><span class=\"bumpedFont15\">Al debate est\u00e1n citados<\/span><\/span><span class=\"s3\"><span class=\"bumpedFont15\">\u00a0los ministros de S<\/span><\/span><span class=\"s3\"><span class=\"bumpedFont15\">alud,\u00a0<\/span><\/span><span class=\"s3\"><span class=\"bumpedFont15\">E<\/span><\/span><span class=\"s3\"><span class=\"bumpedFont15\">ducaci\u00f3n y el presidente de la previsora, quienes desde ya cuentan con el respaldo en su actual gesti\u00f3n, por parte de integrantes de la bancada del gobierno, como la senadora, Clara L\u00f3pez, del\u00a0<\/span><\/span><span class=\"s3\"><span class=\"bumpedFont15\">P<\/span><\/span><span class=\"s3\"><span class=\"bumpedFont15\">acto\u00a0<\/span><\/span><span class=\"s3\"><span class=\"bumpedFont15\">H<\/span><\/span><span class=\"s3\"><span class=\"bumpedFont15\">ist\u00f3rico,<\/span><\/span><span class=\"s3\"><span class=\"bumpedFont15\">\u00a0quien por su parte interpreta los inconvenientes actuales, como el efecto de implementar un nuevo modelo en la prestaci\u00f3n de los servicios de salud para los integrantes del magisterio.<\/span><\/span><\/p>\n","protected":false},"excerpt":{"rendered":"<p>Entre la espada y la pared, as\u00ed se encuentran,\u00a0quienes en su oficio de maestros y profesores est\u00e1n viviendo el verdadero viacrucis, para lograr que el nuevo servicio de salud\u00a0pueda\u00a0mejorar en algo y por lo menos\u00a0la realidad de las citas para medicina general no sigan,\u00a0en la\u00a0incierta,\u00a0programaci\u00f3n de m\u00e1s de 20 d\u00edas. Por esa situaci\u00f3n fue\u00a0aceptada una [&hellip;]<\/p>\n","protected":false},"author":2,"featured_media":73203,"comment_status":"closed","ping_status":"open","sticky":false,"template":"","format":"standard","meta":{"footnotes":""},"categories":[28],"tags":[],"class_list":["post-73202","post","type-post","status-publish","format-standard","has-post-thumbnail","hentry","category-actualidad"],"yoast_head":"<!-- This site is optimized with the Yoast SEO plugin v26.6 - https:\/\/yoast.com\/wordpress\/plugins\/seo\/ -->\n<title>Gobierno, a responder ante el Senado por sistema de salud docente -<\/title>\n<meta name=\"robots\" content=\"index, follow, max-snippet:-1, max-image-preview:large, max-video-preview:-1\" \/>\n<link rel=\"canonical\" href=\"https:\/\/luchonoticias.com\/editor\/gobierno-a-responder-ante-el-senado-por-sistema-de-salud-docente\/\" \/>\n<meta property=\"og:locale\" content=\"es_ES\" \/>\n<meta property=\"og:type\" content=\"article\" \/>\n<meta property=\"og:title\" content=\"Gobierno, a responder ante el Senado por sistema de salud docente -\" \/>\n<meta property=\"og:url\" content=\"https:\/\/luchonoticias.com\/editor\/gobierno-a-responder-ante-el-senado-por-sistema-de-salud-docente\/\" \/>\n<meta property=\"article:publisher\" content=\"https:\/\/www.facebook.com\/luchonoticiasneiva\" \/>\n<meta property=\"article:published_time\" content=\"2024-05-19T12:11:52+00:00\" \/>\n<meta property=\"og:image\" content=\"https:\/\/luchonoticias.com\/editor\/wp-content\/uploads\/2024\/05\/senado-5.jpg\" \/>\n\t<meta property=\"og:image:width\" content=\"700\" \/>\n\t<meta property=\"og:image:height\" content=\"400\" \/>\n\t<meta property=\"og:image:type\" content=\"image\/jpeg\" \/>\n<meta name=\"author\" content=\"Editor General\" \/>\n<meta name=\"twitter:card\" content=\"summary_large_image\" \/>\n<meta name=\"twitter:label1\" content=\"Escrito por\" \/>\n\t<meta name=\"twitter:data1\" content=\"Editor General\" \/>\n\t<meta name=\"twitter:label2\" content=\"Tiempo de lectura\" \/>\n\t<meta name=\"twitter:data2\" content=\"1 minuto\" \/>\n<script type=\"application\/ld+json\" class=\"yoast-schema-graph\">{\"@context\":\"https:\/\/schema.org\",\"@graph\":[{\"@type\":\"Article\",\"@id\":\"https:\/\/luchonoticias.com\/editor\/gobierno-a-responder-ante-el-senado-por-sistema-de-salud-docente\/#article\",\"isPartOf\":{\"@id\":\"https:\/\/luchonoticias.com\/editor\/gobierno-a-responder-ante-el-senado-por-sistema-de-salud-docente\/\"},\"author\":{\"name\":\"Editor General\",\"@id\":\"https:\/\/luchonoticias.com\/editor\/#\/schema\/person\/29217990ddf6f14e35912b2866d591fb\"},\"headline\":\"Gobierno, a responder ante el Senado por sistema de salud docente\",\"datePublished\":\"2024-05-19T12:11:52+00:00\",\"mainEntityOfPage\":{\"@id\":\"https:\/\/luchonoticias.com\/editor\/gobierno-a-responder-ante-el-senado-por-sistema-de-salud-docente\/\"},\"wordCount\":224,\"publisher\":{\"@id\":\"https:\/\/luchonoticias.com\/editor\/#\/schema\/person\/7a7fd911f58561fd056dbac7b55af9cd\"},\"image\":{\"@id\":\"https:\/\/luchonoticias.com\/editor\/gobierno-a-responder-ante-el-senado-por-sistema-de-salud-docente\/#primaryimage\"},\"thumbnailUrl\":\"https:\/\/luchonoticias.com\/editor\/wp-content\/uploads\/2024\/05\/senado-5.jpg\",\"articleSection\":[\"Actualidad\"],\"inLanguage\":\"es\"},{\"@type\":\"WebPage\",\"@id\":\"https:\/\/luchonoticias.com\/editor\/gobierno-a-responder-ante-el-senado-por-sistema-de-salud-docente\/\",\"url\":\"https:\/\/luchonoticias.com\/editor\/gobierno-a-responder-ante-el-senado-por-sistema-de-salud-docente\/\",\"name\":\"Gobierno, a responder ante el Senado por sistema de salud docente -\",\"isPartOf\":{\"@id\":\"https:\/\/luchonoticias.com\/editor\/#website\"},\"primaryImageOfPage\":{\"@id\":\"https:\/\/luchonoticias.com\/editor\/gobierno-a-responder-ante-el-senado-por-sistema-de-salud-docente\/#primaryimage\"},\"image\":{\"@id\":\"https:\/\/luchonoticias.com\/editor\/gobierno-a-responder-ante-el-senado-por-sistema-de-salud-docente\/#primaryimage\"},\"thumbnailUrl\":\"https:\/\/luchonoticias.com\/editor\/wp-content\/uploads\/2024\/05\/senado-5.jpg\",\"datePublished\":\"2024-05-19T12:11:52+00:00\",\"breadcrumb\":{\"@id\":\"https:\/\/luchonoticias.com\/editor\/gobierno-a-responder-ante-el-senado-por-sistema-de-salud-docente\/#breadcrumb\"},\"inLanguage\":\"es\",\"potentialAction\":[{\"@type\":\"ReadAction\",\"target\":[\"https:\/\/luchonoticias.com\/editor\/gobierno-a-responder-ante-el-senado-por-sistema-de-salud-docente\/\"]}]},{\"@type\":\"ImageObject\",\"inLanguage\":\"es\",\"@id\":\"https:\/\/luchonoticias.com\/editor\/gobierno-a-responder-ante-el-senado-por-sistema-de-salud-docente\/#primaryimage\",\"url\":\"https:\/\/luchonoticias.com\/editor\/wp-content\/uploads\/2024\/05\/senado-5.jpg\",\"contentUrl\":\"https:\/\/luchonoticias.com\/editor\/wp-content\/uploads\/2024\/05\/senado-5.jpg\",\"width\":700,\"height\":400},{\"@type\":\"BreadcrumbList\",\"@id\":\"https:\/\/luchonoticias.com\/editor\/gobierno-a-responder-ante-el-senado-por-sistema-de-salud-docente\/#breadcrumb\",\"itemListElement\":[{\"@type\":\"ListItem\",\"position\":1,\"name\":\"Portada\",\"item\":\"https:\/\/luchonoticias.com\/editor\/\"},{\"@type\":\"ListItem\",\"position\":2,\"name\":\"Gobierno, a responder ante el Senado por sistema de salud docente\"}]},{\"@type\":\"WebSite\",\"@id\":\"https:\/\/luchonoticias.com\/editor\/#website\",\"url\":\"https:\/\/luchonoticias.com\/editor\/\",\"name\":\"\",\"description\":\"\",\"publisher\":{\"@id\":\"https:\/\/luchonoticias.com\/editor\/#\/schema\/person\/7a7fd911f58561fd056dbac7b55af9cd\"},\"potentialAction\":[{\"@type\":\"SearchAction\",\"target\":{\"@type\":\"EntryPoint\",\"urlTemplate\":\"https:\/\/luchonoticias.com\/editor\/?s={search_term_string}\"},\"query-input\":{\"@type\":\"PropertyValueSpecification\",\"valueRequired\":true,\"valueName\":\"search_term_string\"}}],\"inLanguage\":\"es\"},{\"@type\":[\"Person\",\"Organization\"],\"@id\":\"https:\/\/luchonoticias.com\/editor\/#\/schema\/person\/7a7fd911f58561fd056dbac7b55af9cd\",\"name\":\"admin\",\"image\":{\"@type\":\"ImageObject\",\"inLanguage\":\"es\",\"@id\":\"https:\/\/luchonoticias.com\/editor\/#\/schema\/person\/image\/\",\"url\":\"https:\/\/luchonoticias.com\/editor\/wp-content\/uploads\/2024\/02\/cropped-cropped-logolu.webp\",\"contentUrl\":\"https:\/\/luchonoticias.com\/editor\/wp-content\/uploads\/2024\/02\/cropped-cropped-logolu.webp\",\"width\":382,\"height\":170,\"caption\":\"admin\"},\"logo\":{\"@id\":\"https:\/\/luchonoticias.com\/editor\/#\/schema\/person\/image\/\"},\"sameAs\":[\"https:\/\/www.facebook.com\/luchonoticiasneiva\"]},{\"@type\":\"Person\",\"@id\":\"https:\/\/luchonoticias.com\/editor\/#\/schema\/person\/29217990ddf6f14e35912b2866d591fb\",\"name\":\"Editor General\",\"image\":{\"@type\":\"ImageObject\",\"inLanguage\":\"es\",\"@id\":\"https:\/\/luchonoticias.com\/editor\/#\/schema\/person\/image\/\",\"url\":\"https:\/\/luchonoticias.com\/editor\/wp-content\/uploads\/2024\/02\/cropped-cropped-logolu-150x150.webp\",\"contentUrl\":\"https:\/\/luchonoticias.com\/editor\/wp-content\/uploads\/2024\/02\/cropped-cropped-logolu-150x150.webp\",\"caption\":\"Editor General\"},\"sameAs\":[\"https:\/\/luchonoticias.com\/\"],\"url\":\"https:\/\/luchonoticias.com\/editor\/author\/editor-general\/\"}]}<\/script>\n<!-- \/ Yoast SEO plugin. -->","yoast_head_json":{"title":"Gobierno, a responder ante el Senado por sistema de salud docente -","robots":{"index":"index","follow":"follow","max-snippet":"max-snippet:-1","max-image-preview":"max-image-preview:large","max-video-preview":"max-video-preview:-1"},"canonical":"https:\/\/luchonoticias.com\/editor\/gobierno-a-responder-ante-el-senado-por-sistema-de-salud-docente\/","og_locale":"es_ES","og_type":"article","og_title":"Gobierno, a responder ante el Senado por sistema de salud docente -","og_url":"https:\/\/luchonoticias.com\/editor\/gobierno-a-responder-ante-el-senado-por-sistema-de-salud-docente\/","article_publisher":"https:\/\/www.facebook.com\/luchonoticiasneiva","article_published_time":"2024-05-19T12:11:52+00:00","og_image":[{"width":700,"height":400,"url":"https:\/\/luchonoticias.com\/editor\/wp-content\/uploads\/2024\/05\/senado-5.jpg","type":"image\/jpeg"}],"author":"Editor General","twitter_card":"summary_large_image","twitter_misc":{"Escrito por":"Editor General","Tiempo de lectura":"1 minuto"},"schema":{"@context":"https:\/\/schema.org","@graph":[{"@type":"Article","@id":"https:\/\/luchonoticias.com\/editor\/gobierno-a-responder-ante-el-senado-por-sistema-de-salud-docente\/#article","isPartOf":{"@id":"https:\/\/luchonoticias.com\/editor\/gobierno-a-responder-ante-el-senado-por-sistema-de-salud-docente\/"},"author":{"name":"Editor General","@id":"https:\/\/luchonoticias.com\/editor\/#\/schema\/person\/29217990ddf6f14e35912b2866d591fb"},"headline":"Gobierno, a responder ante el Senado por sistema de salud docente","datePublished":"2024-05-19T12:11:52+00:00","mainEntityOfPage":{"@id":"https:\/\/luchonoticias.com\/editor\/gobierno-a-responder-ante-el-senado-por-sistema-de-salud-docente\/"},"wordCount":224,"publisher":{"@id":"https:\/\/luchonoticias.com\/editor\/#\/schema\/person\/7a7fd911f58561fd056dbac7b55af9cd"},"image":{"@id":"https:\/\/luchonoticias.com\/editor\/gobierno-a-responder-ante-el-senado-por-sistema-de-salud-docente\/#primaryimage"},"thumbnailUrl":"https:\/\/luchonoticias.com\/editor\/wp-content\/uploads\/2024\/05\/senado-5.jpg","articleSection":["Actualidad"],"inLanguage":"es"},{"@type":"WebPage","@id":"https:\/\/luchonoticias.com\/editor\/gobierno-a-responder-ante-el-senado-por-sistema-de-salud-docente\/","url":"https:\/\/luchonoticias.com\/editor\/gobierno-a-responder-ante-el-senado-por-sistema-de-salud-docente\/","name":"Gobierno, a responder ante el Senado por sistema de salud docente -","isPartOf":{"@id":"https:\/\/luchonoticias.com\/editor\/#website"},"primaryImageOfPage":{"@id":"https:\/\/luchonoticias.com\/editor\/gobierno-a-responder-ante-el-senado-por-sistema-de-salud-docente\/#primaryimage"},"image":{"@id":"https:\/\/luchonoticias.com\/editor\/gobierno-a-responder-ante-el-senado-por-sistema-de-salud-docente\/#primaryimage"},"thumbnailUrl":"https:\/\/luchonoticias.com\/editor\/wp-content\/uploads\/2024\/05\/senado-5.jpg","datePublished":"2024-05-19T12:11:52+00:00","breadcrumb":{"@id":"https:\/\/luchonoticias.com\/editor\/gobierno-a-responder-ante-el-senado-por-sistema-de-salud-docente\/#breadcrumb"},"inLanguage":"es","potentialAction":[{"@type":"ReadAction","target":["https:\/\/luchonoticias.com\/editor\/gobierno-a-responder-ante-el-senado-por-sistema-de-salud-docente\/"]}]},{"@type":"ImageObject","inLanguage":"es","@id":"https:\/\/luchonoticias.com\/editor\/gobierno-a-responder-ante-el-senado-por-sistema-de-salud-docente\/#primaryimage","url":"https:\/\/luchonoticias.com\/editor\/wp-content\/uploads\/2024\/05\/senado-5.jpg","contentUrl":"https:\/\/luchonoticias.com\/editor\/wp-content\/uploads\/2024\/05\/senado-5.jpg","width":700,"height":400},{"@type":"BreadcrumbList","@id":"https:\/\/luchonoticias.com\/editor\/gobierno-a-responder-ante-el-senado-por-sistema-de-salud-docente\/#breadcrumb","itemListElement":[{"@type":"ListItem","position":1,"name":"Portada","item":"https:\/\/luchonoticias.com\/editor\/"},{"@type":"ListItem","position":2,"name":"Gobierno, a responder ante el Senado por sistema de salud docente"}]},{"@type":"WebSite","@id":"https:\/\/luchonoticias.com\/editor\/#website","url":"https:\/\/luchonoticias.com\/editor\/","name":"","description":"","publisher":{"@id":"https:\/\/luchonoticias.com\/editor\/#\/schema\/person\/7a7fd911f58561fd056dbac7b55af9cd"},"potentialAction":[{"@type":"SearchAction","target":{"@type":"EntryPoint","urlTemplate":"https:\/\/luchonoticias.com\/editor\/?s={search_term_string}"},"query-input":{"@type":"PropertyValueSpecification","valueRequired":true,"valueName":"search_term_string"}}],"inLanguage":"es"},{"@type":["Person","Organization"],"@id":"https:\/\/luchonoticias.com\/editor\/#\/schema\/person\/7a7fd911f58561fd056dbac7b55af9cd","name":"admin","image":{"@type":"ImageObject","inLanguage":"es","@id":"https:\/\/luchonoticias.com\/editor\/#\/schema\/person\/image\/","url":"https:\/\/luchonoticias.com\/editor\/wp-content\/uploads\/2024\/02\/cropped-cropped-logolu.webp","contentUrl":"https:\/\/luchonoticias.com\/editor\/wp-content\/uploads\/2024\/02\/cropped-cropped-logolu.webp","width":382,"height":170,"caption":"admin"},"logo":{"@id":"https:\/\/luchonoticias.com\/editor\/#\/schema\/person\/image\/"},"sameAs":["https:\/\/www.facebook.com\/luchonoticiasneiva"]},{"@type":"Person","@id":"https:\/\/luchonoticias.com\/editor\/#\/schema\/person\/29217990ddf6f14e35912b2866d591fb","name":"Editor General","image":{"@type":"ImageObject","inLanguage":"es","@id":"https:\/\/luchonoticias.com\/editor\/#\/schema\/person\/image\/","url":"https:\/\/luchonoticias.com\/editor\/wp-content\/uploads\/2024\/02\/cropped-cropped-logolu-150x150.webp","contentUrl":"https:\/\/luchonoticias.com\/editor\/wp-content\/uploads\/2024\/02\/cropped-cropped-logolu-150x150.webp","caption":"Editor General"},"sameAs":["https:\/\/luchonoticias.com\/"],"url":"https:\/\/luchonoticias.com\/editor\/author\/editor-general\/"}]}},"_links":{"self":[{"href":"https:\/\/luchonoticias.com\/editor\/wp-json\/wp\/v2\/posts\/73202","targetHints":{"allow":["GET"]}}],"collection":[{"href":"https:\/\/luchonoticias.com\/editor\/wp-json\/wp\/v2\/posts"}],"about":[{"href":"https:\/\/luchonoticias.com\/editor\/wp-json\/wp\/v2\/types\/post"}],"author":[{"embeddable":true,"href":"https:\/\/luchonoticias.com\/editor\/wp-json\/wp\/v2\/users\/2"}],"replies":[{"embeddable":true,"href":"https:\/\/luchonoticias.com\/editor\/wp-json\/wp\/v2\/comments?post=73202"}],"version-history":[{"count":0,"href":"https:\/\/luchonoticias.com\/editor\/wp-json\/wp\/v2\/posts\/73202\/revisions"}],"wp:featuredmedia":[{"embeddable":true,"href":"https:\/\/luchonoticias.com\/editor\/wp-json\/wp\/v2\/media\/73203"}],"wp:attachment":[{"href":"https:\/\/luchonoticias.com\/editor\/wp-json\/wp\/v2\/media?parent=73202"}],"wp:term":[{"taxonomy":"category","embeddable":true,"href":"https:\/\/luchonoticias.com\/editor\/wp-json\/wp\/v2\/categories?post=73202"},{"taxonomy":"post_tag","embeddable":true,"href":"https:\/\/luchonoticias.com\/editor\/wp-json\/wp\/v2\/tags?post=73202"}],"curies":[{"name":"wp","href":"https:\/\/api.w.org\/{rel}","templated":true}]}}