{"id":73208,"date":"2024-05-19T07:20:46","date_gmt":"2024-05-19T12:20:46","guid":{"rendered":"https:\/\/luchonoticias.com\/?p=73208"},"modified":"2024-05-19T07:20:46","modified_gmt":"2024-05-19T12:20:46","slug":"proceso-de-participacion-del-gobierno-con-el-respaldo-de-la-onu","status":"publish","type":"post","link":"https:\/\/luchonoticias.com\/editor\/proceso-de-participacion-del-gobierno-con-el-respaldo-de-la-onu\/","title":{"rendered":"Proceso de participaci\u00f3n del Gobierno, con el respaldo de la ONU"},"content":{"rendered":"<p>El Representante Especial del Secretario General de la ONU en Colombia, Carlos Ruiz Massieu, destac\u00f3 que est\u00e1 culminando con \u00e9xito la primera fase del proceso de participaci\u00f3n de la sociedad, pese a los desaf\u00edos en la mesa de di\u00e1logos con el ELN.<\/p>\n<p>El diplom\u00e1tico manifest\u00f3 que el hecho de que sea la propia sociedad la que, de forma activa y directa, construya las transformaciones para la paz \u201ces in\u00e9dito, no solo en Colombia, sino en el contexto global\u00bb.<\/p>\n<p>Ruiz Massieu particip\u00f3 en dos eventos realizados esta semana en Bogot\u00e1 y Leticia, en el marco del proceso de participaci\u00f3n de la sociedad en los di\u00e1logos de paz entre el Gobierno del Cambio y el ELN: la VI Plenaria del Comit\u00e9 Nacional de Participaci\u00f3n y el encuentro territorial de la Amazon\u00eda.<\/p>\n<p>El Representante Especial del Secretario General de la ONU celebr\u00f3 que pr\u00f3ximamente se dar\u00e1 la firma del acuerdo sobre el punto uno de la Agenda de M\u00e9xico, el primero entre las partes en m\u00e1s de 30 a\u00f1os de di\u00e1logos.<\/p>\n<p>\u201cEste proceso de participaci\u00f3n ha sido muy relevante, lo va a seguir siendo y demuestra la voluntad de las regiones, de las comunidades y de las partes por seguir avanzando\u00bb, resalt\u00f3.<\/p>\n<p>Tambi\u00e9n subray\u00f3 que la participaci\u00f3n, el trabajo del Comit\u00e9 y las consultas con la sociedad, se han mantenido de manera permanente, a pesar de los desaf\u00edos de la mesa.<\/p>\n<p>\u201cLa participaci\u00f3n de la sociedad es uno de los pilares de estos di\u00e1logos\u00bb, dijo, y destac\u00f3 el hecho de que es la sociedad colombiana la que est\u00e1 construyendo la paz.<\/p>\n","protected":false},"excerpt":{"rendered":"<p>El Representante Especial del Secretario General de la ONU en Colombia, Carlos Ruiz Massieu, destac\u00f3 que est\u00e1 culminando con \u00e9xito la primera fase del proceso de participaci\u00f3n de la sociedad, pese a los desaf\u00edos en la mesa de di\u00e1logos con el ELN. El diplom\u00e1tico manifest\u00f3 que el hecho de que sea la propia sociedad la [&hellip;]<\/p>\n","protected":false},"author":2,"featured_media":73209,"comment_status":"closed","ping_status":"open","sticky":false,"template":"","format":"standard","meta":{"footnotes":""},"categories":[28],"tags":[],"class_list":["post-73208","post","type-post","status-publish","format-standard","has-post-thumbnail","hentry","category-actualidad"],"yoast_head":"<!-- This site is optimized with the Yoast SEO plugin v26.6 - https:\/\/yoast.com\/wordpress\/plugins\/seo\/ -->\n<title>Proceso de participaci\u00f3n del Gobierno, con el respaldo de la ONU -<\/title>\n<meta name=\"robots\" content=\"index, follow, max-snippet:-1, max-image-preview:large, max-video-preview:-1\" \/>\n<link rel=\"canonical\" href=\"https:\/\/luchonoticias.com\/editor\/proceso-de-participacion-del-gobierno-con-el-respaldo-de-la-onu\/\" \/>\n<meta property=\"og:locale\" content=\"es_ES\" \/>\n<meta property=\"og:type\" content=\"article\" \/>\n<meta property=\"og:title\" content=\"Proceso de participaci\u00f3n del Gobierno, con el respaldo de la ONU -\" \/>\n<meta property=\"og:url\" content=\"https:\/\/luchonoticias.com\/editor\/proceso-de-participacion-del-gobierno-con-el-respaldo-de-la-onu\/\" \/>\n<meta property=\"article:publisher\" content=\"https:\/\/www.facebook.com\/luchonoticiasneiva\" \/>\n<meta property=\"article:published_time\" content=\"2024-05-19T12:20:46+00:00\" \/>\n<meta property=\"og:image\" content=\"https:\/\/luchonoticias.com\/editor\/wp-content\/uploads\/2024\/05\/ONU.jpg\" \/>\n\t<meta property=\"og:image:width\" content=\"700\" \/>\n\t<meta property=\"og:image:height\" content=\"400\" \/>\n\t<meta property=\"og:image:type\" content=\"image\/jpeg\" \/>\n<meta name=\"author\" content=\"Editor General\" \/>\n<meta name=\"twitter:card\" content=\"summary_large_image\" \/>\n<meta name=\"twitter:label1\" content=\"Escrito por\" \/>\n\t<meta name=\"twitter:data1\" content=\"Editor General\" \/>\n\t<meta name=\"twitter:label2\" content=\"Tiempo de lectura\" \/>\n\t<meta name=\"twitter:data2\" content=\"1 minuto\" \/>\n<script type=\"application\/ld+json\" class=\"yoast-schema-graph\">{\"@context\":\"https:\/\/schema.org\",\"@graph\":[{\"@type\":\"Article\",\"@id\":\"https:\/\/luchonoticias.com\/editor\/proceso-de-participacion-del-gobierno-con-el-respaldo-de-la-onu\/#article\",\"isPartOf\":{\"@id\":\"https:\/\/luchonoticias.com\/editor\/proceso-de-participacion-del-gobierno-con-el-respaldo-de-la-onu\/\"},\"author\":{\"name\":\"Editor General\",\"@id\":\"https:\/\/luchonoticias.com\/editor\/#\/schema\/person\/29217990ddf6f14e35912b2866d591fb\"},\"headline\":\"Proceso de participaci\u00f3n del Gobierno, con el respaldo de la ONU\",\"datePublished\":\"2024-05-19T12:20:46+00:00\",\"mainEntityOfPage\":{\"@id\":\"https:\/\/luchonoticias.com\/editor\/proceso-de-participacion-del-gobierno-con-el-respaldo-de-la-onu\/\"},\"wordCount\":289,\"publisher\":{\"@id\":\"https:\/\/luchonoticias.com\/editor\/#\/schema\/person\/7a7fd911f58561fd056dbac7b55af9cd\"},\"image\":{\"@id\":\"https:\/\/luchonoticias.com\/editor\/proceso-de-participacion-del-gobierno-con-el-respaldo-de-la-onu\/#primaryimage\"},\"thumbnailUrl\":\"https:\/\/luchonoticias.com\/editor\/wp-content\/uploads\/2024\/05\/ONU.jpg\",\"articleSection\":[\"Actualidad\"],\"inLanguage\":\"es\"},{\"@type\":\"WebPage\",\"@id\":\"https:\/\/luchonoticias.com\/editor\/proceso-de-participacion-del-gobierno-con-el-respaldo-de-la-onu\/\",\"url\":\"https:\/\/luchonoticias.com\/editor\/proceso-de-participacion-del-gobierno-con-el-respaldo-de-la-onu\/\",\"name\":\"Proceso de participaci\u00f3n del Gobierno, con el respaldo de la ONU -\",\"isPartOf\":{\"@id\":\"https:\/\/luchonoticias.com\/editor\/#website\"},\"primaryImageOfPage\":{\"@id\":\"https:\/\/luchonoticias.com\/editor\/proceso-de-participacion-del-gobierno-con-el-respaldo-de-la-onu\/#primaryimage\"},\"image\":{\"@id\":\"https:\/\/luchonoticias.com\/editor\/proceso-de-participacion-del-gobierno-con-el-respaldo-de-la-onu\/#primaryimage\"},\"thumbnailUrl\":\"https:\/\/luchonoticias.com\/editor\/wp-content\/uploads\/2024\/05\/ONU.jpg\",\"datePublished\":\"2024-05-19T12:20:46+00:00\",\"breadcrumb\":{\"@id\":\"https:\/\/luchonoticias.com\/editor\/proceso-de-participacion-del-gobierno-con-el-respaldo-de-la-onu\/#breadcrumb\"},\"inLanguage\":\"es\",\"potentialAction\":[{\"@type\":\"ReadAction\",\"target\":[\"https:\/\/luchonoticias.com\/editor\/proceso-de-participacion-del-gobierno-con-el-respaldo-de-la-onu\/\"]}]},{\"@type\":\"ImageObject\",\"inLanguage\":\"es\",\"@id\":\"https:\/\/luchonoticias.com\/editor\/proceso-de-participacion-del-gobierno-con-el-respaldo-de-la-onu\/#primaryimage\",\"url\":\"https:\/\/luchonoticias.com\/editor\/wp-content\/uploads\/2024\/05\/ONU.jpg\",\"contentUrl\":\"https:\/\/luchonoticias.com\/editor\/wp-content\/uploads\/2024\/05\/ONU.jpg\",\"width\":700,\"height\":400},{\"@type\":\"BreadcrumbList\",\"@id\":\"https:\/\/luchonoticias.com\/editor\/proceso-de-participacion-del-gobierno-con-el-respaldo-de-la-onu\/#breadcrumb\",\"itemListElement\":[{\"@type\":\"ListItem\",\"position\":1,\"name\":\"Portada\",\"item\":\"https:\/\/luchonoticias.com\/editor\/\"},{\"@type\":\"ListItem\",\"position\":2,\"name\":\"Proceso de participaci\u00f3n del Gobierno, con el respaldo de la ONU\"}]},{\"@type\":\"WebSite\",\"@id\":\"https:\/\/luchonoticias.com\/editor\/#website\",\"url\":\"https:\/\/luchonoticias.com\/editor\/\",\"name\":\"\",\"description\":\"\",\"publisher\":{\"@id\":\"https:\/\/luchonoticias.com\/editor\/#\/schema\/person\/7a7fd911f58561fd056dbac7b55af9cd\"},\"potentialAction\":[{\"@type\":\"SearchAction\",\"target\":{\"@type\":\"EntryPoint\",\"urlTemplate\":\"https:\/\/luchonoticias.com\/editor\/?s={search_term_string}\"},\"query-input\":{\"@type\":\"PropertyValueSpecification\",\"valueRequired\":true,\"valueName\":\"search_term_string\"}}],\"inLanguage\":\"es\"},{\"@type\":[\"Person\",\"Organization\"],\"@id\":\"https:\/\/luchonoticias.com\/editor\/#\/schema\/person\/7a7fd911f58561fd056dbac7b55af9cd\",\"name\":\"admin\",\"image\":{\"@type\":\"ImageObject\",\"inLanguage\":\"es\",\"@id\":\"https:\/\/luchonoticias.com\/editor\/#\/schema\/person\/image\/\",\"url\":\"https:\/\/luchonoticias.com\/editor\/wp-content\/uploads\/2024\/02\/cropped-cropped-logolu.webp\",\"contentUrl\":\"https:\/\/luchonoticias.com\/editor\/wp-content\/uploads\/2024\/02\/cropped-cropped-logolu.webp\",\"width\":382,\"height\":170,\"caption\":\"admin\"},\"logo\":{\"@id\":\"https:\/\/luchonoticias.com\/editor\/#\/schema\/person\/image\/\"},\"sameAs\":[\"https:\/\/www.facebook.com\/luchonoticiasneiva\"]},{\"@type\":\"Person\",\"@id\":\"https:\/\/luchonoticias.com\/editor\/#\/schema\/person\/29217990ddf6f14e35912b2866d591fb\",\"name\":\"Editor General\",\"image\":{\"@type\":\"ImageObject\",\"inLanguage\":\"es\",\"@id\":\"https:\/\/luchonoticias.com\/editor\/#\/schema\/person\/image\/\",\"url\":\"https:\/\/luchonoticias.com\/editor\/wp-content\/uploads\/2024\/02\/cropped-cropped-logolu-150x150.webp\",\"contentUrl\":\"https:\/\/luchonoticias.com\/editor\/wp-content\/uploads\/2024\/02\/cropped-cropped-logolu-150x150.webp\",\"caption\":\"Editor General\"},\"sameAs\":[\"https:\/\/luchonoticias.com\/\"],\"url\":\"https:\/\/luchonoticias.com\/editor\/author\/editor-general\/\"}]}<\/script>\n<!-- \/ Yoast SEO plugin. -->","yoast_head_json":{"title":"Proceso de participaci\u00f3n del Gobierno, con el respaldo de la ONU -","robots":{"index":"index","follow":"follow","max-snippet":"max-snippet:-1","max-image-preview":"max-image-preview:large","max-video-preview":"max-video-preview:-1"},"canonical":"https:\/\/luchonoticias.com\/editor\/proceso-de-participacion-del-gobierno-con-el-respaldo-de-la-onu\/","og_locale":"es_ES","og_type":"article","og_title":"Proceso de participaci\u00f3n del Gobierno, con el respaldo de la ONU -","og_url":"https:\/\/luchonoticias.com\/editor\/proceso-de-participacion-del-gobierno-con-el-respaldo-de-la-onu\/","article_publisher":"https:\/\/www.facebook.com\/luchonoticiasneiva","article_published_time":"2024-05-19T12:20:46+00:00","og_image":[{"width":700,"height":400,"url":"https:\/\/luchonoticias.com\/editor\/wp-content\/uploads\/2024\/05\/ONU.jpg","type":"image\/jpeg"}],"author":"Editor General","twitter_card":"summary_large_image","twitter_misc":{"Escrito por":"Editor General","Tiempo de lectura":"1 minuto"},"schema":{"@context":"https:\/\/schema.org","@graph":[{"@type":"Article","@id":"https:\/\/luchonoticias.com\/editor\/proceso-de-participacion-del-gobierno-con-el-respaldo-de-la-onu\/#article","isPartOf":{"@id":"https:\/\/luchonoticias.com\/editor\/proceso-de-participacion-del-gobierno-con-el-respaldo-de-la-onu\/"},"author":{"name":"Editor General","@id":"https:\/\/luchonoticias.com\/editor\/#\/schema\/person\/29217990ddf6f14e35912b2866d591fb"},"headline":"Proceso de participaci\u00f3n del Gobierno, con el respaldo de la ONU","datePublished":"2024-05-19T12:20:46+00:00","mainEntityOfPage":{"@id":"https:\/\/luchonoticias.com\/editor\/proceso-de-participacion-del-gobierno-con-el-respaldo-de-la-onu\/"},"wordCount":289,"publisher":{"@id":"https:\/\/luchonoticias.com\/editor\/#\/schema\/person\/7a7fd911f58561fd056dbac7b55af9cd"},"image":{"@id":"https:\/\/luchonoticias.com\/editor\/proceso-de-participacion-del-gobierno-con-el-respaldo-de-la-onu\/#primaryimage"},"thumbnailUrl":"https:\/\/luchonoticias.com\/editor\/wp-content\/uploads\/2024\/05\/ONU.jpg","articleSection":["Actualidad"],"inLanguage":"es"},{"@type":"WebPage","@id":"https:\/\/luchonoticias.com\/editor\/proceso-de-participacion-del-gobierno-con-el-respaldo-de-la-onu\/","url":"https:\/\/luchonoticias.com\/editor\/proceso-de-participacion-del-gobierno-con-el-respaldo-de-la-onu\/","name":"Proceso de participaci\u00f3n del Gobierno, con el respaldo de la ONU -","isPartOf":{"@id":"https:\/\/luchonoticias.com\/editor\/#website"},"primaryImageOfPage":{"@id":"https:\/\/luchonoticias.com\/editor\/proceso-de-participacion-del-gobierno-con-el-respaldo-de-la-onu\/#primaryimage"},"image":{"@id":"https:\/\/luchonoticias.com\/editor\/proceso-de-participacion-del-gobierno-con-el-respaldo-de-la-onu\/#primaryimage"},"thumbnailUrl":"https:\/\/luchonoticias.com\/editor\/wp-content\/uploads\/2024\/05\/ONU.jpg","datePublished":"2024-05-19T12:20:46+00:00","breadcrumb":{"@id":"https:\/\/luchonoticias.com\/editor\/proceso-de-participacion-del-gobierno-con-el-respaldo-de-la-onu\/#breadcrumb"},"inLanguage":"es","potentialAction":[{"@type":"ReadAction","target":["https:\/\/luchonoticias.com\/editor\/proceso-de-participacion-del-gobierno-con-el-respaldo-de-la-onu\/"]}]},{"@type":"ImageObject","inLanguage":"es","@id":"https:\/\/luchonoticias.com\/editor\/proceso-de-participacion-del-gobierno-con-el-respaldo-de-la-onu\/#primaryimage","url":"https:\/\/luchonoticias.com\/editor\/wp-content\/uploads\/2024\/05\/ONU.jpg","contentUrl":"https:\/\/luchonoticias.com\/editor\/wp-content\/uploads\/2024\/05\/ONU.jpg","width":700,"height":400},{"@type":"BreadcrumbList","@id":"https:\/\/luchonoticias.com\/editor\/proceso-de-participacion-del-gobierno-con-el-respaldo-de-la-onu\/#breadcrumb","itemListElement":[{"@type":"ListItem","position":1,"name":"Portada","item":"https:\/\/luchonoticias.com\/editor\/"},{"@type":"ListItem","position":2,"name":"Proceso de participaci\u00f3n del Gobierno, con el respaldo de la ONU"}]},{"@type":"WebSite","@id":"https:\/\/luchonoticias.com\/editor\/#website","url":"https:\/\/luchonoticias.com\/editor\/","name":"","description":"","publisher":{"@id":"https:\/\/luchonoticias.com\/editor\/#\/schema\/person\/7a7fd911f58561fd056dbac7b55af9cd"},"potentialAction":[{"@type":"SearchAction","target":{"@type":"EntryPoint","urlTemplate":"https:\/\/luchonoticias.com\/editor\/?s={search_term_string}"},"query-input":{"@type":"PropertyValueSpecification","valueRequired":true,"valueName":"search_term_string"}}],"inLanguage":"es"},{"@type":["Person","Organization"],"@id":"https:\/\/luchonoticias.com\/editor\/#\/schema\/person\/7a7fd911f58561fd056dbac7b55af9cd","name":"admin","image":{"@type":"ImageObject","inLanguage":"es","@id":"https:\/\/luchonoticias.com\/editor\/#\/schema\/person\/image\/","url":"https:\/\/luchonoticias.com\/editor\/wp-content\/uploads\/2024\/02\/cropped-cropped-logolu.webp","contentUrl":"https:\/\/luchonoticias.com\/editor\/wp-content\/uploads\/2024\/02\/cropped-cropped-logolu.webp","width":382,"height":170,"caption":"admin"},"logo":{"@id":"https:\/\/luchonoticias.com\/editor\/#\/schema\/person\/image\/"},"sameAs":["https:\/\/www.facebook.com\/luchonoticiasneiva"]},{"@type":"Person","@id":"https:\/\/luchonoticias.com\/editor\/#\/schema\/person\/29217990ddf6f14e35912b2866d591fb","name":"Editor General","image":{"@type":"ImageObject","inLanguage":"es","@id":"https:\/\/luchonoticias.com\/editor\/#\/schema\/person\/image\/","url":"https:\/\/luchonoticias.com\/editor\/wp-content\/uploads\/2024\/02\/cropped-cropped-logolu-150x150.webp","contentUrl":"https:\/\/luchonoticias.com\/editor\/wp-content\/uploads\/2024\/02\/cropped-cropped-logolu-150x150.webp","caption":"Editor General"},"sameAs":["https:\/\/luchonoticias.com\/"],"url":"https:\/\/luchonoticias.com\/editor\/author\/editor-general\/"}]}},"_links":{"self":[{"href":"https:\/\/luchonoticias.com\/editor\/wp-json\/wp\/v2\/posts\/73208","targetHints":{"allow":["GET"]}}],"collection":[{"href":"https:\/\/luchonoticias.com\/editor\/wp-json\/wp\/v2\/posts"}],"about":[{"href":"https:\/\/luchonoticias.com\/editor\/wp-json\/wp\/v2\/types\/post"}],"author":[{"embeddable":true,"href":"https:\/\/luchonoticias.com\/editor\/wp-json\/wp\/v2\/users\/2"}],"replies":[{"embeddable":true,"href":"https:\/\/luchonoticias.com\/editor\/wp-json\/wp\/v2\/comments?post=73208"}],"version-history":[{"count":0,"href":"https:\/\/luchonoticias.com\/editor\/wp-json\/wp\/v2\/posts\/73208\/revisions"}],"wp:featuredmedia":[{"embeddable":true,"href":"https:\/\/luchonoticias.com\/editor\/wp-json\/wp\/v2\/media\/73209"}],"wp:attachment":[{"href":"https:\/\/luchonoticias.com\/editor\/wp-json\/wp\/v2\/media?parent=73208"}],"wp:term":[{"taxonomy":"category","embeddable":true,"href":"https:\/\/luchonoticias.com\/editor\/wp-json\/wp\/v2\/categories?post=73208"},{"taxonomy":"post_tag","embeddable":true,"href":"https:\/\/luchonoticias.com\/editor\/wp-json\/wp\/v2\/tags?post=73208"}],"curies":[{"name":"wp","href":"https:\/\/api.w.org\/{rel}","templated":true}]}}