{"id":73214,"date":"2024-05-19T10:30:29","date_gmt":"2024-05-19T15:30:29","guid":{"rendered":"https:\/\/luchonoticias.com\/?p=73214"},"modified":"2024-05-19T10:30:29","modified_gmt":"2024-05-19T15:30:29","slug":"gran-actuacion-de-nairo-quintana-en-etapa-15-del-giro","status":"publish","type":"post","link":"https:\/\/luchonoticias.com\/editor\/gran-actuacion-de-nairo-quintana-en-etapa-15-del-giro\/","title":{"rendered":"Gran actuaci\u00f3n de Nairo Quintana en etapa 15 del Giro"},"content":{"rendered":"<p>El Giro d&#8217;Italia dio por terminada su segunda semana de competencias con el desarrollo de la etapa reina: la fracci\u00f3n 15 con final en alto y paso por el puerto del Mortirolo, jornada en donde el protagonismo colombiano vino mediante Nairo Quintana.<\/p>\n<p>El boyacense estuvo implicado en una fuga con varios corredores, siendo adem\u00e1s cabeza de carrera en los kil\u00f3metros finales, no obstante en el kil\u00f3metro final fue alcanzado por el esloveno Tadej Pogacar quien desde atr\u00e1s super\u00f3 posiciones y sobrepas\u00f3 a Quintana para llevarse la victoria de etapa (aventajando a Quintana por 29 segundos que qued\u00f3 segundo) y de paso, consolidar el liderato de la carrera.<\/p>\n<p>De otro lado Daniel Felipe Mart\u00ednez finaliz\u00f3 de quinto y Einer Rubio cruz\u00f3 la meta de s\u00e9ptimo.<\/p>\n<p>La victoria consolida al esloveno Tadej Pogacar como primero en la clasificaci\u00f3n general mientras que Daniel Felipe Mart\u00ednez se mantiene en la tercera plaza mientras que Einer Rubio subi\u00f3 dos plazas y ahora se clasifica noveno.<\/p>\n<p>As\u00ed las cosas la &#8216;Corsa Rosa&#8217; pone punto final a su segunda semana y ma\u00f1ana habr\u00e1 d\u00eda de descanso, volviendo a la acci\u00f3n el martes con otra agresiva fracci\u00f3n monta\u00f1osa: 206 kil\u00f3metros entre Livigno y Santa Cristina Valgardena (Monte Pana).<\/p>\n","protected":false},"excerpt":{"rendered":"<p>El Giro d&#8217;Italia dio por terminada su segunda semana de competencias con el desarrollo de la etapa reina: la fracci\u00f3n 15 con final en alto y paso por el puerto del Mortirolo, jornada en donde el protagonismo colombiano vino mediante Nairo Quintana. El boyacense estuvo implicado en una fuga con varios corredores, siendo adem\u00e1s cabeza [&hellip;]<\/p>\n","protected":false},"author":2,"featured_media":73215,"comment_status":"closed","ping_status":"open","sticky":false,"template":"","format":"standard","meta":{"footnotes":""},"categories":[34],"tags":[],"class_list":["post-73214","post","type-post","status-publish","format-standard","has-post-thumbnail","hentry","category-deportes"],"yoast_head":"<!-- This site is optimized with the Yoast SEO plugin v26.6 - https:\/\/yoast.com\/wordpress\/plugins\/seo\/ -->\n<title>Gran actuaci\u00f3n de Nairo Quintana en etapa 15 del Giro -<\/title>\n<meta name=\"robots\" content=\"index, follow, max-snippet:-1, max-image-preview:large, max-video-preview:-1\" \/>\n<link rel=\"canonical\" href=\"https:\/\/luchonoticias.com\/editor\/gran-actuacion-de-nairo-quintana-en-etapa-15-del-giro\/\" \/>\n<meta property=\"og:locale\" content=\"es_ES\" \/>\n<meta property=\"og:type\" content=\"article\" \/>\n<meta property=\"og:title\" content=\"Gran actuaci\u00f3n de Nairo Quintana en etapa 15 del Giro -\" \/>\n<meta property=\"og:url\" content=\"https:\/\/luchonoticias.com\/editor\/gran-actuacion-de-nairo-quintana-en-etapa-15-del-giro\/\" \/>\n<meta property=\"article:publisher\" content=\"https:\/\/www.facebook.com\/luchonoticiasneiva\" \/>\n<meta property=\"article:published_time\" content=\"2024-05-19T15:30:29+00:00\" \/>\n<meta property=\"og:image\" content=\"https:\/\/luchonoticias.com\/editor\/wp-content\/uploads\/2024\/05\/nairo-quintana-2.jpg\" \/>\n\t<meta property=\"og:image:width\" content=\"700\" \/>\n\t<meta property=\"og:image:height\" content=\"400\" \/>\n\t<meta property=\"og:image:type\" content=\"image\/jpeg\" \/>\n<meta name=\"author\" content=\"Editor General\" \/>\n<meta name=\"twitter:card\" content=\"summary_large_image\" \/>\n<meta name=\"twitter:label1\" content=\"Escrito por\" \/>\n\t<meta name=\"twitter:data1\" content=\"Editor General\" \/>\n\t<meta name=\"twitter:label2\" content=\"Tiempo de lectura\" \/>\n\t<meta name=\"twitter:data2\" content=\"1 minuto\" \/>\n<script type=\"application\/ld+json\" class=\"yoast-schema-graph\">{\"@context\":\"https:\/\/schema.org\",\"@graph\":[{\"@type\":\"Article\",\"@id\":\"https:\/\/luchonoticias.com\/editor\/gran-actuacion-de-nairo-quintana-en-etapa-15-del-giro\/#article\",\"isPartOf\":{\"@id\":\"https:\/\/luchonoticias.com\/editor\/gran-actuacion-de-nairo-quintana-en-etapa-15-del-giro\/\"},\"author\":{\"name\":\"Editor General\",\"@id\":\"https:\/\/luchonoticias.com\/editor\/#\/schema\/person\/29217990ddf6f14e35912b2866d591fb\"},\"headline\":\"Gran actuaci\u00f3n de Nairo Quintana en etapa 15 del Giro\",\"datePublished\":\"2024-05-19T15:30:29+00:00\",\"mainEntityOfPage\":{\"@id\":\"https:\/\/luchonoticias.com\/editor\/gran-actuacion-de-nairo-quintana-en-etapa-15-del-giro\/\"},\"wordCount\":223,\"publisher\":{\"@id\":\"https:\/\/luchonoticias.com\/editor\/#\/schema\/person\/7a7fd911f58561fd056dbac7b55af9cd\"},\"image\":{\"@id\":\"https:\/\/luchonoticias.com\/editor\/gran-actuacion-de-nairo-quintana-en-etapa-15-del-giro\/#primaryimage\"},\"thumbnailUrl\":\"https:\/\/luchonoticias.com\/editor\/wp-content\/uploads\/2024\/05\/nairo-quintana-2.jpg\",\"articleSection\":[\"Deportes\"],\"inLanguage\":\"es\"},{\"@type\":\"WebPage\",\"@id\":\"https:\/\/luchonoticias.com\/editor\/gran-actuacion-de-nairo-quintana-en-etapa-15-del-giro\/\",\"url\":\"https:\/\/luchonoticias.com\/editor\/gran-actuacion-de-nairo-quintana-en-etapa-15-del-giro\/\",\"name\":\"Gran actuaci\u00f3n de Nairo Quintana en etapa 15 del Giro -\",\"isPartOf\":{\"@id\":\"https:\/\/luchonoticias.com\/editor\/#website\"},\"primaryImageOfPage\":{\"@id\":\"https:\/\/luchonoticias.com\/editor\/gran-actuacion-de-nairo-quintana-en-etapa-15-del-giro\/#primaryimage\"},\"image\":{\"@id\":\"https:\/\/luchonoticias.com\/editor\/gran-actuacion-de-nairo-quintana-en-etapa-15-del-giro\/#primaryimage\"},\"thumbnailUrl\":\"https:\/\/luchonoticias.com\/editor\/wp-content\/uploads\/2024\/05\/nairo-quintana-2.jpg\",\"datePublished\":\"2024-05-19T15:30:29+00:00\",\"breadcrumb\":{\"@id\":\"https:\/\/luchonoticias.com\/editor\/gran-actuacion-de-nairo-quintana-en-etapa-15-del-giro\/#breadcrumb\"},\"inLanguage\":\"es\",\"potentialAction\":[{\"@type\":\"ReadAction\",\"target\":[\"https:\/\/luchonoticias.com\/editor\/gran-actuacion-de-nairo-quintana-en-etapa-15-del-giro\/\"]}]},{\"@type\":\"ImageObject\",\"inLanguage\":\"es\",\"@id\":\"https:\/\/luchonoticias.com\/editor\/gran-actuacion-de-nairo-quintana-en-etapa-15-del-giro\/#primaryimage\",\"url\":\"https:\/\/luchonoticias.com\/editor\/wp-content\/uploads\/2024\/05\/nairo-quintana-2.jpg\",\"contentUrl\":\"https:\/\/luchonoticias.com\/editor\/wp-content\/uploads\/2024\/05\/nairo-quintana-2.jpg\",\"width\":700,\"height\":400},{\"@type\":\"BreadcrumbList\",\"@id\":\"https:\/\/luchonoticias.com\/editor\/gran-actuacion-de-nairo-quintana-en-etapa-15-del-giro\/#breadcrumb\",\"itemListElement\":[{\"@type\":\"ListItem\",\"position\":1,\"name\":\"Portada\",\"item\":\"https:\/\/luchonoticias.com\/editor\/\"},{\"@type\":\"ListItem\",\"position\":2,\"name\":\"Gran actuaci\u00f3n de Nairo Quintana en etapa 15 del Giro\"}]},{\"@type\":\"WebSite\",\"@id\":\"https:\/\/luchonoticias.com\/editor\/#website\",\"url\":\"https:\/\/luchonoticias.com\/editor\/\",\"name\":\"\",\"description\":\"\",\"publisher\":{\"@id\":\"https:\/\/luchonoticias.com\/editor\/#\/schema\/person\/7a7fd911f58561fd056dbac7b55af9cd\"},\"potentialAction\":[{\"@type\":\"SearchAction\",\"target\":{\"@type\":\"EntryPoint\",\"urlTemplate\":\"https:\/\/luchonoticias.com\/editor\/?s={search_term_string}\"},\"query-input\":{\"@type\":\"PropertyValueSpecification\",\"valueRequired\":true,\"valueName\":\"search_term_string\"}}],\"inLanguage\":\"es\"},{\"@type\":[\"Person\",\"Organization\"],\"@id\":\"https:\/\/luchonoticias.com\/editor\/#\/schema\/person\/7a7fd911f58561fd056dbac7b55af9cd\",\"name\":\"admin\",\"image\":{\"@type\":\"ImageObject\",\"inLanguage\":\"es\",\"@id\":\"https:\/\/luchonoticias.com\/editor\/#\/schema\/person\/image\/\",\"url\":\"https:\/\/luchonoticias.com\/editor\/wp-content\/uploads\/2024\/02\/cropped-cropped-logolu.webp\",\"contentUrl\":\"https:\/\/luchonoticias.com\/editor\/wp-content\/uploads\/2024\/02\/cropped-cropped-logolu.webp\",\"width\":382,\"height\":170,\"caption\":\"admin\"},\"logo\":{\"@id\":\"https:\/\/luchonoticias.com\/editor\/#\/schema\/person\/image\/\"},\"sameAs\":[\"https:\/\/www.facebook.com\/luchonoticiasneiva\"]},{\"@type\":\"Person\",\"@id\":\"https:\/\/luchonoticias.com\/editor\/#\/schema\/person\/29217990ddf6f14e35912b2866d591fb\",\"name\":\"Editor General\",\"image\":{\"@type\":\"ImageObject\",\"inLanguage\":\"es\",\"@id\":\"https:\/\/luchonoticias.com\/editor\/#\/schema\/person\/image\/\",\"url\":\"https:\/\/luchonoticias.com\/editor\/wp-content\/uploads\/2024\/02\/cropped-cropped-logolu-150x150.webp\",\"contentUrl\":\"https:\/\/luchonoticias.com\/editor\/wp-content\/uploads\/2024\/02\/cropped-cropped-logolu-150x150.webp\",\"caption\":\"Editor General\"},\"sameAs\":[\"https:\/\/luchonoticias.com\/\"],\"url\":\"https:\/\/luchonoticias.com\/editor\/author\/editor-general\/\"}]}<\/script>\n<!-- \/ Yoast SEO plugin. -->","yoast_head_json":{"title":"Gran actuaci\u00f3n de Nairo Quintana en etapa 15 del Giro -","robots":{"index":"index","follow":"follow","max-snippet":"max-snippet:-1","max-image-preview":"max-image-preview:large","max-video-preview":"max-video-preview:-1"},"canonical":"https:\/\/luchonoticias.com\/editor\/gran-actuacion-de-nairo-quintana-en-etapa-15-del-giro\/","og_locale":"es_ES","og_type":"article","og_title":"Gran actuaci\u00f3n de Nairo Quintana en etapa 15 del Giro -","og_url":"https:\/\/luchonoticias.com\/editor\/gran-actuacion-de-nairo-quintana-en-etapa-15-del-giro\/","article_publisher":"https:\/\/www.facebook.com\/luchonoticiasneiva","article_published_time":"2024-05-19T15:30:29+00:00","og_image":[{"width":700,"height":400,"url":"https:\/\/luchonoticias.com\/editor\/wp-content\/uploads\/2024\/05\/nairo-quintana-2.jpg","type":"image\/jpeg"}],"author":"Editor General","twitter_card":"summary_large_image","twitter_misc":{"Escrito por":"Editor General","Tiempo de lectura":"1 minuto"},"schema":{"@context":"https:\/\/schema.org","@graph":[{"@type":"Article","@id":"https:\/\/luchonoticias.com\/editor\/gran-actuacion-de-nairo-quintana-en-etapa-15-del-giro\/#article","isPartOf":{"@id":"https:\/\/luchonoticias.com\/editor\/gran-actuacion-de-nairo-quintana-en-etapa-15-del-giro\/"},"author":{"name":"Editor General","@id":"https:\/\/luchonoticias.com\/editor\/#\/schema\/person\/29217990ddf6f14e35912b2866d591fb"},"headline":"Gran actuaci\u00f3n de Nairo Quintana en etapa 15 del Giro","datePublished":"2024-05-19T15:30:29+00:00","mainEntityOfPage":{"@id":"https:\/\/luchonoticias.com\/editor\/gran-actuacion-de-nairo-quintana-en-etapa-15-del-giro\/"},"wordCount":223,"publisher":{"@id":"https:\/\/luchonoticias.com\/editor\/#\/schema\/person\/7a7fd911f58561fd056dbac7b55af9cd"},"image":{"@id":"https:\/\/luchonoticias.com\/editor\/gran-actuacion-de-nairo-quintana-en-etapa-15-del-giro\/#primaryimage"},"thumbnailUrl":"https:\/\/luchonoticias.com\/editor\/wp-content\/uploads\/2024\/05\/nairo-quintana-2.jpg","articleSection":["Deportes"],"inLanguage":"es"},{"@type":"WebPage","@id":"https:\/\/luchonoticias.com\/editor\/gran-actuacion-de-nairo-quintana-en-etapa-15-del-giro\/","url":"https:\/\/luchonoticias.com\/editor\/gran-actuacion-de-nairo-quintana-en-etapa-15-del-giro\/","name":"Gran actuaci\u00f3n de Nairo Quintana en etapa 15 del Giro -","isPartOf":{"@id":"https:\/\/luchonoticias.com\/editor\/#website"},"primaryImageOfPage":{"@id":"https:\/\/luchonoticias.com\/editor\/gran-actuacion-de-nairo-quintana-en-etapa-15-del-giro\/#primaryimage"},"image":{"@id":"https:\/\/luchonoticias.com\/editor\/gran-actuacion-de-nairo-quintana-en-etapa-15-del-giro\/#primaryimage"},"thumbnailUrl":"https:\/\/luchonoticias.com\/editor\/wp-content\/uploads\/2024\/05\/nairo-quintana-2.jpg","datePublished":"2024-05-19T15:30:29+00:00","breadcrumb":{"@id":"https:\/\/luchonoticias.com\/editor\/gran-actuacion-de-nairo-quintana-en-etapa-15-del-giro\/#breadcrumb"},"inLanguage":"es","potentialAction":[{"@type":"ReadAction","target":["https:\/\/luchonoticias.com\/editor\/gran-actuacion-de-nairo-quintana-en-etapa-15-del-giro\/"]}]},{"@type":"ImageObject","inLanguage":"es","@id":"https:\/\/luchonoticias.com\/editor\/gran-actuacion-de-nairo-quintana-en-etapa-15-del-giro\/#primaryimage","url":"https:\/\/luchonoticias.com\/editor\/wp-content\/uploads\/2024\/05\/nairo-quintana-2.jpg","contentUrl":"https:\/\/luchonoticias.com\/editor\/wp-content\/uploads\/2024\/05\/nairo-quintana-2.jpg","width":700,"height":400},{"@type":"BreadcrumbList","@id":"https:\/\/luchonoticias.com\/editor\/gran-actuacion-de-nairo-quintana-en-etapa-15-del-giro\/#breadcrumb","itemListElement":[{"@type":"ListItem","position":1,"name":"Portada","item":"https:\/\/luchonoticias.com\/editor\/"},{"@type":"ListItem","position":2,"name":"Gran actuaci\u00f3n de Nairo Quintana en etapa 15 del Giro"}]},{"@type":"WebSite","@id":"https:\/\/luchonoticias.com\/editor\/#website","url":"https:\/\/luchonoticias.com\/editor\/","name":"","description":"","publisher":{"@id":"https:\/\/luchonoticias.com\/editor\/#\/schema\/person\/7a7fd911f58561fd056dbac7b55af9cd"},"potentialAction":[{"@type":"SearchAction","target":{"@type":"EntryPoint","urlTemplate":"https:\/\/luchonoticias.com\/editor\/?s={search_term_string}"},"query-input":{"@type":"PropertyValueSpecification","valueRequired":true,"valueName":"search_term_string"}}],"inLanguage":"es"},{"@type":["Person","Organization"],"@id":"https:\/\/luchonoticias.com\/editor\/#\/schema\/person\/7a7fd911f58561fd056dbac7b55af9cd","name":"admin","image":{"@type":"ImageObject","inLanguage":"es","@id":"https:\/\/luchonoticias.com\/editor\/#\/schema\/person\/image\/","url":"https:\/\/luchonoticias.com\/editor\/wp-content\/uploads\/2024\/02\/cropped-cropped-logolu.webp","contentUrl":"https:\/\/luchonoticias.com\/editor\/wp-content\/uploads\/2024\/02\/cropped-cropped-logolu.webp","width":382,"height":170,"caption":"admin"},"logo":{"@id":"https:\/\/luchonoticias.com\/editor\/#\/schema\/person\/image\/"},"sameAs":["https:\/\/www.facebook.com\/luchonoticiasneiva"]},{"@type":"Person","@id":"https:\/\/luchonoticias.com\/editor\/#\/schema\/person\/29217990ddf6f14e35912b2866d591fb","name":"Editor General","image":{"@type":"ImageObject","inLanguage":"es","@id":"https:\/\/luchonoticias.com\/editor\/#\/schema\/person\/image\/","url":"https:\/\/luchonoticias.com\/editor\/wp-content\/uploads\/2024\/02\/cropped-cropped-logolu-150x150.webp","contentUrl":"https:\/\/luchonoticias.com\/editor\/wp-content\/uploads\/2024\/02\/cropped-cropped-logolu-150x150.webp","caption":"Editor General"},"sameAs":["https:\/\/luchonoticias.com\/"],"url":"https:\/\/luchonoticias.com\/editor\/author\/editor-general\/"}]}},"_links":{"self":[{"href":"https:\/\/luchonoticias.com\/editor\/wp-json\/wp\/v2\/posts\/73214","targetHints":{"allow":["GET"]}}],"collection":[{"href":"https:\/\/luchonoticias.com\/editor\/wp-json\/wp\/v2\/posts"}],"about":[{"href":"https:\/\/luchonoticias.com\/editor\/wp-json\/wp\/v2\/types\/post"}],"author":[{"embeddable":true,"href":"https:\/\/luchonoticias.com\/editor\/wp-json\/wp\/v2\/users\/2"}],"replies":[{"embeddable":true,"href":"https:\/\/luchonoticias.com\/editor\/wp-json\/wp\/v2\/comments?post=73214"}],"version-history":[{"count":0,"href":"https:\/\/luchonoticias.com\/editor\/wp-json\/wp\/v2\/posts\/73214\/revisions"}],"wp:featuredmedia":[{"embeddable":true,"href":"https:\/\/luchonoticias.com\/editor\/wp-json\/wp\/v2\/media\/73215"}],"wp:attachment":[{"href":"https:\/\/luchonoticias.com\/editor\/wp-json\/wp\/v2\/media?parent=73214"}],"wp:term":[{"taxonomy":"category","embeddable":true,"href":"https:\/\/luchonoticias.com\/editor\/wp-json\/wp\/v2\/categories?post=73214"},{"taxonomy":"post_tag","embeddable":true,"href":"https:\/\/luchonoticias.com\/editor\/wp-json\/wp\/v2\/tags?post=73214"}],"curies":[{"name":"wp","href":"https:\/\/api.w.org\/{rel}","templated":true}]}}