{"id":73234,"date":"2024-05-20T05:48:47","date_gmt":"2024-05-20T10:48:47","guid":{"rendered":"https:\/\/luchonoticias.com\/?p=73234"},"modified":"2024-05-20T05:48:47","modified_gmt":"2024-05-20T10:48:47","slug":"director-de-gestion-del-riesgo-y-sus-anuncios-para-el-huila","status":"publish","type":"post","link":"https:\/\/luchonoticias.com\/editor\/director-de-gestion-del-riesgo-y-sus-anuncios-para-el-huila\/","title":{"rendered":"Director de gesti\u00f3n del riesgo y sus anuncios para el Huila"},"content":{"rendered":"<div>Un buen balance deja la visita del Director de la UNGRD, Carlos Carrillo Arenas, quien estuvo en territorio huilense tras una invitaci\u00f3n que le hiciera el gobernador Rodrigo Villalba, para que conociera de primera mano la situaci\u00f3n que viven los pobladores por cuenta de las consecuencias del invierno, especialmente en el municipio de Colombia.<\/div>\n<div><\/div>\n<div>Luego de sobrevolar la zona afectada hace unas semanas en esta localidad, y de inspeccionar en sitio los estragos generados por las primeras lluvias del fen\u00f3meno de la ni\u00f1a, que dej\u00f3 sin conexi\u00f3n vial a los doblemente colombianos por varios d\u00edas, el director de la UNGRD y el gobernador de los huilenses, ofrecieron una rueda de prensa en el sal\u00f3n de gobernadores de la Gobernaci\u00f3n, donde se dieron importantes anuncios.<\/div>\n<div><\/div>\n<div>\u201cEsta visita ha sido muy productiva. Acabamos de llegar del Municipio de Colombia, estos ciudadanos doblemente colombianos han tenido que pasar por una situaci\u00f3n compleja hist\u00f3ricamente; vimos cu\u00e1l es la naturaleza geogr\u00e1fica de su cabecera municipal, que la hacen muy susceptible a eventos como el que sucedi\u00f3 hace poco y que en el contexto de esta crisis clim\u00e1tica que es una realidad, nos enfrentamos a unos fen\u00f3menos naturales que son cada vez m\u00e1s recurrentes, m\u00e1s ind\u00f3mitos, y que ponen en aprietos a los gobiernos que son los encargados de responder\u201d, afirm\u00f3 Carrillo.<\/div>\n<div><\/div>\n<div><strong>Anuncios para el Huila<\/strong><\/div>\n<div><\/div>\n<div>Como conclusiones de esta visita al Municipio de Colombia, el director de la Unidad Nacional de Gesti\u00f3n del Riesgo de Desastres, destac\u00f3 el buen manejo que el Gobierno Departamental le ha dado a la maquinaria amarilla que se entreg\u00f3 en comodato hace 10 a\u00f1os.<\/div>\n<div><\/div>\n<div>\u201cAnunciamos la entrega de $10.000 millones de pesos para invertir en maquinaria amarilla. Quisi\u00e9ramos conformar un banco muy robusto de maquinaria y que lo hici\u00e9ramos de manera conjunta con el gobierno departamental. Que ser\u00eda $10.000 millones del Gobierno Nacional y $10.000 millones del Gobierno Departamental para compra de maquinaria amarilla de \u00faltima generaci\u00f3n. Hemos visto como esta maquinaria es bien manejada en el departamento, cuenta con una ubicaci\u00f3n muy bien georeferenciada que es lo m\u00ednimo que se pide\u201d, a\u00f1adi\u00f3.<\/div>\n<div><\/div>\n<div><strong>Proyectos en Santa Mar\u00eda, Aipe y Neiva<\/strong><\/div>\n<div><\/div>\n<div>Existe un proyecto en el municipio de Santa Mar\u00eda que tiene que ver con una serie de obras de mitigaci\u00f3n y con unas obras para prevenir el riesgo de socavaciones e inundaciones.<\/div>\n<div><\/div>\n<div>\u201cEn este caso hay algo muy extra\u00f1o y es que el proyecto ya estaba armado, hay un contrato firmado, hay una disponibilidad presupuestal, y el se\u00f1or Olmedo L\u00f3pez, exdirector de la unidad, tom\u00f3 una decisi\u00f3n en diciembre del a\u00f1o pasado de detener ese proyecto argumentando que no le gustaba la interventor\u00eda, y no sabemos por qu\u00e9. Vamos a destrabar ese proyecto y a contratar la interventor\u00eda. Esto es un compromiso con la alcald\u00eda de Santa Mar\u00eda y con el Gobierno Departamental\u201d, sentenci\u00f3.<\/div>\n<div><\/div>\n<div>En cuanto a una solicitud del alcalde de Aipe para reparaci\u00f3n de una maquinaria amarilla que tiene el Municipio, el director Carlos Carrillo invit\u00f3 al gobernador a que se hiciera una vaca, para que la Gobernaci\u00f3n ponga otro recurso y la Unidad, pone otra parte y ayudar as\u00ed a este municipio del norte del Huila.<\/div>\n<div><\/div>\n<div>\u201cHay otro proyecto que es de Neiva, que es la novena fase de unos proyectos en el R\u00edo Las Ceibas. Si ya hicimos 8, por qu\u00e9 no hacer el noveno. Aqu\u00ed vamos a trabajar con el municipio de Neiva, para que podamos iniciar lo antes posible estas obras tambi\u00e9n de manera conjunta\u201d, complement\u00f3.<\/div>\n<div><\/div>\n<div>Finalmente, resalt\u00f3 el gran trabajo que se viene realizando con la construcci\u00f3n del atlas del riesgo del Departamento.<\/div>\n<div><\/div>\n<div><strong>\u201cNos comprometemos a hacer los aportes que haya que cofinanciar\u201d, Rodrigo Villalba<\/strong><\/div>\n<div><\/div>\n<div>Entre tanto, el gobernador del Huila, Rodrigo Villalba Mosquera, se comprometi\u00f3 a cooperar en la cofinanciaci\u00f3n a que haya lugar para finiquitar los compromisos adquiridos por el director de la UNGRD en beneficio de los huilenses.<\/div>\n<div><\/div>\n<div>El gobernador dijo que el Huila tiene emergencias en todo el territorio, unas peque\u00f1as y otras grandes. \u201cHoy fuimos a Colombia donde vemos el desastre de las lluvias, pero cuando viene el fen\u00f3meno del Ni\u00f1o, se quedan sin agua porque se seca la fuente y no alcanza a captarse el agua por parte del acueducto. En rivera casi no se pueden llevar a cabo las finales zonales de los juegos Intercolegiados nacionales, porque debido a las lluvias, R\u00edo Fr\u00edo se creci\u00f3 y se llev\u00f3 la bocatoma y ese municipio se qued\u00f3 sin agua\u201d, afirm\u00f3 el mandatario departamental.<\/div>\n<div><\/div>\n<div>\u201cY as\u00ed a lo largo y ancho del departamento. Esta ha sido una visita muy productiva, y seria, y le hemos dicho al Dr. Carrillo que las soluciones en el municipio de Colombia son para un problema complejo, recurrente, estructural, y con buen juicio el director nos ha dicho desde el sitio de la afectaci\u00f3n, que enviar\u00e1 la semana entrante una comisi\u00f3n de alto nivel para que evalu\u00e9 toda la afectaci\u00f3n y establecer las posibles soluciones\u201d, destac\u00f3 Villalba.<\/div>\n","protected":false},"excerpt":{"rendered":"<p>Un buen balance deja la visita del Director de la UNGRD, Carlos Carrillo Arenas, quien estuvo en territorio huilense tras una invitaci\u00f3n que le hiciera el gobernador Rodrigo Villalba, para que conociera de primera mano la situaci\u00f3n que viven los pobladores por cuenta de las consecuencias del invierno, especialmente en el municipio de Colombia. Luego [&hellip;]<\/p>\n","protected":false},"author":2,"featured_media":73235,"comment_status":"closed","ping_status":"open","sticky":false,"template":"","format":"standard","meta":{"footnotes":""},"categories":[33],"tags":[],"class_list":["post-73234","post","type-post","status-publish","format-standard","has-post-thumbnail","hentry","category-huila"],"yoast_head":"<!-- This site is optimized with the Yoast SEO plugin v26.6 - https:\/\/yoast.com\/wordpress\/plugins\/seo\/ -->\n<title>Director de gesti\u00f3n del riesgo y sus anuncios para el Huila -<\/title>\n<meta name=\"robots\" content=\"index, follow, max-snippet:-1, max-image-preview:large, max-video-preview:-1\" \/>\n<link rel=\"canonical\" href=\"https:\/\/luchonoticias.com\/editor\/director-de-gestion-del-riesgo-y-sus-anuncios-para-el-huila\/\" \/>\n<meta property=\"og:locale\" content=\"es_ES\" \/>\n<meta property=\"og:type\" content=\"article\" \/>\n<meta property=\"og:title\" content=\"Director de gesti\u00f3n del riesgo y sus anuncios para el Huila -\" \/>\n<meta property=\"og:url\" content=\"https:\/\/luchonoticias.com\/editor\/director-de-gestion-del-riesgo-y-sus-anuncios-para-el-huila\/\" \/>\n<meta property=\"article:publisher\" content=\"https:\/\/www.facebook.com\/luchonoticiasneiva\" \/>\n<meta property=\"article:published_time\" content=\"2024-05-20T10:48:47+00:00\" \/>\n<meta property=\"og:image\" content=\"https:\/\/luchonoticias.com\/editor\/wp-content\/uploads\/2024\/05\/gestion-del-riesgo.jpg\" \/>\n\t<meta property=\"og:image:width\" content=\"700\" \/>\n\t<meta property=\"og:image:height\" content=\"400\" \/>\n\t<meta property=\"og:image:type\" content=\"image\/jpeg\" \/>\n<meta name=\"author\" content=\"Editor General\" \/>\n<meta name=\"twitter:card\" content=\"summary_large_image\" \/>\n<meta name=\"twitter:label1\" content=\"Escrito por\" \/>\n\t<meta name=\"twitter:data1\" content=\"Editor General\" \/>\n\t<meta name=\"twitter:label2\" content=\"Tiempo de lectura\" \/>\n\t<meta name=\"twitter:data2\" content=\"4 minutos\" \/>\n<script type=\"application\/ld+json\" class=\"yoast-schema-graph\">{\"@context\":\"https:\/\/schema.org\",\"@graph\":[{\"@type\":\"Article\",\"@id\":\"https:\/\/luchonoticias.com\/editor\/director-de-gestion-del-riesgo-y-sus-anuncios-para-el-huila\/#article\",\"isPartOf\":{\"@id\":\"https:\/\/luchonoticias.com\/editor\/director-de-gestion-del-riesgo-y-sus-anuncios-para-el-huila\/\"},\"author\":{\"name\":\"Editor General\",\"@id\":\"https:\/\/luchonoticias.com\/editor\/#\/schema\/person\/29217990ddf6f14e35912b2866d591fb\"},\"headline\":\"Director de gesti\u00f3n del riesgo y sus anuncios para el Huila\",\"datePublished\":\"2024-05-20T10:48:47+00:00\",\"mainEntityOfPage\":{\"@id\":\"https:\/\/luchonoticias.com\/editor\/director-de-gestion-del-riesgo-y-sus-anuncios-para-el-huila\/\"},\"wordCount\":872,\"publisher\":{\"@id\":\"https:\/\/luchonoticias.com\/editor\/#\/schema\/person\/7a7fd911f58561fd056dbac7b55af9cd\"},\"image\":{\"@id\":\"https:\/\/luchonoticias.com\/editor\/director-de-gestion-del-riesgo-y-sus-anuncios-para-el-huila\/#primaryimage\"},\"thumbnailUrl\":\"https:\/\/luchonoticias.com\/editor\/wp-content\/uploads\/2024\/05\/gestion-del-riesgo.jpg\",\"articleSection\":[\"Huila\"],\"inLanguage\":\"es\"},{\"@type\":\"WebPage\",\"@id\":\"https:\/\/luchonoticias.com\/editor\/director-de-gestion-del-riesgo-y-sus-anuncios-para-el-huila\/\",\"url\":\"https:\/\/luchonoticias.com\/editor\/director-de-gestion-del-riesgo-y-sus-anuncios-para-el-huila\/\",\"name\":\"Director de gesti\u00f3n del riesgo y sus anuncios para el Huila -\",\"isPartOf\":{\"@id\":\"https:\/\/luchonoticias.com\/editor\/#website\"},\"primaryImageOfPage\":{\"@id\":\"https:\/\/luchonoticias.com\/editor\/director-de-gestion-del-riesgo-y-sus-anuncios-para-el-huila\/#primaryimage\"},\"image\":{\"@id\":\"https:\/\/luchonoticias.com\/editor\/director-de-gestion-del-riesgo-y-sus-anuncios-para-el-huila\/#primaryimage\"},\"thumbnailUrl\":\"https:\/\/luchonoticias.com\/editor\/wp-content\/uploads\/2024\/05\/gestion-del-riesgo.jpg\",\"datePublished\":\"2024-05-20T10:48:47+00:00\",\"breadcrumb\":{\"@id\":\"https:\/\/luchonoticias.com\/editor\/director-de-gestion-del-riesgo-y-sus-anuncios-para-el-huila\/#breadcrumb\"},\"inLanguage\":\"es\",\"potentialAction\":[{\"@type\":\"ReadAction\",\"target\":[\"https:\/\/luchonoticias.com\/editor\/director-de-gestion-del-riesgo-y-sus-anuncios-para-el-huila\/\"]}]},{\"@type\":\"ImageObject\",\"inLanguage\":\"es\",\"@id\":\"https:\/\/luchonoticias.com\/editor\/director-de-gestion-del-riesgo-y-sus-anuncios-para-el-huila\/#primaryimage\",\"url\":\"https:\/\/luchonoticias.com\/editor\/wp-content\/uploads\/2024\/05\/gestion-del-riesgo.jpg\",\"contentUrl\":\"https:\/\/luchonoticias.com\/editor\/wp-content\/uploads\/2024\/05\/gestion-del-riesgo.jpg\",\"width\":700,\"height\":400},{\"@type\":\"BreadcrumbList\",\"@id\":\"https:\/\/luchonoticias.com\/editor\/director-de-gestion-del-riesgo-y-sus-anuncios-para-el-huila\/#breadcrumb\",\"itemListElement\":[{\"@type\":\"ListItem\",\"position\":1,\"name\":\"Portada\",\"item\":\"https:\/\/luchonoticias.com\/editor\/\"},{\"@type\":\"ListItem\",\"position\":2,\"name\":\"Director de gesti\u00f3n del riesgo y sus anuncios para el Huila\"}]},{\"@type\":\"WebSite\",\"@id\":\"https:\/\/luchonoticias.com\/editor\/#website\",\"url\":\"https:\/\/luchonoticias.com\/editor\/\",\"name\":\"\",\"description\":\"\",\"publisher\":{\"@id\":\"https:\/\/luchonoticias.com\/editor\/#\/schema\/person\/7a7fd911f58561fd056dbac7b55af9cd\"},\"potentialAction\":[{\"@type\":\"SearchAction\",\"target\":{\"@type\":\"EntryPoint\",\"urlTemplate\":\"https:\/\/luchonoticias.com\/editor\/?s={search_term_string}\"},\"query-input\":{\"@type\":\"PropertyValueSpecification\",\"valueRequired\":true,\"valueName\":\"search_term_string\"}}],\"inLanguage\":\"es\"},{\"@type\":[\"Person\",\"Organization\"],\"@id\":\"https:\/\/luchonoticias.com\/editor\/#\/schema\/person\/7a7fd911f58561fd056dbac7b55af9cd\",\"name\":\"admin\",\"image\":{\"@type\":\"ImageObject\",\"inLanguage\":\"es\",\"@id\":\"https:\/\/luchonoticias.com\/editor\/#\/schema\/person\/image\/\",\"url\":\"https:\/\/luchonoticias.com\/editor\/wp-content\/uploads\/2024\/02\/cropped-cropped-logolu.webp\",\"contentUrl\":\"https:\/\/luchonoticias.com\/editor\/wp-content\/uploads\/2024\/02\/cropped-cropped-logolu.webp\",\"width\":382,\"height\":170,\"caption\":\"admin\"},\"logo\":{\"@id\":\"https:\/\/luchonoticias.com\/editor\/#\/schema\/person\/image\/\"},\"sameAs\":[\"https:\/\/www.facebook.com\/luchonoticiasneiva\"]},{\"@type\":\"Person\",\"@id\":\"https:\/\/luchonoticias.com\/editor\/#\/schema\/person\/29217990ddf6f14e35912b2866d591fb\",\"name\":\"Editor General\",\"image\":{\"@type\":\"ImageObject\",\"inLanguage\":\"es\",\"@id\":\"https:\/\/luchonoticias.com\/editor\/#\/schema\/person\/image\/\",\"url\":\"https:\/\/luchonoticias.com\/editor\/wp-content\/uploads\/2024\/02\/cropped-cropped-logolu-150x150.webp\",\"contentUrl\":\"https:\/\/luchonoticias.com\/editor\/wp-content\/uploads\/2024\/02\/cropped-cropped-logolu-150x150.webp\",\"caption\":\"Editor General\"},\"sameAs\":[\"https:\/\/luchonoticias.com\/\"],\"url\":\"https:\/\/luchonoticias.com\/editor\/author\/editor-general\/\"}]}<\/script>\n<!-- \/ Yoast SEO plugin. -->","yoast_head_json":{"title":"Director de gesti\u00f3n del riesgo y sus anuncios para el Huila -","robots":{"index":"index","follow":"follow","max-snippet":"max-snippet:-1","max-image-preview":"max-image-preview:large","max-video-preview":"max-video-preview:-1"},"canonical":"https:\/\/luchonoticias.com\/editor\/director-de-gestion-del-riesgo-y-sus-anuncios-para-el-huila\/","og_locale":"es_ES","og_type":"article","og_title":"Director de gesti\u00f3n del riesgo y sus anuncios para el Huila -","og_url":"https:\/\/luchonoticias.com\/editor\/director-de-gestion-del-riesgo-y-sus-anuncios-para-el-huila\/","article_publisher":"https:\/\/www.facebook.com\/luchonoticiasneiva","article_published_time":"2024-05-20T10:48:47+00:00","og_image":[{"width":700,"height":400,"url":"https:\/\/luchonoticias.com\/editor\/wp-content\/uploads\/2024\/05\/gestion-del-riesgo.jpg","type":"image\/jpeg"}],"author":"Editor General","twitter_card":"summary_large_image","twitter_misc":{"Escrito por":"Editor General","Tiempo de lectura":"4 minutos"},"schema":{"@context":"https:\/\/schema.org","@graph":[{"@type":"Article","@id":"https:\/\/luchonoticias.com\/editor\/director-de-gestion-del-riesgo-y-sus-anuncios-para-el-huila\/#article","isPartOf":{"@id":"https:\/\/luchonoticias.com\/editor\/director-de-gestion-del-riesgo-y-sus-anuncios-para-el-huila\/"},"author":{"name":"Editor General","@id":"https:\/\/luchonoticias.com\/editor\/#\/schema\/person\/29217990ddf6f14e35912b2866d591fb"},"headline":"Director de gesti\u00f3n del riesgo y sus anuncios para el Huila","datePublished":"2024-05-20T10:48:47+00:00","mainEntityOfPage":{"@id":"https:\/\/luchonoticias.com\/editor\/director-de-gestion-del-riesgo-y-sus-anuncios-para-el-huila\/"},"wordCount":872,"publisher":{"@id":"https:\/\/luchonoticias.com\/editor\/#\/schema\/person\/7a7fd911f58561fd056dbac7b55af9cd"},"image":{"@id":"https:\/\/luchonoticias.com\/editor\/director-de-gestion-del-riesgo-y-sus-anuncios-para-el-huila\/#primaryimage"},"thumbnailUrl":"https:\/\/luchonoticias.com\/editor\/wp-content\/uploads\/2024\/05\/gestion-del-riesgo.jpg","articleSection":["Huila"],"inLanguage":"es"},{"@type":"WebPage","@id":"https:\/\/luchonoticias.com\/editor\/director-de-gestion-del-riesgo-y-sus-anuncios-para-el-huila\/","url":"https:\/\/luchonoticias.com\/editor\/director-de-gestion-del-riesgo-y-sus-anuncios-para-el-huila\/","name":"Director de gesti\u00f3n del riesgo y sus anuncios para el Huila -","isPartOf":{"@id":"https:\/\/luchonoticias.com\/editor\/#website"},"primaryImageOfPage":{"@id":"https:\/\/luchonoticias.com\/editor\/director-de-gestion-del-riesgo-y-sus-anuncios-para-el-huila\/#primaryimage"},"image":{"@id":"https:\/\/luchonoticias.com\/editor\/director-de-gestion-del-riesgo-y-sus-anuncios-para-el-huila\/#primaryimage"},"thumbnailUrl":"https:\/\/luchonoticias.com\/editor\/wp-content\/uploads\/2024\/05\/gestion-del-riesgo.jpg","datePublished":"2024-05-20T10:48:47+00:00","breadcrumb":{"@id":"https:\/\/luchonoticias.com\/editor\/director-de-gestion-del-riesgo-y-sus-anuncios-para-el-huila\/#breadcrumb"},"inLanguage":"es","potentialAction":[{"@type":"ReadAction","target":["https:\/\/luchonoticias.com\/editor\/director-de-gestion-del-riesgo-y-sus-anuncios-para-el-huila\/"]}]},{"@type":"ImageObject","inLanguage":"es","@id":"https:\/\/luchonoticias.com\/editor\/director-de-gestion-del-riesgo-y-sus-anuncios-para-el-huila\/#primaryimage","url":"https:\/\/luchonoticias.com\/editor\/wp-content\/uploads\/2024\/05\/gestion-del-riesgo.jpg","contentUrl":"https:\/\/luchonoticias.com\/editor\/wp-content\/uploads\/2024\/05\/gestion-del-riesgo.jpg","width":700,"height":400},{"@type":"BreadcrumbList","@id":"https:\/\/luchonoticias.com\/editor\/director-de-gestion-del-riesgo-y-sus-anuncios-para-el-huila\/#breadcrumb","itemListElement":[{"@type":"ListItem","position":1,"name":"Portada","item":"https:\/\/luchonoticias.com\/editor\/"},{"@type":"ListItem","position":2,"name":"Director de gesti\u00f3n del riesgo y sus anuncios para el Huila"}]},{"@type":"WebSite","@id":"https:\/\/luchonoticias.com\/editor\/#website","url":"https:\/\/luchonoticias.com\/editor\/","name":"","description":"","publisher":{"@id":"https:\/\/luchonoticias.com\/editor\/#\/schema\/person\/7a7fd911f58561fd056dbac7b55af9cd"},"potentialAction":[{"@type":"SearchAction","target":{"@type":"EntryPoint","urlTemplate":"https:\/\/luchonoticias.com\/editor\/?s={search_term_string}"},"query-input":{"@type":"PropertyValueSpecification","valueRequired":true,"valueName":"search_term_string"}}],"inLanguage":"es"},{"@type":["Person","Organization"],"@id":"https:\/\/luchonoticias.com\/editor\/#\/schema\/person\/7a7fd911f58561fd056dbac7b55af9cd","name":"admin","image":{"@type":"ImageObject","inLanguage":"es","@id":"https:\/\/luchonoticias.com\/editor\/#\/schema\/person\/image\/","url":"https:\/\/luchonoticias.com\/editor\/wp-content\/uploads\/2024\/02\/cropped-cropped-logolu.webp","contentUrl":"https:\/\/luchonoticias.com\/editor\/wp-content\/uploads\/2024\/02\/cropped-cropped-logolu.webp","width":382,"height":170,"caption":"admin"},"logo":{"@id":"https:\/\/luchonoticias.com\/editor\/#\/schema\/person\/image\/"},"sameAs":["https:\/\/www.facebook.com\/luchonoticiasneiva"]},{"@type":"Person","@id":"https:\/\/luchonoticias.com\/editor\/#\/schema\/person\/29217990ddf6f14e35912b2866d591fb","name":"Editor General","image":{"@type":"ImageObject","inLanguage":"es","@id":"https:\/\/luchonoticias.com\/editor\/#\/schema\/person\/image\/","url":"https:\/\/luchonoticias.com\/editor\/wp-content\/uploads\/2024\/02\/cropped-cropped-logolu-150x150.webp","contentUrl":"https:\/\/luchonoticias.com\/editor\/wp-content\/uploads\/2024\/02\/cropped-cropped-logolu-150x150.webp","caption":"Editor General"},"sameAs":["https:\/\/luchonoticias.com\/"],"url":"https:\/\/luchonoticias.com\/editor\/author\/editor-general\/"}]}},"_links":{"self":[{"href":"https:\/\/luchonoticias.com\/editor\/wp-json\/wp\/v2\/posts\/73234","targetHints":{"allow":["GET"]}}],"collection":[{"href":"https:\/\/luchonoticias.com\/editor\/wp-json\/wp\/v2\/posts"}],"about":[{"href":"https:\/\/luchonoticias.com\/editor\/wp-json\/wp\/v2\/types\/post"}],"author":[{"embeddable":true,"href":"https:\/\/luchonoticias.com\/editor\/wp-json\/wp\/v2\/users\/2"}],"replies":[{"embeddable":true,"href":"https:\/\/luchonoticias.com\/editor\/wp-json\/wp\/v2\/comments?post=73234"}],"version-history":[{"count":0,"href":"https:\/\/luchonoticias.com\/editor\/wp-json\/wp\/v2\/posts\/73234\/revisions"}],"wp:featuredmedia":[{"embeddable":true,"href":"https:\/\/luchonoticias.com\/editor\/wp-json\/wp\/v2\/media\/73235"}],"wp:attachment":[{"href":"https:\/\/luchonoticias.com\/editor\/wp-json\/wp\/v2\/media?parent=73234"}],"wp:term":[{"taxonomy":"category","embeddable":true,"href":"https:\/\/luchonoticias.com\/editor\/wp-json\/wp\/v2\/categories?post=73234"},{"taxonomy":"post_tag","embeddable":true,"href":"https:\/\/luchonoticias.com\/editor\/wp-json\/wp\/v2\/tags?post=73234"}],"curies":[{"name":"wp","href":"https:\/\/api.w.org\/{rel}","templated":true}]}}