{"id":73237,"date":"2024-05-20T05:53:24","date_gmt":"2024-05-20T10:53:24","guid":{"rendered":"https:\/\/luchonoticias.com\/?p=73237"},"modified":"2024-05-20T05:53:24","modified_gmt":"2024-05-20T10:53:24","slug":"garzon-gestiona-estacion-de-policia-para-zuluaga","status":"publish","type":"post","link":"https:\/\/luchonoticias.com\/editor\/garzon-gestiona-estacion-de-policia-para-zuluaga\/","title":{"rendered":"Garz\u00f3n gestiona estaci\u00f3n de Polic\u00eda para Zuluaga"},"content":{"rendered":"<p>El pasado s\u00e1bado en el marco del Dialogo Social realizado en la ciudad de Neiva, liderado por el Ministro del Interior, Luis Fernando Velasco, y por intermediaci\u00f3n de la representante a la C\u00e1mara Flora Perdomo, el alcalde de Garz\u00f3n, Francisco Calder\u00f3n, sostuvo una reuni\u00f3n privada donde el mandatario pudo plantearle la necesidad de la subestaci\u00f3n de Polic\u00eda del Centro Poblado de Zuluaga.<\/p>\n<p>El encuentro desemboco en un nuevo espacio en la ciudad de Bogot\u00e1 en el Ministerio del Interior, donde el ministro har\u00e1 la revisi\u00f3n documental de el proyecto, para buscar su viabilidad.<\/p>\n<p>Ese segundo encuentro de dar\u00eda el pr\u00f3ximo martes y hay muchas expectativas, pues el proyecto en papel esta avanzado y de convertirse en realidad seria de vital importancia para la seguridad de este Centro Poblado, pues \u00faltimamente ha sido azotado por la violencia, y se podr\u00eda realizar un trabajo conjunto con la subestaci\u00f3n de Silvania y la estaci\u00f3n de Polic\u00eda Garz\u00f3n.<\/p>\n","protected":false},"excerpt":{"rendered":"<p>El pasado s\u00e1bado en el marco del Dialogo Social realizado en la ciudad de Neiva, liderado por el Ministro del Interior, Luis Fernando Velasco, y por intermediaci\u00f3n de la representante a la C\u00e1mara Flora Perdomo, el alcalde de Garz\u00f3n, Francisco Calder\u00f3n, sostuvo una reuni\u00f3n privada donde el mandatario pudo plantearle la necesidad de la subestaci\u00f3n [&hellip;]<\/p>\n","protected":false},"author":2,"featured_media":73238,"comment_status":"closed","ping_status":"open","sticky":false,"template":"","format":"standard","meta":{"footnotes":""},"categories":[33],"tags":[],"class_list":["post-73237","post","type-post","status-publish","format-standard","has-post-thumbnail","hentry","category-huila"],"yoast_head":"<!-- This site is optimized with the Yoast SEO plugin v26.6 - https:\/\/yoast.com\/wordpress\/plugins\/seo\/ -->\n<title>Garz\u00f3n gestiona estaci\u00f3n de Polic\u00eda para Zuluaga -<\/title>\n<meta name=\"robots\" content=\"index, follow, max-snippet:-1, max-image-preview:large, max-video-preview:-1\" \/>\n<link rel=\"canonical\" href=\"https:\/\/luchonoticias.com\/editor\/garzon-gestiona-estacion-de-policia-para-zuluaga\/\" \/>\n<meta property=\"og:locale\" content=\"es_ES\" \/>\n<meta property=\"og:type\" content=\"article\" \/>\n<meta property=\"og:title\" content=\"Garz\u00f3n gestiona estaci\u00f3n de Polic\u00eda para Zuluaga -\" \/>\n<meta property=\"og:url\" content=\"https:\/\/luchonoticias.com\/editor\/garzon-gestiona-estacion-de-policia-para-zuluaga\/\" \/>\n<meta property=\"article:publisher\" content=\"https:\/\/www.facebook.com\/luchonoticiasneiva\" \/>\n<meta property=\"article:published_time\" content=\"2024-05-20T10:53:24+00:00\" \/>\n<meta property=\"og:image\" content=\"https:\/\/luchonoticias.com\/editor\/wp-content\/uploads\/2024\/05\/WhatsApp-Image-2024-05-19-at-20.19.12.jpeg\" \/>\n\t<meta property=\"og:image:width\" content=\"1600\" \/>\n\t<meta property=\"og:image:height\" content=\"1200\" \/>\n\t<meta property=\"og:image:type\" content=\"image\/jpeg\" \/>\n<meta name=\"author\" content=\"Editor General\" \/>\n<meta name=\"twitter:card\" content=\"summary_large_image\" \/>\n<meta name=\"twitter:label1\" content=\"Escrito por\" \/>\n\t<meta name=\"twitter:data1\" content=\"Editor General\" \/>\n\t<meta name=\"twitter:label2\" content=\"Tiempo de lectura\" \/>\n\t<meta name=\"twitter:data2\" content=\"1 minuto\" \/>\n<script type=\"application\/ld+json\" class=\"yoast-schema-graph\">{\"@context\":\"https:\/\/schema.org\",\"@graph\":[{\"@type\":\"Article\",\"@id\":\"https:\/\/luchonoticias.com\/editor\/garzon-gestiona-estacion-de-policia-para-zuluaga\/#article\",\"isPartOf\":{\"@id\":\"https:\/\/luchonoticias.com\/editor\/garzon-gestiona-estacion-de-policia-para-zuluaga\/\"},\"author\":{\"name\":\"Editor General\",\"@id\":\"https:\/\/luchonoticias.com\/editor\/#\/schema\/person\/29217990ddf6f14e35912b2866d591fb\"},\"headline\":\"Garz\u00f3n gestiona estaci\u00f3n de Polic\u00eda para Zuluaga\",\"datePublished\":\"2024-05-20T10:53:24+00:00\",\"mainEntityOfPage\":{\"@id\":\"https:\/\/luchonoticias.com\/editor\/garzon-gestiona-estacion-de-policia-para-zuluaga\/\"},\"wordCount\":180,\"publisher\":{\"@id\":\"https:\/\/luchonoticias.com\/editor\/#\/schema\/person\/7a7fd911f58561fd056dbac7b55af9cd\"},\"image\":{\"@id\":\"https:\/\/luchonoticias.com\/editor\/garzon-gestiona-estacion-de-policia-para-zuluaga\/#primaryimage\"},\"thumbnailUrl\":\"https:\/\/luchonoticias.com\/editor\/wp-content\/uploads\/2024\/05\/WhatsApp-Image-2024-05-19-at-20.19.12.jpeg\",\"articleSection\":[\"Huila\"],\"inLanguage\":\"es\"},{\"@type\":\"WebPage\",\"@id\":\"https:\/\/luchonoticias.com\/editor\/garzon-gestiona-estacion-de-policia-para-zuluaga\/\",\"url\":\"https:\/\/luchonoticias.com\/editor\/garzon-gestiona-estacion-de-policia-para-zuluaga\/\",\"name\":\"Garz\u00f3n gestiona estaci\u00f3n de Polic\u00eda para Zuluaga -\",\"isPartOf\":{\"@id\":\"https:\/\/luchonoticias.com\/editor\/#website\"},\"primaryImageOfPage\":{\"@id\":\"https:\/\/luchonoticias.com\/editor\/garzon-gestiona-estacion-de-policia-para-zuluaga\/#primaryimage\"},\"image\":{\"@id\":\"https:\/\/luchonoticias.com\/editor\/garzon-gestiona-estacion-de-policia-para-zuluaga\/#primaryimage\"},\"thumbnailUrl\":\"https:\/\/luchonoticias.com\/editor\/wp-content\/uploads\/2024\/05\/WhatsApp-Image-2024-05-19-at-20.19.12.jpeg\",\"datePublished\":\"2024-05-20T10:53:24+00:00\",\"breadcrumb\":{\"@id\":\"https:\/\/luchonoticias.com\/editor\/garzon-gestiona-estacion-de-policia-para-zuluaga\/#breadcrumb\"},\"inLanguage\":\"es\",\"potentialAction\":[{\"@type\":\"ReadAction\",\"target\":[\"https:\/\/luchonoticias.com\/editor\/garzon-gestiona-estacion-de-policia-para-zuluaga\/\"]}]},{\"@type\":\"ImageObject\",\"inLanguage\":\"es\",\"@id\":\"https:\/\/luchonoticias.com\/editor\/garzon-gestiona-estacion-de-policia-para-zuluaga\/#primaryimage\",\"url\":\"https:\/\/luchonoticias.com\/editor\/wp-content\/uploads\/2024\/05\/WhatsApp-Image-2024-05-19-at-20.19.12.jpeg\",\"contentUrl\":\"https:\/\/luchonoticias.com\/editor\/wp-content\/uploads\/2024\/05\/WhatsApp-Image-2024-05-19-at-20.19.12.jpeg\",\"width\":1600,\"height\":1200},{\"@type\":\"BreadcrumbList\",\"@id\":\"https:\/\/luchonoticias.com\/editor\/garzon-gestiona-estacion-de-policia-para-zuluaga\/#breadcrumb\",\"itemListElement\":[{\"@type\":\"ListItem\",\"position\":1,\"name\":\"Portada\",\"item\":\"https:\/\/luchonoticias.com\/editor\/\"},{\"@type\":\"ListItem\",\"position\":2,\"name\":\"Garz\u00f3n gestiona estaci\u00f3n de Polic\u00eda para Zuluaga\"}]},{\"@type\":\"WebSite\",\"@id\":\"https:\/\/luchonoticias.com\/editor\/#website\",\"url\":\"https:\/\/luchonoticias.com\/editor\/\",\"name\":\"\",\"description\":\"\",\"publisher\":{\"@id\":\"https:\/\/luchonoticias.com\/editor\/#\/schema\/person\/7a7fd911f58561fd056dbac7b55af9cd\"},\"potentialAction\":[{\"@type\":\"SearchAction\",\"target\":{\"@type\":\"EntryPoint\",\"urlTemplate\":\"https:\/\/luchonoticias.com\/editor\/?s={search_term_string}\"},\"query-input\":{\"@type\":\"PropertyValueSpecification\",\"valueRequired\":true,\"valueName\":\"search_term_string\"}}],\"inLanguage\":\"es\"},{\"@type\":[\"Person\",\"Organization\"],\"@id\":\"https:\/\/luchonoticias.com\/editor\/#\/schema\/person\/7a7fd911f58561fd056dbac7b55af9cd\",\"name\":\"admin\",\"image\":{\"@type\":\"ImageObject\",\"inLanguage\":\"es\",\"@id\":\"https:\/\/luchonoticias.com\/editor\/#\/schema\/person\/image\/\",\"url\":\"https:\/\/luchonoticias.com\/editor\/wp-content\/uploads\/2024\/02\/cropped-cropped-logolu.webp\",\"contentUrl\":\"https:\/\/luchonoticias.com\/editor\/wp-content\/uploads\/2024\/02\/cropped-cropped-logolu.webp\",\"width\":382,\"height\":170,\"caption\":\"admin\"},\"logo\":{\"@id\":\"https:\/\/luchonoticias.com\/editor\/#\/schema\/person\/image\/\"},\"sameAs\":[\"https:\/\/www.facebook.com\/luchonoticiasneiva\"]},{\"@type\":\"Person\",\"@id\":\"https:\/\/luchonoticias.com\/editor\/#\/schema\/person\/29217990ddf6f14e35912b2866d591fb\",\"name\":\"Editor General\",\"image\":{\"@type\":\"ImageObject\",\"inLanguage\":\"es\",\"@id\":\"https:\/\/luchonoticias.com\/editor\/#\/schema\/person\/image\/\",\"url\":\"https:\/\/luchonoticias.com\/editor\/wp-content\/uploads\/2024\/02\/cropped-cropped-logolu-150x150.webp\",\"contentUrl\":\"https:\/\/luchonoticias.com\/editor\/wp-content\/uploads\/2024\/02\/cropped-cropped-logolu-150x150.webp\",\"caption\":\"Editor General\"},\"sameAs\":[\"https:\/\/luchonoticias.com\/\"],\"url\":\"https:\/\/luchonoticias.com\/editor\/author\/editor-general\/\"}]}<\/script>\n<!-- \/ Yoast SEO plugin. -->","yoast_head_json":{"title":"Garz\u00f3n gestiona estaci\u00f3n de Polic\u00eda para Zuluaga -","robots":{"index":"index","follow":"follow","max-snippet":"max-snippet:-1","max-image-preview":"max-image-preview:large","max-video-preview":"max-video-preview:-1"},"canonical":"https:\/\/luchonoticias.com\/editor\/garzon-gestiona-estacion-de-policia-para-zuluaga\/","og_locale":"es_ES","og_type":"article","og_title":"Garz\u00f3n gestiona estaci\u00f3n de Polic\u00eda para Zuluaga -","og_url":"https:\/\/luchonoticias.com\/editor\/garzon-gestiona-estacion-de-policia-para-zuluaga\/","article_publisher":"https:\/\/www.facebook.com\/luchonoticiasneiva","article_published_time":"2024-05-20T10:53:24+00:00","og_image":[{"width":1600,"height":1200,"url":"https:\/\/luchonoticias.com\/editor\/wp-content\/uploads\/2024\/05\/WhatsApp-Image-2024-05-19-at-20.19.12.jpeg","type":"image\/jpeg"}],"author":"Editor General","twitter_card":"summary_large_image","twitter_misc":{"Escrito por":"Editor General","Tiempo de lectura":"1 minuto"},"schema":{"@context":"https:\/\/schema.org","@graph":[{"@type":"Article","@id":"https:\/\/luchonoticias.com\/editor\/garzon-gestiona-estacion-de-policia-para-zuluaga\/#article","isPartOf":{"@id":"https:\/\/luchonoticias.com\/editor\/garzon-gestiona-estacion-de-policia-para-zuluaga\/"},"author":{"name":"Editor General","@id":"https:\/\/luchonoticias.com\/editor\/#\/schema\/person\/29217990ddf6f14e35912b2866d591fb"},"headline":"Garz\u00f3n gestiona estaci\u00f3n de Polic\u00eda para Zuluaga","datePublished":"2024-05-20T10:53:24+00:00","mainEntityOfPage":{"@id":"https:\/\/luchonoticias.com\/editor\/garzon-gestiona-estacion-de-policia-para-zuluaga\/"},"wordCount":180,"publisher":{"@id":"https:\/\/luchonoticias.com\/editor\/#\/schema\/person\/7a7fd911f58561fd056dbac7b55af9cd"},"image":{"@id":"https:\/\/luchonoticias.com\/editor\/garzon-gestiona-estacion-de-policia-para-zuluaga\/#primaryimage"},"thumbnailUrl":"https:\/\/luchonoticias.com\/editor\/wp-content\/uploads\/2024\/05\/WhatsApp-Image-2024-05-19-at-20.19.12.jpeg","articleSection":["Huila"],"inLanguage":"es"},{"@type":"WebPage","@id":"https:\/\/luchonoticias.com\/editor\/garzon-gestiona-estacion-de-policia-para-zuluaga\/","url":"https:\/\/luchonoticias.com\/editor\/garzon-gestiona-estacion-de-policia-para-zuluaga\/","name":"Garz\u00f3n gestiona estaci\u00f3n de Polic\u00eda para Zuluaga -","isPartOf":{"@id":"https:\/\/luchonoticias.com\/editor\/#website"},"primaryImageOfPage":{"@id":"https:\/\/luchonoticias.com\/editor\/garzon-gestiona-estacion-de-policia-para-zuluaga\/#primaryimage"},"image":{"@id":"https:\/\/luchonoticias.com\/editor\/garzon-gestiona-estacion-de-policia-para-zuluaga\/#primaryimage"},"thumbnailUrl":"https:\/\/luchonoticias.com\/editor\/wp-content\/uploads\/2024\/05\/WhatsApp-Image-2024-05-19-at-20.19.12.jpeg","datePublished":"2024-05-20T10:53:24+00:00","breadcrumb":{"@id":"https:\/\/luchonoticias.com\/editor\/garzon-gestiona-estacion-de-policia-para-zuluaga\/#breadcrumb"},"inLanguage":"es","potentialAction":[{"@type":"ReadAction","target":["https:\/\/luchonoticias.com\/editor\/garzon-gestiona-estacion-de-policia-para-zuluaga\/"]}]},{"@type":"ImageObject","inLanguage":"es","@id":"https:\/\/luchonoticias.com\/editor\/garzon-gestiona-estacion-de-policia-para-zuluaga\/#primaryimage","url":"https:\/\/luchonoticias.com\/editor\/wp-content\/uploads\/2024\/05\/WhatsApp-Image-2024-05-19-at-20.19.12.jpeg","contentUrl":"https:\/\/luchonoticias.com\/editor\/wp-content\/uploads\/2024\/05\/WhatsApp-Image-2024-05-19-at-20.19.12.jpeg","width":1600,"height":1200},{"@type":"BreadcrumbList","@id":"https:\/\/luchonoticias.com\/editor\/garzon-gestiona-estacion-de-policia-para-zuluaga\/#breadcrumb","itemListElement":[{"@type":"ListItem","position":1,"name":"Portada","item":"https:\/\/luchonoticias.com\/editor\/"},{"@type":"ListItem","position":2,"name":"Garz\u00f3n gestiona estaci\u00f3n de Polic\u00eda para Zuluaga"}]},{"@type":"WebSite","@id":"https:\/\/luchonoticias.com\/editor\/#website","url":"https:\/\/luchonoticias.com\/editor\/","name":"","description":"","publisher":{"@id":"https:\/\/luchonoticias.com\/editor\/#\/schema\/person\/7a7fd911f58561fd056dbac7b55af9cd"},"potentialAction":[{"@type":"SearchAction","target":{"@type":"EntryPoint","urlTemplate":"https:\/\/luchonoticias.com\/editor\/?s={search_term_string}"},"query-input":{"@type":"PropertyValueSpecification","valueRequired":true,"valueName":"search_term_string"}}],"inLanguage":"es"},{"@type":["Person","Organization"],"@id":"https:\/\/luchonoticias.com\/editor\/#\/schema\/person\/7a7fd911f58561fd056dbac7b55af9cd","name":"admin","image":{"@type":"ImageObject","inLanguage":"es","@id":"https:\/\/luchonoticias.com\/editor\/#\/schema\/person\/image\/","url":"https:\/\/luchonoticias.com\/editor\/wp-content\/uploads\/2024\/02\/cropped-cropped-logolu.webp","contentUrl":"https:\/\/luchonoticias.com\/editor\/wp-content\/uploads\/2024\/02\/cropped-cropped-logolu.webp","width":382,"height":170,"caption":"admin"},"logo":{"@id":"https:\/\/luchonoticias.com\/editor\/#\/schema\/person\/image\/"},"sameAs":["https:\/\/www.facebook.com\/luchonoticiasneiva"]},{"@type":"Person","@id":"https:\/\/luchonoticias.com\/editor\/#\/schema\/person\/29217990ddf6f14e35912b2866d591fb","name":"Editor General","image":{"@type":"ImageObject","inLanguage":"es","@id":"https:\/\/luchonoticias.com\/editor\/#\/schema\/person\/image\/","url":"https:\/\/luchonoticias.com\/editor\/wp-content\/uploads\/2024\/02\/cropped-cropped-logolu-150x150.webp","contentUrl":"https:\/\/luchonoticias.com\/editor\/wp-content\/uploads\/2024\/02\/cropped-cropped-logolu-150x150.webp","caption":"Editor General"},"sameAs":["https:\/\/luchonoticias.com\/"],"url":"https:\/\/luchonoticias.com\/editor\/author\/editor-general\/"}]}},"_links":{"self":[{"href":"https:\/\/luchonoticias.com\/editor\/wp-json\/wp\/v2\/posts\/73237","targetHints":{"allow":["GET"]}}],"collection":[{"href":"https:\/\/luchonoticias.com\/editor\/wp-json\/wp\/v2\/posts"}],"about":[{"href":"https:\/\/luchonoticias.com\/editor\/wp-json\/wp\/v2\/types\/post"}],"author":[{"embeddable":true,"href":"https:\/\/luchonoticias.com\/editor\/wp-json\/wp\/v2\/users\/2"}],"replies":[{"embeddable":true,"href":"https:\/\/luchonoticias.com\/editor\/wp-json\/wp\/v2\/comments?post=73237"}],"version-history":[{"count":0,"href":"https:\/\/luchonoticias.com\/editor\/wp-json\/wp\/v2\/posts\/73237\/revisions"}],"wp:featuredmedia":[{"embeddable":true,"href":"https:\/\/luchonoticias.com\/editor\/wp-json\/wp\/v2\/media\/73238"}],"wp:attachment":[{"href":"https:\/\/luchonoticias.com\/editor\/wp-json\/wp\/v2\/media?parent=73237"}],"wp:term":[{"taxonomy":"category","embeddable":true,"href":"https:\/\/luchonoticias.com\/editor\/wp-json\/wp\/v2\/categories?post=73237"},{"taxonomy":"post_tag","embeddable":true,"href":"https:\/\/luchonoticias.com\/editor\/wp-json\/wp\/v2\/tags?post=73237"}],"curies":[{"name":"wp","href":"https:\/\/api.w.org\/{rel}","templated":true}]}}