{"id":73240,"date":"2024-05-20T07:09:15","date_gmt":"2024-05-20T12:09:15","guid":{"rendered":"https:\/\/luchonoticias.com\/?p=73240"},"modified":"2024-05-20T07:09:15","modified_gmt":"2024-05-20T12:09:15","slug":"fiscal-solicita-ordenes-de-arresto-contra-lideres-de-israel-y-hamas","status":"publish","type":"post","link":"https:\/\/luchonoticias.com\/editor\/fiscal-solicita-ordenes-de-arresto-contra-lideres-de-israel-y-hamas\/","title":{"rendered":"Fiscal solicita ordenes de arresto contra l\u00edderes de Israel y Hamas"},"content":{"rendered":"<p>El fiscal de la Corte Penal Internacional (CPI), Karim Khan, ha solicitado este lunes al tribunal la emisi\u00f3n de \u00f3rdenes de arresto contra el primer ministro israel\u00ed Benjamin Netanyahu, su ministro de Defensa Yoav Gallant y el l\u00edder de Hamas, Yahya Sinwar, entre otros.<\/p>\n<p>Las solicitudes se basan en presuntos cr\u00edmenes de guerra y de lesa humanidad en la guerra en Gaza y se extienden asimismo a varios altos cargos del grupo islamista Hamas.<\/p>\n<p>En su solicitud, el fiscal solicita autorizaci\u00f3n a los jueces para emitir ordenes de arresto contra Yahya Sinwar, jefe del Movimiento de Resistencia Isl\u00e1mica (Hamas) en Gaza; Mohammed Diab Ibrahim al Masri, conocido como Deif y comandante en jefe del ala militar de Hamas (Brigadas Al Qassam); as\u00ed como Ismail Haniyeh, jefe de la oficina pol\u00edtica de Hamas.<\/p>\n<p>De acuerdo con dicho fiscal, los l\u00edderes de ambos bandos deber\u00e1n responder, los de Hamas por la incursi\u00f3n en octubre del a\u00f1o pasado causante de la muerte de m\u00e1s de un centenar de civiles as\u00ed como al rapto de m\u00e1s de 200 rehenes mientras que los l\u00edderes israel\u00edes por la incursi\u00f3n que ha dejado m\u00e1s de 30.000 civiles asesinados.<\/p>\n","protected":false},"excerpt":{"rendered":"<p>El fiscal de la Corte Penal Internacional (CPI), Karim Khan, ha solicitado este lunes al tribunal la emisi\u00f3n de \u00f3rdenes de arresto contra el primer ministro israel\u00ed Benjamin Netanyahu, su ministro de Defensa Yoav Gallant y el l\u00edder de Hamas, Yahya Sinwar, entre otros. Las solicitudes se basan en presuntos cr\u00edmenes de guerra y de [&hellip;]<\/p>\n","protected":false},"author":2,"featured_media":73241,"comment_status":"closed","ping_status":"open","sticky":false,"template":"","format":"standard","meta":{"footnotes":""},"categories":[28],"tags":[],"class_list":["post-73240","post","type-post","status-publish","format-standard","has-post-thumbnail","hentry","category-actualidad"],"yoast_head":"<!-- This site is optimized with the Yoast SEO plugin v26.6 - https:\/\/yoast.com\/wordpress\/plugins\/seo\/ -->\n<title>Fiscal solicita ordenes de arresto contra l\u00edderes de Israel y Hamas -<\/title>\n<meta name=\"robots\" content=\"index, follow, max-snippet:-1, max-image-preview:large, max-video-preview:-1\" \/>\n<link rel=\"canonical\" href=\"https:\/\/luchonoticias.com\/editor\/fiscal-solicita-ordenes-de-arresto-contra-lideres-de-israel-y-hamas\/\" \/>\n<meta property=\"og:locale\" content=\"es_ES\" \/>\n<meta property=\"og:type\" content=\"article\" \/>\n<meta property=\"og:title\" content=\"Fiscal solicita ordenes de arresto contra l\u00edderes de Israel y Hamas -\" \/>\n<meta property=\"og:url\" content=\"https:\/\/luchonoticias.com\/editor\/fiscal-solicita-ordenes-de-arresto-contra-lideres-de-israel-y-hamas\/\" \/>\n<meta property=\"article:publisher\" content=\"https:\/\/www.facebook.com\/luchonoticiasneiva\" \/>\n<meta property=\"article:published_time\" content=\"2024-05-20T12:09:15+00:00\" \/>\n<meta property=\"og:image\" content=\"https:\/\/luchonoticias.com\/editor\/wp-content\/uploads\/2024\/05\/netanyahu.jpg\" \/>\n\t<meta property=\"og:image:width\" content=\"700\" \/>\n\t<meta property=\"og:image:height\" content=\"400\" \/>\n\t<meta property=\"og:image:type\" content=\"image\/jpeg\" \/>\n<meta name=\"author\" content=\"Editor General\" \/>\n<meta name=\"twitter:card\" content=\"summary_large_image\" \/>\n<meta name=\"twitter:label1\" content=\"Escrito por\" \/>\n\t<meta name=\"twitter:data1\" content=\"Editor General\" \/>\n\t<meta name=\"twitter:label2\" content=\"Tiempo de lectura\" \/>\n\t<meta name=\"twitter:data2\" content=\"1 minuto\" \/>\n<script type=\"application\/ld+json\" class=\"yoast-schema-graph\">{\"@context\":\"https:\/\/schema.org\",\"@graph\":[{\"@type\":\"Article\",\"@id\":\"https:\/\/luchonoticias.com\/editor\/fiscal-solicita-ordenes-de-arresto-contra-lideres-de-israel-y-hamas\/#article\",\"isPartOf\":{\"@id\":\"https:\/\/luchonoticias.com\/editor\/fiscal-solicita-ordenes-de-arresto-contra-lideres-de-israel-y-hamas\/\"},\"author\":{\"name\":\"Editor General\",\"@id\":\"https:\/\/luchonoticias.com\/editor\/#\/schema\/person\/29217990ddf6f14e35912b2866d591fb\"},\"headline\":\"Fiscal solicita ordenes de arresto contra l\u00edderes de Israel y Hamas\",\"datePublished\":\"2024-05-20T12:09:15+00:00\",\"mainEntityOfPage\":{\"@id\":\"https:\/\/luchonoticias.com\/editor\/fiscal-solicita-ordenes-de-arresto-contra-lideres-de-israel-y-hamas\/\"},\"wordCount\":217,\"publisher\":{\"@id\":\"https:\/\/luchonoticias.com\/editor\/#\/schema\/person\/7a7fd911f58561fd056dbac7b55af9cd\"},\"image\":{\"@id\":\"https:\/\/luchonoticias.com\/editor\/fiscal-solicita-ordenes-de-arresto-contra-lideres-de-israel-y-hamas\/#primaryimage\"},\"thumbnailUrl\":\"https:\/\/luchonoticias.com\/editor\/wp-content\/uploads\/2024\/05\/netanyahu.jpg\",\"articleSection\":[\"Actualidad\"],\"inLanguage\":\"es\"},{\"@type\":\"WebPage\",\"@id\":\"https:\/\/luchonoticias.com\/editor\/fiscal-solicita-ordenes-de-arresto-contra-lideres-de-israel-y-hamas\/\",\"url\":\"https:\/\/luchonoticias.com\/editor\/fiscal-solicita-ordenes-de-arresto-contra-lideres-de-israel-y-hamas\/\",\"name\":\"Fiscal solicita ordenes de arresto contra l\u00edderes de Israel y Hamas -\",\"isPartOf\":{\"@id\":\"https:\/\/luchonoticias.com\/editor\/#website\"},\"primaryImageOfPage\":{\"@id\":\"https:\/\/luchonoticias.com\/editor\/fiscal-solicita-ordenes-de-arresto-contra-lideres-de-israel-y-hamas\/#primaryimage\"},\"image\":{\"@id\":\"https:\/\/luchonoticias.com\/editor\/fiscal-solicita-ordenes-de-arresto-contra-lideres-de-israel-y-hamas\/#primaryimage\"},\"thumbnailUrl\":\"https:\/\/luchonoticias.com\/editor\/wp-content\/uploads\/2024\/05\/netanyahu.jpg\",\"datePublished\":\"2024-05-20T12:09:15+00:00\",\"breadcrumb\":{\"@id\":\"https:\/\/luchonoticias.com\/editor\/fiscal-solicita-ordenes-de-arresto-contra-lideres-de-israel-y-hamas\/#breadcrumb\"},\"inLanguage\":\"es\",\"potentialAction\":[{\"@type\":\"ReadAction\",\"target\":[\"https:\/\/luchonoticias.com\/editor\/fiscal-solicita-ordenes-de-arresto-contra-lideres-de-israel-y-hamas\/\"]}]},{\"@type\":\"ImageObject\",\"inLanguage\":\"es\",\"@id\":\"https:\/\/luchonoticias.com\/editor\/fiscal-solicita-ordenes-de-arresto-contra-lideres-de-israel-y-hamas\/#primaryimage\",\"url\":\"https:\/\/luchonoticias.com\/editor\/wp-content\/uploads\/2024\/05\/netanyahu.jpg\",\"contentUrl\":\"https:\/\/luchonoticias.com\/editor\/wp-content\/uploads\/2024\/05\/netanyahu.jpg\",\"width\":700,\"height\":400},{\"@type\":\"BreadcrumbList\",\"@id\":\"https:\/\/luchonoticias.com\/editor\/fiscal-solicita-ordenes-de-arresto-contra-lideres-de-israel-y-hamas\/#breadcrumb\",\"itemListElement\":[{\"@type\":\"ListItem\",\"position\":1,\"name\":\"Portada\",\"item\":\"https:\/\/luchonoticias.com\/editor\/\"},{\"@type\":\"ListItem\",\"position\":2,\"name\":\"Fiscal solicita ordenes de arresto contra l\u00edderes de Israel y Hamas\"}]},{\"@type\":\"WebSite\",\"@id\":\"https:\/\/luchonoticias.com\/editor\/#website\",\"url\":\"https:\/\/luchonoticias.com\/editor\/\",\"name\":\"\",\"description\":\"\",\"publisher\":{\"@id\":\"https:\/\/luchonoticias.com\/editor\/#\/schema\/person\/7a7fd911f58561fd056dbac7b55af9cd\"},\"potentialAction\":[{\"@type\":\"SearchAction\",\"target\":{\"@type\":\"EntryPoint\",\"urlTemplate\":\"https:\/\/luchonoticias.com\/editor\/?s={search_term_string}\"},\"query-input\":{\"@type\":\"PropertyValueSpecification\",\"valueRequired\":true,\"valueName\":\"search_term_string\"}}],\"inLanguage\":\"es\"},{\"@type\":[\"Person\",\"Organization\"],\"@id\":\"https:\/\/luchonoticias.com\/editor\/#\/schema\/person\/7a7fd911f58561fd056dbac7b55af9cd\",\"name\":\"admin\",\"image\":{\"@type\":\"ImageObject\",\"inLanguage\":\"es\",\"@id\":\"https:\/\/luchonoticias.com\/editor\/#\/schema\/person\/image\/\",\"url\":\"https:\/\/luchonoticias.com\/editor\/wp-content\/uploads\/2024\/02\/cropped-cropped-logolu.webp\",\"contentUrl\":\"https:\/\/luchonoticias.com\/editor\/wp-content\/uploads\/2024\/02\/cropped-cropped-logolu.webp\",\"width\":382,\"height\":170,\"caption\":\"admin\"},\"logo\":{\"@id\":\"https:\/\/luchonoticias.com\/editor\/#\/schema\/person\/image\/\"},\"sameAs\":[\"https:\/\/www.facebook.com\/luchonoticiasneiva\"]},{\"@type\":\"Person\",\"@id\":\"https:\/\/luchonoticias.com\/editor\/#\/schema\/person\/29217990ddf6f14e35912b2866d591fb\",\"name\":\"Editor General\",\"image\":{\"@type\":\"ImageObject\",\"inLanguage\":\"es\",\"@id\":\"https:\/\/luchonoticias.com\/editor\/#\/schema\/person\/image\/\",\"url\":\"https:\/\/luchonoticias.com\/editor\/wp-content\/uploads\/2024\/02\/cropped-cropped-logolu-150x150.webp\",\"contentUrl\":\"https:\/\/luchonoticias.com\/editor\/wp-content\/uploads\/2024\/02\/cropped-cropped-logolu-150x150.webp\",\"caption\":\"Editor General\"},\"sameAs\":[\"https:\/\/luchonoticias.com\/\"],\"url\":\"https:\/\/luchonoticias.com\/editor\/author\/editor-general\/\"}]}<\/script>\n<!-- \/ Yoast SEO plugin. -->","yoast_head_json":{"title":"Fiscal solicita ordenes de arresto contra l\u00edderes de Israel y Hamas -","robots":{"index":"index","follow":"follow","max-snippet":"max-snippet:-1","max-image-preview":"max-image-preview:large","max-video-preview":"max-video-preview:-1"},"canonical":"https:\/\/luchonoticias.com\/editor\/fiscal-solicita-ordenes-de-arresto-contra-lideres-de-israel-y-hamas\/","og_locale":"es_ES","og_type":"article","og_title":"Fiscal solicita ordenes de arresto contra l\u00edderes de Israel y Hamas -","og_url":"https:\/\/luchonoticias.com\/editor\/fiscal-solicita-ordenes-de-arresto-contra-lideres-de-israel-y-hamas\/","article_publisher":"https:\/\/www.facebook.com\/luchonoticiasneiva","article_published_time":"2024-05-20T12:09:15+00:00","og_image":[{"width":700,"height":400,"url":"https:\/\/luchonoticias.com\/editor\/wp-content\/uploads\/2024\/05\/netanyahu.jpg","type":"image\/jpeg"}],"author":"Editor General","twitter_card":"summary_large_image","twitter_misc":{"Escrito por":"Editor General","Tiempo de lectura":"1 minuto"},"schema":{"@context":"https:\/\/schema.org","@graph":[{"@type":"Article","@id":"https:\/\/luchonoticias.com\/editor\/fiscal-solicita-ordenes-de-arresto-contra-lideres-de-israel-y-hamas\/#article","isPartOf":{"@id":"https:\/\/luchonoticias.com\/editor\/fiscal-solicita-ordenes-de-arresto-contra-lideres-de-israel-y-hamas\/"},"author":{"name":"Editor General","@id":"https:\/\/luchonoticias.com\/editor\/#\/schema\/person\/29217990ddf6f14e35912b2866d591fb"},"headline":"Fiscal solicita ordenes de arresto contra l\u00edderes de Israel y Hamas","datePublished":"2024-05-20T12:09:15+00:00","mainEntityOfPage":{"@id":"https:\/\/luchonoticias.com\/editor\/fiscal-solicita-ordenes-de-arresto-contra-lideres-de-israel-y-hamas\/"},"wordCount":217,"publisher":{"@id":"https:\/\/luchonoticias.com\/editor\/#\/schema\/person\/7a7fd911f58561fd056dbac7b55af9cd"},"image":{"@id":"https:\/\/luchonoticias.com\/editor\/fiscal-solicita-ordenes-de-arresto-contra-lideres-de-israel-y-hamas\/#primaryimage"},"thumbnailUrl":"https:\/\/luchonoticias.com\/editor\/wp-content\/uploads\/2024\/05\/netanyahu.jpg","articleSection":["Actualidad"],"inLanguage":"es"},{"@type":"WebPage","@id":"https:\/\/luchonoticias.com\/editor\/fiscal-solicita-ordenes-de-arresto-contra-lideres-de-israel-y-hamas\/","url":"https:\/\/luchonoticias.com\/editor\/fiscal-solicita-ordenes-de-arresto-contra-lideres-de-israel-y-hamas\/","name":"Fiscal solicita ordenes de arresto contra l\u00edderes de Israel y Hamas -","isPartOf":{"@id":"https:\/\/luchonoticias.com\/editor\/#website"},"primaryImageOfPage":{"@id":"https:\/\/luchonoticias.com\/editor\/fiscal-solicita-ordenes-de-arresto-contra-lideres-de-israel-y-hamas\/#primaryimage"},"image":{"@id":"https:\/\/luchonoticias.com\/editor\/fiscal-solicita-ordenes-de-arresto-contra-lideres-de-israel-y-hamas\/#primaryimage"},"thumbnailUrl":"https:\/\/luchonoticias.com\/editor\/wp-content\/uploads\/2024\/05\/netanyahu.jpg","datePublished":"2024-05-20T12:09:15+00:00","breadcrumb":{"@id":"https:\/\/luchonoticias.com\/editor\/fiscal-solicita-ordenes-de-arresto-contra-lideres-de-israel-y-hamas\/#breadcrumb"},"inLanguage":"es","potentialAction":[{"@type":"ReadAction","target":["https:\/\/luchonoticias.com\/editor\/fiscal-solicita-ordenes-de-arresto-contra-lideres-de-israel-y-hamas\/"]}]},{"@type":"ImageObject","inLanguage":"es","@id":"https:\/\/luchonoticias.com\/editor\/fiscal-solicita-ordenes-de-arresto-contra-lideres-de-israel-y-hamas\/#primaryimage","url":"https:\/\/luchonoticias.com\/editor\/wp-content\/uploads\/2024\/05\/netanyahu.jpg","contentUrl":"https:\/\/luchonoticias.com\/editor\/wp-content\/uploads\/2024\/05\/netanyahu.jpg","width":700,"height":400},{"@type":"BreadcrumbList","@id":"https:\/\/luchonoticias.com\/editor\/fiscal-solicita-ordenes-de-arresto-contra-lideres-de-israel-y-hamas\/#breadcrumb","itemListElement":[{"@type":"ListItem","position":1,"name":"Portada","item":"https:\/\/luchonoticias.com\/editor\/"},{"@type":"ListItem","position":2,"name":"Fiscal solicita ordenes de arresto contra l\u00edderes de Israel y Hamas"}]},{"@type":"WebSite","@id":"https:\/\/luchonoticias.com\/editor\/#website","url":"https:\/\/luchonoticias.com\/editor\/","name":"","description":"","publisher":{"@id":"https:\/\/luchonoticias.com\/editor\/#\/schema\/person\/7a7fd911f58561fd056dbac7b55af9cd"},"potentialAction":[{"@type":"SearchAction","target":{"@type":"EntryPoint","urlTemplate":"https:\/\/luchonoticias.com\/editor\/?s={search_term_string}"},"query-input":{"@type":"PropertyValueSpecification","valueRequired":true,"valueName":"search_term_string"}}],"inLanguage":"es"},{"@type":["Person","Organization"],"@id":"https:\/\/luchonoticias.com\/editor\/#\/schema\/person\/7a7fd911f58561fd056dbac7b55af9cd","name":"admin","image":{"@type":"ImageObject","inLanguage":"es","@id":"https:\/\/luchonoticias.com\/editor\/#\/schema\/person\/image\/","url":"https:\/\/luchonoticias.com\/editor\/wp-content\/uploads\/2024\/02\/cropped-cropped-logolu.webp","contentUrl":"https:\/\/luchonoticias.com\/editor\/wp-content\/uploads\/2024\/02\/cropped-cropped-logolu.webp","width":382,"height":170,"caption":"admin"},"logo":{"@id":"https:\/\/luchonoticias.com\/editor\/#\/schema\/person\/image\/"},"sameAs":["https:\/\/www.facebook.com\/luchonoticiasneiva"]},{"@type":"Person","@id":"https:\/\/luchonoticias.com\/editor\/#\/schema\/person\/29217990ddf6f14e35912b2866d591fb","name":"Editor General","image":{"@type":"ImageObject","inLanguage":"es","@id":"https:\/\/luchonoticias.com\/editor\/#\/schema\/person\/image\/","url":"https:\/\/luchonoticias.com\/editor\/wp-content\/uploads\/2024\/02\/cropped-cropped-logolu-150x150.webp","contentUrl":"https:\/\/luchonoticias.com\/editor\/wp-content\/uploads\/2024\/02\/cropped-cropped-logolu-150x150.webp","caption":"Editor General"},"sameAs":["https:\/\/luchonoticias.com\/"],"url":"https:\/\/luchonoticias.com\/editor\/author\/editor-general\/"}]}},"_links":{"self":[{"href":"https:\/\/luchonoticias.com\/editor\/wp-json\/wp\/v2\/posts\/73240","targetHints":{"allow":["GET"]}}],"collection":[{"href":"https:\/\/luchonoticias.com\/editor\/wp-json\/wp\/v2\/posts"}],"about":[{"href":"https:\/\/luchonoticias.com\/editor\/wp-json\/wp\/v2\/types\/post"}],"author":[{"embeddable":true,"href":"https:\/\/luchonoticias.com\/editor\/wp-json\/wp\/v2\/users\/2"}],"replies":[{"embeddable":true,"href":"https:\/\/luchonoticias.com\/editor\/wp-json\/wp\/v2\/comments?post=73240"}],"version-history":[{"count":0,"href":"https:\/\/luchonoticias.com\/editor\/wp-json\/wp\/v2\/posts\/73240\/revisions"}],"wp:featuredmedia":[{"embeddable":true,"href":"https:\/\/luchonoticias.com\/editor\/wp-json\/wp\/v2\/media\/73241"}],"wp:attachment":[{"href":"https:\/\/luchonoticias.com\/editor\/wp-json\/wp\/v2\/media?parent=73240"}],"wp:term":[{"taxonomy":"category","embeddable":true,"href":"https:\/\/luchonoticias.com\/editor\/wp-json\/wp\/v2\/categories?post=73240"},{"taxonomy":"post_tag","embeddable":true,"href":"https:\/\/luchonoticias.com\/editor\/wp-json\/wp\/v2\/tags?post=73240"}],"curies":[{"name":"wp","href":"https:\/\/api.w.org\/{rel}","templated":true}]}}