{"id":73246,"date":"2024-05-20T10:54:33","date_gmt":"2024-05-20T15:54:33","guid":{"rendered":"https:\/\/luchonoticias.com\/?p=73246"},"modified":"2024-05-20T10:54:33","modified_gmt":"2024-05-20T15:54:33","slug":"en-busca-de-una-salida-al-problema-de-las-ambulancias-en-neiva","status":"publish","type":"post","link":"https:\/\/luchonoticias.com\/editor\/en-busca-de-una-salida-al-problema-de-las-ambulancias-en-neiva\/","title":{"rendered":"En busca de una salida al problema de las ambulancias en Neiva"},"content":{"rendered":"<p>Ante las reiteradas situaciones que han comprometido la vida de pacientes debido a la competencia entre los servicios de ambulancia en la capital huilense, las autoridades del Huila y de Neiva han unido esfuerzos para avanzar y encontrar una soluci\u00f3n que permita un mejor funcionamiento de este servicio tan prioritario e importante.<\/p>\n<p>Para el Secretario de Salud del Huila, Sergio Mauricio Z\u00fa\u00f1iga, es imperativo que se puedan generar acciones que pongan punto final a esa denominada \u201cguerra\u201d, en que se ha convertido en la ciudad capital atender alg\u00fan tipo de eventualidad, cuando estas est\u00e1n relaciones con accidentes de tr\u00e1nsito principalmente.<\/p>\n<p>\u201cHemos atendido el llamado de la Contralor\u00eda Municipal con el doctor Gilberto Mateus a la cabeza, ya que nos parece muy urgente y necesario poner punto final a ese problema en que se ha convertido la atenci\u00f3n de emergencias por parte de las empresas que operan ambulancias. Este debe un servicio humano, que se debe brindar con garant\u00edas, pues est\u00e1n en juego vidas humanas. Por eso la idea es buscar entre todos los actores comprometidos un mecanismo para poder modificar el Acuerdo 027 de 2018, que nos permita replantear el manejo y uso de ambulancias cuando hacen el traslado de pacientes, usuarios o de personas que han tenido alg\u00fan tipo de accidente de tr\u00e1nsito\u201d, se\u00f1al\u00f3 Sergio Mauricio Z\u00fa\u00f1iga, Secretario de Salud del Departamento.<\/p>\n<p>El funcionario dijo adem\u00e1s que se avanz\u00f3 en la estructuraci\u00f3n de un cronograma de trabajo con el fin de poder recoger ideas, propuestas y as\u00ed construir un nuevo mecanismo de regulaci\u00f3n, uso, control y funcionamiento de las ambulancias para la ciudad capital.<\/p>\n","protected":false},"excerpt":{"rendered":"<p>Ante las reiteradas situaciones que han comprometido la vida de pacientes debido a la competencia entre los servicios de ambulancia en la capital huilense, las autoridades del Huila y de Neiva han unido esfuerzos para avanzar y encontrar una soluci\u00f3n que permita un mejor funcionamiento de este servicio tan prioritario e importante. Para el Secretario [&hellip;]<\/p>\n","protected":false},"author":2,"featured_media":73249,"comment_status":"closed","ping_status":"open","sticky":false,"template":"","format":"standard","meta":{"footnotes":""},"categories":[31],"tags":[],"class_list":["post-73246","post","type-post","status-publish","format-standard","has-post-thumbnail","hentry","category-local"],"yoast_head":"<!-- This site is optimized with the Yoast SEO plugin v26.6 - https:\/\/yoast.com\/wordpress\/plugins\/seo\/ -->\n<title>En busca de una salida al problema de las ambulancias en Neiva -<\/title>\n<meta name=\"robots\" content=\"index, follow, max-snippet:-1, max-image-preview:large, max-video-preview:-1\" \/>\n<link rel=\"canonical\" href=\"https:\/\/luchonoticias.com\/editor\/en-busca-de-una-salida-al-problema-de-las-ambulancias-en-neiva\/\" \/>\n<meta property=\"og:locale\" content=\"es_ES\" \/>\n<meta property=\"og:type\" content=\"article\" \/>\n<meta property=\"og:title\" content=\"En busca de una salida al problema de las ambulancias en Neiva -\" \/>\n<meta property=\"og:url\" content=\"https:\/\/luchonoticias.com\/editor\/en-busca-de-una-salida-al-problema-de-las-ambulancias-en-neiva\/\" \/>\n<meta property=\"article:publisher\" content=\"https:\/\/www.facebook.com\/luchonoticiasneiva\" \/>\n<meta property=\"article:published_time\" content=\"2024-05-20T15:54:33+00:00\" \/>\n<meta property=\"og:image\" content=\"https:\/\/luchonoticias.com\/editor\/wp-content\/uploads\/2024\/05\/ambulancias-neiva-2.jpg\" \/>\n\t<meta property=\"og:image:width\" content=\"700\" \/>\n\t<meta property=\"og:image:height\" content=\"400\" \/>\n\t<meta property=\"og:image:type\" content=\"image\/jpeg\" \/>\n<meta name=\"author\" content=\"Editor General\" \/>\n<meta name=\"twitter:card\" content=\"summary_large_image\" \/>\n<meta name=\"twitter:label1\" content=\"Escrito por\" \/>\n\t<meta name=\"twitter:data1\" content=\"Editor General\" \/>\n\t<meta name=\"twitter:label2\" content=\"Tiempo de lectura\" \/>\n\t<meta name=\"twitter:data2\" content=\"1 minuto\" \/>\n<script type=\"application\/ld+json\" class=\"yoast-schema-graph\">{\"@context\":\"https:\/\/schema.org\",\"@graph\":[{\"@type\":\"Article\",\"@id\":\"https:\/\/luchonoticias.com\/editor\/en-busca-de-una-salida-al-problema-de-las-ambulancias-en-neiva\/#article\",\"isPartOf\":{\"@id\":\"https:\/\/luchonoticias.com\/editor\/en-busca-de-una-salida-al-problema-de-las-ambulancias-en-neiva\/\"},\"author\":{\"name\":\"Editor General\",\"@id\":\"https:\/\/luchonoticias.com\/editor\/#\/schema\/person\/29217990ddf6f14e35912b2866d591fb\"},\"headline\":\"En busca de una salida al problema de las ambulancias en Neiva\",\"datePublished\":\"2024-05-20T15:54:33+00:00\",\"mainEntityOfPage\":{\"@id\":\"https:\/\/luchonoticias.com\/editor\/en-busca-de-una-salida-al-problema-de-las-ambulancias-en-neiva\/\"},\"wordCount\":291,\"publisher\":{\"@id\":\"https:\/\/luchonoticias.com\/editor\/#\/schema\/person\/7a7fd911f58561fd056dbac7b55af9cd\"},\"image\":{\"@id\":\"https:\/\/luchonoticias.com\/editor\/en-busca-de-una-salida-al-problema-de-las-ambulancias-en-neiva\/#primaryimage\"},\"thumbnailUrl\":\"https:\/\/luchonoticias.com\/editor\/wp-content\/uploads\/2024\/05\/ambulancias-neiva-2.jpg\",\"articleSection\":[\"Local\"],\"inLanguage\":\"es\"},{\"@type\":\"WebPage\",\"@id\":\"https:\/\/luchonoticias.com\/editor\/en-busca-de-una-salida-al-problema-de-las-ambulancias-en-neiva\/\",\"url\":\"https:\/\/luchonoticias.com\/editor\/en-busca-de-una-salida-al-problema-de-las-ambulancias-en-neiva\/\",\"name\":\"En busca de una salida al problema de las ambulancias en Neiva -\",\"isPartOf\":{\"@id\":\"https:\/\/luchonoticias.com\/editor\/#website\"},\"primaryImageOfPage\":{\"@id\":\"https:\/\/luchonoticias.com\/editor\/en-busca-de-una-salida-al-problema-de-las-ambulancias-en-neiva\/#primaryimage\"},\"image\":{\"@id\":\"https:\/\/luchonoticias.com\/editor\/en-busca-de-una-salida-al-problema-de-las-ambulancias-en-neiva\/#primaryimage\"},\"thumbnailUrl\":\"https:\/\/luchonoticias.com\/editor\/wp-content\/uploads\/2024\/05\/ambulancias-neiva-2.jpg\",\"datePublished\":\"2024-05-20T15:54:33+00:00\",\"breadcrumb\":{\"@id\":\"https:\/\/luchonoticias.com\/editor\/en-busca-de-una-salida-al-problema-de-las-ambulancias-en-neiva\/#breadcrumb\"},\"inLanguage\":\"es\",\"potentialAction\":[{\"@type\":\"ReadAction\",\"target\":[\"https:\/\/luchonoticias.com\/editor\/en-busca-de-una-salida-al-problema-de-las-ambulancias-en-neiva\/\"]}]},{\"@type\":\"ImageObject\",\"inLanguage\":\"es\",\"@id\":\"https:\/\/luchonoticias.com\/editor\/en-busca-de-una-salida-al-problema-de-las-ambulancias-en-neiva\/#primaryimage\",\"url\":\"https:\/\/luchonoticias.com\/editor\/wp-content\/uploads\/2024\/05\/ambulancias-neiva-2.jpg\",\"contentUrl\":\"https:\/\/luchonoticias.com\/editor\/wp-content\/uploads\/2024\/05\/ambulancias-neiva-2.jpg\",\"width\":700,\"height\":400},{\"@type\":\"BreadcrumbList\",\"@id\":\"https:\/\/luchonoticias.com\/editor\/en-busca-de-una-salida-al-problema-de-las-ambulancias-en-neiva\/#breadcrumb\",\"itemListElement\":[{\"@type\":\"ListItem\",\"position\":1,\"name\":\"Portada\",\"item\":\"https:\/\/luchonoticias.com\/editor\/\"},{\"@type\":\"ListItem\",\"position\":2,\"name\":\"En busca de una salida al problema de las ambulancias en Neiva\"}]},{\"@type\":\"WebSite\",\"@id\":\"https:\/\/luchonoticias.com\/editor\/#website\",\"url\":\"https:\/\/luchonoticias.com\/editor\/\",\"name\":\"\",\"description\":\"\",\"publisher\":{\"@id\":\"https:\/\/luchonoticias.com\/editor\/#\/schema\/person\/7a7fd911f58561fd056dbac7b55af9cd\"},\"potentialAction\":[{\"@type\":\"SearchAction\",\"target\":{\"@type\":\"EntryPoint\",\"urlTemplate\":\"https:\/\/luchonoticias.com\/editor\/?s={search_term_string}\"},\"query-input\":{\"@type\":\"PropertyValueSpecification\",\"valueRequired\":true,\"valueName\":\"search_term_string\"}}],\"inLanguage\":\"es\"},{\"@type\":[\"Person\",\"Organization\"],\"@id\":\"https:\/\/luchonoticias.com\/editor\/#\/schema\/person\/7a7fd911f58561fd056dbac7b55af9cd\",\"name\":\"admin\",\"image\":{\"@type\":\"ImageObject\",\"inLanguage\":\"es\",\"@id\":\"https:\/\/luchonoticias.com\/editor\/#\/schema\/person\/image\/\",\"url\":\"https:\/\/luchonoticias.com\/editor\/wp-content\/uploads\/2024\/02\/cropped-cropped-logolu.webp\",\"contentUrl\":\"https:\/\/luchonoticias.com\/editor\/wp-content\/uploads\/2024\/02\/cropped-cropped-logolu.webp\",\"width\":382,\"height\":170,\"caption\":\"admin\"},\"logo\":{\"@id\":\"https:\/\/luchonoticias.com\/editor\/#\/schema\/person\/image\/\"},\"sameAs\":[\"https:\/\/www.facebook.com\/luchonoticiasneiva\"]},{\"@type\":\"Person\",\"@id\":\"https:\/\/luchonoticias.com\/editor\/#\/schema\/person\/29217990ddf6f14e35912b2866d591fb\",\"name\":\"Editor General\",\"image\":{\"@type\":\"ImageObject\",\"inLanguage\":\"es\",\"@id\":\"https:\/\/luchonoticias.com\/editor\/#\/schema\/person\/image\/\",\"url\":\"https:\/\/luchonoticias.com\/editor\/wp-content\/uploads\/2024\/02\/cropped-cropped-logolu-150x150.webp\",\"contentUrl\":\"https:\/\/luchonoticias.com\/editor\/wp-content\/uploads\/2024\/02\/cropped-cropped-logolu-150x150.webp\",\"caption\":\"Editor General\"},\"sameAs\":[\"https:\/\/luchonoticias.com\/\"],\"url\":\"https:\/\/luchonoticias.com\/editor\/author\/editor-general\/\"}]}<\/script>\n<!-- \/ Yoast SEO plugin. -->","yoast_head_json":{"title":"En busca de una salida al problema de las ambulancias en Neiva -","robots":{"index":"index","follow":"follow","max-snippet":"max-snippet:-1","max-image-preview":"max-image-preview:large","max-video-preview":"max-video-preview:-1"},"canonical":"https:\/\/luchonoticias.com\/editor\/en-busca-de-una-salida-al-problema-de-las-ambulancias-en-neiva\/","og_locale":"es_ES","og_type":"article","og_title":"En busca de una salida al problema de las ambulancias en Neiva -","og_url":"https:\/\/luchonoticias.com\/editor\/en-busca-de-una-salida-al-problema-de-las-ambulancias-en-neiva\/","article_publisher":"https:\/\/www.facebook.com\/luchonoticiasneiva","article_published_time":"2024-05-20T15:54:33+00:00","og_image":[{"width":700,"height":400,"url":"https:\/\/luchonoticias.com\/editor\/wp-content\/uploads\/2024\/05\/ambulancias-neiva-2.jpg","type":"image\/jpeg"}],"author":"Editor General","twitter_card":"summary_large_image","twitter_misc":{"Escrito por":"Editor General","Tiempo de lectura":"1 minuto"},"schema":{"@context":"https:\/\/schema.org","@graph":[{"@type":"Article","@id":"https:\/\/luchonoticias.com\/editor\/en-busca-de-una-salida-al-problema-de-las-ambulancias-en-neiva\/#article","isPartOf":{"@id":"https:\/\/luchonoticias.com\/editor\/en-busca-de-una-salida-al-problema-de-las-ambulancias-en-neiva\/"},"author":{"name":"Editor General","@id":"https:\/\/luchonoticias.com\/editor\/#\/schema\/person\/29217990ddf6f14e35912b2866d591fb"},"headline":"En busca de una salida al problema de las ambulancias en Neiva","datePublished":"2024-05-20T15:54:33+00:00","mainEntityOfPage":{"@id":"https:\/\/luchonoticias.com\/editor\/en-busca-de-una-salida-al-problema-de-las-ambulancias-en-neiva\/"},"wordCount":291,"publisher":{"@id":"https:\/\/luchonoticias.com\/editor\/#\/schema\/person\/7a7fd911f58561fd056dbac7b55af9cd"},"image":{"@id":"https:\/\/luchonoticias.com\/editor\/en-busca-de-una-salida-al-problema-de-las-ambulancias-en-neiva\/#primaryimage"},"thumbnailUrl":"https:\/\/luchonoticias.com\/editor\/wp-content\/uploads\/2024\/05\/ambulancias-neiva-2.jpg","articleSection":["Local"],"inLanguage":"es"},{"@type":"WebPage","@id":"https:\/\/luchonoticias.com\/editor\/en-busca-de-una-salida-al-problema-de-las-ambulancias-en-neiva\/","url":"https:\/\/luchonoticias.com\/editor\/en-busca-de-una-salida-al-problema-de-las-ambulancias-en-neiva\/","name":"En busca de una salida al problema de las ambulancias en Neiva -","isPartOf":{"@id":"https:\/\/luchonoticias.com\/editor\/#website"},"primaryImageOfPage":{"@id":"https:\/\/luchonoticias.com\/editor\/en-busca-de-una-salida-al-problema-de-las-ambulancias-en-neiva\/#primaryimage"},"image":{"@id":"https:\/\/luchonoticias.com\/editor\/en-busca-de-una-salida-al-problema-de-las-ambulancias-en-neiva\/#primaryimage"},"thumbnailUrl":"https:\/\/luchonoticias.com\/editor\/wp-content\/uploads\/2024\/05\/ambulancias-neiva-2.jpg","datePublished":"2024-05-20T15:54:33+00:00","breadcrumb":{"@id":"https:\/\/luchonoticias.com\/editor\/en-busca-de-una-salida-al-problema-de-las-ambulancias-en-neiva\/#breadcrumb"},"inLanguage":"es","potentialAction":[{"@type":"ReadAction","target":["https:\/\/luchonoticias.com\/editor\/en-busca-de-una-salida-al-problema-de-las-ambulancias-en-neiva\/"]}]},{"@type":"ImageObject","inLanguage":"es","@id":"https:\/\/luchonoticias.com\/editor\/en-busca-de-una-salida-al-problema-de-las-ambulancias-en-neiva\/#primaryimage","url":"https:\/\/luchonoticias.com\/editor\/wp-content\/uploads\/2024\/05\/ambulancias-neiva-2.jpg","contentUrl":"https:\/\/luchonoticias.com\/editor\/wp-content\/uploads\/2024\/05\/ambulancias-neiva-2.jpg","width":700,"height":400},{"@type":"BreadcrumbList","@id":"https:\/\/luchonoticias.com\/editor\/en-busca-de-una-salida-al-problema-de-las-ambulancias-en-neiva\/#breadcrumb","itemListElement":[{"@type":"ListItem","position":1,"name":"Portada","item":"https:\/\/luchonoticias.com\/editor\/"},{"@type":"ListItem","position":2,"name":"En busca de una salida al problema de las ambulancias en Neiva"}]},{"@type":"WebSite","@id":"https:\/\/luchonoticias.com\/editor\/#website","url":"https:\/\/luchonoticias.com\/editor\/","name":"","description":"","publisher":{"@id":"https:\/\/luchonoticias.com\/editor\/#\/schema\/person\/7a7fd911f58561fd056dbac7b55af9cd"},"potentialAction":[{"@type":"SearchAction","target":{"@type":"EntryPoint","urlTemplate":"https:\/\/luchonoticias.com\/editor\/?s={search_term_string}"},"query-input":{"@type":"PropertyValueSpecification","valueRequired":true,"valueName":"search_term_string"}}],"inLanguage":"es"},{"@type":["Person","Organization"],"@id":"https:\/\/luchonoticias.com\/editor\/#\/schema\/person\/7a7fd911f58561fd056dbac7b55af9cd","name":"admin","image":{"@type":"ImageObject","inLanguage":"es","@id":"https:\/\/luchonoticias.com\/editor\/#\/schema\/person\/image\/","url":"https:\/\/luchonoticias.com\/editor\/wp-content\/uploads\/2024\/02\/cropped-cropped-logolu.webp","contentUrl":"https:\/\/luchonoticias.com\/editor\/wp-content\/uploads\/2024\/02\/cropped-cropped-logolu.webp","width":382,"height":170,"caption":"admin"},"logo":{"@id":"https:\/\/luchonoticias.com\/editor\/#\/schema\/person\/image\/"},"sameAs":["https:\/\/www.facebook.com\/luchonoticiasneiva"]},{"@type":"Person","@id":"https:\/\/luchonoticias.com\/editor\/#\/schema\/person\/29217990ddf6f14e35912b2866d591fb","name":"Editor General","image":{"@type":"ImageObject","inLanguage":"es","@id":"https:\/\/luchonoticias.com\/editor\/#\/schema\/person\/image\/","url":"https:\/\/luchonoticias.com\/editor\/wp-content\/uploads\/2024\/02\/cropped-cropped-logolu-150x150.webp","contentUrl":"https:\/\/luchonoticias.com\/editor\/wp-content\/uploads\/2024\/02\/cropped-cropped-logolu-150x150.webp","caption":"Editor General"},"sameAs":["https:\/\/luchonoticias.com\/"],"url":"https:\/\/luchonoticias.com\/editor\/author\/editor-general\/"}]}},"_links":{"self":[{"href":"https:\/\/luchonoticias.com\/editor\/wp-json\/wp\/v2\/posts\/73246","targetHints":{"allow":["GET"]}}],"collection":[{"href":"https:\/\/luchonoticias.com\/editor\/wp-json\/wp\/v2\/posts"}],"about":[{"href":"https:\/\/luchonoticias.com\/editor\/wp-json\/wp\/v2\/types\/post"}],"author":[{"embeddable":true,"href":"https:\/\/luchonoticias.com\/editor\/wp-json\/wp\/v2\/users\/2"}],"replies":[{"embeddable":true,"href":"https:\/\/luchonoticias.com\/editor\/wp-json\/wp\/v2\/comments?post=73246"}],"version-history":[{"count":0,"href":"https:\/\/luchonoticias.com\/editor\/wp-json\/wp\/v2\/posts\/73246\/revisions"}],"wp:featuredmedia":[{"embeddable":true,"href":"https:\/\/luchonoticias.com\/editor\/wp-json\/wp\/v2\/media\/73249"}],"wp:attachment":[{"href":"https:\/\/luchonoticias.com\/editor\/wp-json\/wp\/v2\/media?parent=73246"}],"wp:term":[{"taxonomy":"category","embeddable":true,"href":"https:\/\/luchonoticias.com\/editor\/wp-json\/wp\/v2\/categories?post=73246"},{"taxonomy":"post_tag","embeddable":true,"href":"https:\/\/luchonoticias.com\/editor\/wp-json\/wp\/v2\/tags?post=73246"}],"curies":[{"name":"wp","href":"https:\/\/api.w.org\/{rel}","templated":true}]}}