{"id":73251,"date":"2024-05-20T11:46:40","date_gmt":"2024-05-20T16:46:40","guid":{"rendered":"https:\/\/luchonoticias.com\/?p=73251"},"modified":"2024-05-20T11:46:40","modified_gmt":"2024-05-20T16:46:40","slug":"socializado-plan-plurianual-de-inversiones-en-garzon","status":"publish","type":"post","link":"https:\/\/luchonoticias.com\/editor\/socializado-plan-plurianual-de-inversiones-en-garzon\/","title":{"rendered":"Socializado plan plurianual de inversiones en Garz\u00f3n"},"content":{"rendered":"<p>En horas de la ma\u00f1ana, presidido por el alcalde, Francisco Calder\u00f3n feriz, se llev\u00f3 a cabo la audiencia p\u00fablica del Plan Plurianual de Inversiones del Municipio, que es la hoja de ruta de inversiones del cuatrienio del Gobierno local, muy ligado al plan de desarrollo Garz\u00f3n Adelante. Al encuentro asistieron los concejales, los partidos declarados en oposici\u00f3n, l\u00edderes de juntas, la C\u00e1mara de Comercio, el SENA y la USCO.<\/p>\n<p>La din\u00e1mica fue f\u00e1cil. El grupo consultor y asesor expuso los elementos t\u00e9cnicos de este plan de inversiones, sus ejes y los valores anuales de la siguiente manera:<\/p>\n<p>El a\u00f1o 2024, tiene una proyecci\u00f3n aproximada de $162.463.367.453. Para el a\u00f1o 2025,\u00a0$142. 797.355.453. En el a\u00f1o 2026,\u00a0$135.540.139.008. Ya finalmente, para el a\u00f1o 2027, $150.971. 492.133.<\/p>\n<p>En total, el Plan Plurianual de Inversiones del Municipio de Garz\u00f3n tendr\u00e1 un costo aproximado de $591.772.354. 430.<\/p>\n<p>\u201cCon este plan de inversiones, que sale del plan de desarrollo, pretendemos mejorar e impactar la calidad de vida de los garzone\u00f1os en v\u00edas, acueductos, espacios p\u00fablicos, salud, vivienda, mejoramiento de vivienda y llevar a Garz\u00f3n Adelante\u201d, manifest\u00f3 el alcalde de Garz\u00f3n, Francisco Calder\u00f3n Feriz.<\/p>\n<p>La audiencia tambi\u00e9n cont\u00f3 con trasmisi\u00f3n en vivo y en directo, donde ciudadanos y asistentes al lugar pudieron hacer preguntas que fueron resueltas por el Alcalde Municipal.<\/p>\n","protected":false},"excerpt":{"rendered":"<p>En horas de la ma\u00f1ana, presidido por el alcalde, Francisco Calder\u00f3n feriz, se llev\u00f3 a cabo la audiencia p\u00fablica del Plan Plurianual de Inversiones del Municipio, que es la hoja de ruta de inversiones del cuatrienio del Gobierno local, muy ligado al plan de desarrollo Garz\u00f3n Adelante. Al encuentro asistieron los concejales, los partidos declarados [&hellip;]<\/p>\n","protected":false},"author":2,"featured_media":73252,"comment_status":"closed","ping_status":"open","sticky":false,"template":"","format":"standard","meta":{"footnotes":""},"categories":[33],"tags":[],"class_list":["post-73251","post","type-post","status-publish","format-standard","has-post-thumbnail","hentry","category-huila"],"yoast_head":"<!-- This site is optimized with the Yoast SEO plugin v26.6 - https:\/\/yoast.com\/wordpress\/plugins\/seo\/ -->\n<title>Socializado plan plurianual de inversiones en Garz\u00f3n -<\/title>\n<meta name=\"robots\" content=\"index, follow, max-snippet:-1, max-image-preview:large, max-video-preview:-1\" \/>\n<link rel=\"canonical\" href=\"https:\/\/luchonoticias.com\/editor\/socializado-plan-plurianual-de-inversiones-en-garzon\/\" \/>\n<meta property=\"og:locale\" content=\"es_ES\" \/>\n<meta property=\"og:type\" content=\"article\" \/>\n<meta property=\"og:title\" content=\"Socializado plan plurianual de inversiones en Garz\u00f3n -\" \/>\n<meta property=\"og:url\" content=\"https:\/\/luchonoticias.com\/editor\/socializado-plan-plurianual-de-inversiones-en-garzon\/\" \/>\n<meta property=\"article:publisher\" content=\"https:\/\/www.facebook.com\/luchonoticiasneiva\" \/>\n<meta property=\"article:published_time\" content=\"2024-05-20T16:46:40+00:00\" \/>\n<meta property=\"og:image\" content=\"https:\/\/luchonoticias.com\/editor\/wp-content\/uploads\/2024\/05\/WhatsApp-Image-2024-05-20-at-11.01.44.jpeg\" \/>\n\t<meta property=\"og:image:width\" content=\"1600\" \/>\n\t<meta property=\"og:image:height\" content=\"1200\" \/>\n\t<meta property=\"og:image:type\" content=\"image\/jpeg\" \/>\n<meta name=\"author\" content=\"Editor General\" \/>\n<meta name=\"twitter:card\" content=\"summary_large_image\" \/>\n<meta name=\"twitter:label1\" content=\"Escrito por\" \/>\n\t<meta name=\"twitter:data1\" content=\"Editor General\" \/>\n\t<meta name=\"twitter:label2\" content=\"Tiempo de lectura\" \/>\n\t<meta name=\"twitter:data2\" content=\"1 minuto\" \/>\n<script type=\"application\/ld+json\" class=\"yoast-schema-graph\">{\"@context\":\"https:\/\/schema.org\",\"@graph\":[{\"@type\":\"Article\",\"@id\":\"https:\/\/luchonoticias.com\/editor\/socializado-plan-plurianual-de-inversiones-en-garzon\/#article\",\"isPartOf\":{\"@id\":\"https:\/\/luchonoticias.com\/editor\/socializado-plan-plurianual-de-inversiones-en-garzon\/\"},\"author\":{\"name\":\"Editor General\",\"@id\":\"https:\/\/luchonoticias.com\/editor\/#\/schema\/person\/29217990ddf6f14e35912b2866d591fb\"},\"headline\":\"Socializado plan plurianual de inversiones en Garz\u00f3n\",\"datePublished\":\"2024-05-20T16:46:40+00:00\",\"mainEntityOfPage\":{\"@id\":\"https:\/\/luchonoticias.com\/editor\/socializado-plan-plurianual-de-inversiones-en-garzon\/\"},\"wordCount\":235,\"publisher\":{\"@id\":\"https:\/\/luchonoticias.com\/editor\/#\/schema\/person\/7a7fd911f58561fd056dbac7b55af9cd\"},\"image\":{\"@id\":\"https:\/\/luchonoticias.com\/editor\/socializado-plan-plurianual-de-inversiones-en-garzon\/#primaryimage\"},\"thumbnailUrl\":\"https:\/\/luchonoticias.com\/editor\/wp-content\/uploads\/2024\/05\/WhatsApp-Image-2024-05-20-at-11.01.44.jpeg\",\"articleSection\":[\"Huila\"],\"inLanguage\":\"es\"},{\"@type\":\"WebPage\",\"@id\":\"https:\/\/luchonoticias.com\/editor\/socializado-plan-plurianual-de-inversiones-en-garzon\/\",\"url\":\"https:\/\/luchonoticias.com\/editor\/socializado-plan-plurianual-de-inversiones-en-garzon\/\",\"name\":\"Socializado plan plurianual de inversiones en Garz\u00f3n -\",\"isPartOf\":{\"@id\":\"https:\/\/luchonoticias.com\/editor\/#website\"},\"primaryImageOfPage\":{\"@id\":\"https:\/\/luchonoticias.com\/editor\/socializado-plan-plurianual-de-inversiones-en-garzon\/#primaryimage\"},\"image\":{\"@id\":\"https:\/\/luchonoticias.com\/editor\/socializado-plan-plurianual-de-inversiones-en-garzon\/#primaryimage\"},\"thumbnailUrl\":\"https:\/\/luchonoticias.com\/editor\/wp-content\/uploads\/2024\/05\/WhatsApp-Image-2024-05-20-at-11.01.44.jpeg\",\"datePublished\":\"2024-05-20T16:46:40+00:00\",\"breadcrumb\":{\"@id\":\"https:\/\/luchonoticias.com\/editor\/socializado-plan-plurianual-de-inversiones-en-garzon\/#breadcrumb\"},\"inLanguage\":\"es\",\"potentialAction\":[{\"@type\":\"ReadAction\",\"target\":[\"https:\/\/luchonoticias.com\/editor\/socializado-plan-plurianual-de-inversiones-en-garzon\/\"]}]},{\"@type\":\"ImageObject\",\"inLanguage\":\"es\",\"@id\":\"https:\/\/luchonoticias.com\/editor\/socializado-plan-plurianual-de-inversiones-en-garzon\/#primaryimage\",\"url\":\"https:\/\/luchonoticias.com\/editor\/wp-content\/uploads\/2024\/05\/WhatsApp-Image-2024-05-20-at-11.01.44.jpeg\",\"contentUrl\":\"https:\/\/luchonoticias.com\/editor\/wp-content\/uploads\/2024\/05\/WhatsApp-Image-2024-05-20-at-11.01.44.jpeg\",\"width\":1600,\"height\":1200},{\"@type\":\"BreadcrumbList\",\"@id\":\"https:\/\/luchonoticias.com\/editor\/socializado-plan-plurianual-de-inversiones-en-garzon\/#breadcrumb\",\"itemListElement\":[{\"@type\":\"ListItem\",\"position\":1,\"name\":\"Portada\",\"item\":\"https:\/\/luchonoticias.com\/editor\/\"},{\"@type\":\"ListItem\",\"position\":2,\"name\":\"Socializado plan plurianual de inversiones en Garz\u00f3n\"}]},{\"@type\":\"WebSite\",\"@id\":\"https:\/\/luchonoticias.com\/editor\/#website\",\"url\":\"https:\/\/luchonoticias.com\/editor\/\",\"name\":\"\",\"description\":\"\",\"publisher\":{\"@id\":\"https:\/\/luchonoticias.com\/editor\/#\/schema\/person\/7a7fd911f58561fd056dbac7b55af9cd\"},\"potentialAction\":[{\"@type\":\"SearchAction\",\"target\":{\"@type\":\"EntryPoint\",\"urlTemplate\":\"https:\/\/luchonoticias.com\/editor\/?s={search_term_string}\"},\"query-input\":{\"@type\":\"PropertyValueSpecification\",\"valueRequired\":true,\"valueName\":\"search_term_string\"}}],\"inLanguage\":\"es\"},{\"@type\":[\"Person\",\"Organization\"],\"@id\":\"https:\/\/luchonoticias.com\/editor\/#\/schema\/person\/7a7fd911f58561fd056dbac7b55af9cd\",\"name\":\"admin\",\"image\":{\"@type\":\"ImageObject\",\"inLanguage\":\"es\",\"@id\":\"https:\/\/luchonoticias.com\/editor\/#\/schema\/person\/image\/\",\"url\":\"https:\/\/luchonoticias.com\/editor\/wp-content\/uploads\/2024\/02\/cropped-cropped-logolu.webp\",\"contentUrl\":\"https:\/\/luchonoticias.com\/editor\/wp-content\/uploads\/2024\/02\/cropped-cropped-logolu.webp\",\"width\":382,\"height\":170,\"caption\":\"admin\"},\"logo\":{\"@id\":\"https:\/\/luchonoticias.com\/editor\/#\/schema\/person\/image\/\"},\"sameAs\":[\"https:\/\/www.facebook.com\/luchonoticiasneiva\"]},{\"@type\":\"Person\",\"@id\":\"https:\/\/luchonoticias.com\/editor\/#\/schema\/person\/29217990ddf6f14e35912b2866d591fb\",\"name\":\"Editor General\",\"image\":{\"@type\":\"ImageObject\",\"inLanguage\":\"es\",\"@id\":\"https:\/\/luchonoticias.com\/editor\/#\/schema\/person\/image\/\",\"url\":\"https:\/\/luchonoticias.com\/editor\/wp-content\/uploads\/2024\/02\/cropped-cropped-logolu-150x150.webp\",\"contentUrl\":\"https:\/\/luchonoticias.com\/editor\/wp-content\/uploads\/2024\/02\/cropped-cropped-logolu-150x150.webp\",\"caption\":\"Editor General\"},\"sameAs\":[\"https:\/\/luchonoticias.com\/\"],\"url\":\"https:\/\/luchonoticias.com\/editor\/author\/editor-general\/\"}]}<\/script>\n<!-- \/ Yoast SEO plugin. -->","yoast_head_json":{"title":"Socializado plan plurianual de inversiones en Garz\u00f3n -","robots":{"index":"index","follow":"follow","max-snippet":"max-snippet:-1","max-image-preview":"max-image-preview:large","max-video-preview":"max-video-preview:-1"},"canonical":"https:\/\/luchonoticias.com\/editor\/socializado-plan-plurianual-de-inversiones-en-garzon\/","og_locale":"es_ES","og_type":"article","og_title":"Socializado plan plurianual de inversiones en Garz\u00f3n -","og_url":"https:\/\/luchonoticias.com\/editor\/socializado-plan-plurianual-de-inversiones-en-garzon\/","article_publisher":"https:\/\/www.facebook.com\/luchonoticiasneiva","article_published_time":"2024-05-20T16:46:40+00:00","og_image":[{"width":1600,"height":1200,"url":"https:\/\/luchonoticias.com\/editor\/wp-content\/uploads\/2024\/05\/WhatsApp-Image-2024-05-20-at-11.01.44.jpeg","type":"image\/jpeg"}],"author":"Editor General","twitter_card":"summary_large_image","twitter_misc":{"Escrito por":"Editor General","Tiempo de lectura":"1 minuto"},"schema":{"@context":"https:\/\/schema.org","@graph":[{"@type":"Article","@id":"https:\/\/luchonoticias.com\/editor\/socializado-plan-plurianual-de-inversiones-en-garzon\/#article","isPartOf":{"@id":"https:\/\/luchonoticias.com\/editor\/socializado-plan-plurianual-de-inversiones-en-garzon\/"},"author":{"name":"Editor General","@id":"https:\/\/luchonoticias.com\/editor\/#\/schema\/person\/29217990ddf6f14e35912b2866d591fb"},"headline":"Socializado plan plurianual de inversiones en Garz\u00f3n","datePublished":"2024-05-20T16:46:40+00:00","mainEntityOfPage":{"@id":"https:\/\/luchonoticias.com\/editor\/socializado-plan-plurianual-de-inversiones-en-garzon\/"},"wordCount":235,"publisher":{"@id":"https:\/\/luchonoticias.com\/editor\/#\/schema\/person\/7a7fd911f58561fd056dbac7b55af9cd"},"image":{"@id":"https:\/\/luchonoticias.com\/editor\/socializado-plan-plurianual-de-inversiones-en-garzon\/#primaryimage"},"thumbnailUrl":"https:\/\/luchonoticias.com\/editor\/wp-content\/uploads\/2024\/05\/WhatsApp-Image-2024-05-20-at-11.01.44.jpeg","articleSection":["Huila"],"inLanguage":"es"},{"@type":"WebPage","@id":"https:\/\/luchonoticias.com\/editor\/socializado-plan-plurianual-de-inversiones-en-garzon\/","url":"https:\/\/luchonoticias.com\/editor\/socializado-plan-plurianual-de-inversiones-en-garzon\/","name":"Socializado plan plurianual de inversiones en Garz\u00f3n -","isPartOf":{"@id":"https:\/\/luchonoticias.com\/editor\/#website"},"primaryImageOfPage":{"@id":"https:\/\/luchonoticias.com\/editor\/socializado-plan-plurianual-de-inversiones-en-garzon\/#primaryimage"},"image":{"@id":"https:\/\/luchonoticias.com\/editor\/socializado-plan-plurianual-de-inversiones-en-garzon\/#primaryimage"},"thumbnailUrl":"https:\/\/luchonoticias.com\/editor\/wp-content\/uploads\/2024\/05\/WhatsApp-Image-2024-05-20-at-11.01.44.jpeg","datePublished":"2024-05-20T16:46:40+00:00","breadcrumb":{"@id":"https:\/\/luchonoticias.com\/editor\/socializado-plan-plurianual-de-inversiones-en-garzon\/#breadcrumb"},"inLanguage":"es","potentialAction":[{"@type":"ReadAction","target":["https:\/\/luchonoticias.com\/editor\/socializado-plan-plurianual-de-inversiones-en-garzon\/"]}]},{"@type":"ImageObject","inLanguage":"es","@id":"https:\/\/luchonoticias.com\/editor\/socializado-plan-plurianual-de-inversiones-en-garzon\/#primaryimage","url":"https:\/\/luchonoticias.com\/editor\/wp-content\/uploads\/2024\/05\/WhatsApp-Image-2024-05-20-at-11.01.44.jpeg","contentUrl":"https:\/\/luchonoticias.com\/editor\/wp-content\/uploads\/2024\/05\/WhatsApp-Image-2024-05-20-at-11.01.44.jpeg","width":1600,"height":1200},{"@type":"BreadcrumbList","@id":"https:\/\/luchonoticias.com\/editor\/socializado-plan-plurianual-de-inversiones-en-garzon\/#breadcrumb","itemListElement":[{"@type":"ListItem","position":1,"name":"Portada","item":"https:\/\/luchonoticias.com\/editor\/"},{"@type":"ListItem","position":2,"name":"Socializado plan plurianual de inversiones en Garz\u00f3n"}]},{"@type":"WebSite","@id":"https:\/\/luchonoticias.com\/editor\/#website","url":"https:\/\/luchonoticias.com\/editor\/","name":"","description":"","publisher":{"@id":"https:\/\/luchonoticias.com\/editor\/#\/schema\/person\/7a7fd911f58561fd056dbac7b55af9cd"},"potentialAction":[{"@type":"SearchAction","target":{"@type":"EntryPoint","urlTemplate":"https:\/\/luchonoticias.com\/editor\/?s={search_term_string}"},"query-input":{"@type":"PropertyValueSpecification","valueRequired":true,"valueName":"search_term_string"}}],"inLanguage":"es"},{"@type":["Person","Organization"],"@id":"https:\/\/luchonoticias.com\/editor\/#\/schema\/person\/7a7fd911f58561fd056dbac7b55af9cd","name":"admin","image":{"@type":"ImageObject","inLanguage":"es","@id":"https:\/\/luchonoticias.com\/editor\/#\/schema\/person\/image\/","url":"https:\/\/luchonoticias.com\/editor\/wp-content\/uploads\/2024\/02\/cropped-cropped-logolu.webp","contentUrl":"https:\/\/luchonoticias.com\/editor\/wp-content\/uploads\/2024\/02\/cropped-cropped-logolu.webp","width":382,"height":170,"caption":"admin"},"logo":{"@id":"https:\/\/luchonoticias.com\/editor\/#\/schema\/person\/image\/"},"sameAs":["https:\/\/www.facebook.com\/luchonoticiasneiva"]},{"@type":"Person","@id":"https:\/\/luchonoticias.com\/editor\/#\/schema\/person\/29217990ddf6f14e35912b2866d591fb","name":"Editor General","image":{"@type":"ImageObject","inLanguage":"es","@id":"https:\/\/luchonoticias.com\/editor\/#\/schema\/person\/image\/","url":"https:\/\/luchonoticias.com\/editor\/wp-content\/uploads\/2024\/02\/cropped-cropped-logolu-150x150.webp","contentUrl":"https:\/\/luchonoticias.com\/editor\/wp-content\/uploads\/2024\/02\/cropped-cropped-logolu-150x150.webp","caption":"Editor General"},"sameAs":["https:\/\/luchonoticias.com\/"],"url":"https:\/\/luchonoticias.com\/editor\/author\/editor-general\/"}]}},"_links":{"self":[{"href":"https:\/\/luchonoticias.com\/editor\/wp-json\/wp\/v2\/posts\/73251","targetHints":{"allow":["GET"]}}],"collection":[{"href":"https:\/\/luchonoticias.com\/editor\/wp-json\/wp\/v2\/posts"}],"about":[{"href":"https:\/\/luchonoticias.com\/editor\/wp-json\/wp\/v2\/types\/post"}],"author":[{"embeddable":true,"href":"https:\/\/luchonoticias.com\/editor\/wp-json\/wp\/v2\/users\/2"}],"replies":[{"embeddable":true,"href":"https:\/\/luchonoticias.com\/editor\/wp-json\/wp\/v2\/comments?post=73251"}],"version-history":[{"count":0,"href":"https:\/\/luchonoticias.com\/editor\/wp-json\/wp\/v2\/posts\/73251\/revisions"}],"wp:featuredmedia":[{"embeddable":true,"href":"https:\/\/luchonoticias.com\/editor\/wp-json\/wp\/v2\/media\/73252"}],"wp:attachment":[{"href":"https:\/\/luchonoticias.com\/editor\/wp-json\/wp\/v2\/media?parent=73251"}],"wp:term":[{"taxonomy":"category","embeddable":true,"href":"https:\/\/luchonoticias.com\/editor\/wp-json\/wp\/v2\/categories?post=73251"},{"taxonomy":"post_tag","embeddable":true,"href":"https:\/\/luchonoticias.com\/editor\/wp-json\/wp\/v2\/tags?post=73251"}],"curies":[{"name":"wp","href":"https:\/\/api.w.org\/{rel}","templated":true}]}}