{"id":73268,"date":"2024-05-20T16:01:29","date_gmt":"2024-05-20T21:01:29","guid":{"rendered":"https:\/\/luchonoticias.com\/?p=73268"},"modified":"2024-05-20T16:01:29","modified_gmt":"2024-05-20T21:01:29","slug":"neiva-se-lucio-con-los-nacionales-de-lucha","status":"publish","type":"post","link":"https:\/\/luchonoticias.com\/editor\/neiva-se-lucio-con-los-nacionales-de-lucha\/","title":{"rendered":"Neiva se luci\u00f3 con los nacionales de lucha"},"content":{"rendered":"<p>Despu\u00e9s de cinco d\u00edas de intensos combates, el Campeonato Nacional de Lucha con clasificatorio al Panamericano, culmin\u00f3 con un balance positivo. Los primeros cuatro d\u00edas se desarrollaron en el coliseo cubierto \u00c1lvaro S\u00e1nchez Silva, con la participaci\u00f3n de doce departamentos en las categor\u00edas U17 y U20 en la modalidad Grecorromana y Libre, donde la delegaci\u00f3n del departamento del Valle fue la m\u00e1s destacada al llevarse 33 medallas en total.<\/p>\n<p>Para la delegaci\u00f3n del Huila, el balance fue muy bueno con un total de 20 medallas, entre ellas tres de oro, ocupando el cuarto puesto en el ranking de equipos.<\/p>\n<p>En el quinto d\u00eda de competencia se llev\u00f3 a cabo el Campeonato Nacional de Lucha en Playa en el escenario &#8216;El Golazo&#8217;, ubicado en el norte de la ciudad. En este evento participaron solo cuatro delegaciones, Bogot\u00e1, Huila, Santander y Tolima, con las categor\u00edas U17 y U20.<\/p>\n<p>En este escenario, el Huila cont\u00f3 con una excelente participaci\u00f3n, obteniendo el segundo puesto en el podio con 14 medallas; la delegaci\u00f3n que arras\u00f3 fue Bogot\u00e1 con 18 medallas quedando en el primer puesto en el ranking de equipos.<\/p>\n<p>\u201cDefinitivamente, este campeonato se demostr\u00f3 que con pocos recursos podemos hacer grandes cosas, que la inversi\u00f3n y el movimiento de la econom\u00eda se ve, con los restaurantes; tuvimos diferentes departamentos, delegaciones trabajando, invirtiendo en nuestro municipio, debemos traer m\u00e1s campeonatos de esta forma\u201d, sostuvo el secretario de Deporte y Recreaci\u00f3n, Juan Camilo Mu\u00f1oz Losada.<\/p>\n<p>Por otro lado, Alonso Hurtado, entrenador de la delegaci\u00f3n de Bogota, manifest\u00f3 que, \u201chay ligas que se ve que est\u00e1n trabajando y que tienen muy buen proceso, como en el caso de Huila, Antioquia y Valle del Cauca, ellos siempre han trabajado en las divisiones inferiores y ah\u00ed van mostrando nuevos baluartes deportivos, deportistas con proyecci\u00f3n internacional, y ligas como Santander que hace un muy buen trabajo, entonces pienso en que las ligas, los departamentos siguenn realizando su trabajo, la lucha colombiana va ir en ascenso\u00bb.<\/p>\n","protected":false},"excerpt":{"rendered":"<p>Despu\u00e9s de cinco d\u00edas de intensos combates, el Campeonato Nacional de Lucha con clasificatorio al Panamericano, culmin\u00f3 con un balance positivo. Los primeros cuatro d\u00edas se desarrollaron en el coliseo cubierto \u00c1lvaro S\u00e1nchez Silva, con la participaci\u00f3n de doce departamentos en las categor\u00edas U17 y U20 en la modalidad Grecorromana y Libre, donde la delegaci\u00f3n [&hellip;]<\/p>\n","protected":false},"author":2,"featured_media":73269,"comment_status":"closed","ping_status":"open","sticky":false,"template":"","format":"standard","meta":{"footnotes":""},"categories":[34],"tags":[],"class_list":["post-73268","post","type-post","status-publish","format-standard","has-post-thumbnail","hentry","category-deportes"],"yoast_head":"<!-- This site is optimized with the Yoast SEO plugin v26.6 - https:\/\/yoast.com\/wordpress\/plugins\/seo\/ -->\n<title>Neiva se luci\u00f3 con los nacionales de lucha -<\/title>\n<meta name=\"robots\" content=\"index, follow, max-snippet:-1, max-image-preview:large, max-video-preview:-1\" \/>\n<link rel=\"canonical\" href=\"https:\/\/luchonoticias.com\/editor\/neiva-se-lucio-con-los-nacionales-de-lucha\/\" \/>\n<meta property=\"og:locale\" content=\"es_ES\" \/>\n<meta property=\"og:type\" content=\"article\" \/>\n<meta property=\"og:title\" content=\"Neiva se luci\u00f3 con los nacionales de lucha -\" \/>\n<meta property=\"og:url\" content=\"https:\/\/luchonoticias.com\/editor\/neiva-se-lucio-con-los-nacionales-de-lucha\/\" \/>\n<meta property=\"article:publisher\" content=\"https:\/\/www.facebook.com\/luchonoticiasneiva\" \/>\n<meta property=\"article:published_time\" content=\"2024-05-20T21:01:29+00:00\" \/>\n<meta property=\"og:image\" content=\"https:\/\/luchonoticias.com\/editor\/wp-content\/uploads\/2024\/05\/nacionales-de-lucha.jpg\" \/>\n\t<meta property=\"og:image:width\" content=\"700\" \/>\n\t<meta property=\"og:image:height\" content=\"400\" \/>\n\t<meta property=\"og:image:type\" content=\"image\/jpeg\" \/>\n<meta name=\"author\" content=\"Editor General\" \/>\n<meta name=\"twitter:card\" content=\"summary_large_image\" \/>\n<meta name=\"twitter:label1\" content=\"Escrito por\" \/>\n\t<meta name=\"twitter:data1\" content=\"Editor General\" \/>\n\t<meta name=\"twitter:label2\" content=\"Tiempo de lectura\" \/>\n\t<meta name=\"twitter:data2\" content=\"2 minutos\" \/>\n<script type=\"application\/ld+json\" class=\"yoast-schema-graph\">{\"@context\":\"https:\/\/schema.org\",\"@graph\":[{\"@type\":\"Article\",\"@id\":\"https:\/\/luchonoticias.com\/editor\/neiva-se-lucio-con-los-nacionales-de-lucha\/#article\",\"isPartOf\":{\"@id\":\"https:\/\/luchonoticias.com\/editor\/neiva-se-lucio-con-los-nacionales-de-lucha\/\"},\"author\":{\"name\":\"Editor General\",\"@id\":\"https:\/\/luchonoticias.com\/editor\/#\/schema\/person\/29217990ddf6f14e35912b2866d591fb\"},\"headline\":\"Neiva se luci\u00f3 con los nacionales de lucha\",\"datePublished\":\"2024-05-20T21:01:29+00:00\",\"mainEntityOfPage\":{\"@id\":\"https:\/\/luchonoticias.com\/editor\/neiva-se-lucio-con-los-nacionales-de-lucha\/\"},\"wordCount\":350,\"publisher\":{\"@id\":\"https:\/\/luchonoticias.com\/editor\/#\/schema\/person\/7a7fd911f58561fd056dbac7b55af9cd\"},\"image\":{\"@id\":\"https:\/\/luchonoticias.com\/editor\/neiva-se-lucio-con-los-nacionales-de-lucha\/#primaryimage\"},\"thumbnailUrl\":\"https:\/\/luchonoticias.com\/editor\/wp-content\/uploads\/2024\/05\/nacionales-de-lucha.jpg\",\"articleSection\":[\"Deportes\"],\"inLanguage\":\"es\"},{\"@type\":\"WebPage\",\"@id\":\"https:\/\/luchonoticias.com\/editor\/neiva-se-lucio-con-los-nacionales-de-lucha\/\",\"url\":\"https:\/\/luchonoticias.com\/editor\/neiva-se-lucio-con-los-nacionales-de-lucha\/\",\"name\":\"Neiva se luci\u00f3 con los nacionales de lucha -\",\"isPartOf\":{\"@id\":\"https:\/\/luchonoticias.com\/editor\/#website\"},\"primaryImageOfPage\":{\"@id\":\"https:\/\/luchonoticias.com\/editor\/neiva-se-lucio-con-los-nacionales-de-lucha\/#primaryimage\"},\"image\":{\"@id\":\"https:\/\/luchonoticias.com\/editor\/neiva-se-lucio-con-los-nacionales-de-lucha\/#primaryimage\"},\"thumbnailUrl\":\"https:\/\/luchonoticias.com\/editor\/wp-content\/uploads\/2024\/05\/nacionales-de-lucha.jpg\",\"datePublished\":\"2024-05-20T21:01:29+00:00\",\"breadcrumb\":{\"@id\":\"https:\/\/luchonoticias.com\/editor\/neiva-se-lucio-con-los-nacionales-de-lucha\/#breadcrumb\"},\"inLanguage\":\"es\",\"potentialAction\":[{\"@type\":\"ReadAction\",\"target\":[\"https:\/\/luchonoticias.com\/editor\/neiva-se-lucio-con-los-nacionales-de-lucha\/\"]}]},{\"@type\":\"ImageObject\",\"inLanguage\":\"es\",\"@id\":\"https:\/\/luchonoticias.com\/editor\/neiva-se-lucio-con-los-nacionales-de-lucha\/#primaryimage\",\"url\":\"https:\/\/luchonoticias.com\/editor\/wp-content\/uploads\/2024\/05\/nacionales-de-lucha.jpg\",\"contentUrl\":\"https:\/\/luchonoticias.com\/editor\/wp-content\/uploads\/2024\/05\/nacionales-de-lucha.jpg\",\"width\":700,\"height\":400},{\"@type\":\"BreadcrumbList\",\"@id\":\"https:\/\/luchonoticias.com\/editor\/neiva-se-lucio-con-los-nacionales-de-lucha\/#breadcrumb\",\"itemListElement\":[{\"@type\":\"ListItem\",\"position\":1,\"name\":\"Portada\",\"item\":\"https:\/\/luchonoticias.com\/editor\/\"},{\"@type\":\"ListItem\",\"position\":2,\"name\":\"Neiva se luci\u00f3 con los nacionales de lucha\"}]},{\"@type\":\"WebSite\",\"@id\":\"https:\/\/luchonoticias.com\/editor\/#website\",\"url\":\"https:\/\/luchonoticias.com\/editor\/\",\"name\":\"\",\"description\":\"\",\"publisher\":{\"@id\":\"https:\/\/luchonoticias.com\/editor\/#\/schema\/person\/7a7fd911f58561fd056dbac7b55af9cd\"},\"potentialAction\":[{\"@type\":\"SearchAction\",\"target\":{\"@type\":\"EntryPoint\",\"urlTemplate\":\"https:\/\/luchonoticias.com\/editor\/?s={search_term_string}\"},\"query-input\":{\"@type\":\"PropertyValueSpecification\",\"valueRequired\":true,\"valueName\":\"search_term_string\"}}],\"inLanguage\":\"es\"},{\"@type\":[\"Person\",\"Organization\"],\"@id\":\"https:\/\/luchonoticias.com\/editor\/#\/schema\/person\/7a7fd911f58561fd056dbac7b55af9cd\",\"name\":\"admin\",\"image\":{\"@type\":\"ImageObject\",\"inLanguage\":\"es\",\"@id\":\"https:\/\/luchonoticias.com\/editor\/#\/schema\/person\/image\/\",\"url\":\"https:\/\/luchonoticias.com\/editor\/wp-content\/uploads\/2024\/02\/cropped-cropped-logolu.webp\",\"contentUrl\":\"https:\/\/luchonoticias.com\/editor\/wp-content\/uploads\/2024\/02\/cropped-cropped-logolu.webp\",\"width\":382,\"height\":170,\"caption\":\"admin\"},\"logo\":{\"@id\":\"https:\/\/luchonoticias.com\/editor\/#\/schema\/person\/image\/\"},\"sameAs\":[\"https:\/\/www.facebook.com\/luchonoticiasneiva\"]},{\"@type\":\"Person\",\"@id\":\"https:\/\/luchonoticias.com\/editor\/#\/schema\/person\/29217990ddf6f14e35912b2866d591fb\",\"name\":\"Editor General\",\"image\":{\"@type\":\"ImageObject\",\"inLanguage\":\"es\",\"@id\":\"https:\/\/luchonoticias.com\/editor\/#\/schema\/person\/image\/\",\"url\":\"https:\/\/luchonoticias.com\/editor\/wp-content\/uploads\/2024\/02\/cropped-cropped-logolu-150x150.webp\",\"contentUrl\":\"https:\/\/luchonoticias.com\/editor\/wp-content\/uploads\/2024\/02\/cropped-cropped-logolu-150x150.webp\",\"caption\":\"Editor General\"},\"sameAs\":[\"https:\/\/luchonoticias.com\/\"],\"url\":\"https:\/\/luchonoticias.com\/editor\/author\/editor-general\/\"}]}<\/script>\n<!-- \/ Yoast SEO plugin. -->","yoast_head_json":{"title":"Neiva se luci\u00f3 con los nacionales de lucha -","robots":{"index":"index","follow":"follow","max-snippet":"max-snippet:-1","max-image-preview":"max-image-preview:large","max-video-preview":"max-video-preview:-1"},"canonical":"https:\/\/luchonoticias.com\/editor\/neiva-se-lucio-con-los-nacionales-de-lucha\/","og_locale":"es_ES","og_type":"article","og_title":"Neiva se luci\u00f3 con los nacionales de lucha -","og_url":"https:\/\/luchonoticias.com\/editor\/neiva-se-lucio-con-los-nacionales-de-lucha\/","article_publisher":"https:\/\/www.facebook.com\/luchonoticiasneiva","article_published_time":"2024-05-20T21:01:29+00:00","og_image":[{"width":700,"height":400,"url":"https:\/\/luchonoticias.com\/editor\/wp-content\/uploads\/2024\/05\/nacionales-de-lucha.jpg","type":"image\/jpeg"}],"author":"Editor General","twitter_card":"summary_large_image","twitter_misc":{"Escrito por":"Editor General","Tiempo de lectura":"2 minutos"},"schema":{"@context":"https:\/\/schema.org","@graph":[{"@type":"Article","@id":"https:\/\/luchonoticias.com\/editor\/neiva-se-lucio-con-los-nacionales-de-lucha\/#article","isPartOf":{"@id":"https:\/\/luchonoticias.com\/editor\/neiva-se-lucio-con-los-nacionales-de-lucha\/"},"author":{"name":"Editor General","@id":"https:\/\/luchonoticias.com\/editor\/#\/schema\/person\/29217990ddf6f14e35912b2866d591fb"},"headline":"Neiva se luci\u00f3 con los nacionales de lucha","datePublished":"2024-05-20T21:01:29+00:00","mainEntityOfPage":{"@id":"https:\/\/luchonoticias.com\/editor\/neiva-se-lucio-con-los-nacionales-de-lucha\/"},"wordCount":350,"publisher":{"@id":"https:\/\/luchonoticias.com\/editor\/#\/schema\/person\/7a7fd911f58561fd056dbac7b55af9cd"},"image":{"@id":"https:\/\/luchonoticias.com\/editor\/neiva-se-lucio-con-los-nacionales-de-lucha\/#primaryimage"},"thumbnailUrl":"https:\/\/luchonoticias.com\/editor\/wp-content\/uploads\/2024\/05\/nacionales-de-lucha.jpg","articleSection":["Deportes"],"inLanguage":"es"},{"@type":"WebPage","@id":"https:\/\/luchonoticias.com\/editor\/neiva-se-lucio-con-los-nacionales-de-lucha\/","url":"https:\/\/luchonoticias.com\/editor\/neiva-se-lucio-con-los-nacionales-de-lucha\/","name":"Neiva se luci\u00f3 con los nacionales de lucha -","isPartOf":{"@id":"https:\/\/luchonoticias.com\/editor\/#website"},"primaryImageOfPage":{"@id":"https:\/\/luchonoticias.com\/editor\/neiva-se-lucio-con-los-nacionales-de-lucha\/#primaryimage"},"image":{"@id":"https:\/\/luchonoticias.com\/editor\/neiva-se-lucio-con-los-nacionales-de-lucha\/#primaryimage"},"thumbnailUrl":"https:\/\/luchonoticias.com\/editor\/wp-content\/uploads\/2024\/05\/nacionales-de-lucha.jpg","datePublished":"2024-05-20T21:01:29+00:00","breadcrumb":{"@id":"https:\/\/luchonoticias.com\/editor\/neiva-se-lucio-con-los-nacionales-de-lucha\/#breadcrumb"},"inLanguage":"es","potentialAction":[{"@type":"ReadAction","target":["https:\/\/luchonoticias.com\/editor\/neiva-se-lucio-con-los-nacionales-de-lucha\/"]}]},{"@type":"ImageObject","inLanguage":"es","@id":"https:\/\/luchonoticias.com\/editor\/neiva-se-lucio-con-los-nacionales-de-lucha\/#primaryimage","url":"https:\/\/luchonoticias.com\/editor\/wp-content\/uploads\/2024\/05\/nacionales-de-lucha.jpg","contentUrl":"https:\/\/luchonoticias.com\/editor\/wp-content\/uploads\/2024\/05\/nacionales-de-lucha.jpg","width":700,"height":400},{"@type":"BreadcrumbList","@id":"https:\/\/luchonoticias.com\/editor\/neiva-se-lucio-con-los-nacionales-de-lucha\/#breadcrumb","itemListElement":[{"@type":"ListItem","position":1,"name":"Portada","item":"https:\/\/luchonoticias.com\/editor\/"},{"@type":"ListItem","position":2,"name":"Neiva se luci\u00f3 con los nacionales de lucha"}]},{"@type":"WebSite","@id":"https:\/\/luchonoticias.com\/editor\/#website","url":"https:\/\/luchonoticias.com\/editor\/","name":"","description":"","publisher":{"@id":"https:\/\/luchonoticias.com\/editor\/#\/schema\/person\/7a7fd911f58561fd056dbac7b55af9cd"},"potentialAction":[{"@type":"SearchAction","target":{"@type":"EntryPoint","urlTemplate":"https:\/\/luchonoticias.com\/editor\/?s={search_term_string}"},"query-input":{"@type":"PropertyValueSpecification","valueRequired":true,"valueName":"search_term_string"}}],"inLanguage":"es"},{"@type":["Person","Organization"],"@id":"https:\/\/luchonoticias.com\/editor\/#\/schema\/person\/7a7fd911f58561fd056dbac7b55af9cd","name":"admin","image":{"@type":"ImageObject","inLanguage":"es","@id":"https:\/\/luchonoticias.com\/editor\/#\/schema\/person\/image\/","url":"https:\/\/luchonoticias.com\/editor\/wp-content\/uploads\/2024\/02\/cropped-cropped-logolu.webp","contentUrl":"https:\/\/luchonoticias.com\/editor\/wp-content\/uploads\/2024\/02\/cropped-cropped-logolu.webp","width":382,"height":170,"caption":"admin"},"logo":{"@id":"https:\/\/luchonoticias.com\/editor\/#\/schema\/person\/image\/"},"sameAs":["https:\/\/www.facebook.com\/luchonoticiasneiva"]},{"@type":"Person","@id":"https:\/\/luchonoticias.com\/editor\/#\/schema\/person\/29217990ddf6f14e35912b2866d591fb","name":"Editor General","image":{"@type":"ImageObject","inLanguage":"es","@id":"https:\/\/luchonoticias.com\/editor\/#\/schema\/person\/image\/","url":"https:\/\/luchonoticias.com\/editor\/wp-content\/uploads\/2024\/02\/cropped-cropped-logolu-150x150.webp","contentUrl":"https:\/\/luchonoticias.com\/editor\/wp-content\/uploads\/2024\/02\/cropped-cropped-logolu-150x150.webp","caption":"Editor General"},"sameAs":["https:\/\/luchonoticias.com\/"],"url":"https:\/\/luchonoticias.com\/editor\/author\/editor-general\/"}]}},"_links":{"self":[{"href":"https:\/\/luchonoticias.com\/editor\/wp-json\/wp\/v2\/posts\/73268","targetHints":{"allow":["GET"]}}],"collection":[{"href":"https:\/\/luchonoticias.com\/editor\/wp-json\/wp\/v2\/posts"}],"about":[{"href":"https:\/\/luchonoticias.com\/editor\/wp-json\/wp\/v2\/types\/post"}],"author":[{"embeddable":true,"href":"https:\/\/luchonoticias.com\/editor\/wp-json\/wp\/v2\/users\/2"}],"replies":[{"embeddable":true,"href":"https:\/\/luchonoticias.com\/editor\/wp-json\/wp\/v2\/comments?post=73268"}],"version-history":[{"count":0,"href":"https:\/\/luchonoticias.com\/editor\/wp-json\/wp\/v2\/posts\/73268\/revisions"}],"wp:featuredmedia":[{"embeddable":true,"href":"https:\/\/luchonoticias.com\/editor\/wp-json\/wp\/v2\/media\/73269"}],"wp:attachment":[{"href":"https:\/\/luchonoticias.com\/editor\/wp-json\/wp\/v2\/media?parent=73268"}],"wp:term":[{"taxonomy":"category","embeddable":true,"href":"https:\/\/luchonoticias.com\/editor\/wp-json\/wp\/v2\/categories?post=73268"},{"taxonomy":"post_tag","embeddable":true,"href":"https:\/\/luchonoticias.com\/editor\/wp-json\/wp\/v2\/tags?post=73268"}],"curies":[{"name":"wp","href":"https:\/\/api.w.org\/{rel}","templated":true}]}}