{"id":73274,"date":"2024-05-20T18:16:45","date_gmt":"2024-05-20T23:16:45","guid":{"rendered":"https:\/\/luchonoticias.com\/?p=73274"},"modified":"2024-05-20T18:16:45","modified_gmt":"2024-05-20T23:16:45","slug":"infihuila-socializa-nuevas-convocatorias","status":"publish","type":"post","link":"https:\/\/luchonoticias.com\/editor\/infihuila-socializa-nuevas-convocatorias\/","title":{"rendered":"Infihuila socializa nuevas convocatorias"},"content":{"rendered":"<p>Dos nuevas convocatorias fueron puestas a disposici\u00f3n de los huilenses: una para acceder a los certificados INVIMA donde se beneficiar\u00e1n a 60 empresas, la segunda dirigida al sector de industrias creativas donde se entregar\u00e1n cr\u00e9ditos con tasas bajas.<\/p>\n<p>n el evento de lanzamiento, la Gobernaci\u00f3n del Huila a trav\u00e9s de la Secretar\u00eda de Desarrollo Econ\u00f3mico y Turismo, en articulaci\u00f3n con el Infihuila, realiz\u00f3 el anuncio de la convocatoria que est\u00e1 pr\u00f3xima a lanzarse y que estar\u00e1 dirigida al sector turismo del departamento, donde se entregar\u00e1n cr\u00e9ditos con tasas compensadas.<\/p>\n<p>\u201cSon tres convocatorias, la primera tiene que ver con el apoyo a todas las empresas que desean tener su registro Invima, nosotros queremos hacer un acompa\u00f1amiento, hacer un diagn\u00f3stico y lograr que estas empresas logren cumplir con la normatividad y para ello se han destinado unos recursos para que puedan suplir los gastos que requiere este proceso\u201d expres\u00f3 Adriana Marcela Valencia Cardona, gerente del Infihuila.<\/p>\n<p><strong>Convocatoria INVIMA<\/strong><\/p>\n<p>La primera de estas convocatorias tiene como objetivo facilitar el acceso a los certificados del Instituto Nacional de Vigilancia de Medicamentos y Alimentos (INVIMA), beneficiando a un total de 60 empresas en el departamento del Huila. Seg\u00fan palabras de Adriana Marcela Valencia Cardona, gerente del Infihuila, \u00abqueremos hacer un acompa\u00f1amiento, hacer un diagn\u00f3stico y lograr que estas empresas cumplan con la normatividad\u00bb, expresando as\u00ed el compromiso con el fortalecimiento y la seguridad alimentaria en los productos huilenses.<\/p>\n<p>La convocatoria INVIMA, dotada con recursos por un total de $717 millones, busca garantizar el cumplimiento de la normatividad exigida por el INVIMA y est\u00e1 abierta desde las 5 de la tarde de este 20 de mayo de 2024.<\/p>\n<p><strong>Industrias Creativas<\/strong><\/p>\n<p>Por otro lado, se abre una convocatoria dirigida al sector de las industrias creativas, abarcando \u00e1reas como artesan\u00edas, pintura, comunicaciones y fotograf\u00eda, entre otras. En esta convocatoria, se entregar\u00e1n cr\u00e9ditos a tasas muy bajas con el fin de fortalecer a los emprendedores y empresarios del sector con equipos, herramientas y materias primas necesarias para su desarrollo.<\/p>\n<p>En total son recursos por los $600 millones para el fortalecimiento de este sector con cr\u00e9ditos a tasas muy bajas para emprendimientos o empresas que cuenten o no con estados financieros. Esta convocatoria tambi\u00e9n est\u00e1 abierta desde las 5 de la tarde de este 20 de mayo de 2024 hasta el 20 de junio del mismo a\u00f1o.<\/p>\n","protected":false},"excerpt":{"rendered":"<p>Dos nuevas convocatorias fueron puestas a disposici\u00f3n de los huilenses: una para acceder a los certificados INVIMA donde se beneficiar\u00e1n a 60 empresas, la segunda dirigida al sector de industrias creativas donde se entregar\u00e1n cr\u00e9ditos con tasas bajas. n el evento de lanzamiento, la Gobernaci\u00f3n del Huila a trav\u00e9s de la Secretar\u00eda de Desarrollo Econ\u00f3mico [&hellip;]<\/p>\n","protected":false},"author":2,"featured_media":73275,"comment_status":"closed","ping_status":"open","sticky":false,"template":"","format":"standard","meta":{"footnotes":""},"categories":[33],"tags":[],"class_list":["post-73274","post","type-post","status-publish","format-standard","has-post-thumbnail","hentry","category-huila"],"yoast_head":"<!-- This site is optimized with the Yoast SEO plugin v26.6 - https:\/\/yoast.com\/wordpress\/plugins\/seo\/ -->\n<title>Infihuila socializa nuevas convocatorias -<\/title>\n<meta name=\"robots\" content=\"index, follow, max-snippet:-1, max-image-preview:large, max-video-preview:-1\" \/>\n<link rel=\"canonical\" href=\"https:\/\/luchonoticias.com\/editor\/infihuila-socializa-nuevas-convocatorias\/\" \/>\n<meta property=\"og:locale\" content=\"es_ES\" \/>\n<meta property=\"og:type\" content=\"article\" \/>\n<meta property=\"og:title\" content=\"Infihuila socializa nuevas convocatorias -\" \/>\n<meta property=\"og:url\" content=\"https:\/\/luchonoticias.com\/editor\/infihuila-socializa-nuevas-convocatorias\/\" \/>\n<meta property=\"article:publisher\" content=\"https:\/\/www.facebook.com\/luchonoticiasneiva\" \/>\n<meta property=\"article:published_time\" content=\"2024-05-20T23:16:45+00:00\" \/>\n<meta property=\"og:image\" content=\"https:\/\/luchonoticias.com\/editor\/wp-content\/uploads\/2024\/05\/infihuila.jpg\" \/>\n\t<meta property=\"og:image:width\" content=\"700\" \/>\n\t<meta property=\"og:image:height\" content=\"400\" \/>\n\t<meta property=\"og:image:type\" content=\"image\/jpeg\" \/>\n<meta name=\"author\" content=\"Editor General\" \/>\n<meta name=\"twitter:card\" content=\"summary_large_image\" \/>\n<meta name=\"twitter:label1\" content=\"Escrito por\" \/>\n\t<meta name=\"twitter:data1\" content=\"Editor General\" \/>\n\t<meta name=\"twitter:label2\" content=\"Tiempo de lectura\" \/>\n\t<meta name=\"twitter:data2\" content=\"2 minutos\" \/>\n<script type=\"application\/ld+json\" class=\"yoast-schema-graph\">{\"@context\":\"https:\/\/schema.org\",\"@graph\":[{\"@type\":\"Article\",\"@id\":\"https:\/\/luchonoticias.com\/editor\/infihuila-socializa-nuevas-convocatorias\/#article\",\"isPartOf\":{\"@id\":\"https:\/\/luchonoticias.com\/editor\/infihuila-socializa-nuevas-convocatorias\/\"},\"author\":{\"name\":\"Editor General\",\"@id\":\"https:\/\/luchonoticias.com\/editor\/#\/schema\/person\/29217990ddf6f14e35912b2866d591fb\"},\"headline\":\"Infihuila socializa nuevas convocatorias\",\"datePublished\":\"2024-05-20T23:16:45+00:00\",\"mainEntityOfPage\":{\"@id\":\"https:\/\/luchonoticias.com\/editor\/infihuila-socializa-nuevas-convocatorias\/\"},\"wordCount\":404,\"publisher\":{\"@id\":\"https:\/\/luchonoticias.com\/editor\/#\/schema\/person\/7a7fd911f58561fd056dbac7b55af9cd\"},\"image\":{\"@id\":\"https:\/\/luchonoticias.com\/editor\/infihuila-socializa-nuevas-convocatorias\/#primaryimage\"},\"thumbnailUrl\":\"https:\/\/luchonoticias.com\/editor\/wp-content\/uploads\/2024\/05\/infihuila.jpg\",\"articleSection\":[\"Huila\"],\"inLanguage\":\"es\"},{\"@type\":\"WebPage\",\"@id\":\"https:\/\/luchonoticias.com\/editor\/infihuila-socializa-nuevas-convocatorias\/\",\"url\":\"https:\/\/luchonoticias.com\/editor\/infihuila-socializa-nuevas-convocatorias\/\",\"name\":\"Infihuila socializa nuevas convocatorias -\",\"isPartOf\":{\"@id\":\"https:\/\/luchonoticias.com\/editor\/#website\"},\"primaryImageOfPage\":{\"@id\":\"https:\/\/luchonoticias.com\/editor\/infihuila-socializa-nuevas-convocatorias\/#primaryimage\"},\"image\":{\"@id\":\"https:\/\/luchonoticias.com\/editor\/infihuila-socializa-nuevas-convocatorias\/#primaryimage\"},\"thumbnailUrl\":\"https:\/\/luchonoticias.com\/editor\/wp-content\/uploads\/2024\/05\/infihuila.jpg\",\"datePublished\":\"2024-05-20T23:16:45+00:00\",\"breadcrumb\":{\"@id\":\"https:\/\/luchonoticias.com\/editor\/infihuila-socializa-nuevas-convocatorias\/#breadcrumb\"},\"inLanguage\":\"es\",\"potentialAction\":[{\"@type\":\"ReadAction\",\"target\":[\"https:\/\/luchonoticias.com\/editor\/infihuila-socializa-nuevas-convocatorias\/\"]}]},{\"@type\":\"ImageObject\",\"inLanguage\":\"es\",\"@id\":\"https:\/\/luchonoticias.com\/editor\/infihuila-socializa-nuevas-convocatorias\/#primaryimage\",\"url\":\"https:\/\/luchonoticias.com\/editor\/wp-content\/uploads\/2024\/05\/infihuila.jpg\",\"contentUrl\":\"https:\/\/luchonoticias.com\/editor\/wp-content\/uploads\/2024\/05\/infihuila.jpg\",\"width\":700,\"height\":400},{\"@type\":\"BreadcrumbList\",\"@id\":\"https:\/\/luchonoticias.com\/editor\/infihuila-socializa-nuevas-convocatorias\/#breadcrumb\",\"itemListElement\":[{\"@type\":\"ListItem\",\"position\":1,\"name\":\"Portada\",\"item\":\"https:\/\/luchonoticias.com\/editor\/\"},{\"@type\":\"ListItem\",\"position\":2,\"name\":\"Infihuila socializa nuevas convocatorias\"}]},{\"@type\":\"WebSite\",\"@id\":\"https:\/\/luchonoticias.com\/editor\/#website\",\"url\":\"https:\/\/luchonoticias.com\/editor\/\",\"name\":\"\",\"description\":\"\",\"publisher\":{\"@id\":\"https:\/\/luchonoticias.com\/editor\/#\/schema\/person\/7a7fd911f58561fd056dbac7b55af9cd\"},\"potentialAction\":[{\"@type\":\"SearchAction\",\"target\":{\"@type\":\"EntryPoint\",\"urlTemplate\":\"https:\/\/luchonoticias.com\/editor\/?s={search_term_string}\"},\"query-input\":{\"@type\":\"PropertyValueSpecification\",\"valueRequired\":true,\"valueName\":\"search_term_string\"}}],\"inLanguage\":\"es\"},{\"@type\":[\"Person\",\"Organization\"],\"@id\":\"https:\/\/luchonoticias.com\/editor\/#\/schema\/person\/7a7fd911f58561fd056dbac7b55af9cd\",\"name\":\"admin\",\"image\":{\"@type\":\"ImageObject\",\"inLanguage\":\"es\",\"@id\":\"https:\/\/luchonoticias.com\/editor\/#\/schema\/person\/image\/\",\"url\":\"https:\/\/luchonoticias.com\/editor\/wp-content\/uploads\/2024\/02\/cropped-cropped-logolu.webp\",\"contentUrl\":\"https:\/\/luchonoticias.com\/editor\/wp-content\/uploads\/2024\/02\/cropped-cropped-logolu.webp\",\"width\":382,\"height\":170,\"caption\":\"admin\"},\"logo\":{\"@id\":\"https:\/\/luchonoticias.com\/editor\/#\/schema\/person\/image\/\"},\"sameAs\":[\"https:\/\/www.facebook.com\/luchonoticiasneiva\"]},{\"@type\":\"Person\",\"@id\":\"https:\/\/luchonoticias.com\/editor\/#\/schema\/person\/29217990ddf6f14e35912b2866d591fb\",\"name\":\"Editor General\",\"image\":{\"@type\":\"ImageObject\",\"inLanguage\":\"es\",\"@id\":\"https:\/\/luchonoticias.com\/editor\/#\/schema\/person\/image\/\",\"url\":\"https:\/\/luchonoticias.com\/editor\/wp-content\/uploads\/2024\/02\/cropped-cropped-logolu-150x150.webp\",\"contentUrl\":\"https:\/\/luchonoticias.com\/editor\/wp-content\/uploads\/2024\/02\/cropped-cropped-logolu-150x150.webp\",\"caption\":\"Editor General\"},\"sameAs\":[\"https:\/\/luchonoticias.com\/\"],\"url\":\"https:\/\/luchonoticias.com\/editor\/author\/editor-general\/\"}]}<\/script>\n<!-- \/ Yoast SEO plugin. -->","yoast_head_json":{"title":"Infihuila socializa nuevas convocatorias -","robots":{"index":"index","follow":"follow","max-snippet":"max-snippet:-1","max-image-preview":"max-image-preview:large","max-video-preview":"max-video-preview:-1"},"canonical":"https:\/\/luchonoticias.com\/editor\/infihuila-socializa-nuevas-convocatorias\/","og_locale":"es_ES","og_type":"article","og_title":"Infihuila socializa nuevas convocatorias -","og_url":"https:\/\/luchonoticias.com\/editor\/infihuila-socializa-nuevas-convocatorias\/","article_publisher":"https:\/\/www.facebook.com\/luchonoticiasneiva","article_published_time":"2024-05-20T23:16:45+00:00","og_image":[{"width":700,"height":400,"url":"https:\/\/luchonoticias.com\/editor\/wp-content\/uploads\/2024\/05\/infihuila.jpg","type":"image\/jpeg"}],"author":"Editor General","twitter_card":"summary_large_image","twitter_misc":{"Escrito por":"Editor General","Tiempo de lectura":"2 minutos"},"schema":{"@context":"https:\/\/schema.org","@graph":[{"@type":"Article","@id":"https:\/\/luchonoticias.com\/editor\/infihuila-socializa-nuevas-convocatorias\/#article","isPartOf":{"@id":"https:\/\/luchonoticias.com\/editor\/infihuila-socializa-nuevas-convocatorias\/"},"author":{"name":"Editor General","@id":"https:\/\/luchonoticias.com\/editor\/#\/schema\/person\/29217990ddf6f14e35912b2866d591fb"},"headline":"Infihuila socializa nuevas convocatorias","datePublished":"2024-05-20T23:16:45+00:00","mainEntityOfPage":{"@id":"https:\/\/luchonoticias.com\/editor\/infihuila-socializa-nuevas-convocatorias\/"},"wordCount":404,"publisher":{"@id":"https:\/\/luchonoticias.com\/editor\/#\/schema\/person\/7a7fd911f58561fd056dbac7b55af9cd"},"image":{"@id":"https:\/\/luchonoticias.com\/editor\/infihuila-socializa-nuevas-convocatorias\/#primaryimage"},"thumbnailUrl":"https:\/\/luchonoticias.com\/editor\/wp-content\/uploads\/2024\/05\/infihuila.jpg","articleSection":["Huila"],"inLanguage":"es"},{"@type":"WebPage","@id":"https:\/\/luchonoticias.com\/editor\/infihuila-socializa-nuevas-convocatorias\/","url":"https:\/\/luchonoticias.com\/editor\/infihuila-socializa-nuevas-convocatorias\/","name":"Infihuila socializa nuevas convocatorias -","isPartOf":{"@id":"https:\/\/luchonoticias.com\/editor\/#website"},"primaryImageOfPage":{"@id":"https:\/\/luchonoticias.com\/editor\/infihuila-socializa-nuevas-convocatorias\/#primaryimage"},"image":{"@id":"https:\/\/luchonoticias.com\/editor\/infihuila-socializa-nuevas-convocatorias\/#primaryimage"},"thumbnailUrl":"https:\/\/luchonoticias.com\/editor\/wp-content\/uploads\/2024\/05\/infihuila.jpg","datePublished":"2024-05-20T23:16:45+00:00","breadcrumb":{"@id":"https:\/\/luchonoticias.com\/editor\/infihuila-socializa-nuevas-convocatorias\/#breadcrumb"},"inLanguage":"es","potentialAction":[{"@type":"ReadAction","target":["https:\/\/luchonoticias.com\/editor\/infihuila-socializa-nuevas-convocatorias\/"]}]},{"@type":"ImageObject","inLanguage":"es","@id":"https:\/\/luchonoticias.com\/editor\/infihuila-socializa-nuevas-convocatorias\/#primaryimage","url":"https:\/\/luchonoticias.com\/editor\/wp-content\/uploads\/2024\/05\/infihuila.jpg","contentUrl":"https:\/\/luchonoticias.com\/editor\/wp-content\/uploads\/2024\/05\/infihuila.jpg","width":700,"height":400},{"@type":"BreadcrumbList","@id":"https:\/\/luchonoticias.com\/editor\/infihuila-socializa-nuevas-convocatorias\/#breadcrumb","itemListElement":[{"@type":"ListItem","position":1,"name":"Portada","item":"https:\/\/luchonoticias.com\/editor\/"},{"@type":"ListItem","position":2,"name":"Infihuila socializa nuevas convocatorias"}]},{"@type":"WebSite","@id":"https:\/\/luchonoticias.com\/editor\/#website","url":"https:\/\/luchonoticias.com\/editor\/","name":"","description":"","publisher":{"@id":"https:\/\/luchonoticias.com\/editor\/#\/schema\/person\/7a7fd911f58561fd056dbac7b55af9cd"},"potentialAction":[{"@type":"SearchAction","target":{"@type":"EntryPoint","urlTemplate":"https:\/\/luchonoticias.com\/editor\/?s={search_term_string}"},"query-input":{"@type":"PropertyValueSpecification","valueRequired":true,"valueName":"search_term_string"}}],"inLanguage":"es"},{"@type":["Person","Organization"],"@id":"https:\/\/luchonoticias.com\/editor\/#\/schema\/person\/7a7fd911f58561fd056dbac7b55af9cd","name":"admin","image":{"@type":"ImageObject","inLanguage":"es","@id":"https:\/\/luchonoticias.com\/editor\/#\/schema\/person\/image\/","url":"https:\/\/luchonoticias.com\/editor\/wp-content\/uploads\/2024\/02\/cropped-cropped-logolu.webp","contentUrl":"https:\/\/luchonoticias.com\/editor\/wp-content\/uploads\/2024\/02\/cropped-cropped-logolu.webp","width":382,"height":170,"caption":"admin"},"logo":{"@id":"https:\/\/luchonoticias.com\/editor\/#\/schema\/person\/image\/"},"sameAs":["https:\/\/www.facebook.com\/luchonoticiasneiva"]},{"@type":"Person","@id":"https:\/\/luchonoticias.com\/editor\/#\/schema\/person\/29217990ddf6f14e35912b2866d591fb","name":"Editor General","image":{"@type":"ImageObject","inLanguage":"es","@id":"https:\/\/luchonoticias.com\/editor\/#\/schema\/person\/image\/","url":"https:\/\/luchonoticias.com\/editor\/wp-content\/uploads\/2024\/02\/cropped-cropped-logolu-150x150.webp","contentUrl":"https:\/\/luchonoticias.com\/editor\/wp-content\/uploads\/2024\/02\/cropped-cropped-logolu-150x150.webp","caption":"Editor General"},"sameAs":["https:\/\/luchonoticias.com\/"],"url":"https:\/\/luchonoticias.com\/editor\/author\/editor-general\/"}]}},"_links":{"self":[{"href":"https:\/\/luchonoticias.com\/editor\/wp-json\/wp\/v2\/posts\/73274","targetHints":{"allow":["GET"]}}],"collection":[{"href":"https:\/\/luchonoticias.com\/editor\/wp-json\/wp\/v2\/posts"}],"about":[{"href":"https:\/\/luchonoticias.com\/editor\/wp-json\/wp\/v2\/types\/post"}],"author":[{"embeddable":true,"href":"https:\/\/luchonoticias.com\/editor\/wp-json\/wp\/v2\/users\/2"}],"replies":[{"embeddable":true,"href":"https:\/\/luchonoticias.com\/editor\/wp-json\/wp\/v2\/comments?post=73274"}],"version-history":[{"count":0,"href":"https:\/\/luchonoticias.com\/editor\/wp-json\/wp\/v2\/posts\/73274\/revisions"}],"wp:featuredmedia":[{"embeddable":true,"href":"https:\/\/luchonoticias.com\/editor\/wp-json\/wp\/v2\/media\/73275"}],"wp:attachment":[{"href":"https:\/\/luchonoticias.com\/editor\/wp-json\/wp\/v2\/media?parent=73274"}],"wp:term":[{"taxonomy":"category","embeddable":true,"href":"https:\/\/luchonoticias.com\/editor\/wp-json\/wp\/v2\/categories?post=73274"},{"taxonomy":"post_tag","embeddable":true,"href":"https:\/\/luchonoticias.com\/editor\/wp-json\/wp\/v2\/tags?post=73274"}],"curies":[{"name":"wp","href":"https:\/\/api.w.org\/{rel}","templated":true}]}}