{"id":73279,"date":"2024-05-21T06:50:48","date_gmt":"2024-05-21T11:50:48","guid":{"rendered":"https:\/\/luchonoticias.com\/?p=73279"},"modified":"2024-05-21T06:50:49","modified_gmt":"2024-05-21T11:50:49","slug":"mas-de-600-mil-millones-asignados-para-mi-casa-ya","status":"publish","type":"post","link":"https:\/\/luchonoticias.com\/editor\/mas-de-600-mil-millones-asignados-para-mi-casa-ya\/","title":{"rendered":"M\u00e1s de 600 mil millones asignados para Mi Casa Ya"},"content":{"rendered":"<p>En lo corrido del 2024, 18.314 familias colombianas han sido beneficiadas con la asignaci\u00f3n de subsidio para compra de vivienda propia, cobijado con el programa Mi Casa Ya, lo que representa una inversi\u00f3n de 601.908 millones de pesos.<\/p>\n<p>As\u00ed lo dio a conocer el Ministerio de Vivienda, Ciudad y Territorio sobre los hechos destacados de la \u00faltima semana, que incluye la asignaci\u00f3n de 1.107 subsidios de Mi Casa Ya con corte al 17 de mayo, la asignaci\u00f3n de 15.500 millones de pesos para la construcci\u00f3n de 200 casas en el Urab\u00e1 antioque\u00f1o y la destinaci\u00f3n de 5.000 millones de pesos m\u00e1s para el acueducto y alcantarillado de un barrio en Arboletes (Antioquia).<\/p>\n<p>La ministra Catalina Velasco destac\u00f3 que con el programa Mi Casa Ya se ha demostrado que es posible llegar a las familias que m\u00e1s lo necesitan, y recalc\u00f3 que para el 2024 hay 50.000 cupos disponibles.<\/p>\n<p>De otra parte, la titular de la cartera de Vivienda dijo que mediante el programa de Mi Casa en el Campo se han asignado 15.500 millones de pesos para construir 200 viviendas rurales en los municipios de San Juan de Urab\u00e1 y Necocl\u00ed (Antioquia), cada una de estas de 55 metros cuadrados.<\/p>\n<p>Manifest\u00f3 que el proyecto ha permitido terminar 77 de las 200 casas para igual n\u00famero de familias campesinas del Urab\u00e1.<\/p>\n<p>Asimismo, se puso de presente la destinaci\u00f3n de 5.000 millones de pesos para la construcci\u00f3n del sistema de acueducto y alcantarillado del barrio San Lorenzo, del municipio de Arboletes (Antioquia).<\/p>\n<p>En presencia de las autoridades del municipio y de la comunidad se indic\u00f3 que el proyecto va a beneficiar a 2.252 habitantes urabaenses.<\/p>\n","protected":false},"excerpt":{"rendered":"<p>En lo corrido del 2024, 18.314 familias colombianas han sido beneficiadas con la asignaci\u00f3n de subsidio para compra de vivienda propia, cobijado con el programa Mi Casa Ya, lo que representa una inversi\u00f3n de 601.908 millones de pesos. As\u00ed lo dio a conocer el Ministerio de Vivienda, Ciudad y Territorio sobre los hechos destacados de [&hellip;]<\/p>\n","protected":false},"author":2,"featured_media":73281,"comment_status":"closed","ping_status":"open","sticky":false,"template":"","format":"standard","meta":{"footnotes":""},"categories":[28],"tags":[],"class_list":["post-73279","post","type-post","status-publish","format-standard","has-post-thumbnail","hentry","category-actualidad"],"yoast_head":"<!-- This site is optimized with the Yoast SEO plugin v26.6 - https:\/\/yoast.com\/wordpress\/plugins\/seo\/ -->\n<title>M\u00e1s de 600 mil millones asignados para Mi Casa Ya -<\/title>\n<meta name=\"robots\" content=\"index, follow, max-snippet:-1, max-image-preview:large, max-video-preview:-1\" \/>\n<link rel=\"canonical\" href=\"https:\/\/luchonoticias.com\/editor\/mas-de-600-mil-millones-asignados-para-mi-casa-ya\/\" \/>\n<meta property=\"og:locale\" content=\"es_ES\" \/>\n<meta property=\"og:type\" content=\"article\" \/>\n<meta property=\"og:title\" content=\"M\u00e1s de 600 mil millones asignados para Mi Casa Ya -\" \/>\n<meta property=\"og:url\" content=\"https:\/\/luchonoticias.com\/editor\/mas-de-600-mil-millones-asignados-para-mi-casa-ya\/\" \/>\n<meta property=\"article:publisher\" content=\"https:\/\/www.facebook.com\/luchonoticiasneiva\" \/>\n<meta property=\"article:published_time\" content=\"2024-05-21T11:50:48+00:00\" \/>\n<meta property=\"article:modified_time\" content=\"2024-05-21T11:50:49+00:00\" \/>\n<meta property=\"og:image\" content=\"https:\/\/luchonoticias.com\/editor\/wp-content\/uploads\/2024\/05\/mi-casa-ya-1.jpg\" \/>\n\t<meta property=\"og:image:width\" content=\"700\" \/>\n\t<meta property=\"og:image:height\" content=\"400\" \/>\n\t<meta property=\"og:image:type\" content=\"image\/jpeg\" \/>\n<meta name=\"author\" content=\"Editor General\" \/>\n<meta name=\"twitter:card\" content=\"summary_large_image\" \/>\n<meta name=\"twitter:label1\" content=\"Escrito por\" \/>\n\t<meta name=\"twitter:data1\" content=\"Editor General\" \/>\n\t<meta name=\"twitter:label2\" content=\"Tiempo de lectura\" \/>\n\t<meta name=\"twitter:data2\" content=\"1 minuto\" \/>\n<script type=\"application\/ld+json\" class=\"yoast-schema-graph\">{\"@context\":\"https:\/\/schema.org\",\"@graph\":[{\"@type\":\"Article\",\"@id\":\"https:\/\/luchonoticias.com\/editor\/mas-de-600-mil-millones-asignados-para-mi-casa-ya\/#article\",\"isPartOf\":{\"@id\":\"https:\/\/luchonoticias.com\/editor\/mas-de-600-mil-millones-asignados-para-mi-casa-ya\/\"},\"author\":{\"name\":\"Editor General\",\"@id\":\"https:\/\/luchonoticias.com\/editor\/#\/schema\/person\/29217990ddf6f14e35912b2866d591fb\"},\"headline\":\"M\u00e1s de 600 mil millones asignados para Mi Casa Ya\",\"datePublished\":\"2024-05-21T11:50:48+00:00\",\"dateModified\":\"2024-05-21T11:50:49+00:00\",\"mainEntityOfPage\":{\"@id\":\"https:\/\/luchonoticias.com\/editor\/mas-de-600-mil-millones-asignados-para-mi-casa-ya\/\"},\"wordCount\":278,\"publisher\":{\"@id\":\"https:\/\/luchonoticias.com\/editor\/#\/schema\/person\/7a7fd911f58561fd056dbac7b55af9cd\"},\"image\":{\"@id\":\"https:\/\/luchonoticias.com\/editor\/mas-de-600-mil-millones-asignados-para-mi-casa-ya\/#primaryimage\"},\"thumbnailUrl\":\"https:\/\/luchonoticias.com\/editor\/wp-content\/uploads\/2024\/05\/mi-casa-ya-1.jpg\",\"articleSection\":[\"Actualidad\"],\"inLanguage\":\"es\"},{\"@type\":\"WebPage\",\"@id\":\"https:\/\/luchonoticias.com\/editor\/mas-de-600-mil-millones-asignados-para-mi-casa-ya\/\",\"url\":\"https:\/\/luchonoticias.com\/editor\/mas-de-600-mil-millones-asignados-para-mi-casa-ya\/\",\"name\":\"M\u00e1s de 600 mil millones asignados para Mi Casa Ya -\",\"isPartOf\":{\"@id\":\"https:\/\/luchonoticias.com\/editor\/#website\"},\"primaryImageOfPage\":{\"@id\":\"https:\/\/luchonoticias.com\/editor\/mas-de-600-mil-millones-asignados-para-mi-casa-ya\/#primaryimage\"},\"image\":{\"@id\":\"https:\/\/luchonoticias.com\/editor\/mas-de-600-mil-millones-asignados-para-mi-casa-ya\/#primaryimage\"},\"thumbnailUrl\":\"https:\/\/luchonoticias.com\/editor\/wp-content\/uploads\/2024\/05\/mi-casa-ya-1.jpg\",\"datePublished\":\"2024-05-21T11:50:48+00:00\",\"dateModified\":\"2024-05-21T11:50:49+00:00\",\"breadcrumb\":{\"@id\":\"https:\/\/luchonoticias.com\/editor\/mas-de-600-mil-millones-asignados-para-mi-casa-ya\/#breadcrumb\"},\"inLanguage\":\"es\",\"potentialAction\":[{\"@type\":\"ReadAction\",\"target\":[\"https:\/\/luchonoticias.com\/editor\/mas-de-600-mil-millones-asignados-para-mi-casa-ya\/\"]}]},{\"@type\":\"ImageObject\",\"inLanguage\":\"es\",\"@id\":\"https:\/\/luchonoticias.com\/editor\/mas-de-600-mil-millones-asignados-para-mi-casa-ya\/#primaryimage\",\"url\":\"https:\/\/luchonoticias.com\/editor\/wp-content\/uploads\/2024\/05\/mi-casa-ya-1.jpg\",\"contentUrl\":\"https:\/\/luchonoticias.com\/editor\/wp-content\/uploads\/2024\/05\/mi-casa-ya-1.jpg\",\"width\":700,\"height\":400},{\"@type\":\"BreadcrumbList\",\"@id\":\"https:\/\/luchonoticias.com\/editor\/mas-de-600-mil-millones-asignados-para-mi-casa-ya\/#breadcrumb\",\"itemListElement\":[{\"@type\":\"ListItem\",\"position\":1,\"name\":\"Portada\",\"item\":\"https:\/\/luchonoticias.com\/editor\/\"},{\"@type\":\"ListItem\",\"position\":2,\"name\":\"M\u00e1s de 600 mil millones asignados para Mi Casa Ya\"}]},{\"@type\":\"WebSite\",\"@id\":\"https:\/\/luchonoticias.com\/editor\/#website\",\"url\":\"https:\/\/luchonoticias.com\/editor\/\",\"name\":\"\",\"description\":\"\",\"publisher\":{\"@id\":\"https:\/\/luchonoticias.com\/editor\/#\/schema\/person\/7a7fd911f58561fd056dbac7b55af9cd\"},\"potentialAction\":[{\"@type\":\"SearchAction\",\"target\":{\"@type\":\"EntryPoint\",\"urlTemplate\":\"https:\/\/luchonoticias.com\/editor\/?s={search_term_string}\"},\"query-input\":{\"@type\":\"PropertyValueSpecification\",\"valueRequired\":true,\"valueName\":\"search_term_string\"}}],\"inLanguage\":\"es\"},{\"@type\":[\"Person\",\"Organization\"],\"@id\":\"https:\/\/luchonoticias.com\/editor\/#\/schema\/person\/7a7fd911f58561fd056dbac7b55af9cd\",\"name\":\"admin\",\"image\":{\"@type\":\"ImageObject\",\"inLanguage\":\"es\",\"@id\":\"https:\/\/luchonoticias.com\/editor\/#\/schema\/person\/image\/\",\"url\":\"https:\/\/luchonoticias.com\/editor\/wp-content\/uploads\/2024\/02\/cropped-cropped-logolu.webp\",\"contentUrl\":\"https:\/\/luchonoticias.com\/editor\/wp-content\/uploads\/2024\/02\/cropped-cropped-logolu.webp\",\"width\":382,\"height\":170,\"caption\":\"admin\"},\"logo\":{\"@id\":\"https:\/\/luchonoticias.com\/editor\/#\/schema\/person\/image\/\"},\"sameAs\":[\"https:\/\/www.facebook.com\/luchonoticiasneiva\"]},{\"@type\":\"Person\",\"@id\":\"https:\/\/luchonoticias.com\/editor\/#\/schema\/person\/29217990ddf6f14e35912b2866d591fb\",\"name\":\"Editor General\",\"image\":{\"@type\":\"ImageObject\",\"inLanguage\":\"es\",\"@id\":\"https:\/\/luchonoticias.com\/editor\/#\/schema\/person\/image\/\",\"url\":\"https:\/\/luchonoticias.com\/editor\/wp-content\/uploads\/2024\/02\/cropped-cropped-logolu-150x150.webp\",\"contentUrl\":\"https:\/\/luchonoticias.com\/editor\/wp-content\/uploads\/2024\/02\/cropped-cropped-logolu-150x150.webp\",\"caption\":\"Editor General\"},\"sameAs\":[\"https:\/\/luchonoticias.com\/\"],\"url\":\"https:\/\/luchonoticias.com\/editor\/author\/editor-general\/\"}]}<\/script>\n<!-- \/ Yoast SEO plugin. -->","yoast_head_json":{"title":"M\u00e1s de 600 mil millones asignados para Mi Casa Ya -","robots":{"index":"index","follow":"follow","max-snippet":"max-snippet:-1","max-image-preview":"max-image-preview:large","max-video-preview":"max-video-preview:-1"},"canonical":"https:\/\/luchonoticias.com\/editor\/mas-de-600-mil-millones-asignados-para-mi-casa-ya\/","og_locale":"es_ES","og_type":"article","og_title":"M\u00e1s de 600 mil millones asignados para Mi Casa Ya -","og_url":"https:\/\/luchonoticias.com\/editor\/mas-de-600-mil-millones-asignados-para-mi-casa-ya\/","article_publisher":"https:\/\/www.facebook.com\/luchonoticiasneiva","article_published_time":"2024-05-21T11:50:48+00:00","article_modified_time":"2024-05-21T11:50:49+00:00","og_image":[{"width":700,"height":400,"url":"https:\/\/luchonoticias.com\/editor\/wp-content\/uploads\/2024\/05\/mi-casa-ya-1.jpg","type":"image\/jpeg"}],"author":"Editor General","twitter_card":"summary_large_image","twitter_misc":{"Escrito por":"Editor General","Tiempo de lectura":"1 minuto"},"schema":{"@context":"https:\/\/schema.org","@graph":[{"@type":"Article","@id":"https:\/\/luchonoticias.com\/editor\/mas-de-600-mil-millones-asignados-para-mi-casa-ya\/#article","isPartOf":{"@id":"https:\/\/luchonoticias.com\/editor\/mas-de-600-mil-millones-asignados-para-mi-casa-ya\/"},"author":{"name":"Editor General","@id":"https:\/\/luchonoticias.com\/editor\/#\/schema\/person\/29217990ddf6f14e35912b2866d591fb"},"headline":"M\u00e1s de 600 mil millones asignados para Mi Casa Ya","datePublished":"2024-05-21T11:50:48+00:00","dateModified":"2024-05-21T11:50:49+00:00","mainEntityOfPage":{"@id":"https:\/\/luchonoticias.com\/editor\/mas-de-600-mil-millones-asignados-para-mi-casa-ya\/"},"wordCount":278,"publisher":{"@id":"https:\/\/luchonoticias.com\/editor\/#\/schema\/person\/7a7fd911f58561fd056dbac7b55af9cd"},"image":{"@id":"https:\/\/luchonoticias.com\/editor\/mas-de-600-mil-millones-asignados-para-mi-casa-ya\/#primaryimage"},"thumbnailUrl":"https:\/\/luchonoticias.com\/editor\/wp-content\/uploads\/2024\/05\/mi-casa-ya-1.jpg","articleSection":["Actualidad"],"inLanguage":"es"},{"@type":"WebPage","@id":"https:\/\/luchonoticias.com\/editor\/mas-de-600-mil-millones-asignados-para-mi-casa-ya\/","url":"https:\/\/luchonoticias.com\/editor\/mas-de-600-mil-millones-asignados-para-mi-casa-ya\/","name":"M\u00e1s de 600 mil millones asignados para Mi Casa Ya -","isPartOf":{"@id":"https:\/\/luchonoticias.com\/editor\/#website"},"primaryImageOfPage":{"@id":"https:\/\/luchonoticias.com\/editor\/mas-de-600-mil-millones-asignados-para-mi-casa-ya\/#primaryimage"},"image":{"@id":"https:\/\/luchonoticias.com\/editor\/mas-de-600-mil-millones-asignados-para-mi-casa-ya\/#primaryimage"},"thumbnailUrl":"https:\/\/luchonoticias.com\/editor\/wp-content\/uploads\/2024\/05\/mi-casa-ya-1.jpg","datePublished":"2024-05-21T11:50:48+00:00","dateModified":"2024-05-21T11:50:49+00:00","breadcrumb":{"@id":"https:\/\/luchonoticias.com\/editor\/mas-de-600-mil-millones-asignados-para-mi-casa-ya\/#breadcrumb"},"inLanguage":"es","potentialAction":[{"@type":"ReadAction","target":["https:\/\/luchonoticias.com\/editor\/mas-de-600-mil-millones-asignados-para-mi-casa-ya\/"]}]},{"@type":"ImageObject","inLanguage":"es","@id":"https:\/\/luchonoticias.com\/editor\/mas-de-600-mil-millones-asignados-para-mi-casa-ya\/#primaryimage","url":"https:\/\/luchonoticias.com\/editor\/wp-content\/uploads\/2024\/05\/mi-casa-ya-1.jpg","contentUrl":"https:\/\/luchonoticias.com\/editor\/wp-content\/uploads\/2024\/05\/mi-casa-ya-1.jpg","width":700,"height":400},{"@type":"BreadcrumbList","@id":"https:\/\/luchonoticias.com\/editor\/mas-de-600-mil-millones-asignados-para-mi-casa-ya\/#breadcrumb","itemListElement":[{"@type":"ListItem","position":1,"name":"Portada","item":"https:\/\/luchonoticias.com\/editor\/"},{"@type":"ListItem","position":2,"name":"M\u00e1s de 600 mil millones asignados para Mi Casa Ya"}]},{"@type":"WebSite","@id":"https:\/\/luchonoticias.com\/editor\/#website","url":"https:\/\/luchonoticias.com\/editor\/","name":"","description":"","publisher":{"@id":"https:\/\/luchonoticias.com\/editor\/#\/schema\/person\/7a7fd911f58561fd056dbac7b55af9cd"},"potentialAction":[{"@type":"SearchAction","target":{"@type":"EntryPoint","urlTemplate":"https:\/\/luchonoticias.com\/editor\/?s={search_term_string}"},"query-input":{"@type":"PropertyValueSpecification","valueRequired":true,"valueName":"search_term_string"}}],"inLanguage":"es"},{"@type":["Person","Organization"],"@id":"https:\/\/luchonoticias.com\/editor\/#\/schema\/person\/7a7fd911f58561fd056dbac7b55af9cd","name":"admin","image":{"@type":"ImageObject","inLanguage":"es","@id":"https:\/\/luchonoticias.com\/editor\/#\/schema\/person\/image\/","url":"https:\/\/luchonoticias.com\/editor\/wp-content\/uploads\/2024\/02\/cropped-cropped-logolu.webp","contentUrl":"https:\/\/luchonoticias.com\/editor\/wp-content\/uploads\/2024\/02\/cropped-cropped-logolu.webp","width":382,"height":170,"caption":"admin"},"logo":{"@id":"https:\/\/luchonoticias.com\/editor\/#\/schema\/person\/image\/"},"sameAs":["https:\/\/www.facebook.com\/luchonoticiasneiva"]},{"@type":"Person","@id":"https:\/\/luchonoticias.com\/editor\/#\/schema\/person\/29217990ddf6f14e35912b2866d591fb","name":"Editor General","image":{"@type":"ImageObject","inLanguage":"es","@id":"https:\/\/luchonoticias.com\/editor\/#\/schema\/person\/image\/","url":"https:\/\/luchonoticias.com\/editor\/wp-content\/uploads\/2024\/02\/cropped-cropped-logolu-150x150.webp","contentUrl":"https:\/\/luchonoticias.com\/editor\/wp-content\/uploads\/2024\/02\/cropped-cropped-logolu-150x150.webp","caption":"Editor General"},"sameAs":["https:\/\/luchonoticias.com\/"],"url":"https:\/\/luchonoticias.com\/editor\/author\/editor-general\/"}]}},"_links":{"self":[{"href":"https:\/\/luchonoticias.com\/editor\/wp-json\/wp\/v2\/posts\/73279","targetHints":{"allow":["GET"]}}],"collection":[{"href":"https:\/\/luchonoticias.com\/editor\/wp-json\/wp\/v2\/posts"}],"about":[{"href":"https:\/\/luchonoticias.com\/editor\/wp-json\/wp\/v2\/types\/post"}],"author":[{"embeddable":true,"href":"https:\/\/luchonoticias.com\/editor\/wp-json\/wp\/v2\/users\/2"}],"replies":[{"embeddable":true,"href":"https:\/\/luchonoticias.com\/editor\/wp-json\/wp\/v2\/comments?post=73279"}],"version-history":[{"count":0,"href":"https:\/\/luchonoticias.com\/editor\/wp-json\/wp\/v2\/posts\/73279\/revisions"}],"wp:featuredmedia":[{"embeddable":true,"href":"https:\/\/luchonoticias.com\/editor\/wp-json\/wp\/v2\/media\/73281"}],"wp:attachment":[{"href":"https:\/\/luchonoticias.com\/editor\/wp-json\/wp\/v2\/media?parent=73279"}],"wp:term":[{"taxonomy":"category","embeddable":true,"href":"https:\/\/luchonoticias.com\/editor\/wp-json\/wp\/v2\/categories?post=73279"},{"taxonomy":"post_tag","embeddable":true,"href":"https:\/\/luchonoticias.com\/editor\/wp-json\/wp\/v2\/tags?post=73279"}],"curies":[{"name":"wp","href":"https:\/\/api.w.org\/{rel}","templated":true}]}}