{"id":73283,"date":"2024-05-21T07:03:08","date_gmt":"2024-05-21T12:03:08","guid":{"rendered":"https:\/\/luchonoticias.com\/?p=73283"},"modified":"2024-05-21T07:03:08","modified_gmt":"2024-05-21T12:03:08","slug":"universidad-surcolombiana-y-su-balance-de-2023","status":"publish","type":"post","link":"https:\/\/luchonoticias.com\/editor\/universidad-surcolombiana-y-su-balance-de-2023\/","title":{"rendered":"Universidad Surcolombiana y su balance de 2023"},"content":{"rendered":"<p>Desde la sede Pitalito, la rectora de la Universidad Surcolombiana, Nidia Guzm\u00e1n Dur\u00e1n, presidi\u00f3 la audiencia p\u00fablica de la rendici\u00f3n de cuentas correspondiente a la gesti\u00f3n de 2023.<\/p>\n<p>Acompa\u00f1ada del equipo directivo de la instituci\u00f3n, present\u00f3 su informe de acuerdo con el trabajo adelantado en los subsistemas en que se divide el Plan de Desarrollo Institucional 2015-2024, adem\u00e1s de los dos ejes transversales que hacen parte de \u00e9l.<\/p>\n<p>Con anterioridad, desde el pasado 8 de marzo, el proceso de rendici\u00f3n de cuentas comenz\u00f3 con cada una de las facultades, seguido de los tres vicerrectores.<\/p>\n<p>\u201cEl a\u00f1o 2023 fue de muchos retos, de los cuales la Administraci\u00f3n pudo responder a la mayor\u00eda, si no un 100%, s\u00ed a la mayor\u00eda de ellos, gracias al trabajo realizado desde cada una de las diferentes dependencias: las vicerrector\u00edas Acad\u00e9mica, Administrativa, de Investigaci\u00f3n; toda la parte jur\u00eddica y financiera; y tambi\u00e9n a la actividad que realizan los decanos desde cada una de sus facultades\u201d, resalt\u00f3 la Rectora.<\/p>\n<p>Todo esto hizo que en equipo se resolvieran muchos de los problemas de la Universidad en la vigencia \u201cy que hoy pudiera, en un resumen amplio, presentar los logros y los resultados de todo este trabajo de la Universidad Surcolombiana\u201d, puntualiz\u00f3.<\/p>\n<p>En su informe, la Rectora mostr\u00f3 c\u00f3mo la Universidad Surcolombiana experiment\u00f3 significativos indicadores al alza en todos los subsistemas.<\/p>\n<p>En materia de oferta acad\u00e9mica, por ejemplo, se ofrecieron 41 programas profesionales de pregrado y dos tecnolog\u00edas; adem\u00e1s de 46 de posgrado, que atendieron un total de 14.310 estudiantes matriculados en el a\u00f1o analizado, a cargo de 973 docentes, quienes en ese mismo periodo entregaron a la regi\u00f3n y al pa\u00eds 2.456 graduados.<\/p>\n<p><img loading=\"lazy\" decoding=\"async\" class=\"alignnone wp-image-73285\" src=\"https:\/\/luchonoticias.com\/wp-content\/uploads\/2024\/05\/WhatsApp-Image-2024-05-20-at-19.19.05-1-300x200.jpeg\" alt=\"\" width=\"700\" height=\"466\" srcset=\"https:\/\/luchonoticias.com\/editor\/wp-content\/uploads\/2024\/05\/WhatsApp-Image-2024-05-20-at-19.19.05-1-300x200.jpeg 300w, https:\/\/luchonoticias.com\/editor\/wp-content\/uploads\/2024\/05\/WhatsApp-Image-2024-05-20-at-19.19.05-1-1024x682.jpeg 1024w, https:\/\/luchonoticias.com\/editor\/wp-content\/uploads\/2024\/05\/WhatsApp-Image-2024-05-20-at-19.19.05-1-768x512.jpeg 768w, https:\/\/luchonoticias.com\/editor\/wp-content\/uploads\/2024\/05\/WhatsApp-Image-2024-05-20-at-19.19.05-1-331x219.jpeg 331w, https:\/\/luchonoticias.com\/editor\/wp-content\/uploads\/2024\/05\/WhatsApp-Image-2024-05-20-at-19.19.05-1.jpeg 1280w\" sizes=\"auto, (max-width: 700px) 100vw, 700px\" \/><\/p>\n<p><strong>Acreditaciones y Alta Calidad<\/strong><\/p>\n<p>Uno de los hechos m\u00e1s significativos de 2023 fue la obtenci\u00f3n de la renovaci\u00f3n de la Acreditaci\u00f3n Institucional Multicampus, otorgada mediante la Resoluci\u00f3n No. 023 del Ministerio de Educaci\u00f3n Nacional por seis a\u00f1os.<\/p>\n<p>Adem\u00e1s, fueron renovadas las acreditaciones de Alta Calidad a varios programas de pregrado y posgrado, al cumplir rigurosamente con los requisitos establecidos para la acreditaci\u00f3n institucional.<\/p>\n<p>En ese sentido, 19 programas de la universidad recibieron su acreditaci\u00f3n o la renovaron en Alta Calidad y se logr\u00f3 el registro de una nueva oferta pos-gradual con la Maestr\u00eda en Finanzas Corporativas.<\/p>\n<p><strong>Investigaci\u00f3n<\/strong><\/p>\n<p>De acuerdo con el mismo informe, la USCO en 2023 fortaleci\u00f3 su capacidad investigativa mediante el apoyo a laboratorios en proceso de acreditaci\u00f3n de pruebas y la creaci\u00f3n y dotaci\u00f3n de nuevos que mejoran la infraestructura investigativa de la instituci\u00f3n.<\/p>\n<p>La USCO foment\u00f3 la investigaci\u00f3n a trav\u00e9s de numerosos convenios, como el de ONDAS, con la Gobernaci\u00f3n del Huila; tambi\u00e9n se destacan los premios obtenidos por sus grupos de investigaci\u00f3n y semilleros en competiciones nacionales e internacionales.<\/p>\n<p>En el mismo periodo comenzaron a consolidarse dos nuevos doctorados, uno en Derecho Constitucional, ya aprobado por el Consejo Superior Universitario; y el de Administraci\u00f3n, que pr\u00f3ximamente ser\u00e1 llevado ante esa instancia. Tambi\u00e9n fueron publicados 19 nuevos libros a trav\u00e9s de la Editorial Universidad Surcolombiana.<\/p>\n<p><strong>Proyecci\u00f3n social<\/strong><\/p>\n<p>En este aspecto se destacan, entre otros, los esfuerzos realizados en diferentes \u00e1mbitos y su impacto en la comunidad a trav\u00e9s de sus unidades de atenci\u00f3n especializada, como el Consultorio Empresarial y Contable, donde fueron atendidos 5.163 usuarios en todas las sedes; el Centro de Emprendimiento, que certific\u00f3 a 254 estudiantes en Ideacci\u00f3n Emprendedora, registr\u00f3 142 ideas emprendedoras y realiz\u00f3 429 asesor\u00edas.<\/p>\n<p>A su vez, el Centro de Conciliaci\u00f3n realiz\u00f3 capacitaciones en mecanismos alternativos de soluci\u00f3n de conflictos y derecho en general, beneficiando a 10.552 personas; y el Consultorio Jur\u00eddico brind\u00f3 servicios a m\u00e1s de 9.000 beneficiarios de estratos bajos en las sedes de Neiva, Garz\u00f3n y Pitalito.<\/p>\n<p><strong>Bienestar Universitario<\/strong><\/p>\n<p>Para la actual administraci\u00f3n de la Universidad Surcolombiana, el bienestar de su comunidad ha sido prioridad.<\/p>\n<p>De tal manera, fueron ampliados los servicios de atenci\u00f3n m\u00e9dica, odontol\u00f3gica y psicol\u00f3gica, al brindar, en total, en cada una de estas especialidades, unas 4.152 consultas, 4.676 ex\u00e1menes de ingreso, 29.705 beneficiados en talleres de campa\u00f1a y 10.083 atenciones en el programa USCO Saludable.<\/p>\n<p>En este Subsistema tambi\u00e9n se destac\u00f3, entre otros aspectos , el apoyo a trav\u00e9s de los programas de alimentaci\u00f3n donde se beneficiaron, en restaurantes universitarios, 10.922 personas (primer semestre); y 9.999 (segundo semestre).<\/p>\n<p>En ese periodo anual, el programa BICIUSCO se enfoc\u00f3 en mejorar la movilidad de los estudiantes al adquirir 50 bicicletas para la sede de Neiva, beneficiando a 251 personas.<\/p>\n<p><strong>Subsistema Administrativo<\/strong><\/p>\n<p>El presupuesto definitivo para la Universidad Surcolombiana en 2023 fue de $248.542\u2019816.205.<\/p>\n<p>Las fuentes financiadoras del mismo se distribuyeron de la siguiente manera: 51% proveniente de recursos de la Naci\u00f3n ($127,251,208,294); 40% recursos propios ($98,322,822,539); y 9% del Sistema General de Regal\u00edas (SGR) ($22,968,785,372).<\/p>\n<p>El Subsistema Administrativo gestion\u00f3 12 proyectos financiados por el SGR, abarcando \u00e1reas como salud, ingenier\u00eda y ciencias sociales.<\/p>\n<p>Este presupuesto permiti\u00f3 la ejecuci\u00f3n de importantes proyectos de infraestructura y adecuaci\u00f3n de plantas f\u00edsicas en diversas sedes de la universidad, como la Construcci\u00f3n del Edificio Facultad de Educaci\u00f3n, donde, para la vigencia 2023, se invirti\u00f3 un total de $1.458&#8217;346.671 y fue inaugurado el 15 de diciembre de 2023 con una inversi\u00f3n total de $17.755&#8217;190.905.<\/p>\n<p>En 2023 fueron invertidos $419\u2019775.480 para la Construcci\u00f3n del bloque de aulas en la sede La Plata, que tendr\u00e1 un costo de $1.578\u2019455.940. En ese mismo periodo se dio inicio a la Construcci\u00f3n de la Biblioteca Sede Pitalito.<\/p>\n<p>Adem\u00e1s, se realizaron mejoras a la planta f\u00edsica existente, como la adecuaci\u00f3n de la Unidad de Morfolog\u00eda de la Facultad de Ciencias de la Salud, la modernizaci\u00f3n de la iluminaci\u00f3n perimetral en la cancha de f\u00fatbol de la sede central, instalaci\u00f3n de molinetes en la misma sede y adecuaci\u00f3n del restaurante de la sede Garz\u00f3n.<\/p>\n","protected":false},"excerpt":{"rendered":"<p>Desde la sede Pitalito, la rectora de la Universidad Surcolombiana, Nidia Guzm\u00e1n Dur\u00e1n, presidi\u00f3 la audiencia p\u00fablica de la rendici\u00f3n de cuentas correspondiente a la gesti\u00f3n de 2023. Acompa\u00f1ada del equipo directivo de la instituci\u00f3n, present\u00f3 su informe de acuerdo con el trabajo adelantado en los subsistemas en que se divide el Plan de Desarrollo [&hellip;]<\/p>\n","protected":false},"author":2,"featured_media":73284,"comment_status":"closed","ping_status":"open","sticky":false,"template":"","format":"standard","meta":{"footnotes":""},"categories":[33],"tags":[],"class_list":["post-73283","post","type-post","status-publish","format-standard","has-post-thumbnail","hentry","category-huila"],"yoast_head":"<!-- This site is optimized with the Yoast SEO plugin v26.6 - https:\/\/yoast.com\/wordpress\/plugins\/seo\/ -->\n<title>Universidad Surcolombiana y su balance de 2023 -<\/title>\n<meta name=\"robots\" content=\"index, follow, max-snippet:-1, max-image-preview:large, max-video-preview:-1\" \/>\n<link rel=\"canonical\" href=\"https:\/\/luchonoticias.com\/editor\/universidad-surcolombiana-y-su-balance-de-2023\/\" \/>\n<meta property=\"og:locale\" content=\"es_ES\" \/>\n<meta property=\"og:type\" content=\"article\" \/>\n<meta property=\"og:title\" content=\"Universidad Surcolombiana y su balance de 2023 -\" \/>\n<meta property=\"og:url\" content=\"https:\/\/luchonoticias.com\/editor\/universidad-surcolombiana-y-su-balance-de-2023\/\" \/>\n<meta property=\"article:publisher\" content=\"https:\/\/www.facebook.com\/luchonoticiasneiva\" \/>\n<meta property=\"article:published_time\" content=\"2024-05-21T12:03:08+00:00\" \/>\n<meta property=\"og:image\" content=\"https:\/\/luchonoticias.com\/editor\/wp-content\/uploads\/2024\/05\/WhatsApp-Image-2024-05-20-at-19.19.05.jpeg\" \/>\n\t<meta property=\"og:image:width\" content=\"1280\" \/>\n\t<meta property=\"og:image:height\" content=\"853\" \/>\n\t<meta property=\"og:image:type\" content=\"image\/jpeg\" \/>\n<meta name=\"author\" content=\"Editor General\" \/>\n<meta name=\"twitter:card\" content=\"summary_large_image\" \/>\n<meta name=\"twitter:label1\" content=\"Escrito por\" \/>\n\t<meta name=\"twitter:data1\" content=\"Editor General\" \/>\n\t<meta name=\"twitter:label2\" content=\"Tiempo de lectura\" \/>\n\t<meta name=\"twitter:data2\" content=\"5 minutos\" \/>\n<script type=\"application\/ld+json\" class=\"yoast-schema-graph\">{\"@context\":\"https:\/\/schema.org\",\"@graph\":[{\"@type\":\"Article\",\"@id\":\"https:\/\/luchonoticias.com\/editor\/universidad-surcolombiana-y-su-balance-de-2023\/#article\",\"isPartOf\":{\"@id\":\"https:\/\/luchonoticias.com\/editor\/universidad-surcolombiana-y-su-balance-de-2023\/\"},\"author\":{\"name\":\"Editor General\",\"@id\":\"https:\/\/luchonoticias.com\/editor\/#\/schema\/person\/29217990ddf6f14e35912b2866d591fb\"},\"headline\":\"Universidad Surcolombiana y su balance de 2023\",\"datePublished\":\"2024-05-21T12:03:08+00:00\",\"mainEntityOfPage\":{\"@id\":\"https:\/\/luchonoticias.com\/editor\/universidad-surcolombiana-y-su-balance-de-2023\/\"},\"wordCount\":991,\"publisher\":{\"@id\":\"https:\/\/luchonoticias.com\/editor\/#\/schema\/person\/7a7fd911f58561fd056dbac7b55af9cd\"},\"image\":{\"@id\":\"https:\/\/luchonoticias.com\/editor\/universidad-surcolombiana-y-su-balance-de-2023\/#primaryimage\"},\"thumbnailUrl\":\"https:\/\/luchonoticias.com\/editor\/wp-content\/uploads\/2024\/05\/WhatsApp-Image-2024-05-20-at-19.19.05.jpeg\",\"articleSection\":[\"Huila\"],\"inLanguage\":\"es\"},{\"@type\":\"WebPage\",\"@id\":\"https:\/\/luchonoticias.com\/editor\/universidad-surcolombiana-y-su-balance-de-2023\/\",\"url\":\"https:\/\/luchonoticias.com\/editor\/universidad-surcolombiana-y-su-balance-de-2023\/\",\"name\":\"Universidad Surcolombiana y su balance de 2023 -\",\"isPartOf\":{\"@id\":\"https:\/\/luchonoticias.com\/editor\/#website\"},\"primaryImageOfPage\":{\"@id\":\"https:\/\/luchonoticias.com\/editor\/universidad-surcolombiana-y-su-balance-de-2023\/#primaryimage\"},\"image\":{\"@id\":\"https:\/\/luchonoticias.com\/editor\/universidad-surcolombiana-y-su-balance-de-2023\/#primaryimage\"},\"thumbnailUrl\":\"https:\/\/luchonoticias.com\/editor\/wp-content\/uploads\/2024\/05\/WhatsApp-Image-2024-05-20-at-19.19.05.jpeg\",\"datePublished\":\"2024-05-21T12:03:08+00:00\",\"breadcrumb\":{\"@id\":\"https:\/\/luchonoticias.com\/editor\/universidad-surcolombiana-y-su-balance-de-2023\/#breadcrumb\"},\"inLanguage\":\"es\",\"potentialAction\":[{\"@type\":\"ReadAction\",\"target\":[\"https:\/\/luchonoticias.com\/editor\/universidad-surcolombiana-y-su-balance-de-2023\/\"]}]},{\"@type\":\"ImageObject\",\"inLanguage\":\"es\",\"@id\":\"https:\/\/luchonoticias.com\/editor\/universidad-surcolombiana-y-su-balance-de-2023\/#primaryimage\",\"url\":\"https:\/\/luchonoticias.com\/editor\/wp-content\/uploads\/2024\/05\/WhatsApp-Image-2024-05-20-at-19.19.05.jpeg\",\"contentUrl\":\"https:\/\/luchonoticias.com\/editor\/wp-content\/uploads\/2024\/05\/WhatsApp-Image-2024-05-20-at-19.19.05.jpeg\",\"width\":1280,\"height\":853},{\"@type\":\"BreadcrumbList\",\"@id\":\"https:\/\/luchonoticias.com\/editor\/universidad-surcolombiana-y-su-balance-de-2023\/#breadcrumb\",\"itemListElement\":[{\"@type\":\"ListItem\",\"position\":1,\"name\":\"Portada\",\"item\":\"https:\/\/luchonoticias.com\/editor\/\"},{\"@type\":\"ListItem\",\"position\":2,\"name\":\"Universidad Surcolombiana y su balance de 2023\"}]},{\"@type\":\"WebSite\",\"@id\":\"https:\/\/luchonoticias.com\/editor\/#website\",\"url\":\"https:\/\/luchonoticias.com\/editor\/\",\"name\":\"\",\"description\":\"\",\"publisher\":{\"@id\":\"https:\/\/luchonoticias.com\/editor\/#\/schema\/person\/7a7fd911f58561fd056dbac7b55af9cd\"},\"potentialAction\":[{\"@type\":\"SearchAction\",\"target\":{\"@type\":\"EntryPoint\",\"urlTemplate\":\"https:\/\/luchonoticias.com\/editor\/?s={search_term_string}\"},\"query-input\":{\"@type\":\"PropertyValueSpecification\",\"valueRequired\":true,\"valueName\":\"search_term_string\"}}],\"inLanguage\":\"es\"},{\"@type\":[\"Person\",\"Organization\"],\"@id\":\"https:\/\/luchonoticias.com\/editor\/#\/schema\/person\/7a7fd911f58561fd056dbac7b55af9cd\",\"name\":\"admin\",\"image\":{\"@type\":\"ImageObject\",\"inLanguage\":\"es\",\"@id\":\"https:\/\/luchonoticias.com\/editor\/#\/schema\/person\/image\/\",\"url\":\"https:\/\/luchonoticias.com\/editor\/wp-content\/uploads\/2024\/02\/cropped-cropped-logolu.webp\",\"contentUrl\":\"https:\/\/luchonoticias.com\/editor\/wp-content\/uploads\/2024\/02\/cropped-cropped-logolu.webp\",\"width\":382,\"height\":170,\"caption\":\"admin\"},\"logo\":{\"@id\":\"https:\/\/luchonoticias.com\/editor\/#\/schema\/person\/image\/\"},\"sameAs\":[\"https:\/\/www.facebook.com\/luchonoticiasneiva\"]},{\"@type\":\"Person\",\"@id\":\"https:\/\/luchonoticias.com\/editor\/#\/schema\/person\/29217990ddf6f14e35912b2866d591fb\",\"name\":\"Editor General\",\"image\":{\"@type\":\"ImageObject\",\"inLanguage\":\"es\",\"@id\":\"https:\/\/luchonoticias.com\/editor\/#\/schema\/person\/image\/\",\"url\":\"https:\/\/luchonoticias.com\/editor\/wp-content\/uploads\/2024\/02\/cropped-cropped-logolu-150x150.webp\",\"contentUrl\":\"https:\/\/luchonoticias.com\/editor\/wp-content\/uploads\/2024\/02\/cropped-cropped-logolu-150x150.webp\",\"caption\":\"Editor General\"},\"sameAs\":[\"https:\/\/luchonoticias.com\/\"],\"url\":\"https:\/\/luchonoticias.com\/editor\/author\/editor-general\/\"}]}<\/script>\n<!-- \/ Yoast SEO plugin. -->","yoast_head_json":{"title":"Universidad Surcolombiana y su balance de 2023 -","robots":{"index":"index","follow":"follow","max-snippet":"max-snippet:-1","max-image-preview":"max-image-preview:large","max-video-preview":"max-video-preview:-1"},"canonical":"https:\/\/luchonoticias.com\/editor\/universidad-surcolombiana-y-su-balance-de-2023\/","og_locale":"es_ES","og_type":"article","og_title":"Universidad Surcolombiana y su balance de 2023 -","og_url":"https:\/\/luchonoticias.com\/editor\/universidad-surcolombiana-y-su-balance-de-2023\/","article_publisher":"https:\/\/www.facebook.com\/luchonoticiasneiva","article_published_time":"2024-05-21T12:03:08+00:00","og_image":[{"width":1280,"height":853,"url":"https:\/\/luchonoticias.com\/editor\/wp-content\/uploads\/2024\/05\/WhatsApp-Image-2024-05-20-at-19.19.05.jpeg","type":"image\/jpeg"}],"author":"Editor General","twitter_card":"summary_large_image","twitter_misc":{"Escrito por":"Editor General","Tiempo de lectura":"5 minutos"},"schema":{"@context":"https:\/\/schema.org","@graph":[{"@type":"Article","@id":"https:\/\/luchonoticias.com\/editor\/universidad-surcolombiana-y-su-balance-de-2023\/#article","isPartOf":{"@id":"https:\/\/luchonoticias.com\/editor\/universidad-surcolombiana-y-su-balance-de-2023\/"},"author":{"name":"Editor General","@id":"https:\/\/luchonoticias.com\/editor\/#\/schema\/person\/29217990ddf6f14e35912b2866d591fb"},"headline":"Universidad Surcolombiana y su balance de 2023","datePublished":"2024-05-21T12:03:08+00:00","mainEntityOfPage":{"@id":"https:\/\/luchonoticias.com\/editor\/universidad-surcolombiana-y-su-balance-de-2023\/"},"wordCount":991,"publisher":{"@id":"https:\/\/luchonoticias.com\/editor\/#\/schema\/person\/7a7fd911f58561fd056dbac7b55af9cd"},"image":{"@id":"https:\/\/luchonoticias.com\/editor\/universidad-surcolombiana-y-su-balance-de-2023\/#primaryimage"},"thumbnailUrl":"https:\/\/luchonoticias.com\/editor\/wp-content\/uploads\/2024\/05\/WhatsApp-Image-2024-05-20-at-19.19.05.jpeg","articleSection":["Huila"],"inLanguage":"es"},{"@type":"WebPage","@id":"https:\/\/luchonoticias.com\/editor\/universidad-surcolombiana-y-su-balance-de-2023\/","url":"https:\/\/luchonoticias.com\/editor\/universidad-surcolombiana-y-su-balance-de-2023\/","name":"Universidad Surcolombiana y su balance de 2023 -","isPartOf":{"@id":"https:\/\/luchonoticias.com\/editor\/#website"},"primaryImageOfPage":{"@id":"https:\/\/luchonoticias.com\/editor\/universidad-surcolombiana-y-su-balance-de-2023\/#primaryimage"},"image":{"@id":"https:\/\/luchonoticias.com\/editor\/universidad-surcolombiana-y-su-balance-de-2023\/#primaryimage"},"thumbnailUrl":"https:\/\/luchonoticias.com\/editor\/wp-content\/uploads\/2024\/05\/WhatsApp-Image-2024-05-20-at-19.19.05.jpeg","datePublished":"2024-05-21T12:03:08+00:00","breadcrumb":{"@id":"https:\/\/luchonoticias.com\/editor\/universidad-surcolombiana-y-su-balance-de-2023\/#breadcrumb"},"inLanguage":"es","potentialAction":[{"@type":"ReadAction","target":["https:\/\/luchonoticias.com\/editor\/universidad-surcolombiana-y-su-balance-de-2023\/"]}]},{"@type":"ImageObject","inLanguage":"es","@id":"https:\/\/luchonoticias.com\/editor\/universidad-surcolombiana-y-su-balance-de-2023\/#primaryimage","url":"https:\/\/luchonoticias.com\/editor\/wp-content\/uploads\/2024\/05\/WhatsApp-Image-2024-05-20-at-19.19.05.jpeg","contentUrl":"https:\/\/luchonoticias.com\/editor\/wp-content\/uploads\/2024\/05\/WhatsApp-Image-2024-05-20-at-19.19.05.jpeg","width":1280,"height":853},{"@type":"BreadcrumbList","@id":"https:\/\/luchonoticias.com\/editor\/universidad-surcolombiana-y-su-balance-de-2023\/#breadcrumb","itemListElement":[{"@type":"ListItem","position":1,"name":"Portada","item":"https:\/\/luchonoticias.com\/editor\/"},{"@type":"ListItem","position":2,"name":"Universidad Surcolombiana y su balance de 2023"}]},{"@type":"WebSite","@id":"https:\/\/luchonoticias.com\/editor\/#website","url":"https:\/\/luchonoticias.com\/editor\/","name":"","description":"","publisher":{"@id":"https:\/\/luchonoticias.com\/editor\/#\/schema\/person\/7a7fd911f58561fd056dbac7b55af9cd"},"potentialAction":[{"@type":"SearchAction","target":{"@type":"EntryPoint","urlTemplate":"https:\/\/luchonoticias.com\/editor\/?s={search_term_string}"},"query-input":{"@type":"PropertyValueSpecification","valueRequired":true,"valueName":"search_term_string"}}],"inLanguage":"es"},{"@type":["Person","Organization"],"@id":"https:\/\/luchonoticias.com\/editor\/#\/schema\/person\/7a7fd911f58561fd056dbac7b55af9cd","name":"admin","image":{"@type":"ImageObject","inLanguage":"es","@id":"https:\/\/luchonoticias.com\/editor\/#\/schema\/person\/image\/","url":"https:\/\/luchonoticias.com\/editor\/wp-content\/uploads\/2024\/02\/cropped-cropped-logolu.webp","contentUrl":"https:\/\/luchonoticias.com\/editor\/wp-content\/uploads\/2024\/02\/cropped-cropped-logolu.webp","width":382,"height":170,"caption":"admin"},"logo":{"@id":"https:\/\/luchonoticias.com\/editor\/#\/schema\/person\/image\/"},"sameAs":["https:\/\/www.facebook.com\/luchonoticiasneiva"]},{"@type":"Person","@id":"https:\/\/luchonoticias.com\/editor\/#\/schema\/person\/29217990ddf6f14e35912b2866d591fb","name":"Editor General","image":{"@type":"ImageObject","inLanguage":"es","@id":"https:\/\/luchonoticias.com\/editor\/#\/schema\/person\/image\/","url":"https:\/\/luchonoticias.com\/editor\/wp-content\/uploads\/2024\/02\/cropped-cropped-logolu-150x150.webp","contentUrl":"https:\/\/luchonoticias.com\/editor\/wp-content\/uploads\/2024\/02\/cropped-cropped-logolu-150x150.webp","caption":"Editor General"},"sameAs":["https:\/\/luchonoticias.com\/"],"url":"https:\/\/luchonoticias.com\/editor\/author\/editor-general\/"}]}},"_links":{"self":[{"href":"https:\/\/luchonoticias.com\/editor\/wp-json\/wp\/v2\/posts\/73283","targetHints":{"allow":["GET"]}}],"collection":[{"href":"https:\/\/luchonoticias.com\/editor\/wp-json\/wp\/v2\/posts"}],"about":[{"href":"https:\/\/luchonoticias.com\/editor\/wp-json\/wp\/v2\/types\/post"}],"author":[{"embeddable":true,"href":"https:\/\/luchonoticias.com\/editor\/wp-json\/wp\/v2\/users\/2"}],"replies":[{"embeddable":true,"href":"https:\/\/luchonoticias.com\/editor\/wp-json\/wp\/v2\/comments?post=73283"}],"version-history":[{"count":0,"href":"https:\/\/luchonoticias.com\/editor\/wp-json\/wp\/v2\/posts\/73283\/revisions"}],"wp:featuredmedia":[{"embeddable":true,"href":"https:\/\/luchonoticias.com\/editor\/wp-json\/wp\/v2\/media\/73284"}],"wp:attachment":[{"href":"https:\/\/luchonoticias.com\/editor\/wp-json\/wp\/v2\/media?parent=73283"}],"wp:term":[{"taxonomy":"category","embeddable":true,"href":"https:\/\/luchonoticias.com\/editor\/wp-json\/wp\/v2\/categories?post=73283"},{"taxonomy":"post_tag","embeddable":true,"href":"https:\/\/luchonoticias.com\/editor\/wp-json\/wp\/v2\/tags?post=73283"}],"curies":[{"name":"wp","href":"https:\/\/api.w.org\/{rel}","templated":true}]}}