{"id":73287,"date":"2024-05-21T07:09:07","date_gmt":"2024-05-21T12:09:07","guid":{"rendered":"https:\/\/luchonoticias.com\/?p=73287"},"modified":"2024-05-21T07:09:07","modified_gmt":"2024-05-21T12:09:07","slug":"sigue-el-reforzamiento-de-la-seguridad-en-neiva","status":"publish","type":"post","link":"https:\/\/luchonoticias.com\/editor\/sigue-el-reforzamiento-de-la-seguridad-en-neiva\/","title":{"rendered":"Sigue el reforzamiento de la seguridad en Neiva"},"content":{"rendered":"<p>En un esfuerzo por fortalecer la seguridad, el orden y la convivencia en el municipio de Neiva, el alcalde de Neiva, Germ\u00e1n Casagua Bonilla, present\u00f3 y dio la bienvenida al Grupo de Operaciones Especiales-GOES de la Polic\u00eda Metropolitana de Neiva, el cual est\u00e1 conformado por hombres y mujeres altamente capacitados para combatir la delincuencia tanto en la zona urbana y rural del Municipio.<\/p>\n<p>\u201cHoy quiero presentarles el Grupo de Operaciones Especiales para nuestra Polic\u00eda Metropolitana, un grupo de uniformados que se han capacitado y que tienen toda la experiencia y la certificaci\u00f3n para combatir actos de delincuencia y terrorismo que se presenten en nuestro Municipio\u201d, anunci\u00f3 el alcalde de Neiva ante medios de comunicaci\u00f3n.<\/p>\n<p>El Grupo de Operaciones Especiales-GOES no solo posee la experiencia necesaria, sino que tambi\u00e9n han obtenido certificaciones especializadas que avalan su capacidad para operar en situaciones complejas y de alto riesgo.<\/p>\n<p><strong>Enfocados en combatir la delincuencia<\/strong><\/p>\n<p>El mandatario de los neivanos destac\u00f3 que Neiva es uno de los pocos municipios del pa\u00eds que cuenta con un grupo de polic\u00edas tan especializados, lo que representa una gesti\u00f3n positiva por parte de la Administraci\u00f3n Municipal y la Polic\u00eda Metropolitana, para frenar hechos delincuenciales que afectan a los ciudadanos.<\/p>\n<p>\u201cEl GOES lleg\u00f3 para quedarse en el municipio de Neiva. Son muy pocos los municipios que cuentan con este grupo de polic\u00edas especializados, eso es una gran gesti\u00f3n que nos permitir\u00e1 seguir dando resultados como lo hemos venido haciendo\u201d, afirm\u00f3 Casagua Bonilla.<\/p>\n<p>Adem\u00e1s de este grupo en menci\u00f3n, la ciudad cuenta con el UNIPOL, otra unidad que ha contribuido a la disminuci\u00f3n de los indicadores de delincuencia en Neiva, as\u00ed como a las capturas de actores delincuenciales.<\/p>\n<p>\u201cAqu\u00ed nos estamos fortaleciendo, no vamos a dar el brazo a torcer ante la delincuencia. Vamos a seguir trabajando fuertemente, ya les estamos colocando l\u00edmites a muchos de estos delincuentes que ven\u00edan haciendo lo que les parec\u00eda en nuestro municipio y son muchas las capturas que estamos presentando y van a ser muchas m\u00e1s\u201d, puntualiz\u00f3 el mandatario.<\/p>\n","protected":false},"excerpt":{"rendered":"<p>En un esfuerzo por fortalecer la seguridad, el orden y la convivencia en el municipio de Neiva, el alcalde de Neiva, Germ\u00e1n Casagua Bonilla, present\u00f3 y dio la bienvenida al Grupo de Operaciones Especiales-GOES de la Polic\u00eda Metropolitana de Neiva, el cual est\u00e1 conformado por hombres y mujeres altamente capacitados para combatir la delincuencia tanto [&hellip;]<\/p>\n","protected":false},"author":2,"featured_media":73288,"comment_status":"closed","ping_status":"open","sticky":false,"template":"","format":"standard","meta":{"footnotes":""},"categories":[31],"tags":[],"class_list":["post-73287","post","type-post","status-publish","format-standard","has-post-thumbnail","hentry","category-local"],"yoast_head":"<!-- This site is optimized with the Yoast SEO plugin v26.6 - https:\/\/yoast.com\/wordpress\/plugins\/seo\/ -->\n<title>Sigue el reforzamiento de la seguridad en Neiva -<\/title>\n<meta name=\"robots\" content=\"index, follow, max-snippet:-1, max-image-preview:large, max-video-preview:-1\" \/>\n<link rel=\"canonical\" href=\"https:\/\/luchonoticias.com\/editor\/sigue-el-reforzamiento-de-la-seguridad-en-neiva\/\" \/>\n<meta property=\"og:locale\" content=\"es_ES\" \/>\n<meta property=\"og:type\" content=\"article\" \/>\n<meta property=\"og:title\" content=\"Sigue el reforzamiento de la seguridad en Neiva -\" \/>\n<meta property=\"og:url\" content=\"https:\/\/luchonoticias.com\/editor\/sigue-el-reforzamiento-de-la-seguridad-en-neiva\/\" \/>\n<meta property=\"article:publisher\" content=\"https:\/\/www.facebook.com\/luchonoticiasneiva\" \/>\n<meta property=\"article:published_time\" content=\"2024-05-21T12:09:07+00:00\" \/>\n<meta property=\"og:image\" content=\"https:\/\/luchonoticias.com\/editor\/wp-content\/uploads\/2024\/05\/seguridad-neiva.jpg\" \/>\n\t<meta property=\"og:image:width\" content=\"700\" \/>\n\t<meta property=\"og:image:height\" content=\"400\" \/>\n\t<meta property=\"og:image:type\" content=\"image\/jpeg\" \/>\n<meta name=\"author\" content=\"Editor General\" \/>\n<meta name=\"twitter:card\" content=\"summary_large_image\" \/>\n<meta name=\"twitter:label1\" content=\"Escrito por\" \/>\n\t<meta name=\"twitter:data1\" content=\"Editor General\" \/>\n\t<meta name=\"twitter:label2\" content=\"Tiempo de lectura\" \/>\n\t<meta name=\"twitter:data2\" content=\"2 minutos\" \/>\n<script type=\"application\/ld+json\" class=\"yoast-schema-graph\">{\"@context\":\"https:\/\/schema.org\",\"@graph\":[{\"@type\":\"Article\",\"@id\":\"https:\/\/luchonoticias.com\/editor\/sigue-el-reforzamiento-de-la-seguridad-en-neiva\/#article\",\"isPartOf\":{\"@id\":\"https:\/\/luchonoticias.com\/editor\/sigue-el-reforzamiento-de-la-seguridad-en-neiva\/\"},\"author\":{\"name\":\"Editor General\",\"@id\":\"https:\/\/luchonoticias.com\/editor\/#\/schema\/person\/29217990ddf6f14e35912b2866d591fb\"},\"headline\":\"Sigue el reforzamiento de la seguridad en Neiva\",\"datePublished\":\"2024-05-21T12:09:07+00:00\",\"mainEntityOfPage\":{\"@id\":\"https:\/\/luchonoticias.com\/editor\/sigue-el-reforzamiento-de-la-seguridad-en-neiva\/\"},\"wordCount\":362,\"publisher\":{\"@id\":\"https:\/\/luchonoticias.com\/editor\/#\/schema\/person\/7a7fd911f58561fd056dbac7b55af9cd\"},\"image\":{\"@id\":\"https:\/\/luchonoticias.com\/editor\/sigue-el-reforzamiento-de-la-seguridad-en-neiva\/#primaryimage\"},\"thumbnailUrl\":\"https:\/\/luchonoticias.com\/editor\/wp-content\/uploads\/2024\/05\/seguridad-neiva.jpg\",\"articleSection\":[\"Local\"],\"inLanguage\":\"es\"},{\"@type\":\"WebPage\",\"@id\":\"https:\/\/luchonoticias.com\/editor\/sigue-el-reforzamiento-de-la-seguridad-en-neiva\/\",\"url\":\"https:\/\/luchonoticias.com\/editor\/sigue-el-reforzamiento-de-la-seguridad-en-neiva\/\",\"name\":\"Sigue el reforzamiento de la seguridad en Neiva -\",\"isPartOf\":{\"@id\":\"https:\/\/luchonoticias.com\/editor\/#website\"},\"primaryImageOfPage\":{\"@id\":\"https:\/\/luchonoticias.com\/editor\/sigue-el-reforzamiento-de-la-seguridad-en-neiva\/#primaryimage\"},\"image\":{\"@id\":\"https:\/\/luchonoticias.com\/editor\/sigue-el-reforzamiento-de-la-seguridad-en-neiva\/#primaryimage\"},\"thumbnailUrl\":\"https:\/\/luchonoticias.com\/editor\/wp-content\/uploads\/2024\/05\/seguridad-neiva.jpg\",\"datePublished\":\"2024-05-21T12:09:07+00:00\",\"breadcrumb\":{\"@id\":\"https:\/\/luchonoticias.com\/editor\/sigue-el-reforzamiento-de-la-seguridad-en-neiva\/#breadcrumb\"},\"inLanguage\":\"es\",\"potentialAction\":[{\"@type\":\"ReadAction\",\"target\":[\"https:\/\/luchonoticias.com\/editor\/sigue-el-reforzamiento-de-la-seguridad-en-neiva\/\"]}]},{\"@type\":\"ImageObject\",\"inLanguage\":\"es\",\"@id\":\"https:\/\/luchonoticias.com\/editor\/sigue-el-reforzamiento-de-la-seguridad-en-neiva\/#primaryimage\",\"url\":\"https:\/\/luchonoticias.com\/editor\/wp-content\/uploads\/2024\/05\/seguridad-neiva.jpg\",\"contentUrl\":\"https:\/\/luchonoticias.com\/editor\/wp-content\/uploads\/2024\/05\/seguridad-neiva.jpg\",\"width\":700,\"height\":400},{\"@type\":\"BreadcrumbList\",\"@id\":\"https:\/\/luchonoticias.com\/editor\/sigue-el-reforzamiento-de-la-seguridad-en-neiva\/#breadcrumb\",\"itemListElement\":[{\"@type\":\"ListItem\",\"position\":1,\"name\":\"Portada\",\"item\":\"https:\/\/luchonoticias.com\/editor\/\"},{\"@type\":\"ListItem\",\"position\":2,\"name\":\"Sigue el reforzamiento de la seguridad en Neiva\"}]},{\"@type\":\"WebSite\",\"@id\":\"https:\/\/luchonoticias.com\/editor\/#website\",\"url\":\"https:\/\/luchonoticias.com\/editor\/\",\"name\":\"\",\"description\":\"\",\"publisher\":{\"@id\":\"https:\/\/luchonoticias.com\/editor\/#\/schema\/person\/7a7fd911f58561fd056dbac7b55af9cd\"},\"potentialAction\":[{\"@type\":\"SearchAction\",\"target\":{\"@type\":\"EntryPoint\",\"urlTemplate\":\"https:\/\/luchonoticias.com\/editor\/?s={search_term_string}\"},\"query-input\":{\"@type\":\"PropertyValueSpecification\",\"valueRequired\":true,\"valueName\":\"search_term_string\"}}],\"inLanguage\":\"es\"},{\"@type\":[\"Person\",\"Organization\"],\"@id\":\"https:\/\/luchonoticias.com\/editor\/#\/schema\/person\/7a7fd911f58561fd056dbac7b55af9cd\",\"name\":\"admin\",\"image\":{\"@type\":\"ImageObject\",\"inLanguage\":\"es\",\"@id\":\"https:\/\/luchonoticias.com\/editor\/#\/schema\/person\/image\/\",\"url\":\"https:\/\/luchonoticias.com\/editor\/wp-content\/uploads\/2024\/02\/cropped-cropped-logolu.webp\",\"contentUrl\":\"https:\/\/luchonoticias.com\/editor\/wp-content\/uploads\/2024\/02\/cropped-cropped-logolu.webp\",\"width\":382,\"height\":170,\"caption\":\"admin\"},\"logo\":{\"@id\":\"https:\/\/luchonoticias.com\/editor\/#\/schema\/person\/image\/\"},\"sameAs\":[\"https:\/\/www.facebook.com\/luchonoticiasneiva\"]},{\"@type\":\"Person\",\"@id\":\"https:\/\/luchonoticias.com\/editor\/#\/schema\/person\/29217990ddf6f14e35912b2866d591fb\",\"name\":\"Editor General\",\"image\":{\"@type\":\"ImageObject\",\"inLanguage\":\"es\",\"@id\":\"https:\/\/luchonoticias.com\/editor\/#\/schema\/person\/image\/\",\"url\":\"https:\/\/luchonoticias.com\/editor\/wp-content\/uploads\/2024\/02\/cropped-cropped-logolu-150x150.webp\",\"contentUrl\":\"https:\/\/luchonoticias.com\/editor\/wp-content\/uploads\/2024\/02\/cropped-cropped-logolu-150x150.webp\",\"caption\":\"Editor General\"},\"sameAs\":[\"https:\/\/luchonoticias.com\/\"],\"url\":\"https:\/\/luchonoticias.com\/editor\/author\/editor-general\/\"}]}<\/script>\n<!-- \/ Yoast SEO plugin. -->","yoast_head_json":{"title":"Sigue el reforzamiento de la seguridad en Neiva -","robots":{"index":"index","follow":"follow","max-snippet":"max-snippet:-1","max-image-preview":"max-image-preview:large","max-video-preview":"max-video-preview:-1"},"canonical":"https:\/\/luchonoticias.com\/editor\/sigue-el-reforzamiento-de-la-seguridad-en-neiva\/","og_locale":"es_ES","og_type":"article","og_title":"Sigue el reforzamiento de la seguridad en Neiva -","og_url":"https:\/\/luchonoticias.com\/editor\/sigue-el-reforzamiento-de-la-seguridad-en-neiva\/","article_publisher":"https:\/\/www.facebook.com\/luchonoticiasneiva","article_published_time":"2024-05-21T12:09:07+00:00","og_image":[{"width":700,"height":400,"url":"https:\/\/luchonoticias.com\/editor\/wp-content\/uploads\/2024\/05\/seguridad-neiva.jpg","type":"image\/jpeg"}],"author":"Editor General","twitter_card":"summary_large_image","twitter_misc":{"Escrito por":"Editor General","Tiempo de lectura":"2 minutos"},"schema":{"@context":"https:\/\/schema.org","@graph":[{"@type":"Article","@id":"https:\/\/luchonoticias.com\/editor\/sigue-el-reforzamiento-de-la-seguridad-en-neiva\/#article","isPartOf":{"@id":"https:\/\/luchonoticias.com\/editor\/sigue-el-reforzamiento-de-la-seguridad-en-neiva\/"},"author":{"name":"Editor General","@id":"https:\/\/luchonoticias.com\/editor\/#\/schema\/person\/29217990ddf6f14e35912b2866d591fb"},"headline":"Sigue el reforzamiento de la seguridad en Neiva","datePublished":"2024-05-21T12:09:07+00:00","mainEntityOfPage":{"@id":"https:\/\/luchonoticias.com\/editor\/sigue-el-reforzamiento-de-la-seguridad-en-neiva\/"},"wordCount":362,"publisher":{"@id":"https:\/\/luchonoticias.com\/editor\/#\/schema\/person\/7a7fd911f58561fd056dbac7b55af9cd"},"image":{"@id":"https:\/\/luchonoticias.com\/editor\/sigue-el-reforzamiento-de-la-seguridad-en-neiva\/#primaryimage"},"thumbnailUrl":"https:\/\/luchonoticias.com\/editor\/wp-content\/uploads\/2024\/05\/seguridad-neiva.jpg","articleSection":["Local"],"inLanguage":"es"},{"@type":"WebPage","@id":"https:\/\/luchonoticias.com\/editor\/sigue-el-reforzamiento-de-la-seguridad-en-neiva\/","url":"https:\/\/luchonoticias.com\/editor\/sigue-el-reforzamiento-de-la-seguridad-en-neiva\/","name":"Sigue el reforzamiento de la seguridad en Neiva -","isPartOf":{"@id":"https:\/\/luchonoticias.com\/editor\/#website"},"primaryImageOfPage":{"@id":"https:\/\/luchonoticias.com\/editor\/sigue-el-reforzamiento-de-la-seguridad-en-neiva\/#primaryimage"},"image":{"@id":"https:\/\/luchonoticias.com\/editor\/sigue-el-reforzamiento-de-la-seguridad-en-neiva\/#primaryimage"},"thumbnailUrl":"https:\/\/luchonoticias.com\/editor\/wp-content\/uploads\/2024\/05\/seguridad-neiva.jpg","datePublished":"2024-05-21T12:09:07+00:00","breadcrumb":{"@id":"https:\/\/luchonoticias.com\/editor\/sigue-el-reforzamiento-de-la-seguridad-en-neiva\/#breadcrumb"},"inLanguage":"es","potentialAction":[{"@type":"ReadAction","target":["https:\/\/luchonoticias.com\/editor\/sigue-el-reforzamiento-de-la-seguridad-en-neiva\/"]}]},{"@type":"ImageObject","inLanguage":"es","@id":"https:\/\/luchonoticias.com\/editor\/sigue-el-reforzamiento-de-la-seguridad-en-neiva\/#primaryimage","url":"https:\/\/luchonoticias.com\/editor\/wp-content\/uploads\/2024\/05\/seguridad-neiva.jpg","contentUrl":"https:\/\/luchonoticias.com\/editor\/wp-content\/uploads\/2024\/05\/seguridad-neiva.jpg","width":700,"height":400},{"@type":"BreadcrumbList","@id":"https:\/\/luchonoticias.com\/editor\/sigue-el-reforzamiento-de-la-seguridad-en-neiva\/#breadcrumb","itemListElement":[{"@type":"ListItem","position":1,"name":"Portada","item":"https:\/\/luchonoticias.com\/editor\/"},{"@type":"ListItem","position":2,"name":"Sigue el reforzamiento de la seguridad en Neiva"}]},{"@type":"WebSite","@id":"https:\/\/luchonoticias.com\/editor\/#website","url":"https:\/\/luchonoticias.com\/editor\/","name":"","description":"","publisher":{"@id":"https:\/\/luchonoticias.com\/editor\/#\/schema\/person\/7a7fd911f58561fd056dbac7b55af9cd"},"potentialAction":[{"@type":"SearchAction","target":{"@type":"EntryPoint","urlTemplate":"https:\/\/luchonoticias.com\/editor\/?s={search_term_string}"},"query-input":{"@type":"PropertyValueSpecification","valueRequired":true,"valueName":"search_term_string"}}],"inLanguage":"es"},{"@type":["Person","Organization"],"@id":"https:\/\/luchonoticias.com\/editor\/#\/schema\/person\/7a7fd911f58561fd056dbac7b55af9cd","name":"admin","image":{"@type":"ImageObject","inLanguage":"es","@id":"https:\/\/luchonoticias.com\/editor\/#\/schema\/person\/image\/","url":"https:\/\/luchonoticias.com\/editor\/wp-content\/uploads\/2024\/02\/cropped-cropped-logolu.webp","contentUrl":"https:\/\/luchonoticias.com\/editor\/wp-content\/uploads\/2024\/02\/cropped-cropped-logolu.webp","width":382,"height":170,"caption":"admin"},"logo":{"@id":"https:\/\/luchonoticias.com\/editor\/#\/schema\/person\/image\/"},"sameAs":["https:\/\/www.facebook.com\/luchonoticiasneiva"]},{"@type":"Person","@id":"https:\/\/luchonoticias.com\/editor\/#\/schema\/person\/29217990ddf6f14e35912b2866d591fb","name":"Editor General","image":{"@type":"ImageObject","inLanguage":"es","@id":"https:\/\/luchonoticias.com\/editor\/#\/schema\/person\/image\/","url":"https:\/\/luchonoticias.com\/editor\/wp-content\/uploads\/2024\/02\/cropped-cropped-logolu-150x150.webp","contentUrl":"https:\/\/luchonoticias.com\/editor\/wp-content\/uploads\/2024\/02\/cropped-cropped-logolu-150x150.webp","caption":"Editor General"},"sameAs":["https:\/\/luchonoticias.com\/"],"url":"https:\/\/luchonoticias.com\/editor\/author\/editor-general\/"}]}},"_links":{"self":[{"href":"https:\/\/luchonoticias.com\/editor\/wp-json\/wp\/v2\/posts\/73287","targetHints":{"allow":["GET"]}}],"collection":[{"href":"https:\/\/luchonoticias.com\/editor\/wp-json\/wp\/v2\/posts"}],"about":[{"href":"https:\/\/luchonoticias.com\/editor\/wp-json\/wp\/v2\/types\/post"}],"author":[{"embeddable":true,"href":"https:\/\/luchonoticias.com\/editor\/wp-json\/wp\/v2\/users\/2"}],"replies":[{"embeddable":true,"href":"https:\/\/luchonoticias.com\/editor\/wp-json\/wp\/v2\/comments?post=73287"}],"version-history":[{"count":0,"href":"https:\/\/luchonoticias.com\/editor\/wp-json\/wp\/v2\/posts\/73287\/revisions"}],"wp:featuredmedia":[{"embeddable":true,"href":"https:\/\/luchonoticias.com\/editor\/wp-json\/wp\/v2\/media\/73288"}],"wp:attachment":[{"href":"https:\/\/luchonoticias.com\/editor\/wp-json\/wp\/v2\/media?parent=73287"}],"wp:term":[{"taxonomy":"category","embeddable":true,"href":"https:\/\/luchonoticias.com\/editor\/wp-json\/wp\/v2\/categories?post=73287"},{"taxonomy":"post_tag","embeddable":true,"href":"https:\/\/luchonoticias.com\/editor\/wp-json\/wp\/v2\/tags?post=73287"}],"curies":[{"name":"wp","href":"https:\/\/api.w.org\/{rel}","templated":true}]}}