{"id":73290,"date":"2024-05-21T07:14:34","date_gmt":"2024-05-21T12:14:34","guid":{"rendered":"https:\/\/luchonoticias.com\/?p=73290"},"modified":"2024-05-21T07:14:34","modified_gmt":"2024-05-21T12:14:34","slug":"listo-el-presupuesto-de-indemnizacion-a-la-union-patriotica","status":"publish","type":"post","link":"https:\/\/luchonoticias.com\/editor\/listo-el-presupuesto-de-indemnizacion-a-la-union-patriotica\/","title":{"rendered":"Listo el presupuesto de indemnizaci\u00f3n a la Uni\u00f3n Patri\u00f3tica"},"content":{"rendered":"<div>El Gobierno ha expedido 54 resoluciones de pago por un valor de $4.722 millones que benefician a 77 v\u00edctimas de familiares y v\u00edctimas directas del genocidio contra los miembros de la Uni\u00f3n Patri\u00f3tica (UP), en cumplimiento de una sentencia de la Corte Interamericana de Derechos Humanos del 27 de julio de 2022.<\/div>\n<div><\/div>\n<div>El proceso de pago comenz\u00f3 desde el pasado 18 de abril y a finales de mayo se proyecta la entrega de $1.679 millones m\u00e1s para completar un total de $6.401 millones. A la fecha se han recibido 1.706 solicitudes a trav\u00e9s del formulario web y por correo electr\u00f3nico.<\/div>\n<div><\/div>\n<div>La Comisi\u00f3n para la identificaci\u00f3n de las V\u00edctimas de la Uni\u00f3n Patri\u00f3tica (UP), instalada por el presidente Gustavo Petro, indemnizar\u00e1 a 677 v\u00edctimas directas de desaparici\u00f3n forzada, ejecuci\u00f3n extrajudicial, tortura, desplazamiento forzado, amenaza, lesiones, tentativa de homicidio y judicializaci\u00f3n infundada; 761 v\u00edctimas por violaciones a la integridad personal, garant\u00edas judiciales y protecci\u00f3n judicial, y 5.503 v\u00edctimas por graves violaciones de los derechos humanos.<\/div>\n<div><\/div>\n<p><strong>Procedimiento de constataci\u00f3n para las v\u00edctimas:<\/strong><\/p>\n<div><\/div>\n<div><strong>Presentaci\u00f3n de la solicitud:<\/strong>\u00a0se puede realizar a trav\u00e9s de la p\u00e1gina web de la Comisi\u00f3n https:\/\/www.comisionidentificacionup.co\/noticia-1\/, por correo electr\u00f3nico o de manera f\u00edsica en la sede de la Comisi\u00f3n.<\/div>\n<div><\/div>\n<div><strong>Aporte de los documentos:<\/strong>\u00a0las v\u00edctimas deben aportar sus documentos que establezcan la identidad y aquellos que demuestren la relaci\u00f3n de parentesco con las victimas incluidas en los anexos I, II o III de la Sentencia. No se deben aportar pruebas del hecho violatorio.<\/div>\n<div><\/div>\n<div><strong>Est\u00e1ndar de prueba flexible:<\/strong>\u00a0ser\u00e1n valorados de manera flexible los documentos aportados, sin que se requiera su autenticaci\u00f3n o la formalidad de los mismos.<\/div>\n<div><\/div>\n<div>La Comisi\u00f3n puede decretar pruebas para:<\/div>\n<div><\/div>\n<div>\u2022 Completar la documentaci\u00f3n que hace parte del proceso y as\u00ed realizar la constataci\u00f3n de identidad y\/o parentesco.<\/div>\n<div><\/div>\n<div>\u2022 Verificar la autenticidad de la documentaci\u00f3n aportada.<\/div>\n<div><\/div>\n<div>\u2022 Subsanar la informaci\u00f3n suministrada por la v\u00edctima, entre otros.<\/div>\n<div>\u200b<\/div>\n<div><strong>Las solicitudes de constataci\u00f3n de los anexos II y III se trasladan al Estado:<\/strong>\u00a0el Estado tiene un plazo de 60 d\u00edas para presentar prueba fehaciente con el fin de excluir v\u00edctimas de los anexos II y III.<\/div>\n<div><\/div>\n<div><strong>Pago de la reparaci\u00f3n econ\u00f3mica:<\/strong>\u00a0Conforme la Comisi\u00f3n efect\u00fae las constataciones de identidad y\/o parentesco la Unidad para las V\u00edctimas deber\u00e1 hacer \u200b\u200befectivas las reparaciones econ\u00f3micas a favor de los solicitantes, conforme a los par\u00e1metros ordenados por la sentencia de la Corte IDH.<\/div>\n<div><\/div>\n","protected":false},"excerpt":{"rendered":"<p>El Gobierno ha expedido 54 resoluciones de pago por un valor de $4.722 millones que benefician a 77 v\u00edctimas de familiares y v\u00edctimas directas del genocidio contra los miembros de la Uni\u00f3n Patri\u00f3tica (UP), en cumplimiento de una sentencia de la Corte Interamericana de Derechos Humanos del 27 de julio de 2022. El proceso de [&hellip;]<\/p>\n","protected":false},"author":2,"featured_media":73291,"comment_status":"closed","ping_status":"open","sticky":false,"template":"","format":"standard","meta":{"footnotes":""},"categories":[28],"tags":[],"class_list":["post-73290","post","type-post","status-publish","format-standard","has-post-thumbnail","hentry","category-actualidad"],"yoast_head":"<!-- This site is optimized with the Yoast SEO plugin v26.6 - https:\/\/yoast.com\/wordpress\/plugins\/seo\/ -->\n<title>Listo el presupuesto de indemnizaci\u00f3n a la Uni\u00f3n Patri\u00f3tica -<\/title>\n<meta name=\"robots\" content=\"index, follow, max-snippet:-1, max-image-preview:large, max-video-preview:-1\" \/>\n<link rel=\"canonical\" href=\"https:\/\/luchonoticias.com\/editor\/listo-el-presupuesto-de-indemnizacion-a-la-union-patriotica\/\" \/>\n<meta property=\"og:locale\" content=\"es_ES\" \/>\n<meta property=\"og:type\" content=\"article\" \/>\n<meta property=\"og:title\" content=\"Listo el presupuesto de indemnizaci\u00f3n a la Uni\u00f3n Patri\u00f3tica -\" \/>\n<meta property=\"og:url\" content=\"https:\/\/luchonoticias.com\/editor\/listo-el-presupuesto-de-indemnizacion-a-la-union-patriotica\/\" \/>\n<meta property=\"article:publisher\" content=\"https:\/\/www.facebook.com\/luchonoticiasneiva\" \/>\n<meta property=\"article:published_time\" content=\"2024-05-21T12:14:34+00:00\" \/>\n<meta property=\"og:image\" content=\"https:\/\/luchonoticias.com\/editor\/wp-content\/uploads\/2024\/05\/union-patriotica.jpg\" \/>\n\t<meta property=\"og:image:width\" content=\"700\" \/>\n\t<meta property=\"og:image:height\" content=\"400\" \/>\n\t<meta property=\"og:image:type\" content=\"image\/jpeg\" \/>\n<meta name=\"author\" content=\"Editor General\" \/>\n<meta name=\"twitter:card\" content=\"summary_large_image\" \/>\n<meta name=\"twitter:label1\" content=\"Escrito por\" \/>\n\t<meta name=\"twitter:data1\" content=\"Editor General\" \/>\n\t<meta name=\"twitter:label2\" content=\"Tiempo de lectura\" \/>\n\t<meta name=\"twitter:data2\" content=\"2 minutos\" \/>\n<script type=\"application\/ld+json\" class=\"yoast-schema-graph\">{\"@context\":\"https:\/\/schema.org\",\"@graph\":[{\"@type\":\"Article\",\"@id\":\"https:\/\/luchonoticias.com\/editor\/listo-el-presupuesto-de-indemnizacion-a-la-union-patriotica\/#article\",\"isPartOf\":{\"@id\":\"https:\/\/luchonoticias.com\/editor\/listo-el-presupuesto-de-indemnizacion-a-la-union-patriotica\/\"},\"author\":{\"name\":\"Editor General\",\"@id\":\"https:\/\/luchonoticias.com\/editor\/#\/schema\/person\/29217990ddf6f14e35912b2866d591fb\"},\"headline\":\"Listo el presupuesto de indemnizaci\u00f3n a la Uni\u00f3n Patri\u00f3tica\",\"datePublished\":\"2024-05-21T12:14:34+00:00\",\"mainEntityOfPage\":{\"@id\":\"https:\/\/luchonoticias.com\/editor\/listo-el-presupuesto-de-indemnizacion-a-la-union-patriotica\/\"},\"wordCount\":442,\"publisher\":{\"@id\":\"https:\/\/luchonoticias.com\/editor\/#\/schema\/person\/7a7fd911f58561fd056dbac7b55af9cd\"},\"image\":{\"@id\":\"https:\/\/luchonoticias.com\/editor\/listo-el-presupuesto-de-indemnizacion-a-la-union-patriotica\/#primaryimage\"},\"thumbnailUrl\":\"https:\/\/luchonoticias.com\/editor\/wp-content\/uploads\/2024\/05\/union-patriotica.jpg\",\"articleSection\":[\"Actualidad\"],\"inLanguage\":\"es\"},{\"@type\":\"WebPage\",\"@id\":\"https:\/\/luchonoticias.com\/editor\/listo-el-presupuesto-de-indemnizacion-a-la-union-patriotica\/\",\"url\":\"https:\/\/luchonoticias.com\/editor\/listo-el-presupuesto-de-indemnizacion-a-la-union-patriotica\/\",\"name\":\"Listo el presupuesto de indemnizaci\u00f3n a la Uni\u00f3n Patri\u00f3tica -\",\"isPartOf\":{\"@id\":\"https:\/\/luchonoticias.com\/editor\/#website\"},\"primaryImageOfPage\":{\"@id\":\"https:\/\/luchonoticias.com\/editor\/listo-el-presupuesto-de-indemnizacion-a-la-union-patriotica\/#primaryimage\"},\"image\":{\"@id\":\"https:\/\/luchonoticias.com\/editor\/listo-el-presupuesto-de-indemnizacion-a-la-union-patriotica\/#primaryimage\"},\"thumbnailUrl\":\"https:\/\/luchonoticias.com\/editor\/wp-content\/uploads\/2024\/05\/union-patriotica.jpg\",\"datePublished\":\"2024-05-21T12:14:34+00:00\",\"breadcrumb\":{\"@id\":\"https:\/\/luchonoticias.com\/editor\/listo-el-presupuesto-de-indemnizacion-a-la-union-patriotica\/#breadcrumb\"},\"inLanguage\":\"es\",\"potentialAction\":[{\"@type\":\"ReadAction\",\"target\":[\"https:\/\/luchonoticias.com\/editor\/listo-el-presupuesto-de-indemnizacion-a-la-union-patriotica\/\"]}]},{\"@type\":\"ImageObject\",\"inLanguage\":\"es\",\"@id\":\"https:\/\/luchonoticias.com\/editor\/listo-el-presupuesto-de-indemnizacion-a-la-union-patriotica\/#primaryimage\",\"url\":\"https:\/\/luchonoticias.com\/editor\/wp-content\/uploads\/2024\/05\/union-patriotica.jpg\",\"contentUrl\":\"https:\/\/luchonoticias.com\/editor\/wp-content\/uploads\/2024\/05\/union-patriotica.jpg\",\"width\":700,\"height\":400},{\"@type\":\"BreadcrumbList\",\"@id\":\"https:\/\/luchonoticias.com\/editor\/listo-el-presupuesto-de-indemnizacion-a-la-union-patriotica\/#breadcrumb\",\"itemListElement\":[{\"@type\":\"ListItem\",\"position\":1,\"name\":\"Portada\",\"item\":\"https:\/\/luchonoticias.com\/editor\/\"},{\"@type\":\"ListItem\",\"position\":2,\"name\":\"Listo el presupuesto de indemnizaci\u00f3n a la Uni\u00f3n Patri\u00f3tica\"}]},{\"@type\":\"WebSite\",\"@id\":\"https:\/\/luchonoticias.com\/editor\/#website\",\"url\":\"https:\/\/luchonoticias.com\/editor\/\",\"name\":\"\",\"description\":\"\",\"publisher\":{\"@id\":\"https:\/\/luchonoticias.com\/editor\/#\/schema\/person\/7a7fd911f58561fd056dbac7b55af9cd\"},\"potentialAction\":[{\"@type\":\"SearchAction\",\"target\":{\"@type\":\"EntryPoint\",\"urlTemplate\":\"https:\/\/luchonoticias.com\/editor\/?s={search_term_string}\"},\"query-input\":{\"@type\":\"PropertyValueSpecification\",\"valueRequired\":true,\"valueName\":\"search_term_string\"}}],\"inLanguage\":\"es\"},{\"@type\":[\"Person\",\"Organization\"],\"@id\":\"https:\/\/luchonoticias.com\/editor\/#\/schema\/person\/7a7fd911f58561fd056dbac7b55af9cd\",\"name\":\"admin\",\"image\":{\"@type\":\"ImageObject\",\"inLanguage\":\"es\",\"@id\":\"https:\/\/luchonoticias.com\/editor\/#\/schema\/person\/image\/\",\"url\":\"https:\/\/luchonoticias.com\/editor\/wp-content\/uploads\/2024\/02\/cropped-cropped-logolu.webp\",\"contentUrl\":\"https:\/\/luchonoticias.com\/editor\/wp-content\/uploads\/2024\/02\/cropped-cropped-logolu.webp\",\"width\":382,\"height\":170,\"caption\":\"admin\"},\"logo\":{\"@id\":\"https:\/\/luchonoticias.com\/editor\/#\/schema\/person\/image\/\"},\"sameAs\":[\"https:\/\/www.facebook.com\/luchonoticiasneiva\"]},{\"@type\":\"Person\",\"@id\":\"https:\/\/luchonoticias.com\/editor\/#\/schema\/person\/29217990ddf6f14e35912b2866d591fb\",\"name\":\"Editor General\",\"image\":{\"@type\":\"ImageObject\",\"inLanguage\":\"es\",\"@id\":\"https:\/\/luchonoticias.com\/editor\/#\/schema\/person\/image\/\",\"url\":\"https:\/\/luchonoticias.com\/editor\/wp-content\/uploads\/2024\/02\/cropped-cropped-logolu-150x150.webp\",\"contentUrl\":\"https:\/\/luchonoticias.com\/editor\/wp-content\/uploads\/2024\/02\/cropped-cropped-logolu-150x150.webp\",\"caption\":\"Editor General\"},\"sameAs\":[\"https:\/\/luchonoticias.com\/\"],\"url\":\"https:\/\/luchonoticias.com\/editor\/author\/editor-general\/\"}]}<\/script>\n<!-- \/ Yoast SEO plugin. -->","yoast_head_json":{"title":"Listo el presupuesto de indemnizaci\u00f3n a la Uni\u00f3n Patri\u00f3tica -","robots":{"index":"index","follow":"follow","max-snippet":"max-snippet:-1","max-image-preview":"max-image-preview:large","max-video-preview":"max-video-preview:-1"},"canonical":"https:\/\/luchonoticias.com\/editor\/listo-el-presupuesto-de-indemnizacion-a-la-union-patriotica\/","og_locale":"es_ES","og_type":"article","og_title":"Listo el presupuesto de indemnizaci\u00f3n a la Uni\u00f3n Patri\u00f3tica -","og_url":"https:\/\/luchonoticias.com\/editor\/listo-el-presupuesto-de-indemnizacion-a-la-union-patriotica\/","article_publisher":"https:\/\/www.facebook.com\/luchonoticiasneiva","article_published_time":"2024-05-21T12:14:34+00:00","og_image":[{"width":700,"height":400,"url":"https:\/\/luchonoticias.com\/editor\/wp-content\/uploads\/2024\/05\/union-patriotica.jpg","type":"image\/jpeg"}],"author":"Editor General","twitter_card":"summary_large_image","twitter_misc":{"Escrito por":"Editor General","Tiempo de lectura":"2 minutos"},"schema":{"@context":"https:\/\/schema.org","@graph":[{"@type":"Article","@id":"https:\/\/luchonoticias.com\/editor\/listo-el-presupuesto-de-indemnizacion-a-la-union-patriotica\/#article","isPartOf":{"@id":"https:\/\/luchonoticias.com\/editor\/listo-el-presupuesto-de-indemnizacion-a-la-union-patriotica\/"},"author":{"name":"Editor General","@id":"https:\/\/luchonoticias.com\/editor\/#\/schema\/person\/29217990ddf6f14e35912b2866d591fb"},"headline":"Listo el presupuesto de indemnizaci\u00f3n a la Uni\u00f3n Patri\u00f3tica","datePublished":"2024-05-21T12:14:34+00:00","mainEntityOfPage":{"@id":"https:\/\/luchonoticias.com\/editor\/listo-el-presupuesto-de-indemnizacion-a-la-union-patriotica\/"},"wordCount":442,"publisher":{"@id":"https:\/\/luchonoticias.com\/editor\/#\/schema\/person\/7a7fd911f58561fd056dbac7b55af9cd"},"image":{"@id":"https:\/\/luchonoticias.com\/editor\/listo-el-presupuesto-de-indemnizacion-a-la-union-patriotica\/#primaryimage"},"thumbnailUrl":"https:\/\/luchonoticias.com\/editor\/wp-content\/uploads\/2024\/05\/union-patriotica.jpg","articleSection":["Actualidad"],"inLanguage":"es"},{"@type":"WebPage","@id":"https:\/\/luchonoticias.com\/editor\/listo-el-presupuesto-de-indemnizacion-a-la-union-patriotica\/","url":"https:\/\/luchonoticias.com\/editor\/listo-el-presupuesto-de-indemnizacion-a-la-union-patriotica\/","name":"Listo el presupuesto de indemnizaci\u00f3n a la Uni\u00f3n Patri\u00f3tica -","isPartOf":{"@id":"https:\/\/luchonoticias.com\/editor\/#website"},"primaryImageOfPage":{"@id":"https:\/\/luchonoticias.com\/editor\/listo-el-presupuesto-de-indemnizacion-a-la-union-patriotica\/#primaryimage"},"image":{"@id":"https:\/\/luchonoticias.com\/editor\/listo-el-presupuesto-de-indemnizacion-a-la-union-patriotica\/#primaryimage"},"thumbnailUrl":"https:\/\/luchonoticias.com\/editor\/wp-content\/uploads\/2024\/05\/union-patriotica.jpg","datePublished":"2024-05-21T12:14:34+00:00","breadcrumb":{"@id":"https:\/\/luchonoticias.com\/editor\/listo-el-presupuesto-de-indemnizacion-a-la-union-patriotica\/#breadcrumb"},"inLanguage":"es","potentialAction":[{"@type":"ReadAction","target":["https:\/\/luchonoticias.com\/editor\/listo-el-presupuesto-de-indemnizacion-a-la-union-patriotica\/"]}]},{"@type":"ImageObject","inLanguage":"es","@id":"https:\/\/luchonoticias.com\/editor\/listo-el-presupuesto-de-indemnizacion-a-la-union-patriotica\/#primaryimage","url":"https:\/\/luchonoticias.com\/editor\/wp-content\/uploads\/2024\/05\/union-patriotica.jpg","contentUrl":"https:\/\/luchonoticias.com\/editor\/wp-content\/uploads\/2024\/05\/union-patriotica.jpg","width":700,"height":400},{"@type":"BreadcrumbList","@id":"https:\/\/luchonoticias.com\/editor\/listo-el-presupuesto-de-indemnizacion-a-la-union-patriotica\/#breadcrumb","itemListElement":[{"@type":"ListItem","position":1,"name":"Portada","item":"https:\/\/luchonoticias.com\/editor\/"},{"@type":"ListItem","position":2,"name":"Listo el presupuesto de indemnizaci\u00f3n a la Uni\u00f3n Patri\u00f3tica"}]},{"@type":"WebSite","@id":"https:\/\/luchonoticias.com\/editor\/#website","url":"https:\/\/luchonoticias.com\/editor\/","name":"","description":"","publisher":{"@id":"https:\/\/luchonoticias.com\/editor\/#\/schema\/person\/7a7fd911f58561fd056dbac7b55af9cd"},"potentialAction":[{"@type":"SearchAction","target":{"@type":"EntryPoint","urlTemplate":"https:\/\/luchonoticias.com\/editor\/?s={search_term_string}"},"query-input":{"@type":"PropertyValueSpecification","valueRequired":true,"valueName":"search_term_string"}}],"inLanguage":"es"},{"@type":["Person","Organization"],"@id":"https:\/\/luchonoticias.com\/editor\/#\/schema\/person\/7a7fd911f58561fd056dbac7b55af9cd","name":"admin","image":{"@type":"ImageObject","inLanguage":"es","@id":"https:\/\/luchonoticias.com\/editor\/#\/schema\/person\/image\/","url":"https:\/\/luchonoticias.com\/editor\/wp-content\/uploads\/2024\/02\/cropped-cropped-logolu.webp","contentUrl":"https:\/\/luchonoticias.com\/editor\/wp-content\/uploads\/2024\/02\/cropped-cropped-logolu.webp","width":382,"height":170,"caption":"admin"},"logo":{"@id":"https:\/\/luchonoticias.com\/editor\/#\/schema\/person\/image\/"},"sameAs":["https:\/\/www.facebook.com\/luchonoticiasneiva"]},{"@type":"Person","@id":"https:\/\/luchonoticias.com\/editor\/#\/schema\/person\/29217990ddf6f14e35912b2866d591fb","name":"Editor General","image":{"@type":"ImageObject","inLanguage":"es","@id":"https:\/\/luchonoticias.com\/editor\/#\/schema\/person\/image\/","url":"https:\/\/luchonoticias.com\/editor\/wp-content\/uploads\/2024\/02\/cropped-cropped-logolu-150x150.webp","contentUrl":"https:\/\/luchonoticias.com\/editor\/wp-content\/uploads\/2024\/02\/cropped-cropped-logolu-150x150.webp","caption":"Editor General"},"sameAs":["https:\/\/luchonoticias.com\/"],"url":"https:\/\/luchonoticias.com\/editor\/author\/editor-general\/"}]}},"_links":{"self":[{"href":"https:\/\/luchonoticias.com\/editor\/wp-json\/wp\/v2\/posts\/73290","targetHints":{"allow":["GET"]}}],"collection":[{"href":"https:\/\/luchonoticias.com\/editor\/wp-json\/wp\/v2\/posts"}],"about":[{"href":"https:\/\/luchonoticias.com\/editor\/wp-json\/wp\/v2\/types\/post"}],"author":[{"embeddable":true,"href":"https:\/\/luchonoticias.com\/editor\/wp-json\/wp\/v2\/users\/2"}],"replies":[{"embeddable":true,"href":"https:\/\/luchonoticias.com\/editor\/wp-json\/wp\/v2\/comments?post=73290"}],"version-history":[{"count":0,"href":"https:\/\/luchonoticias.com\/editor\/wp-json\/wp\/v2\/posts\/73290\/revisions"}],"wp:featuredmedia":[{"embeddable":true,"href":"https:\/\/luchonoticias.com\/editor\/wp-json\/wp\/v2\/media\/73291"}],"wp:attachment":[{"href":"https:\/\/luchonoticias.com\/editor\/wp-json\/wp\/v2\/media?parent=73290"}],"wp:term":[{"taxonomy":"category","embeddable":true,"href":"https:\/\/luchonoticias.com\/editor\/wp-json\/wp\/v2\/categories?post=73290"},{"taxonomy":"post_tag","embeddable":true,"href":"https:\/\/luchonoticias.com\/editor\/wp-json\/wp\/v2\/tags?post=73290"}],"curies":[{"name":"wp","href":"https:\/\/api.w.org\/{rel}","templated":true}]}}