{"id":73299,"date":"2024-05-21T15:04:12","date_gmt":"2024-05-21T20:04:12","guid":{"rendered":"https:\/\/luchonoticias.com\/?p=73299"},"modified":"2024-05-21T15:04:12","modified_gmt":"2024-05-21T20:04:12","slug":"en-marcha-restauracion-ecologica-del-corredor-andino-amazonico-del-huila","status":"publish","type":"post","link":"https:\/\/luchonoticias.com\/editor\/en-marcha-restauracion-ecologica-del-corredor-andino-amazonico-del-huila\/","title":{"rendered":"En marcha restauraci\u00f3n ecol\u00f3gica del corredor andino amaz\u00f3nico del Huila"},"content":{"rendered":"<p>A toda marcha avanza el proceso de restauraci\u00f3n ecol\u00f3gica de la cobertura boscosa del Corredor Andino Amaz\u00f3nico que se viene ejecutando desde hace tres a\u00f1os en el territorio huilense.<\/p>\n<p>El proyecto Corredor Andino Amaz\u00f3nico HYLEA es una iniciativa que se viene ejecutando en el Huila a trav\u00e9s de la alianza entre la Corporaci\u00f3n Aut\u00f3noma Regional del Alto Magdalena-CAM, Gobernaci\u00f3n del Huila y Conservaci\u00f3n Internacional con el objetivo trabajar de manera conjunta por la protecci\u00f3n, conservaci\u00f3n y fortalecimiento de este corredor estrat\u00e9gico del departamento.<\/p>\n<p>En total 123.947 plantas se han sembrado en 45 veredas de los municipios de Colombia, Gigante, Tello, Guadalupe, Garz\u00f3n, Algeciras y Acevedo en el marco del componente de restauraci\u00f3n de los paisajes cafeteros y cacaoteros.<\/p>\n<p>\u201cNos pusimos la meta de mejorar las acciones de conectividad y protecci\u00f3n del recurso h\u00eddrico sobre la cordillera Oriental. Esta restauraci\u00f3n, significa la recuperaci\u00f3n y por supuesto el mejoramiento de las condiciones de los ecosistemas naturales que esperan se vean reflejados tambi\u00e9n en todas las condiciones de biodiversidad y servicios ambientales de la cordillera\u201d, indic\u00f3 Camilo Augusto Agudelo Perdomo, director General de la CAM.<\/p>\n<p>A la fecha, en 284 predios se viene adelantando este proceso de restauraci\u00f3n ecol\u00f3gica a trav\u00e9s de enriquecimiento de coberturas sucesionales, cercas vivas y sistemas agroforestales.<\/p>\n<p>\u201cImportante destacar que la conservaci\u00f3n y restauraci\u00f3n ecol\u00f3gica debe ir tambi\u00e9n de la mano del mejoramiento de las condiciones sociales y econ\u00f3micas de nuestros campesinos, por eso el proyecto ha desarrollado acciones de establecimiento de sistemas agroalimentarios, fortalecimiento de la seguridad alimentaria en estos territorios, unido a toda la labor de conservaci\u00f3n monitoreo y cuidado de la biodiversidad y el recurso h\u00eddrico\u201d, asegur\u00f3 Perdomo Agudelo.<\/p>\n<p>En el municipio de Colombia se han beneficiado 81 predios en los que se viene adelantando la restauraci\u00f3n, Gigante con 46 predios, Tello con 41, Guadalupe con 38, Garz\u00f3n con 31, Algeciras con 26 y Acevedo con 21.<\/p>\n<p><strong>Las especies<\/strong><\/p>\n<p>Las especies forestales nativas objeto para la restauraci\u00f3n se seleccionaron a partir del ecosistema de referencia, es decir, seg\u00fan las coberturas vegetales a intervenir, que cumplieran prop\u00f3sitos de conservaci\u00f3n (composici\u00f3n, estructura y funci\u00f3n) y que tengan alg\u00fan valor econ\u00f3mico, cultural o paisaj\u00edstico para la comunidad y en especial para el propietario del predio.<\/p>\n<p>De este modo, se priorizaron especies nativas y maderables de la zona cafetera del departamento que hacen parte del ecosistema bosque subandino, lo que contribuy\u00f3 a que las especies vegetales m\u00e1s representativas en la implementaci\u00f3n de la restauraci\u00f3n ecol\u00f3gica fueran el Cedro, Nogal cafetero, Roble, Nacedero y el Cachimbo.<\/p>\n<p>Este proceso de restauraci\u00f3n adem\u00e1s de estar en el marco del concepto de conectividad funcional de paisajes, permite el flujo de especies silvestres asociadas a la conservaci\u00f3n de fuentes h\u00eddricas para el abastecimiento humano y el desarrollo de actividades agropecuarias.<\/p>\n<p>De esta forma, este proceso de restauraci\u00f3n tuvo influencia sobre nueve microcuencas, de las que la quebrada San Roque del municipio de Colombia y Quebrada La Honda de Gigante fueron objeto del mayor establecimiento de pl\u00e1ntulas, 16.034 y 14.963 respectivamente.<\/p>\n<p>Para la CAM, el \u00e9xito de este componente del programa HYLEA se enmarca en el logro de los objetivos inicialmente planteados con la \u201crestauraci\u00f3n de la conectividad en paisajes cafeteros y cacaoteros\u201d, aspecto con el que se contribuye a dinamizar la econom\u00eda rural a la vez que se protegen los recursos y el entorno, adem\u00e1s de frenar los motores de deforestaci\u00f3n y degradaci\u00f3n de ecosistemas sensibles, y especialmente convertir a los propietarios de los predios rurales en actores claves en la soluci\u00f3n de estos problemas.<\/p>\n<p><strong>El seguimiento<\/strong><\/p>\n<p>Dentro del proceso de monitoreo adelantado por la CAM para el seguimiento de pl\u00e1ntulas sembradas, se encontr\u00f3 alta densidad de sobrevivencia. Con este monitoreo se logr\u00f3 evidenciar cu\u00e1nto han cambiado los predios con respecto a su condici\u00f3n inicial, el compromiso y voluntad de los propietarios de predios, adem\u00e1s de evaluar la metodolog\u00eda y estrategia de restauraci\u00f3n implementada. La mortalidad de las pl\u00e1ntulas estuvo principalmente asociada a factores fitosanitarios, adaptabilidad al entorno, factores clim\u00e1ticos y manejo cultural de las pl\u00e1ntulas posterior a la siembra por parte de los beneficiarios.<\/p>\n<p>Adem\u00e1s, este seguimiento y evaluaci\u00f3n permiti\u00f3 a la CAM determinar nuevas acciones y proponer el ajuste de m\u00e9todos de manejo del sistema para aumentar las probabilidades de \u00e9xito en la restauraci\u00f3n a desarrollarse en fases posteriores del programa Hylea.<\/p>\n","protected":false},"excerpt":{"rendered":"<p>A toda marcha avanza el proceso de restauraci\u00f3n ecol\u00f3gica de la cobertura boscosa del Corredor Andino Amaz\u00f3nico que se viene ejecutando desde hace tres a\u00f1os en el territorio huilense. El proyecto Corredor Andino Amaz\u00f3nico HYLEA es una iniciativa que se viene ejecutando en el Huila a trav\u00e9s de la alianza entre la Corporaci\u00f3n Aut\u00f3noma Regional [&hellip;]<\/p>\n","protected":false},"author":2,"featured_media":73300,"comment_status":"closed","ping_status":"open","sticky":false,"template":"","format":"standard","meta":{"footnotes":""},"categories":[33],"tags":[],"class_list":["post-73299","post","type-post","status-publish","format-standard","has-post-thumbnail","hentry","category-huila"],"yoast_head":"<!-- This site is optimized with the Yoast SEO plugin v26.6 - https:\/\/yoast.com\/wordpress\/plugins\/seo\/ -->\n<title>En marcha restauraci\u00f3n ecol\u00f3gica del corredor andino amaz\u00f3nico del Huila -<\/title>\n<meta name=\"robots\" content=\"index, follow, max-snippet:-1, max-image-preview:large, max-video-preview:-1\" \/>\n<link rel=\"canonical\" href=\"https:\/\/luchonoticias.com\/editor\/en-marcha-restauracion-ecologica-del-corredor-andino-amazonico-del-huila\/\" \/>\n<meta property=\"og:locale\" content=\"es_ES\" \/>\n<meta property=\"og:type\" content=\"article\" \/>\n<meta property=\"og:title\" content=\"En marcha restauraci\u00f3n ecol\u00f3gica del corredor andino amaz\u00f3nico del Huila -\" \/>\n<meta property=\"og:url\" content=\"https:\/\/luchonoticias.com\/editor\/en-marcha-restauracion-ecologica-del-corredor-andino-amazonico-del-huila\/\" \/>\n<meta property=\"article:publisher\" content=\"https:\/\/www.facebook.com\/luchonoticiasneiva\" \/>\n<meta property=\"article:published_time\" content=\"2024-05-21T20:04:12+00:00\" \/>\n<meta property=\"og:image\" content=\"https:\/\/luchonoticias.com\/editor\/wp-content\/uploads\/2024\/05\/siembra.jpg\" \/>\n\t<meta property=\"og:image:width\" content=\"700\" \/>\n\t<meta property=\"og:image:height\" content=\"400\" \/>\n\t<meta property=\"og:image:type\" content=\"image\/jpeg\" \/>\n<meta name=\"author\" content=\"Editor General\" \/>\n<meta name=\"twitter:card\" content=\"summary_large_image\" \/>\n<meta name=\"twitter:label1\" content=\"Escrito por\" \/>\n\t<meta name=\"twitter:data1\" content=\"Editor General\" \/>\n\t<meta name=\"twitter:label2\" content=\"Tiempo de lectura\" \/>\n\t<meta name=\"twitter:data2\" content=\"4 minutos\" \/>\n<script type=\"application\/ld+json\" class=\"yoast-schema-graph\">{\"@context\":\"https:\/\/schema.org\",\"@graph\":[{\"@type\":\"Article\",\"@id\":\"https:\/\/luchonoticias.com\/editor\/en-marcha-restauracion-ecologica-del-corredor-andino-amazonico-del-huila\/#article\",\"isPartOf\":{\"@id\":\"https:\/\/luchonoticias.com\/editor\/en-marcha-restauracion-ecologica-del-corredor-andino-amazonico-del-huila\/\"},\"author\":{\"name\":\"Editor General\",\"@id\":\"https:\/\/luchonoticias.com\/editor\/#\/schema\/person\/29217990ddf6f14e35912b2866d591fb\"},\"headline\":\"En marcha restauraci\u00f3n ecol\u00f3gica del corredor andino amaz\u00f3nico del Huila\",\"datePublished\":\"2024-05-21T20:04:12+00:00\",\"mainEntityOfPage\":{\"@id\":\"https:\/\/luchonoticias.com\/editor\/en-marcha-restauracion-ecologica-del-corredor-andino-amazonico-del-huila\/\"},\"wordCount\":780,\"publisher\":{\"@id\":\"https:\/\/luchonoticias.com\/editor\/#\/schema\/person\/7a7fd911f58561fd056dbac7b55af9cd\"},\"image\":{\"@id\":\"https:\/\/luchonoticias.com\/editor\/en-marcha-restauracion-ecologica-del-corredor-andino-amazonico-del-huila\/#primaryimage\"},\"thumbnailUrl\":\"https:\/\/luchonoticias.com\/editor\/wp-content\/uploads\/2024\/05\/siembra.jpg\",\"articleSection\":[\"Huila\"],\"inLanguage\":\"es\"},{\"@type\":\"WebPage\",\"@id\":\"https:\/\/luchonoticias.com\/editor\/en-marcha-restauracion-ecologica-del-corredor-andino-amazonico-del-huila\/\",\"url\":\"https:\/\/luchonoticias.com\/editor\/en-marcha-restauracion-ecologica-del-corredor-andino-amazonico-del-huila\/\",\"name\":\"En marcha restauraci\u00f3n ecol\u00f3gica del corredor andino amaz\u00f3nico del Huila -\",\"isPartOf\":{\"@id\":\"https:\/\/luchonoticias.com\/editor\/#website\"},\"primaryImageOfPage\":{\"@id\":\"https:\/\/luchonoticias.com\/editor\/en-marcha-restauracion-ecologica-del-corredor-andino-amazonico-del-huila\/#primaryimage\"},\"image\":{\"@id\":\"https:\/\/luchonoticias.com\/editor\/en-marcha-restauracion-ecologica-del-corredor-andino-amazonico-del-huila\/#primaryimage\"},\"thumbnailUrl\":\"https:\/\/luchonoticias.com\/editor\/wp-content\/uploads\/2024\/05\/siembra.jpg\",\"datePublished\":\"2024-05-21T20:04:12+00:00\",\"breadcrumb\":{\"@id\":\"https:\/\/luchonoticias.com\/editor\/en-marcha-restauracion-ecologica-del-corredor-andino-amazonico-del-huila\/#breadcrumb\"},\"inLanguage\":\"es\",\"potentialAction\":[{\"@type\":\"ReadAction\",\"target\":[\"https:\/\/luchonoticias.com\/editor\/en-marcha-restauracion-ecologica-del-corredor-andino-amazonico-del-huila\/\"]}]},{\"@type\":\"ImageObject\",\"inLanguage\":\"es\",\"@id\":\"https:\/\/luchonoticias.com\/editor\/en-marcha-restauracion-ecologica-del-corredor-andino-amazonico-del-huila\/#primaryimage\",\"url\":\"https:\/\/luchonoticias.com\/editor\/wp-content\/uploads\/2024\/05\/siembra.jpg\",\"contentUrl\":\"https:\/\/luchonoticias.com\/editor\/wp-content\/uploads\/2024\/05\/siembra.jpg\",\"width\":700,\"height\":400},{\"@type\":\"BreadcrumbList\",\"@id\":\"https:\/\/luchonoticias.com\/editor\/en-marcha-restauracion-ecologica-del-corredor-andino-amazonico-del-huila\/#breadcrumb\",\"itemListElement\":[{\"@type\":\"ListItem\",\"position\":1,\"name\":\"Portada\",\"item\":\"https:\/\/luchonoticias.com\/editor\/\"},{\"@type\":\"ListItem\",\"position\":2,\"name\":\"En marcha restauraci\u00f3n ecol\u00f3gica del corredor andino amaz\u00f3nico del Huila\"}]},{\"@type\":\"WebSite\",\"@id\":\"https:\/\/luchonoticias.com\/editor\/#website\",\"url\":\"https:\/\/luchonoticias.com\/editor\/\",\"name\":\"\",\"description\":\"\",\"publisher\":{\"@id\":\"https:\/\/luchonoticias.com\/editor\/#\/schema\/person\/7a7fd911f58561fd056dbac7b55af9cd\"},\"potentialAction\":[{\"@type\":\"SearchAction\",\"target\":{\"@type\":\"EntryPoint\",\"urlTemplate\":\"https:\/\/luchonoticias.com\/editor\/?s={search_term_string}\"},\"query-input\":{\"@type\":\"PropertyValueSpecification\",\"valueRequired\":true,\"valueName\":\"search_term_string\"}}],\"inLanguage\":\"es\"},{\"@type\":[\"Person\",\"Organization\"],\"@id\":\"https:\/\/luchonoticias.com\/editor\/#\/schema\/person\/7a7fd911f58561fd056dbac7b55af9cd\",\"name\":\"admin\",\"image\":{\"@type\":\"ImageObject\",\"inLanguage\":\"es\",\"@id\":\"https:\/\/luchonoticias.com\/editor\/#\/schema\/person\/image\/\",\"url\":\"https:\/\/luchonoticias.com\/editor\/wp-content\/uploads\/2024\/02\/cropped-cropped-logolu.webp\",\"contentUrl\":\"https:\/\/luchonoticias.com\/editor\/wp-content\/uploads\/2024\/02\/cropped-cropped-logolu.webp\",\"width\":382,\"height\":170,\"caption\":\"admin\"},\"logo\":{\"@id\":\"https:\/\/luchonoticias.com\/editor\/#\/schema\/person\/image\/\"},\"sameAs\":[\"https:\/\/www.facebook.com\/luchonoticiasneiva\"]},{\"@type\":\"Person\",\"@id\":\"https:\/\/luchonoticias.com\/editor\/#\/schema\/person\/29217990ddf6f14e35912b2866d591fb\",\"name\":\"Editor General\",\"image\":{\"@type\":\"ImageObject\",\"inLanguage\":\"es\",\"@id\":\"https:\/\/luchonoticias.com\/editor\/#\/schema\/person\/image\/\",\"url\":\"https:\/\/luchonoticias.com\/editor\/wp-content\/uploads\/2024\/02\/cropped-cropped-logolu-150x150.webp\",\"contentUrl\":\"https:\/\/luchonoticias.com\/editor\/wp-content\/uploads\/2024\/02\/cropped-cropped-logolu-150x150.webp\",\"caption\":\"Editor General\"},\"sameAs\":[\"https:\/\/luchonoticias.com\/\"],\"url\":\"https:\/\/luchonoticias.com\/editor\/author\/editor-general\/\"}]}<\/script>\n<!-- \/ Yoast SEO plugin. -->","yoast_head_json":{"title":"En marcha restauraci\u00f3n ecol\u00f3gica del corredor andino amaz\u00f3nico del Huila -","robots":{"index":"index","follow":"follow","max-snippet":"max-snippet:-1","max-image-preview":"max-image-preview:large","max-video-preview":"max-video-preview:-1"},"canonical":"https:\/\/luchonoticias.com\/editor\/en-marcha-restauracion-ecologica-del-corredor-andino-amazonico-del-huila\/","og_locale":"es_ES","og_type":"article","og_title":"En marcha restauraci\u00f3n ecol\u00f3gica del corredor andino amaz\u00f3nico del Huila -","og_url":"https:\/\/luchonoticias.com\/editor\/en-marcha-restauracion-ecologica-del-corredor-andino-amazonico-del-huila\/","article_publisher":"https:\/\/www.facebook.com\/luchonoticiasneiva","article_published_time":"2024-05-21T20:04:12+00:00","og_image":[{"width":700,"height":400,"url":"https:\/\/luchonoticias.com\/editor\/wp-content\/uploads\/2024\/05\/siembra.jpg","type":"image\/jpeg"}],"author":"Editor General","twitter_card":"summary_large_image","twitter_misc":{"Escrito por":"Editor General","Tiempo de lectura":"4 minutos"},"schema":{"@context":"https:\/\/schema.org","@graph":[{"@type":"Article","@id":"https:\/\/luchonoticias.com\/editor\/en-marcha-restauracion-ecologica-del-corredor-andino-amazonico-del-huila\/#article","isPartOf":{"@id":"https:\/\/luchonoticias.com\/editor\/en-marcha-restauracion-ecologica-del-corredor-andino-amazonico-del-huila\/"},"author":{"name":"Editor General","@id":"https:\/\/luchonoticias.com\/editor\/#\/schema\/person\/29217990ddf6f14e35912b2866d591fb"},"headline":"En marcha restauraci\u00f3n ecol\u00f3gica del corredor andino amaz\u00f3nico del Huila","datePublished":"2024-05-21T20:04:12+00:00","mainEntityOfPage":{"@id":"https:\/\/luchonoticias.com\/editor\/en-marcha-restauracion-ecologica-del-corredor-andino-amazonico-del-huila\/"},"wordCount":780,"publisher":{"@id":"https:\/\/luchonoticias.com\/editor\/#\/schema\/person\/7a7fd911f58561fd056dbac7b55af9cd"},"image":{"@id":"https:\/\/luchonoticias.com\/editor\/en-marcha-restauracion-ecologica-del-corredor-andino-amazonico-del-huila\/#primaryimage"},"thumbnailUrl":"https:\/\/luchonoticias.com\/editor\/wp-content\/uploads\/2024\/05\/siembra.jpg","articleSection":["Huila"],"inLanguage":"es"},{"@type":"WebPage","@id":"https:\/\/luchonoticias.com\/editor\/en-marcha-restauracion-ecologica-del-corredor-andino-amazonico-del-huila\/","url":"https:\/\/luchonoticias.com\/editor\/en-marcha-restauracion-ecologica-del-corredor-andino-amazonico-del-huila\/","name":"En marcha restauraci\u00f3n ecol\u00f3gica del corredor andino amaz\u00f3nico del Huila -","isPartOf":{"@id":"https:\/\/luchonoticias.com\/editor\/#website"},"primaryImageOfPage":{"@id":"https:\/\/luchonoticias.com\/editor\/en-marcha-restauracion-ecologica-del-corredor-andino-amazonico-del-huila\/#primaryimage"},"image":{"@id":"https:\/\/luchonoticias.com\/editor\/en-marcha-restauracion-ecologica-del-corredor-andino-amazonico-del-huila\/#primaryimage"},"thumbnailUrl":"https:\/\/luchonoticias.com\/editor\/wp-content\/uploads\/2024\/05\/siembra.jpg","datePublished":"2024-05-21T20:04:12+00:00","breadcrumb":{"@id":"https:\/\/luchonoticias.com\/editor\/en-marcha-restauracion-ecologica-del-corredor-andino-amazonico-del-huila\/#breadcrumb"},"inLanguage":"es","potentialAction":[{"@type":"ReadAction","target":["https:\/\/luchonoticias.com\/editor\/en-marcha-restauracion-ecologica-del-corredor-andino-amazonico-del-huila\/"]}]},{"@type":"ImageObject","inLanguage":"es","@id":"https:\/\/luchonoticias.com\/editor\/en-marcha-restauracion-ecologica-del-corredor-andino-amazonico-del-huila\/#primaryimage","url":"https:\/\/luchonoticias.com\/editor\/wp-content\/uploads\/2024\/05\/siembra.jpg","contentUrl":"https:\/\/luchonoticias.com\/editor\/wp-content\/uploads\/2024\/05\/siembra.jpg","width":700,"height":400},{"@type":"BreadcrumbList","@id":"https:\/\/luchonoticias.com\/editor\/en-marcha-restauracion-ecologica-del-corredor-andino-amazonico-del-huila\/#breadcrumb","itemListElement":[{"@type":"ListItem","position":1,"name":"Portada","item":"https:\/\/luchonoticias.com\/editor\/"},{"@type":"ListItem","position":2,"name":"En marcha restauraci\u00f3n ecol\u00f3gica del corredor andino amaz\u00f3nico del Huila"}]},{"@type":"WebSite","@id":"https:\/\/luchonoticias.com\/editor\/#website","url":"https:\/\/luchonoticias.com\/editor\/","name":"","description":"","publisher":{"@id":"https:\/\/luchonoticias.com\/editor\/#\/schema\/person\/7a7fd911f58561fd056dbac7b55af9cd"},"potentialAction":[{"@type":"SearchAction","target":{"@type":"EntryPoint","urlTemplate":"https:\/\/luchonoticias.com\/editor\/?s={search_term_string}"},"query-input":{"@type":"PropertyValueSpecification","valueRequired":true,"valueName":"search_term_string"}}],"inLanguage":"es"},{"@type":["Person","Organization"],"@id":"https:\/\/luchonoticias.com\/editor\/#\/schema\/person\/7a7fd911f58561fd056dbac7b55af9cd","name":"admin","image":{"@type":"ImageObject","inLanguage":"es","@id":"https:\/\/luchonoticias.com\/editor\/#\/schema\/person\/image\/","url":"https:\/\/luchonoticias.com\/editor\/wp-content\/uploads\/2024\/02\/cropped-cropped-logolu.webp","contentUrl":"https:\/\/luchonoticias.com\/editor\/wp-content\/uploads\/2024\/02\/cropped-cropped-logolu.webp","width":382,"height":170,"caption":"admin"},"logo":{"@id":"https:\/\/luchonoticias.com\/editor\/#\/schema\/person\/image\/"},"sameAs":["https:\/\/www.facebook.com\/luchonoticiasneiva"]},{"@type":"Person","@id":"https:\/\/luchonoticias.com\/editor\/#\/schema\/person\/29217990ddf6f14e35912b2866d591fb","name":"Editor General","image":{"@type":"ImageObject","inLanguage":"es","@id":"https:\/\/luchonoticias.com\/editor\/#\/schema\/person\/image\/","url":"https:\/\/luchonoticias.com\/editor\/wp-content\/uploads\/2024\/02\/cropped-cropped-logolu-150x150.webp","contentUrl":"https:\/\/luchonoticias.com\/editor\/wp-content\/uploads\/2024\/02\/cropped-cropped-logolu-150x150.webp","caption":"Editor General"},"sameAs":["https:\/\/luchonoticias.com\/"],"url":"https:\/\/luchonoticias.com\/editor\/author\/editor-general\/"}]}},"_links":{"self":[{"href":"https:\/\/luchonoticias.com\/editor\/wp-json\/wp\/v2\/posts\/73299","targetHints":{"allow":["GET"]}}],"collection":[{"href":"https:\/\/luchonoticias.com\/editor\/wp-json\/wp\/v2\/posts"}],"about":[{"href":"https:\/\/luchonoticias.com\/editor\/wp-json\/wp\/v2\/types\/post"}],"author":[{"embeddable":true,"href":"https:\/\/luchonoticias.com\/editor\/wp-json\/wp\/v2\/users\/2"}],"replies":[{"embeddable":true,"href":"https:\/\/luchonoticias.com\/editor\/wp-json\/wp\/v2\/comments?post=73299"}],"version-history":[{"count":0,"href":"https:\/\/luchonoticias.com\/editor\/wp-json\/wp\/v2\/posts\/73299\/revisions"}],"wp:featuredmedia":[{"embeddable":true,"href":"https:\/\/luchonoticias.com\/editor\/wp-json\/wp\/v2\/media\/73300"}],"wp:attachment":[{"href":"https:\/\/luchonoticias.com\/editor\/wp-json\/wp\/v2\/media?parent=73299"}],"wp:term":[{"taxonomy":"category","embeddable":true,"href":"https:\/\/luchonoticias.com\/editor\/wp-json\/wp\/v2\/categories?post=73299"},{"taxonomy":"post_tag","embeddable":true,"href":"https:\/\/luchonoticias.com\/editor\/wp-json\/wp\/v2\/tags?post=73299"}],"curies":[{"name":"wp","href":"https:\/\/api.w.org\/{rel}","templated":true}]}}