{"id":73302,"date":"2024-05-21T15:53:05","date_gmt":"2024-05-21T20:53:05","guid":{"rendered":"https:\/\/luchonoticias.com\/?p=73302"},"modified":"2024-05-21T15:53:05","modified_gmt":"2024-05-21T20:53:05","slug":"alcaldia-presento-importantes-capturas","status":"publish","type":"post","link":"https:\/\/luchonoticias.com\/editor\/alcaldia-presento-importantes-capturas\/","title":{"rendered":"Alcald\u00eda present\u00f3 importantes capturas"},"content":{"rendered":"<p>En el Comando de la Polic\u00eda Metropolitana de Neiva fueron presentadas las 10 personas vinculadas con lanzamientos de artefactos explosivos y la distribuci\u00f3n de panfletos amenazantes contra los comerciantes de la ciudad.<\/p>\n<p>A esta presentaci\u00f3n de los capturados y de acciones operativas durante el mes de mayo, asistieron el alcalde de Neiva, Germ\u00e1n Casagua Bonilla, la Regional No. 2 de la Polic\u00eda Nacional, el Departamento de Polic\u00eda Huila, la Polic\u00eda Metropolitana de Neiva y la Fiscal\u00eda General de la Naci\u00f3n.<\/p>\n<p>\u201cSentimos el llamado que nos hacen los ciudadanos con respecto a que quieren acciones contundentes y concretas. Hoy les estamos presentando que estamos capturando a estos delincuentes que nos viene causando zozobra y temor en nuestro municipio. Hasta el momento no hemos dejado impune estos actos en donde todos los ciudadanos son conocedores\u201d, sostuvo el mandatario de los neivanos Germ\u00e1n Casagua.<\/p>\n<p><img loading=\"lazy\" decoding=\"async\" class=\"alignnone wp-image-73304\" src=\"https:\/\/luchonoticias.com\/wp-content\/uploads\/2024\/05\/WhatsApp-Image-2024-05-21-at-15.15.15-1-300x147.jpeg\" alt=\"\" width=\"800\" height=\"393\" srcset=\"https:\/\/luchonoticias.com\/editor\/wp-content\/uploads\/2024\/05\/WhatsApp-Image-2024-05-21-at-15.15.15-1-300x147.jpeg 300w, https:\/\/luchonoticias.com\/editor\/wp-content\/uploads\/2024\/05\/WhatsApp-Image-2024-05-21-at-15.15.15-1-1024x503.jpeg 1024w, https:\/\/luchonoticias.com\/editor\/wp-content\/uploads\/2024\/05\/WhatsApp-Image-2024-05-21-at-15.15.15-1-768x377.jpeg 768w, https:\/\/luchonoticias.com\/editor\/wp-content\/uploads\/2024\/05\/WhatsApp-Image-2024-05-21-at-15.15.15-1-1536x755.jpeg 1536w, https:\/\/luchonoticias.com\/editor\/wp-content\/uploads\/2024\/05\/WhatsApp-Image-2024-05-21-at-15.15.15-1.jpeg 1600w\" sizes=\"auto, (max-width: 800px) 100vw, 800px\" \/><\/p>\n<p><strong>Captura de alias \u201cOso\u201d<\/strong><\/p>\n<p>Entre los capturaros por acciones terroristas en la ciudad, se encuentra Alberto Fajardo Trujillo, alias \u2018Oso\u2019, de 20 a\u00f1os de edad, quien ser\u00eda el autor material de lanzar una granada el pasado 27 de febrero en un establecimiento comercial de venta de veh\u00edculos, ubicado sobre la Avenida La Toma.<\/p>\n<p><strong>Cinco capturados por acciones terroristas<\/strong><\/p>\n<p>Tambi\u00e9n se destacan las capturas con orden judicial de cinco personas por los delitos de terrorismo, extorsi\u00f3n y concierto para delinquir agravado, siendo los responsables del lanzamiento de artefactos explosivos a establecimientos comerciales de la capital del Huila, logrando de esta forma exigencias econ\u00f3micas.<\/p>\n<p>Por lo anterior fueron capturados: Mart\u00edn Eduardo Garc\u00eda Morales \u2018Martin o Jos\u00e9\u2019 (cabecilla), Carlos Eduardo Romero Cleves \u2018Jeringa\u2019, Milc\u00edades Mar\u00edn Mar\u00edn \u2018Milc\u00edades\u2019, Dagoberto Valderrama Cruz \u2018Dago\u2019 y \u00c1lvaro Rojas Luna \u2018Alvarito\u2019.<\/p>\n<p><img loading=\"lazy\" decoding=\"async\" class=\"alignnone wp-image-73305\" src=\"https:\/\/luchonoticias.com\/wp-content\/uploads\/2024\/05\/WhatsApp-Image-2024-05-21-at-15.15.15-300x188.jpeg\" alt=\"\" width=\"700\" height=\"439\" srcset=\"https:\/\/luchonoticias.com\/editor\/wp-content\/uploads\/2024\/05\/WhatsApp-Image-2024-05-21-at-15.15.15-300x188.jpeg 300w, https:\/\/luchonoticias.com\/editor\/wp-content\/uploads\/2024\/05\/WhatsApp-Image-2024-05-21-at-15.15.15-1024x642.jpeg 1024w, https:\/\/luchonoticias.com\/editor\/wp-content\/uploads\/2024\/05\/WhatsApp-Image-2024-05-21-at-15.15.15-768x481.jpeg 768w, https:\/\/luchonoticias.com\/editor\/wp-content\/uploads\/2024\/05\/WhatsApp-Image-2024-05-21-at-15.15.15.jpeg 1280w\" sizes=\"auto, (max-width: 700px) 100vw, 700px\" \/><\/p>\n<p><strong>\u2019Los Viajeros\u2019<\/strong><\/p>\n<p>Adicionalmente, fueron capturadas cuatro personas, integrantes del grupo delincuencial \u2018Los Viajeros\u2019, ellos son: Cristian Camilo Villa Marin \u2018Orejas\u2019, Gilbert Andr\u00e9s Perea Rangel \u2018Flaco\u2019, Sonia Sanchez Loaiza \u2018Sonia\u2019, Vitelina Bernarda Garc\u00eda Viana, \u2018La Cucha\u2019.<\/p>\n<p>\u2018Los Viajeros\u2019 se movilizaban por Neiva y otros municipios del departamento del Huila, con el prop\u00f3sito de identificar establecimientos de comercio, a quienes, a trav\u00e9s de amenazas, panfletos e instalaci\u00f3n de artefactos explosivos improvisados, realizaban exigencias econ\u00f3micas o apoyo con material log\u00edstico, a una presunta estructura armada organizada que delinque en la regi\u00f3n.<\/p>\n<p><img loading=\"lazy\" decoding=\"async\" class=\"alignnone wp-image-73306\" src=\"https:\/\/luchonoticias.com\/wp-content\/uploads\/2024\/05\/WhatsApp-Image-2024-05-21-at-15.15.17-300x170.jpeg\" alt=\"\" width=\"700\" height=\"397\" srcset=\"https:\/\/luchonoticias.com\/editor\/wp-content\/uploads\/2024\/05\/WhatsApp-Image-2024-05-21-at-15.15.17-300x170.jpeg 300w, https:\/\/luchonoticias.com\/editor\/wp-content\/uploads\/2024\/05\/WhatsApp-Image-2024-05-21-at-15.15.17-1024x581.jpeg 1024w, https:\/\/luchonoticias.com\/editor\/wp-content\/uploads\/2024\/05\/WhatsApp-Image-2024-05-21-at-15.15.17-768x435.jpeg 768w, https:\/\/luchonoticias.com\/editor\/wp-content\/uploads\/2024\/05\/WhatsApp-Image-2024-05-21-at-15.15.17.jpeg 1284w\" sizes=\"auto, (max-width: 700px) 100vw, 700px\" \/><\/p>\n<p>Finalmente, el alcalde Germ\u00e1n Casagua Bonilla reafirm\u00f3 su compromiso con la seguridad de todos los neivanos y asegur\u00f3 que continuar\u00e1n implementando medidas efectivas para garantizar la paz y la tranquilidad en la ciudad. As\u00ed que invit\u00f3 a la ciudadan\u00eda a seguir colaborando con las autoridades, denunciando cualquier actividad sospechosa a trav\u00e9s de la l\u00ednea telef\u00f3nica 123 o al GAULA al 165.<\/p>\n","protected":false},"excerpt":{"rendered":"<p>En el Comando de la Polic\u00eda Metropolitana de Neiva fueron presentadas las 10 personas vinculadas con lanzamientos de artefactos explosivos y la distribuci\u00f3n de panfletos amenazantes contra los comerciantes de la ciudad. A esta presentaci\u00f3n de los capturados y de acciones operativas durante el mes de mayo, asistieron el alcalde de Neiva, Germ\u00e1n Casagua Bonilla, [&hellip;]<\/p>\n","protected":false},"author":2,"featured_media":73303,"comment_status":"closed","ping_status":"open","sticky":false,"template":"","format":"standard","meta":{"footnotes":""},"categories":[29],"tags":[],"class_list":["post-73302","post","type-post","status-publish","format-standard","has-post-thumbnail","hentry","category-judicial"],"yoast_head":"<!-- This site is optimized with the Yoast SEO plugin v26.6 - https:\/\/yoast.com\/wordpress\/plugins\/seo\/ -->\n<title>Alcald\u00eda present\u00f3 importantes capturas -<\/title>\n<meta name=\"robots\" content=\"index, follow, max-snippet:-1, max-image-preview:large, max-video-preview:-1\" \/>\n<link rel=\"canonical\" href=\"https:\/\/luchonoticias.com\/editor\/alcaldia-presento-importantes-capturas\/\" \/>\n<meta property=\"og:locale\" content=\"es_ES\" \/>\n<meta property=\"og:type\" content=\"article\" \/>\n<meta property=\"og:title\" content=\"Alcald\u00eda present\u00f3 importantes capturas -\" \/>\n<meta property=\"og:url\" content=\"https:\/\/luchonoticias.com\/editor\/alcaldia-presento-importantes-capturas\/\" \/>\n<meta property=\"article:publisher\" content=\"https:\/\/www.facebook.com\/luchonoticiasneiva\" \/>\n<meta property=\"article:published_time\" content=\"2024-05-21T20:53:05+00:00\" \/>\n<meta property=\"og:image\" content=\"https:\/\/luchonoticias.com\/editor\/wp-content\/uploads\/2024\/05\/neiva-delincuentes.jpg\" \/>\n\t<meta property=\"og:image:width\" content=\"700\" \/>\n\t<meta property=\"og:image:height\" content=\"400\" \/>\n\t<meta property=\"og:image:type\" content=\"image\/jpeg\" \/>\n<meta name=\"author\" content=\"Editor General\" \/>\n<meta name=\"twitter:card\" content=\"summary_large_image\" \/>\n<meta name=\"twitter:label1\" content=\"Escrito por\" \/>\n\t<meta name=\"twitter:data1\" content=\"Editor General\" \/>\n\t<meta name=\"twitter:label2\" content=\"Tiempo de lectura\" \/>\n\t<meta name=\"twitter:data2\" content=\"2 minutos\" \/>\n<script type=\"application\/ld+json\" class=\"yoast-schema-graph\">{\"@context\":\"https:\/\/schema.org\",\"@graph\":[{\"@type\":\"Article\",\"@id\":\"https:\/\/luchonoticias.com\/editor\/alcaldia-presento-importantes-capturas\/#article\",\"isPartOf\":{\"@id\":\"https:\/\/luchonoticias.com\/editor\/alcaldia-presento-importantes-capturas\/\"},\"author\":{\"name\":\"Editor General\",\"@id\":\"https:\/\/luchonoticias.com\/editor\/#\/schema\/person\/29217990ddf6f14e35912b2866d591fb\"},\"headline\":\"Alcald\u00eda present\u00f3 importantes capturas\",\"datePublished\":\"2024-05-21T20:53:05+00:00\",\"mainEntityOfPage\":{\"@id\":\"https:\/\/luchonoticias.com\/editor\/alcaldia-presento-importantes-capturas\/\"},\"wordCount\":458,\"publisher\":{\"@id\":\"https:\/\/luchonoticias.com\/editor\/#\/schema\/person\/7a7fd911f58561fd056dbac7b55af9cd\"},\"image\":{\"@id\":\"https:\/\/luchonoticias.com\/editor\/alcaldia-presento-importantes-capturas\/#primaryimage\"},\"thumbnailUrl\":\"https:\/\/luchonoticias.com\/editor\/wp-content\/uploads\/2024\/05\/neiva-delincuentes.jpg\",\"articleSection\":[\"Judicial\"],\"inLanguage\":\"es\"},{\"@type\":\"WebPage\",\"@id\":\"https:\/\/luchonoticias.com\/editor\/alcaldia-presento-importantes-capturas\/\",\"url\":\"https:\/\/luchonoticias.com\/editor\/alcaldia-presento-importantes-capturas\/\",\"name\":\"Alcald\u00eda present\u00f3 importantes capturas -\",\"isPartOf\":{\"@id\":\"https:\/\/luchonoticias.com\/editor\/#website\"},\"primaryImageOfPage\":{\"@id\":\"https:\/\/luchonoticias.com\/editor\/alcaldia-presento-importantes-capturas\/#primaryimage\"},\"image\":{\"@id\":\"https:\/\/luchonoticias.com\/editor\/alcaldia-presento-importantes-capturas\/#primaryimage\"},\"thumbnailUrl\":\"https:\/\/luchonoticias.com\/editor\/wp-content\/uploads\/2024\/05\/neiva-delincuentes.jpg\",\"datePublished\":\"2024-05-21T20:53:05+00:00\",\"breadcrumb\":{\"@id\":\"https:\/\/luchonoticias.com\/editor\/alcaldia-presento-importantes-capturas\/#breadcrumb\"},\"inLanguage\":\"es\",\"potentialAction\":[{\"@type\":\"ReadAction\",\"target\":[\"https:\/\/luchonoticias.com\/editor\/alcaldia-presento-importantes-capturas\/\"]}]},{\"@type\":\"ImageObject\",\"inLanguage\":\"es\",\"@id\":\"https:\/\/luchonoticias.com\/editor\/alcaldia-presento-importantes-capturas\/#primaryimage\",\"url\":\"https:\/\/luchonoticias.com\/editor\/wp-content\/uploads\/2024\/05\/neiva-delincuentes.jpg\",\"contentUrl\":\"https:\/\/luchonoticias.com\/editor\/wp-content\/uploads\/2024\/05\/neiva-delincuentes.jpg\",\"width\":700,\"height\":400},{\"@type\":\"BreadcrumbList\",\"@id\":\"https:\/\/luchonoticias.com\/editor\/alcaldia-presento-importantes-capturas\/#breadcrumb\",\"itemListElement\":[{\"@type\":\"ListItem\",\"position\":1,\"name\":\"Portada\",\"item\":\"https:\/\/luchonoticias.com\/editor\/\"},{\"@type\":\"ListItem\",\"position\":2,\"name\":\"Alcald\u00eda present\u00f3 importantes capturas\"}]},{\"@type\":\"WebSite\",\"@id\":\"https:\/\/luchonoticias.com\/editor\/#website\",\"url\":\"https:\/\/luchonoticias.com\/editor\/\",\"name\":\"\",\"description\":\"\",\"publisher\":{\"@id\":\"https:\/\/luchonoticias.com\/editor\/#\/schema\/person\/7a7fd911f58561fd056dbac7b55af9cd\"},\"potentialAction\":[{\"@type\":\"SearchAction\",\"target\":{\"@type\":\"EntryPoint\",\"urlTemplate\":\"https:\/\/luchonoticias.com\/editor\/?s={search_term_string}\"},\"query-input\":{\"@type\":\"PropertyValueSpecification\",\"valueRequired\":true,\"valueName\":\"search_term_string\"}}],\"inLanguage\":\"es\"},{\"@type\":[\"Person\",\"Organization\"],\"@id\":\"https:\/\/luchonoticias.com\/editor\/#\/schema\/person\/7a7fd911f58561fd056dbac7b55af9cd\",\"name\":\"admin\",\"image\":{\"@type\":\"ImageObject\",\"inLanguage\":\"es\",\"@id\":\"https:\/\/luchonoticias.com\/editor\/#\/schema\/person\/image\/\",\"url\":\"https:\/\/luchonoticias.com\/editor\/wp-content\/uploads\/2024\/02\/cropped-cropped-logolu.webp\",\"contentUrl\":\"https:\/\/luchonoticias.com\/editor\/wp-content\/uploads\/2024\/02\/cropped-cropped-logolu.webp\",\"width\":382,\"height\":170,\"caption\":\"admin\"},\"logo\":{\"@id\":\"https:\/\/luchonoticias.com\/editor\/#\/schema\/person\/image\/\"},\"sameAs\":[\"https:\/\/www.facebook.com\/luchonoticiasneiva\"]},{\"@type\":\"Person\",\"@id\":\"https:\/\/luchonoticias.com\/editor\/#\/schema\/person\/29217990ddf6f14e35912b2866d591fb\",\"name\":\"Editor General\",\"image\":{\"@type\":\"ImageObject\",\"inLanguage\":\"es\",\"@id\":\"https:\/\/luchonoticias.com\/editor\/#\/schema\/person\/image\/\",\"url\":\"https:\/\/luchonoticias.com\/editor\/wp-content\/uploads\/2024\/02\/cropped-cropped-logolu-150x150.webp\",\"contentUrl\":\"https:\/\/luchonoticias.com\/editor\/wp-content\/uploads\/2024\/02\/cropped-cropped-logolu-150x150.webp\",\"caption\":\"Editor General\"},\"sameAs\":[\"https:\/\/luchonoticias.com\/\"],\"url\":\"https:\/\/luchonoticias.com\/editor\/author\/editor-general\/\"}]}<\/script>\n<!-- \/ Yoast SEO plugin. -->","yoast_head_json":{"title":"Alcald\u00eda present\u00f3 importantes capturas -","robots":{"index":"index","follow":"follow","max-snippet":"max-snippet:-1","max-image-preview":"max-image-preview:large","max-video-preview":"max-video-preview:-1"},"canonical":"https:\/\/luchonoticias.com\/editor\/alcaldia-presento-importantes-capturas\/","og_locale":"es_ES","og_type":"article","og_title":"Alcald\u00eda present\u00f3 importantes capturas -","og_url":"https:\/\/luchonoticias.com\/editor\/alcaldia-presento-importantes-capturas\/","article_publisher":"https:\/\/www.facebook.com\/luchonoticiasneiva","article_published_time":"2024-05-21T20:53:05+00:00","og_image":[{"width":700,"height":400,"url":"https:\/\/luchonoticias.com\/editor\/wp-content\/uploads\/2024\/05\/neiva-delincuentes.jpg","type":"image\/jpeg"}],"author":"Editor General","twitter_card":"summary_large_image","twitter_misc":{"Escrito por":"Editor General","Tiempo de lectura":"2 minutos"},"schema":{"@context":"https:\/\/schema.org","@graph":[{"@type":"Article","@id":"https:\/\/luchonoticias.com\/editor\/alcaldia-presento-importantes-capturas\/#article","isPartOf":{"@id":"https:\/\/luchonoticias.com\/editor\/alcaldia-presento-importantes-capturas\/"},"author":{"name":"Editor General","@id":"https:\/\/luchonoticias.com\/editor\/#\/schema\/person\/29217990ddf6f14e35912b2866d591fb"},"headline":"Alcald\u00eda present\u00f3 importantes capturas","datePublished":"2024-05-21T20:53:05+00:00","mainEntityOfPage":{"@id":"https:\/\/luchonoticias.com\/editor\/alcaldia-presento-importantes-capturas\/"},"wordCount":458,"publisher":{"@id":"https:\/\/luchonoticias.com\/editor\/#\/schema\/person\/7a7fd911f58561fd056dbac7b55af9cd"},"image":{"@id":"https:\/\/luchonoticias.com\/editor\/alcaldia-presento-importantes-capturas\/#primaryimage"},"thumbnailUrl":"https:\/\/luchonoticias.com\/editor\/wp-content\/uploads\/2024\/05\/neiva-delincuentes.jpg","articleSection":["Judicial"],"inLanguage":"es"},{"@type":"WebPage","@id":"https:\/\/luchonoticias.com\/editor\/alcaldia-presento-importantes-capturas\/","url":"https:\/\/luchonoticias.com\/editor\/alcaldia-presento-importantes-capturas\/","name":"Alcald\u00eda present\u00f3 importantes capturas -","isPartOf":{"@id":"https:\/\/luchonoticias.com\/editor\/#website"},"primaryImageOfPage":{"@id":"https:\/\/luchonoticias.com\/editor\/alcaldia-presento-importantes-capturas\/#primaryimage"},"image":{"@id":"https:\/\/luchonoticias.com\/editor\/alcaldia-presento-importantes-capturas\/#primaryimage"},"thumbnailUrl":"https:\/\/luchonoticias.com\/editor\/wp-content\/uploads\/2024\/05\/neiva-delincuentes.jpg","datePublished":"2024-05-21T20:53:05+00:00","breadcrumb":{"@id":"https:\/\/luchonoticias.com\/editor\/alcaldia-presento-importantes-capturas\/#breadcrumb"},"inLanguage":"es","potentialAction":[{"@type":"ReadAction","target":["https:\/\/luchonoticias.com\/editor\/alcaldia-presento-importantes-capturas\/"]}]},{"@type":"ImageObject","inLanguage":"es","@id":"https:\/\/luchonoticias.com\/editor\/alcaldia-presento-importantes-capturas\/#primaryimage","url":"https:\/\/luchonoticias.com\/editor\/wp-content\/uploads\/2024\/05\/neiva-delincuentes.jpg","contentUrl":"https:\/\/luchonoticias.com\/editor\/wp-content\/uploads\/2024\/05\/neiva-delincuentes.jpg","width":700,"height":400},{"@type":"BreadcrumbList","@id":"https:\/\/luchonoticias.com\/editor\/alcaldia-presento-importantes-capturas\/#breadcrumb","itemListElement":[{"@type":"ListItem","position":1,"name":"Portada","item":"https:\/\/luchonoticias.com\/editor\/"},{"@type":"ListItem","position":2,"name":"Alcald\u00eda present\u00f3 importantes capturas"}]},{"@type":"WebSite","@id":"https:\/\/luchonoticias.com\/editor\/#website","url":"https:\/\/luchonoticias.com\/editor\/","name":"","description":"","publisher":{"@id":"https:\/\/luchonoticias.com\/editor\/#\/schema\/person\/7a7fd911f58561fd056dbac7b55af9cd"},"potentialAction":[{"@type":"SearchAction","target":{"@type":"EntryPoint","urlTemplate":"https:\/\/luchonoticias.com\/editor\/?s={search_term_string}"},"query-input":{"@type":"PropertyValueSpecification","valueRequired":true,"valueName":"search_term_string"}}],"inLanguage":"es"},{"@type":["Person","Organization"],"@id":"https:\/\/luchonoticias.com\/editor\/#\/schema\/person\/7a7fd911f58561fd056dbac7b55af9cd","name":"admin","image":{"@type":"ImageObject","inLanguage":"es","@id":"https:\/\/luchonoticias.com\/editor\/#\/schema\/person\/image\/","url":"https:\/\/luchonoticias.com\/editor\/wp-content\/uploads\/2024\/02\/cropped-cropped-logolu.webp","contentUrl":"https:\/\/luchonoticias.com\/editor\/wp-content\/uploads\/2024\/02\/cropped-cropped-logolu.webp","width":382,"height":170,"caption":"admin"},"logo":{"@id":"https:\/\/luchonoticias.com\/editor\/#\/schema\/person\/image\/"},"sameAs":["https:\/\/www.facebook.com\/luchonoticiasneiva"]},{"@type":"Person","@id":"https:\/\/luchonoticias.com\/editor\/#\/schema\/person\/29217990ddf6f14e35912b2866d591fb","name":"Editor General","image":{"@type":"ImageObject","inLanguage":"es","@id":"https:\/\/luchonoticias.com\/editor\/#\/schema\/person\/image\/","url":"https:\/\/luchonoticias.com\/editor\/wp-content\/uploads\/2024\/02\/cropped-cropped-logolu-150x150.webp","contentUrl":"https:\/\/luchonoticias.com\/editor\/wp-content\/uploads\/2024\/02\/cropped-cropped-logolu-150x150.webp","caption":"Editor General"},"sameAs":["https:\/\/luchonoticias.com\/"],"url":"https:\/\/luchonoticias.com\/editor\/author\/editor-general\/"}]}},"_links":{"self":[{"href":"https:\/\/luchonoticias.com\/editor\/wp-json\/wp\/v2\/posts\/73302","targetHints":{"allow":["GET"]}}],"collection":[{"href":"https:\/\/luchonoticias.com\/editor\/wp-json\/wp\/v2\/posts"}],"about":[{"href":"https:\/\/luchonoticias.com\/editor\/wp-json\/wp\/v2\/types\/post"}],"author":[{"embeddable":true,"href":"https:\/\/luchonoticias.com\/editor\/wp-json\/wp\/v2\/users\/2"}],"replies":[{"embeddable":true,"href":"https:\/\/luchonoticias.com\/editor\/wp-json\/wp\/v2\/comments?post=73302"}],"version-history":[{"count":0,"href":"https:\/\/luchonoticias.com\/editor\/wp-json\/wp\/v2\/posts\/73302\/revisions"}],"wp:featuredmedia":[{"embeddable":true,"href":"https:\/\/luchonoticias.com\/editor\/wp-json\/wp\/v2\/media\/73303"}],"wp:attachment":[{"href":"https:\/\/luchonoticias.com\/editor\/wp-json\/wp\/v2\/media?parent=73302"}],"wp:term":[{"taxonomy":"category","embeddable":true,"href":"https:\/\/luchonoticias.com\/editor\/wp-json\/wp\/v2\/categories?post=73302"},{"taxonomy":"post_tag","embeddable":true,"href":"https:\/\/luchonoticias.com\/editor\/wp-json\/wp\/v2\/tags?post=73302"}],"curies":[{"name":"wp","href":"https:\/\/api.w.org\/{rel}","templated":true}]}}