{"id":73309,"date":"2024-05-22T07:16:51","date_gmt":"2024-05-22T12:16:51","guid":{"rendered":"https:\/\/luchonoticias.com\/?p=73309"},"modified":"2024-05-22T07:16:51","modified_gmt":"2024-05-22T12:16:51","slug":"luis-murillo-y-sus-retos-como-nuevo-canciller","status":"publish","type":"post","link":"https:\/\/luchonoticias.com\/editor\/luis-murillo-y-sus-retos-como-nuevo-canciller\/","title":{"rendered":"Luis Murillo y sus retos como nuevo canciller"},"content":{"rendered":"<p>El presidente Gustavo Petro Urrego posesion\u00f3 al nuevo Canciller, Luis Gilberto Murillo, y le encomend\u00f3 la misi\u00f3n de construir una red intercomunicada de energ\u00eda el\u00e9ctrica que le permita a Estados Unidos avanzar hacia una econom\u00eda descarbonizada.<\/p>\n<p>Asimismo, le pidi\u00f3 impulsar la investigaci\u00f3n sobre vacunas y medicinas, as\u00ed como la comunicaci\u00f3n latinoamericana mediante una red ferroviaria.<\/p>\n<p>\u201cLa propuesta de construir una red intercomunicada de energ\u00eda el\u00e9ctrica americana, que solo lleve energ\u00edas limpias, que aproveche el gran potencial de Suram\u00e9rica y que pueda ayudar a descarbonizar la econom\u00eda de los Estados Unidos, creo que es central. Ese debe ser un tema de la Canciller\u00eda\u00bb, manifest\u00f3.<\/p>\n<p>El mandatario indic\u00f3 que no ha sido f\u00e1cil trabajar conjuntamente con Estados Unidos alrededor de la transformaci\u00f3n energ\u00e9tica, porque es necesario para la humanidad que esta potencia mundial deje \u201cde emitir CO2, es decir, dejar de usar petr\u00f3leo y carb\u00f3n, sabedores de que los grandes capitales del petr\u00f3leo y del carb\u00f3n tienen su asiento precisamente en los Estados Unidos\u00bb.<\/p>\n<p>\u201cNo es nada f\u00e1cil encontrar las fuerzas dentro de los Estados Unidos que, aliadas de la humanidad, puedan llevar a esa ingente tarea de hacer que Estados Unidos sea cero emisiones, que tenga una econom\u00eda descarbonizada. Esto implica un cambio en las relaciones de poder interno y externo en el mundo\u00bb, subray\u00f3.<\/p>\n<p>Agreg\u00f3 que este pilar debe hacer parte de la nueva agenda de Colombia con los Estados Unidos, que en d\u00e9cadas anteriores se concentr\u00f3 en la \u201cequivocada guerra\u00bb contra las drogas, porque \u201cnos ha tra\u00eddo violencia\u00bb.<\/p>\n<p>Ahora, dijo el jefe de Estado, esta agenda se debe orientar en \u201ctemas que favorecen la vida y la humanidad misma\u00bb.<\/p>\n<h2>Investigaci\u00f3\u200bn sobre vacunas<\/h2>\n<p>\u200bCon relaci\u00f3n a la agenda con los pa\u00edses de la regi\u00f3n, el presidente Petro dijo que la construcci\u00f3n de la red intercomunicada de energ\u00eda el\u00e9ctrica con Estados Unidos debe ser parte de la Cumbre de la Comunidad de Estados Latinoamericanos y Caribe\u00f1os (CELAC), en el 2025.<\/p>\n<p>\u201cNosotros tenemos la presidencia (pro tempore) de la CELAC el a\u00f1o entrante. Esta es la propuesta bandera (las energ\u00edas renovables) junto con la red ferroviaria a nivel latinoamericano\u00bb, recalc\u00f3.<\/p>\n<p>A esto le sum\u00f3 otro tema prioritario para la regi\u00f3n como la investigaci\u00f3n sobre vacunas y medicinas, por ser \u201cuna instancia latinoamericana, propuesta de M\u00e9xico, que parece pertinente dada la mala experiencia de Am\u00e9rica del Sur, incluida la de Colombia, en este asunto de las vacunas, cuando vivimos el covid\u00bb.<\/p>\n","protected":false},"excerpt":{"rendered":"<p>El presidente Gustavo Petro Urrego posesion\u00f3 al nuevo Canciller, Luis Gilberto Murillo, y le encomend\u00f3 la misi\u00f3n de construir una red intercomunicada de energ\u00eda el\u00e9ctrica que le permita a Estados Unidos avanzar hacia una econom\u00eda descarbonizada. Asimismo, le pidi\u00f3 impulsar la investigaci\u00f3n sobre vacunas y medicinas, as\u00ed como la comunicaci\u00f3n latinoamericana mediante una red ferroviaria. [&hellip;]<\/p>\n","protected":false},"author":2,"featured_media":73310,"comment_status":"closed","ping_status":"open","sticky":false,"template":"","format":"standard","meta":{"footnotes":""},"categories":[28],"tags":[],"class_list":["post-73309","post","type-post","status-publish","format-standard","has-post-thumbnail","hentry","category-actualidad"],"yoast_head":"<!-- This site is optimized with the Yoast SEO plugin v26.6 - https:\/\/yoast.com\/wordpress\/plugins\/seo\/ -->\n<title>Luis Murillo y sus retos como nuevo canciller -<\/title>\n<meta name=\"robots\" content=\"index, follow, max-snippet:-1, max-image-preview:large, max-video-preview:-1\" \/>\n<link rel=\"canonical\" href=\"https:\/\/luchonoticias.com\/editor\/luis-murillo-y-sus-retos-como-nuevo-canciller\/\" \/>\n<meta property=\"og:locale\" content=\"es_ES\" \/>\n<meta property=\"og:type\" content=\"article\" \/>\n<meta property=\"og:title\" content=\"Luis Murillo y sus retos como nuevo canciller -\" \/>\n<meta property=\"og:url\" content=\"https:\/\/luchonoticias.com\/editor\/luis-murillo-y-sus-retos-como-nuevo-canciller\/\" \/>\n<meta property=\"article:publisher\" content=\"https:\/\/www.facebook.com\/luchonoticiasneiva\" \/>\n<meta property=\"article:published_time\" content=\"2024-05-22T12:16:51+00:00\" \/>\n<meta property=\"og:image\" content=\"https:\/\/luchonoticias.com\/editor\/wp-content\/uploads\/2024\/05\/murillo.jpg\" \/>\n\t<meta property=\"og:image:width\" content=\"700\" \/>\n\t<meta property=\"og:image:height\" content=\"400\" \/>\n\t<meta property=\"og:image:type\" content=\"image\/jpeg\" \/>\n<meta name=\"author\" content=\"Editor General\" \/>\n<meta name=\"twitter:card\" content=\"summary_large_image\" \/>\n<meta name=\"twitter:label1\" content=\"Escrito por\" \/>\n\t<meta name=\"twitter:data1\" content=\"Editor General\" \/>\n\t<meta name=\"twitter:label2\" content=\"Tiempo de lectura\" \/>\n\t<meta name=\"twitter:data2\" content=\"2 minutos\" \/>\n<script type=\"application\/ld+json\" class=\"yoast-schema-graph\">{\"@context\":\"https:\/\/schema.org\",\"@graph\":[{\"@type\":\"Article\",\"@id\":\"https:\/\/luchonoticias.com\/editor\/luis-murillo-y-sus-retos-como-nuevo-canciller\/#article\",\"isPartOf\":{\"@id\":\"https:\/\/luchonoticias.com\/editor\/luis-murillo-y-sus-retos-como-nuevo-canciller\/\"},\"author\":{\"name\":\"Editor General\",\"@id\":\"https:\/\/luchonoticias.com\/editor\/#\/schema\/person\/29217990ddf6f14e35912b2866d591fb\"},\"headline\":\"Luis Murillo y sus retos como nuevo canciller\",\"datePublished\":\"2024-05-22T12:16:51+00:00\",\"mainEntityOfPage\":{\"@id\":\"https:\/\/luchonoticias.com\/editor\/luis-murillo-y-sus-retos-como-nuevo-canciller\/\"},\"wordCount\":442,\"publisher\":{\"@id\":\"https:\/\/luchonoticias.com\/editor\/#\/schema\/person\/7a7fd911f58561fd056dbac7b55af9cd\"},\"image\":{\"@id\":\"https:\/\/luchonoticias.com\/editor\/luis-murillo-y-sus-retos-como-nuevo-canciller\/#primaryimage\"},\"thumbnailUrl\":\"https:\/\/luchonoticias.com\/editor\/wp-content\/uploads\/2024\/05\/murillo.jpg\",\"articleSection\":[\"Actualidad\"],\"inLanguage\":\"es\"},{\"@type\":\"WebPage\",\"@id\":\"https:\/\/luchonoticias.com\/editor\/luis-murillo-y-sus-retos-como-nuevo-canciller\/\",\"url\":\"https:\/\/luchonoticias.com\/editor\/luis-murillo-y-sus-retos-como-nuevo-canciller\/\",\"name\":\"Luis Murillo y sus retos como nuevo canciller -\",\"isPartOf\":{\"@id\":\"https:\/\/luchonoticias.com\/editor\/#website\"},\"primaryImageOfPage\":{\"@id\":\"https:\/\/luchonoticias.com\/editor\/luis-murillo-y-sus-retos-como-nuevo-canciller\/#primaryimage\"},\"image\":{\"@id\":\"https:\/\/luchonoticias.com\/editor\/luis-murillo-y-sus-retos-como-nuevo-canciller\/#primaryimage\"},\"thumbnailUrl\":\"https:\/\/luchonoticias.com\/editor\/wp-content\/uploads\/2024\/05\/murillo.jpg\",\"datePublished\":\"2024-05-22T12:16:51+00:00\",\"breadcrumb\":{\"@id\":\"https:\/\/luchonoticias.com\/editor\/luis-murillo-y-sus-retos-como-nuevo-canciller\/#breadcrumb\"},\"inLanguage\":\"es\",\"potentialAction\":[{\"@type\":\"ReadAction\",\"target\":[\"https:\/\/luchonoticias.com\/editor\/luis-murillo-y-sus-retos-como-nuevo-canciller\/\"]}]},{\"@type\":\"ImageObject\",\"inLanguage\":\"es\",\"@id\":\"https:\/\/luchonoticias.com\/editor\/luis-murillo-y-sus-retos-como-nuevo-canciller\/#primaryimage\",\"url\":\"https:\/\/luchonoticias.com\/editor\/wp-content\/uploads\/2024\/05\/murillo.jpg\",\"contentUrl\":\"https:\/\/luchonoticias.com\/editor\/wp-content\/uploads\/2024\/05\/murillo.jpg\",\"width\":700,\"height\":400},{\"@type\":\"BreadcrumbList\",\"@id\":\"https:\/\/luchonoticias.com\/editor\/luis-murillo-y-sus-retos-como-nuevo-canciller\/#breadcrumb\",\"itemListElement\":[{\"@type\":\"ListItem\",\"position\":1,\"name\":\"Portada\",\"item\":\"https:\/\/luchonoticias.com\/editor\/\"},{\"@type\":\"ListItem\",\"position\":2,\"name\":\"Luis Murillo y sus retos como nuevo canciller\"}]},{\"@type\":\"WebSite\",\"@id\":\"https:\/\/luchonoticias.com\/editor\/#website\",\"url\":\"https:\/\/luchonoticias.com\/editor\/\",\"name\":\"\",\"description\":\"\",\"publisher\":{\"@id\":\"https:\/\/luchonoticias.com\/editor\/#\/schema\/person\/7a7fd911f58561fd056dbac7b55af9cd\"},\"potentialAction\":[{\"@type\":\"SearchAction\",\"target\":{\"@type\":\"EntryPoint\",\"urlTemplate\":\"https:\/\/luchonoticias.com\/editor\/?s={search_term_string}\"},\"query-input\":{\"@type\":\"PropertyValueSpecification\",\"valueRequired\":true,\"valueName\":\"search_term_string\"}}],\"inLanguage\":\"es\"},{\"@type\":[\"Person\",\"Organization\"],\"@id\":\"https:\/\/luchonoticias.com\/editor\/#\/schema\/person\/7a7fd911f58561fd056dbac7b55af9cd\",\"name\":\"admin\",\"image\":{\"@type\":\"ImageObject\",\"inLanguage\":\"es\",\"@id\":\"https:\/\/luchonoticias.com\/editor\/#\/schema\/person\/image\/\",\"url\":\"https:\/\/luchonoticias.com\/editor\/wp-content\/uploads\/2024\/02\/cropped-cropped-logolu.webp\",\"contentUrl\":\"https:\/\/luchonoticias.com\/editor\/wp-content\/uploads\/2024\/02\/cropped-cropped-logolu.webp\",\"width\":382,\"height\":170,\"caption\":\"admin\"},\"logo\":{\"@id\":\"https:\/\/luchonoticias.com\/editor\/#\/schema\/person\/image\/\"},\"sameAs\":[\"https:\/\/www.facebook.com\/luchonoticiasneiva\"]},{\"@type\":\"Person\",\"@id\":\"https:\/\/luchonoticias.com\/editor\/#\/schema\/person\/29217990ddf6f14e35912b2866d591fb\",\"name\":\"Editor General\",\"image\":{\"@type\":\"ImageObject\",\"inLanguage\":\"es\",\"@id\":\"https:\/\/luchonoticias.com\/editor\/#\/schema\/person\/image\/\",\"url\":\"https:\/\/luchonoticias.com\/editor\/wp-content\/uploads\/2024\/02\/cropped-cropped-logolu-150x150.webp\",\"contentUrl\":\"https:\/\/luchonoticias.com\/editor\/wp-content\/uploads\/2024\/02\/cropped-cropped-logolu-150x150.webp\",\"caption\":\"Editor General\"},\"sameAs\":[\"https:\/\/luchonoticias.com\/\"],\"url\":\"https:\/\/luchonoticias.com\/editor\/author\/editor-general\/\"}]}<\/script>\n<!-- \/ Yoast SEO plugin. -->","yoast_head_json":{"title":"Luis Murillo y sus retos como nuevo canciller -","robots":{"index":"index","follow":"follow","max-snippet":"max-snippet:-1","max-image-preview":"max-image-preview:large","max-video-preview":"max-video-preview:-1"},"canonical":"https:\/\/luchonoticias.com\/editor\/luis-murillo-y-sus-retos-como-nuevo-canciller\/","og_locale":"es_ES","og_type":"article","og_title":"Luis Murillo y sus retos como nuevo canciller -","og_url":"https:\/\/luchonoticias.com\/editor\/luis-murillo-y-sus-retos-como-nuevo-canciller\/","article_publisher":"https:\/\/www.facebook.com\/luchonoticiasneiva","article_published_time":"2024-05-22T12:16:51+00:00","og_image":[{"width":700,"height":400,"url":"https:\/\/luchonoticias.com\/editor\/wp-content\/uploads\/2024\/05\/murillo.jpg","type":"image\/jpeg"}],"author":"Editor General","twitter_card":"summary_large_image","twitter_misc":{"Escrito por":"Editor General","Tiempo de lectura":"2 minutos"},"schema":{"@context":"https:\/\/schema.org","@graph":[{"@type":"Article","@id":"https:\/\/luchonoticias.com\/editor\/luis-murillo-y-sus-retos-como-nuevo-canciller\/#article","isPartOf":{"@id":"https:\/\/luchonoticias.com\/editor\/luis-murillo-y-sus-retos-como-nuevo-canciller\/"},"author":{"name":"Editor General","@id":"https:\/\/luchonoticias.com\/editor\/#\/schema\/person\/29217990ddf6f14e35912b2866d591fb"},"headline":"Luis Murillo y sus retos como nuevo canciller","datePublished":"2024-05-22T12:16:51+00:00","mainEntityOfPage":{"@id":"https:\/\/luchonoticias.com\/editor\/luis-murillo-y-sus-retos-como-nuevo-canciller\/"},"wordCount":442,"publisher":{"@id":"https:\/\/luchonoticias.com\/editor\/#\/schema\/person\/7a7fd911f58561fd056dbac7b55af9cd"},"image":{"@id":"https:\/\/luchonoticias.com\/editor\/luis-murillo-y-sus-retos-como-nuevo-canciller\/#primaryimage"},"thumbnailUrl":"https:\/\/luchonoticias.com\/editor\/wp-content\/uploads\/2024\/05\/murillo.jpg","articleSection":["Actualidad"],"inLanguage":"es"},{"@type":"WebPage","@id":"https:\/\/luchonoticias.com\/editor\/luis-murillo-y-sus-retos-como-nuevo-canciller\/","url":"https:\/\/luchonoticias.com\/editor\/luis-murillo-y-sus-retos-como-nuevo-canciller\/","name":"Luis Murillo y sus retos como nuevo canciller -","isPartOf":{"@id":"https:\/\/luchonoticias.com\/editor\/#website"},"primaryImageOfPage":{"@id":"https:\/\/luchonoticias.com\/editor\/luis-murillo-y-sus-retos-como-nuevo-canciller\/#primaryimage"},"image":{"@id":"https:\/\/luchonoticias.com\/editor\/luis-murillo-y-sus-retos-como-nuevo-canciller\/#primaryimage"},"thumbnailUrl":"https:\/\/luchonoticias.com\/editor\/wp-content\/uploads\/2024\/05\/murillo.jpg","datePublished":"2024-05-22T12:16:51+00:00","breadcrumb":{"@id":"https:\/\/luchonoticias.com\/editor\/luis-murillo-y-sus-retos-como-nuevo-canciller\/#breadcrumb"},"inLanguage":"es","potentialAction":[{"@type":"ReadAction","target":["https:\/\/luchonoticias.com\/editor\/luis-murillo-y-sus-retos-como-nuevo-canciller\/"]}]},{"@type":"ImageObject","inLanguage":"es","@id":"https:\/\/luchonoticias.com\/editor\/luis-murillo-y-sus-retos-como-nuevo-canciller\/#primaryimage","url":"https:\/\/luchonoticias.com\/editor\/wp-content\/uploads\/2024\/05\/murillo.jpg","contentUrl":"https:\/\/luchonoticias.com\/editor\/wp-content\/uploads\/2024\/05\/murillo.jpg","width":700,"height":400},{"@type":"BreadcrumbList","@id":"https:\/\/luchonoticias.com\/editor\/luis-murillo-y-sus-retos-como-nuevo-canciller\/#breadcrumb","itemListElement":[{"@type":"ListItem","position":1,"name":"Portada","item":"https:\/\/luchonoticias.com\/editor\/"},{"@type":"ListItem","position":2,"name":"Luis Murillo y sus retos como nuevo canciller"}]},{"@type":"WebSite","@id":"https:\/\/luchonoticias.com\/editor\/#website","url":"https:\/\/luchonoticias.com\/editor\/","name":"","description":"","publisher":{"@id":"https:\/\/luchonoticias.com\/editor\/#\/schema\/person\/7a7fd911f58561fd056dbac7b55af9cd"},"potentialAction":[{"@type":"SearchAction","target":{"@type":"EntryPoint","urlTemplate":"https:\/\/luchonoticias.com\/editor\/?s={search_term_string}"},"query-input":{"@type":"PropertyValueSpecification","valueRequired":true,"valueName":"search_term_string"}}],"inLanguage":"es"},{"@type":["Person","Organization"],"@id":"https:\/\/luchonoticias.com\/editor\/#\/schema\/person\/7a7fd911f58561fd056dbac7b55af9cd","name":"admin","image":{"@type":"ImageObject","inLanguage":"es","@id":"https:\/\/luchonoticias.com\/editor\/#\/schema\/person\/image\/","url":"https:\/\/luchonoticias.com\/editor\/wp-content\/uploads\/2024\/02\/cropped-cropped-logolu.webp","contentUrl":"https:\/\/luchonoticias.com\/editor\/wp-content\/uploads\/2024\/02\/cropped-cropped-logolu.webp","width":382,"height":170,"caption":"admin"},"logo":{"@id":"https:\/\/luchonoticias.com\/editor\/#\/schema\/person\/image\/"},"sameAs":["https:\/\/www.facebook.com\/luchonoticiasneiva"]},{"@type":"Person","@id":"https:\/\/luchonoticias.com\/editor\/#\/schema\/person\/29217990ddf6f14e35912b2866d591fb","name":"Editor General","image":{"@type":"ImageObject","inLanguage":"es","@id":"https:\/\/luchonoticias.com\/editor\/#\/schema\/person\/image\/","url":"https:\/\/luchonoticias.com\/editor\/wp-content\/uploads\/2024\/02\/cropped-cropped-logolu-150x150.webp","contentUrl":"https:\/\/luchonoticias.com\/editor\/wp-content\/uploads\/2024\/02\/cropped-cropped-logolu-150x150.webp","caption":"Editor General"},"sameAs":["https:\/\/luchonoticias.com\/"],"url":"https:\/\/luchonoticias.com\/editor\/author\/editor-general\/"}]}},"_links":{"self":[{"href":"https:\/\/luchonoticias.com\/editor\/wp-json\/wp\/v2\/posts\/73309","targetHints":{"allow":["GET"]}}],"collection":[{"href":"https:\/\/luchonoticias.com\/editor\/wp-json\/wp\/v2\/posts"}],"about":[{"href":"https:\/\/luchonoticias.com\/editor\/wp-json\/wp\/v2\/types\/post"}],"author":[{"embeddable":true,"href":"https:\/\/luchonoticias.com\/editor\/wp-json\/wp\/v2\/users\/2"}],"replies":[{"embeddable":true,"href":"https:\/\/luchonoticias.com\/editor\/wp-json\/wp\/v2\/comments?post=73309"}],"version-history":[{"count":0,"href":"https:\/\/luchonoticias.com\/editor\/wp-json\/wp\/v2\/posts\/73309\/revisions"}],"wp:featuredmedia":[{"embeddable":true,"href":"https:\/\/luchonoticias.com\/editor\/wp-json\/wp\/v2\/media\/73310"}],"wp:attachment":[{"href":"https:\/\/luchonoticias.com\/editor\/wp-json\/wp\/v2\/media?parent=73309"}],"wp:term":[{"taxonomy":"category","embeddable":true,"href":"https:\/\/luchonoticias.com\/editor\/wp-json\/wp\/v2\/categories?post=73309"},{"taxonomy":"post_tag","embeddable":true,"href":"https:\/\/luchonoticias.com\/editor\/wp-json\/wp\/v2\/tags?post=73309"}],"curies":[{"name":"wp","href":"https:\/\/api.w.org\/{rel}","templated":true}]}}