{"id":73312,"date":"2024-05-22T07:19:40","date_gmt":"2024-05-22T12:19:40","guid":{"rendered":"https:\/\/luchonoticias.com\/?p=73312"},"modified":"2024-05-22T07:19:40","modified_gmt":"2024-05-22T12:19:40","slug":"el-nuevo-embajador-colombiano-en-estados-unidos","status":"publish","type":"post","link":"https:\/\/luchonoticias.com\/editor\/el-nuevo-embajador-colombiano-en-estados-unidos\/","title":{"rendered":"El nuevo embajador colombiano en Estados Unidos"},"content":{"rendered":"<p>El anuncio de la designaci\u00f3n de Daniel Garc\u00eda-Pe\u00f1a como nuevo embajador de Colombia en Washington, lo hizo el presidente de la Rep\u00fablica, Gustavo Petro Urrego, durante la posesi\u00f3n del ministro de Relaciones Exteriores, Luis Gilberto Murillo, este martes, en la Casa de Nari\u00f1o.<\/p>\n<p>\u201cEl trabajo que usted desempe\u00f1aba lo va a asumir Daniel Garc\u00eda-Pe\u00f1a\u00bb, dijo el jefe del Estado.<\/p>\n<p>Asegur\u00f3 que Garc\u00eda-Pe\u00f1a va a llevar la dif\u00edcil \u201cpero promisoria tarea de una nueva agenda entre Estados Unidos y toda la Am\u00e9rica restante, para lograr paz, tranquilidad y un avance real de la vida en el planeta\u00bb; en relaci\u00f3n principalmente con la descarbonizaci\u00f3n de la econom\u00eda y el desarrollo de energ\u00eda limpias, tanto en ese pa\u00eds, como en todo el continente y el planeta.<\/p>\n<p>\u201cLe hemos propuesto al gobierno de Estados Unidos trabajar conjuntamente alrededor de la transformaci\u00f3n energ\u00e9tica, de una necesidad que tiene la humanidad y que se centra en buena parte en Estados Unidos, que es dejar de emitir CO2&#8243;, afirm\u00f3.<\/p>\n<p>Tambi\u00e9n se refiri\u00f3 a una colaboraci\u00f3n, que responde a una visi\u00f3n en com\u00fan entre las dos naciones, ampliada y renovada, de la lucha contra las drogas, desde una perspectiva que favorezca \u201cla vida y la humanidad misma\u00bb.<\/p>\n<p>Daniel Garc\u00eda-Pe\u00f1a ha sido C\u00f3nsul de Colombia en Par\u00eds, profesor del Departamento de Ciencia Pol\u00edtica de la Universidad Nacional y de la Universidad de los Andes, columnista de El Espectador, director de Relaciones Internacionales en la Alcald\u00eda del hoy Presidente Gustavo Petro, ex-Comisionado de Paz y fundador de la ONG Planeta Paz.<\/p>\n<p>Se gradu\u00f3 como historiador en del Belmont Abbey College, de Carolina del Norte (EE. UU.).<\/p>\n","protected":false},"excerpt":{"rendered":"<p>El anuncio de la designaci\u00f3n de Daniel Garc\u00eda-Pe\u00f1a como nuevo embajador de Colombia en Washington, lo hizo el presidente de la Rep\u00fablica, Gustavo Petro Urrego, durante la posesi\u00f3n del ministro de Relaciones Exteriores, Luis Gilberto Murillo, este martes, en la Casa de Nari\u00f1o. \u201cEl trabajo que usted desempe\u00f1aba lo va a asumir Daniel Garc\u00eda-Pe\u00f1a\u00bb, dijo [&hellip;]<\/p>\n","protected":false},"author":2,"featured_media":73313,"comment_status":"closed","ping_status":"open","sticky":false,"template":"","format":"standard","meta":{"footnotes":""},"categories":[28],"tags":[],"class_list":["post-73312","post","type-post","status-publish","format-standard","has-post-thumbnail","hentry","category-actualidad"],"yoast_head":"<!-- This site is optimized with the Yoast SEO plugin v26.6 - https:\/\/yoast.com\/wordpress\/plugins\/seo\/ -->\n<title>El nuevo embajador colombiano en Estados Unidos -<\/title>\n<meta name=\"robots\" content=\"index, follow, max-snippet:-1, max-image-preview:large, max-video-preview:-1\" \/>\n<link rel=\"canonical\" href=\"https:\/\/luchonoticias.com\/editor\/el-nuevo-embajador-colombiano-en-estados-unidos\/\" \/>\n<meta property=\"og:locale\" content=\"es_ES\" \/>\n<meta property=\"og:type\" content=\"article\" \/>\n<meta property=\"og:title\" content=\"El nuevo embajador colombiano en Estados Unidos -\" \/>\n<meta property=\"og:url\" content=\"https:\/\/luchonoticias.com\/editor\/el-nuevo-embajador-colombiano-en-estados-unidos\/\" \/>\n<meta property=\"article:publisher\" content=\"https:\/\/www.facebook.com\/luchonoticiasneiva\" \/>\n<meta property=\"article:published_time\" content=\"2024-05-22T12:19:40+00:00\" \/>\n<meta property=\"og:image\" content=\"https:\/\/luchonoticias.com\/editor\/wp-content\/uploads\/2024\/05\/nuevo-embajador.jpg\" \/>\n\t<meta property=\"og:image:width\" content=\"700\" \/>\n\t<meta property=\"og:image:height\" content=\"400\" \/>\n\t<meta property=\"og:image:type\" content=\"image\/jpeg\" \/>\n<meta name=\"author\" content=\"Editor General\" \/>\n<meta name=\"twitter:card\" content=\"summary_large_image\" \/>\n<meta name=\"twitter:label1\" content=\"Escrito por\" \/>\n\t<meta name=\"twitter:data1\" content=\"Editor General\" \/>\n\t<meta name=\"twitter:label2\" content=\"Tiempo de lectura\" \/>\n\t<meta name=\"twitter:data2\" content=\"1 minuto\" \/>\n<script type=\"application\/ld+json\" class=\"yoast-schema-graph\">{\"@context\":\"https:\/\/schema.org\",\"@graph\":[{\"@type\":\"Article\",\"@id\":\"https:\/\/luchonoticias.com\/editor\/el-nuevo-embajador-colombiano-en-estados-unidos\/#article\",\"isPartOf\":{\"@id\":\"https:\/\/luchonoticias.com\/editor\/el-nuevo-embajador-colombiano-en-estados-unidos\/\"},\"author\":{\"name\":\"Editor General\",\"@id\":\"https:\/\/luchonoticias.com\/editor\/#\/schema\/person\/29217990ddf6f14e35912b2866d591fb\"},\"headline\":\"El nuevo embajador colombiano en Estados Unidos\",\"datePublished\":\"2024-05-22T12:19:40+00:00\",\"mainEntityOfPage\":{\"@id\":\"https:\/\/luchonoticias.com\/editor\/el-nuevo-embajador-colombiano-en-estados-unidos\/\"},\"wordCount\":303,\"publisher\":{\"@id\":\"https:\/\/luchonoticias.com\/editor\/#\/schema\/person\/7a7fd911f58561fd056dbac7b55af9cd\"},\"image\":{\"@id\":\"https:\/\/luchonoticias.com\/editor\/el-nuevo-embajador-colombiano-en-estados-unidos\/#primaryimage\"},\"thumbnailUrl\":\"https:\/\/luchonoticias.com\/editor\/wp-content\/uploads\/2024\/05\/nuevo-embajador.jpg\",\"articleSection\":[\"Actualidad\"],\"inLanguage\":\"es\"},{\"@type\":\"WebPage\",\"@id\":\"https:\/\/luchonoticias.com\/editor\/el-nuevo-embajador-colombiano-en-estados-unidos\/\",\"url\":\"https:\/\/luchonoticias.com\/editor\/el-nuevo-embajador-colombiano-en-estados-unidos\/\",\"name\":\"El nuevo embajador colombiano en Estados Unidos -\",\"isPartOf\":{\"@id\":\"https:\/\/luchonoticias.com\/editor\/#website\"},\"primaryImageOfPage\":{\"@id\":\"https:\/\/luchonoticias.com\/editor\/el-nuevo-embajador-colombiano-en-estados-unidos\/#primaryimage\"},\"image\":{\"@id\":\"https:\/\/luchonoticias.com\/editor\/el-nuevo-embajador-colombiano-en-estados-unidos\/#primaryimage\"},\"thumbnailUrl\":\"https:\/\/luchonoticias.com\/editor\/wp-content\/uploads\/2024\/05\/nuevo-embajador.jpg\",\"datePublished\":\"2024-05-22T12:19:40+00:00\",\"breadcrumb\":{\"@id\":\"https:\/\/luchonoticias.com\/editor\/el-nuevo-embajador-colombiano-en-estados-unidos\/#breadcrumb\"},\"inLanguage\":\"es\",\"potentialAction\":[{\"@type\":\"ReadAction\",\"target\":[\"https:\/\/luchonoticias.com\/editor\/el-nuevo-embajador-colombiano-en-estados-unidos\/\"]}]},{\"@type\":\"ImageObject\",\"inLanguage\":\"es\",\"@id\":\"https:\/\/luchonoticias.com\/editor\/el-nuevo-embajador-colombiano-en-estados-unidos\/#primaryimage\",\"url\":\"https:\/\/luchonoticias.com\/editor\/wp-content\/uploads\/2024\/05\/nuevo-embajador.jpg\",\"contentUrl\":\"https:\/\/luchonoticias.com\/editor\/wp-content\/uploads\/2024\/05\/nuevo-embajador.jpg\",\"width\":700,\"height\":400},{\"@type\":\"BreadcrumbList\",\"@id\":\"https:\/\/luchonoticias.com\/editor\/el-nuevo-embajador-colombiano-en-estados-unidos\/#breadcrumb\",\"itemListElement\":[{\"@type\":\"ListItem\",\"position\":1,\"name\":\"Portada\",\"item\":\"https:\/\/luchonoticias.com\/editor\/\"},{\"@type\":\"ListItem\",\"position\":2,\"name\":\"El nuevo embajador colombiano en Estados Unidos\"}]},{\"@type\":\"WebSite\",\"@id\":\"https:\/\/luchonoticias.com\/editor\/#website\",\"url\":\"https:\/\/luchonoticias.com\/editor\/\",\"name\":\"\",\"description\":\"\",\"publisher\":{\"@id\":\"https:\/\/luchonoticias.com\/editor\/#\/schema\/person\/7a7fd911f58561fd056dbac7b55af9cd\"},\"potentialAction\":[{\"@type\":\"SearchAction\",\"target\":{\"@type\":\"EntryPoint\",\"urlTemplate\":\"https:\/\/luchonoticias.com\/editor\/?s={search_term_string}\"},\"query-input\":{\"@type\":\"PropertyValueSpecification\",\"valueRequired\":true,\"valueName\":\"search_term_string\"}}],\"inLanguage\":\"es\"},{\"@type\":[\"Person\",\"Organization\"],\"@id\":\"https:\/\/luchonoticias.com\/editor\/#\/schema\/person\/7a7fd911f58561fd056dbac7b55af9cd\",\"name\":\"admin\",\"image\":{\"@type\":\"ImageObject\",\"inLanguage\":\"es\",\"@id\":\"https:\/\/luchonoticias.com\/editor\/#\/schema\/person\/image\/\",\"url\":\"https:\/\/luchonoticias.com\/editor\/wp-content\/uploads\/2024\/02\/cropped-cropped-logolu.webp\",\"contentUrl\":\"https:\/\/luchonoticias.com\/editor\/wp-content\/uploads\/2024\/02\/cropped-cropped-logolu.webp\",\"width\":382,\"height\":170,\"caption\":\"admin\"},\"logo\":{\"@id\":\"https:\/\/luchonoticias.com\/editor\/#\/schema\/person\/image\/\"},\"sameAs\":[\"https:\/\/www.facebook.com\/luchonoticiasneiva\"]},{\"@type\":\"Person\",\"@id\":\"https:\/\/luchonoticias.com\/editor\/#\/schema\/person\/29217990ddf6f14e35912b2866d591fb\",\"name\":\"Editor General\",\"image\":{\"@type\":\"ImageObject\",\"inLanguage\":\"es\",\"@id\":\"https:\/\/luchonoticias.com\/editor\/#\/schema\/person\/image\/\",\"url\":\"https:\/\/luchonoticias.com\/editor\/wp-content\/uploads\/2024\/02\/cropped-cropped-logolu-150x150.webp\",\"contentUrl\":\"https:\/\/luchonoticias.com\/editor\/wp-content\/uploads\/2024\/02\/cropped-cropped-logolu-150x150.webp\",\"caption\":\"Editor General\"},\"sameAs\":[\"https:\/\/luchonoticias.com\/\"],\"url\":\"https:\/\/luchonoticias.com\/editor\/author\/editor-general\/\"}]}<\/script>\n<!-- \/ Yoast SEO plugin. -->","yoast_head_json":{"title":"El nuevo embajador colombiano en Estados Unidos -","robots":{"index":"index","follow":"follow","max-snippet":"max-snippet:-1","max-image-preview":"max-image-preview:large","max-video-preview":"max-video-preview:-1"},"canonical":"https:\/\/luchonoticias.com\/editor\/el-nuevo-embajador-colombiano-en-estados-unidos\/","og_locale":"es_ES","og_type":"article","og_title":"El nuevo embajador colombiano en Estados Unidos -","og_url":"https:\/\/luchonoticias.com\/editor\/el-nuevo-embajador-colombiano-en-estados-unidos\/","article_publisher":"https:\/\/www.facebook.com\/luchonoticiasneiva","article_published_time":"2024-05-22T12:19:40+00:00","og_image":[{"width":700,"height":400,"url":"https:\/\/luchonoticias.com\/editor\/wp-content\/uploads\/2024\/05\/nuevo-embajador.jpg","type":"image\/jpeg"}],"author":"Editor General","twitter_card":"summary_large_image","twitter_misc":{"Escrito por":"Editor General","Tiempo de lectura":"1 minuto"},"schema":{"@context":"https:\/\/schema.org","@graph":[{"@type":"Article","@id":"https:\/\/luchonoticias.com\/editor\/el-nuevo-embajador-colombiano-en-estados-unidos\/#article","isPartOf":{"@id":"https:\/\/luchonoticias.com\/editor\/el-nuevo-embajador-colombiano-en-estados-unidos\/"},"author":{"name":"Editor General","@id":"https:\/\/luchonoticias.com\/editor\/#\/schema\/person\/29217990ddf6f14e35912b2866d591fb"},"headline":"El nuevo embajador colombiano en Estados Unidos","datePublished":"2024-05-22T12:19:40+00:00","mainEntityOfPage":{"@id":"https:\/\/luchonoticias.com\/editor\/el-nuevo-embajador-colombiano-en-estados-unidos\/"},"wordCount":303,"publisher":{"@id":"https:\/\/luchonoticias.com\/editor\/#\/schema\/person\/7a7fd911f58561fd056dbac7b55af9cd"},"image":{"@id":"https:\/\/luchonoticias.com\/editor\/el-nuevo-embajador-colombiano-en-estados-unidos\/#primaryimage"},"thumbnailUrl":"https:\/\/luchonoticias.com\/editor\/wp-content\/uploads\/2024\/05\/nuevo-embajador.jpg","articleSection":["Actualidad"],"inLanguage":"es"},{"@type":"WebPage","@id":"https:\/\/luchonoticias.com\/editor\/el-nuevo-embajador-colombiano-en-estados-unidos\/","url":"https:\/\/luchonoticias.com\/editor\/el-nuevo-embajador-colombiano-en-estados-unidos\/","name":"El nuevo embajador colombiano en Estados Unidos -","isPartOf":{"@id":"https:\/\/luchonoticias.com\/editor\/#website"},"primaryImageOfPage":{"@id":"https:\/\/luchonoticias.com\/editor\/el-nuevo-embajador-colombiano-en-estados-unidos\/#primaryimage"},"image":{"@id":"https:\/\/luchonoticias.com\/editor\/el-nuevo-embajador-colombiano-en-estados-unidos\/#primaryimage"},"thumbnailUrl":"https:\/\/luchonoticias.com\/editor\/wp-content\/uploads\/2024\/05\/nuevo-embajador.jpg","datePublished":"2024-05-22T12:19:40+00:00","breadcrumb":{"@id":"https:\/\/luchonoticias.com\/editor\/el-nuevo-embajador-colombiano-en-estados-unidos\/#breadcrumb"},"inLanguage":"es","potentialAction":[{"@type":"ReadAction","target":["https:\/\/luchonoticias.com\/editor\/el-nuevo-embajador-colombiano-en-estados-unidos\/"]}]},{"@type":"ImageObject","inLanguage":"es","@id":"https:\/\/luchonoticias.com\/editor\/el-nuevo-embajador-colombiano-en-estados-unidos\/#primaryimage","url":"https:\/\/luchonoticias.com\/editor\/wp-content\/uploads\/2024\/05\/nuevo-embajador.jpg","contentUrl":"https:\/\/luchonoticias.com\/editor\/wp-content\/uploads\/2024\/05\/nuevo-embajador.jpg","width":700,"height":400},{"@type":"BreadcrumbList","@id":"https:\/\/luchonoticias.com\/editor\/el-nuevo-embajador-colombiano-en-estados-unidos\/#breadcrumb","itemListElement":[{"@type":"ListItem","position":1,"name":"Portada","item":"https:\/\/luchonoticias.com\/editor\/"},{"@type":"ListItem","position":2,"name":"El nuevo embajador colombiano en Estados Unidos"}]},{"@type":"WebSite","@id":"https:\/\/luchonoticias.com\/editor\/#website","url":"https:\/\/luchonoticias.com\/editor\/","name":"","description":"","publisher":{"@id":"https:\/\/luchonoticias.com\/editor\/#\/schema\/person\/7a7fd911f58561fd056dbac7b55af9cd"},"potentialAction":[{"@type":"SearchAction","target":{"@type":"EntryPoint","urlTemplate":"https:\/\/luchonoticias.com\/editor\/?s={search_term_string}"},"query-input":{"@type":"PropertyValueSpecification","valueRequired":true,"valueName":"search_term_string"}}],"inLanguage":"es"},{"@type":["Person","Organization"],"@id":"https:\/\/luchonoticias.com\/editor\/#\/schema\/person\/7a7fd911f58561fd056dbac7b55af9cd","name":"admin","image":{"@type":"ImageObject","inLanguage":"es","@id":"https:\/\/luchonoticias.com\/editor\/#\/schema\/person\/image\/","url":"https:\/\/luchonoticias.com\/editor\/wp-content\/uploads\/2024\/02\/cropped-cropped-logolu.webp","contentUrl":"https:\/\/luchonoticias.com\/editor\/wp-content\/uploads\/2024\/02\/cropped-cropped-logolu.webp","width":382,"height":170,"caption":"admin"},"logo":{"@id":"https:\/\/luchonoticias.com\/editor\/#\/schema\/person\/image\/"},"sameAs":["https:\/\/www.facebook.com\/luchonoticiasneiva"]},{"@type":"Person","@id":"https:\/\/luchonoticias.com\/editor\/#\/schema\/person\/29217990ddf6f14e35912b2866d591fb","name":"Editor General","image":{"@type":"ImageObject","inLanguage":"es","@id":"https:\/\/luchonoticias.com\/editor\/#\/schema\/person\/image\/","url":"https:\/\/luchonoticias.com\/editor\/wp-content\/uploads\/2024\/02\/cropped-cropped-logolu-150x150.webp","contentUrl":"https:\/\/luchonoticias.com\/editor\/wp-content\/uploads\/2024\/02\/cropped-cropped-logolu-150x150.webp","caption":"Editor General"},"sameAs":["https:\/\/luchonoticias.com\/"],"url":"https:\/\/luchonoticias.com\/editor\/author\/editor-general\/"}]}},"_links":{"self":[{"href":"https:\/\/luchonoticias.com\/editor\/wp-json\/wp\/v2\/posts\/73312","targetHints":{"allow":["GET"]}}],"collection":[{"href":"https:\/\/luchonoticias.com\/editor\/wp-json\/wp\/v2\/posts"}],"about":[{"href":"https:\/\/luchonoticias.com\/editor\/wp-json\/wp\/v2\/types\/post"}],"author":[{"embeddable":true,"href":"https:\/\/luchonoticias.com\/editor\/wp-json\/wp\/v2\/users\/2"}],"replies":[{"embeddable":true,"href":"https:\/\/luchonoticias.com\/editor\/wp-json\/wp\/v2\/comments?post=73312"}],"version-history":[{"count":0,"href":"https:\/\/luchonoticias.com\/editor\/wp-json\/wp\/v2\/posts\/73312\/revisions"}],"wp:featuredmedia":[{"embeddable":true,"href":"https:\/\/luchonoticias.com\/editor\/wp-json\/wp\/v2\/media\/73313"}],"wp:attachment":[{"href":"https:\/\/luchonoticias.com\/editor\/wp-json\/wp\/v2\/media?parent=73312"}],"wp:term":[{"taxonomy":"category","embeddable":true,"href":"https:\/\/luchonoticias.com\/editor\/wp-json\/wp\/v2\/categories?post=73312"},{"taxonomy":"post_tag","embeddable":true,"href":"https:\/\/luchonoticias.com\/editor\/wp-json\/wp\/v2\/tags?post=73312"}],"curies":[{"name":"wp","href":"https:\/\/api.w.org\/{rel}","templated":true}]}}