{"id":73321,"date":"2024-05-22T07:38:00","date_gmt":"2024-05-22T12:38:00","guid":{"rendered":"https:\/\/luchonoticias.com\/?p=73321"},"modified":"2024-05-22T07:38:00","modified_gmt":"2024-05-22T12:38:00","slug":"docentes-huilenses-capacitados-en-inteligencia-artificial","status":"publish","type":"post","link":"https:\/\/luchonoticias.com\/editor\/docentes-huilenses-capacitados-en-inteligencia-artificial\/","title":{"rendered":"Docentes huilenses capacitados en inteligencia artificial"},"content":{"rendered":"<p>Se llev\u00f3 a cabo el primer ciclo de formaci\u00f3n docente para los maestros de la zona norte del Huila, en Inteligencia Artificial aplicada al aula para mejorar procesos de ense\u00f1anza \u2013 aprendizaje, en el marco de un convenio entre el Gobierno Huila Grande y la Universidad Internacional de la Rioja, Unir.<\/p>\n<p>La cita fue en el Teatro Pigoanza de Neiva, donde participaron, convocados por la Secretar\u00eda de Educaci\u00f3n del Huila, cerca de 700 docentes de la zona norte del territorio huilense, en una jornada acad\u00e9mica que inici\u00f3 a las 8:30 de la ma\u00f1ana y finaliz\u00f3 al mediod\u00eda.<\/p>\n<p>Las tem\u00e1ticas tratadas por expertos en tecnolog\u00eda digital y en Inteligencia Artificial, giraron en torno a \u2018Introducci\u00f3n a la Inteligencia Artificial en Educaci\u00f3n\u2019, \u2018El papel de la IA en la transformaci\u00f3n educativa\u2019, Herramientas y Recursos de IA para docentes\u2019 y \u2018Experiencias exitosas de implementaci\u00f3n de IA en el aula\u2019.<\/p>\n<p>De acuerdo a Orlando Parga Rivas, Secretario de Educaci\u00f3n Departamental, ser\u00e1n 1.680 los docentes capacitados esta semana en todas las zonas sur, norte, occidente y oriente del territorio huilense, en el marco del convenio que el Gobierno de Rodrigo Villalba Mosquera, realiz\u00f3 con la Universidad Internacional de la Rioja, Unir, de Espa\u00f1a.<\/p>\n<p>\u201cEl prop\u00f3sito es desarrollar habilidades docentes en las nuevas tecnolog\u00edas para mejorar calidad en los procesos de ense\u00f1anza-aprendizaje, construir nuevos escenarios educativos con aplicaciones digitales que permiten avizorar otros mundos interpretativos, creativos y anal\u00edticos, m\u00e1s acordes a la era que vivimos hoy relacionada con el apasionante mundo de la Inteligencia Artificial\u201d, afirm\u00f3 el funcionario.<\/p>\n<p>Entre tanto, Manuel Herrera, Director Acad\u00e9mico de Relaciones Internacionales de la UNIR, afirm\u00f3 que esta jornada de actualizaci\u00f3n pedag\u00f3gica donde se dot\u00f3 de herramientas necesarias a los docentes de primaria y secundaria, que tienen el reto de educar una mejor Colombia, mirar al futuro y formar el capital humano de las nuevas generaciones.<\/p>\n<p>\u201cEstamos introduciendo a los docentes en varias capacitaciones, liderazgo y gesti\u00f3n de equipo, usos de herramientas de inteligencia artificial, adquisici\u00f3n de competencias y herramientas digitales, y estos son los tres pilares de los docentes del siglo XXI, que sepa gestionar el aula, que sepa emplear las herramientas de la IA, y desarrollar competencias digitales que le permitan afrontar los desaf\u00edos de este siglo\u201d,<\/p>\n","protected":false},"excerpt":{"rendered":"<p>Se llev\u00f3 a cabo el primer ciclo de formaci\u00f3n docente para los maestros de la zona norte del Huila, en Inteligencia Artificial aplicada al aula para mejorar procesos de ense\u00f1anza \u2013 aprendizaje, en el marco de un convenio entre el Gobierno Huila Grande y la Universidad Internacional de la Rioja, Unir. La cita fue en [&hellip;]<\/p>\n","protected":false},"author":2,"featured_media":73322,"comment_status":"closed","ping_status":"open","sticky":false,"template":"","format":"standard","meta":{"footnotes":""},"categories":[33],"tags":[],"class_list":["post-73321","post","type-post","status-publish","format-standard","has-post-thumbnail","hentry","category-huila"],"yoast_head":"<!-- This site is optimized with the Yoast SEO plugin v26.6 - https:\/\/yoast.com\/wordpress\/plugins\/seo\/ -->\n<title>Docentes huilenses capacitados en inteligencia artificial -<\/title>\n<meta name=\"robots\" content=\"index, follow, max-snippet:-1, max-image-preview:large, max-video-preview:-1\" \/>\n<link rel=\"canonical\" href=\"https:\/\/luchonoticias.com\/editor\/docentes-huilenses-capacitados-en-inteligencia-artificial\/\" \/>\n<meta property=\"og:locale\" content=\"es_ES\" \/>\n<meta property=\"og:type\" content=\"article\" \/>\n<meta property=\"og:title\" content=\"Docentes huilenses capacitados en inteligencia artificial -\" \/>\n<meta property=\"og:url\" content=\"https:\/\/luchonoticias.com\/editor\/docentes-huilenses-capacitados-en-inteligencia-artificial\/\" \/>\n<meta property=\"article:publisher\" content=\"https:\/\/www.facebook.com\/luchonoticiasneiva\" \/>\n<meta property=\"article:published_time\" content=\"2024-05-22T12:38:00+00:00\" \/>\n<meta property=\"og:image\" content=\"https:\/\/luchonoticias.com\/editor\/wp-content\/uploads\/2024\/05\/inteligenciaartificial.jpg\" \/>\n\t<meta property=\"og:image:width\" content=\"700\" \/>\n\t<meta property=\"og:image:height\" content=\"400\" \/>\n\t<meta property=\"og:image:type\" content=\"image\/jpeg\" \/>\n<meta name=\"author\" content=\"Editor General\" \/>\n<meta name=\"twitter:card\" content=\"summary_large_image\" \/>\n<meta name=\"twitter:label1\" content=\"Escrito por\" \/>\n\t<meta name=\"twitter:data1\" content=\"Editor General\" \/>\n\t<meta name=\"twitter:label2\" content=\"Tiempo de lectura\" \/>\n\t<meta name=\"twitter:data2\" content=\"2 minutos\" \/>\n<script type=\"application\/ld+json\" class=\"yoast-schema-graph\">{\"@context\":\"https:\/\/schema.org\",\"@graph\":[{\"@type\":\"Article\",\"@id\":\"https:\/\/luchonoticias.com\/editor\/docentes-huilenses-capacitados-en-inteligencia-artificial\/#article\",\"isPartOf\":{\"@id\":\"https:\/\/luchonoticias.com\/editor\/docentes-huilenses-capacitados-en-inteligencia-artificial\/\"},\"author\":{\"name\":\"Editor General\",\"@id\":\"https:\/\/luchonoticias.com\/editor\/#\/schema\/person\/29217990ddf6f14e35912b2866d591fb\"},\"headline\":\"Docentes huilenses capacitados en inteligencia artificial\",\"datePublished\":\"2024-05-22T12:38:00+00:00\",\"mainEntityOfPage\":{\"@id\":\"https:\/\/luchonoticias.com\/editor\/docentes-huilenses-capacitados-en-inteligencia-artificial\/\"},\"wordCount\":397,\"publisher\":{\"@id\":\"https:\/\/luchonoticias.com\/editor\/#\/schema\/person\/7a7fd911f58561fd056dbac7b55af9cd\"},\"image\":{\"@id\":\"https:\/\/luchonoticias.com\/editor\/docentes-huilenses-capacitados-en-inteligencia-artificial\/#primaryimage\"},\"thumbnailUrl\":\"https:\/\/luchonoticias.com\/editor\/wp-content\/uploads\/2024\/05\/inteligenciaartificial.jpg\",\"articleSection\":[\"Huila\"],\"inLanguage\":\"es\"},{\"@type\":\"WebPage\",\"@id\":\"https:\/\/luchonoticias.com\/editor\/docentes-huilenses-capacitados-en-inteligencia-artificial\/\",\"url\":\"https:\/\/luchonoticias.com\/editor\/docentes-huilenses-capacitados-en-inteligencia-artificial\/\",\"name\":\"Docentes huilenses capacitados en inteligencia artificial -\",\"isPartOf\":{\"@id\":\"https:\/\/luchonoticias.com\/editor\/#website\"},\"primaryImageOfPage\":{\"@id\":\"https:\/\/luchonoticias.com\/editor\/docentes-huilenses-capacitados-en-inteligencia-artificial\/#primaryimage\"},\"image\":{\"@id\":\"https:\/\/luchonoticias.com\/editor\/docentes-huilenses-capacitados-en-inteligencia-artificial\/#primaryimage\"},\"thumbnailUrl\":\"https:\/\/luchonoticias.com\/editor\/wp-content\/uploads\/2024\/05\/inteligenciaartificial.jpg\",\"datePublished\":\"2024-05-22T12:38:00+00:00\",\"breadcrumb\":{\"@id\":\"https:\/\/luchonoticias.com\/editor\/docentes-huilenses-capacitados-en-inteligencia-artificial\/#breadcrumb\"},\"inLanguage\":\"es\",\"potentialAction\":[{\"@type\":\"ReadAction\",\"target\":[\"https:\/\/luchonoticias.com\/editor\/docentes-huilenses-capacitados-en-inteligencia-artificial\/\"]}]},{\"@type\":\"ImageObject\",\"inLanguage\":\"es\",\"@id\":\"https:\/\/luchonoticias.com\/editor\/docentes-huilenses-capacitados-en-inteligencia-artificial\/#primaryimage\",\"url\":\"https:\/\/luchonoticias.com\/editor\/wp-content\/uploads\/2024\/05\/inteligenciaartificial.jpg\",\"contentUrl\":\"https:\/\/luchonoticias.com\/editor\/wp-content\/uploads\/2024\/05\/inteligenciaartificial.jpg\",\"width\":700,\"height\":400},{\"@type\":\"BreadcrumbList\",\"@id\":\"https:\/\/luchonoticias.com\/editor\/docentes-huilenses-capacitados-en-inteligencia-artificial\/#breadcrumb\",\"itemListElement\":[{\"@type\":\"ListItem\",\"position\":1,\"name\":\"Portada\",\"item\":\"https:\/\/luchonoticias.com\/editor\/\"},{\"@type\":\"ListItem\",\"position\":2,\"name\":\"Docentes huilenses capacitados en inteligencia artificial\"}]},{\"@type\":\"WebSite\",\"@id\":\"https:\/\/luchonoticias.com\/editor\/#website\",\"url\":\"https:\/\/luchonoticias.com\/editor\/\",\"name\":\"\",\"description\":\"\",\"publisher\":{\"@id\":\"https:\/\/luchonoticias.com\/editor\/#\/schema\/person\/7a7fd911f58561fd056dbac7b55af9cd\"},\"potentialAction\":[{\"@type\":\"SearchAction\",\"target\":{\"@type\":\"EntryPoint\",\"urlTemplate\":\"https:\/\/luchonoticias.com\/editor\/?s={search_term_string}\"},\"query-input\":{\"@type\":\"PropertyValueSpecification\",\"valueRequired\":true,\"valueName\":\"search_term_string\"}}],\"inLanguage\":\"es\"},{\"@type\":[\"Person\",\"Organization\"],\"@id\":\"https:\/\/luchonoticias.com\/editor\/#\/schema\/person\/7a7fd911f58561fd056dbac7b55af9cd\",\"name\":\"admin\",\"image\":{\"@type\":\"ImageObject\",\"inLanguage\":\"es\",\"@id\":\"https:\/\/luchonoticias.com\/editor\/#\/schema\/person\/image\/\",\"url\":\"https:\/\/luchonoticias.com\/editor\/wp-content\/uploads\/2024\/02\/cropped-cropped-logolu.webp\",\"contentUrl\":\"https:\/\/luchonoticias.com\/editor\/wp-content\/uploads\/2024\/02\/cropped-cropped-logolu.webp\",\"width\":382,\"height\":170,\"caption\":\"admin\"},\"logo\":{\"@id\":\"https:\/\/luchonoticias.com\/editor\/#\/schema\/person\/image\/\"},\"sameAs\":[\"https:\/\/www.facebook.com\/luchonoticiasneiva\"]},{\"@type\":\"Person\",\"@id\":\"https:\/\/luchonoticias.com\/editor\/#\/schema\/person\/29217990ddf6f14e35912b2866d591fb\",\"name\":\"Editor General\",\"image\":{\"@type\":\"ImageObject\",\"inLanguage\":\"es\",\"@id\":\"https:\/\/luchonoticias.com\/editor\/#\/schema\/person\/image\/\",\"url\":\"https:\/\/luchonoticias.com\/editor\/wp-content\/uploads\/2024\/02\/cropped-cropped-logolu-150x150.webp\",\"contentUrl\":\"https:\/\/luchonoticias.com\/editor\/wp-content\/uploads\/2024\/02\/cropped-cropped-logolu-150x150.webp\",\"caption\":\"Editor General\"},\"sameAs\":[\"https:\/\/luchonoticias.com\/\"],\"url\":\"https:\/\/luchonoticias.com\/editor\/author\/editor-general\/\"}]}<\/script>\n<!-- \/ Yoast SEO plugin. -->","yoast_head_json":{"title":"Docentes huilenses capacitados en inteligencia artificial -","robots":{"index":"index","follow":"follow","max-snippet":"max-snippet:-1","max-image-preview":"max-image-preview:large","max-video-preview":"max-video-preview:-1"},"canonical":"https:\/\/luchonoticias.com\/editor\/docentes-huilenses-capacitados-en-inteligencia-artificial\/","og_locale":"es_ES","og_type":"article","og_title":"Docentes huilenses capacitados en inteligencia artificial -","og_url":"https:\/\/luchonoticias.com\/editor\/docentes-huilenses-capacitados-en-inteligencia-artificial\/","article_publisher":"https:\/\/www.facebook.com\/luchonoticiasneiva","article_published_time":"2024-05-22T12:38:00+00:00","og_image":[{"width":700,"height":400,"url":"https:\/\/luchonoticias.com\/editor\/wp-content\/uploads\/2024\/05\/inteligenciaartificial.jpg","type":"image\/jpeg"}],"author":"Editor General","twitter_card":"summary_large_image","twitter_misc":{"Escrito por":"Editor General","Tiempo de lectura":"2 minutos"},"schema":{"@context":"https:\/\/schema.org","@graph":[{"@type":"Article","@id":"https:\/\/luchonoticias.com\/editor\/docentes-huilenses-capacitados-en-inteligencia-artificial\/#article","isPartOf":{"@id":"https:\/\/luchonoticias.com\/editor\/docentes-huilenses-capacitados-en-inteligencia-artificial\/"},"author":{"name":"Editor General","@id":"https:\/\/luchonoticias.com\/editor\/#\/schema\/person\/29217990ddf6f14e35912b2866d591fb"},"headline":"Docentes huilenses capacitados en inteligencia artificial","datePublished":"2024-05-22T12:38:00+00:00","mainEntityOfPage":{"@id":"https:\/\/luchonoticias.com\/editor\/docentes-huilenses-capacitados-en-inteligencia-artificial\/"},"wordCount":397,"publisher":{"@id":"https:\/\/luchonoticias.com\/editor\/#\/schema\/person\/7a7fd911f58561fd056dbac7b55af9cd"},"image":{"@id":"https:\/\/luchonoticias.com\/editor\/docentes-huilenses-capacitados-en-inteligencia-artificial\/#primaryimage"},"thumbnailUrl":"https:\/\/luchonoticias.com\/editor\/wp-content\/uploads\/2024\/05\/inteligenciaartificial.jpg","articleSection":["Huila"],"inLanguage":"es"},{"@type":"WebPage","@id":"https:\/\/luchonoticias.com\/editor\/docentes-huilenses-capacitados-en-inteligencia-artificial\/","url":"https:\/\/luchonoticias.com\/editor\/docentes-huilenses-capacitados-en-inteligencia-artificial\/","name":"Docentes huilenses capacitados en inteligencia artificial -","isPartOf":{"@id":"https:\/\/luchonoticias.com\/editor\/#website"},"primaryImageOfPage":{"@id":"https:\/\/luchonoticias.com\/editor\/docentes-huilenses-capacitados-en-inteligencia-artificial\/#primaryimage"},"image":{"@id":"https:\/\/luchonoticias.com\/editor\/docentes-huilenses-capacitados-en-inteligencia-artificial\/#primaryimage"},"thumbnailUrl":"https:\/\/luchonoticias.com\/editor\/wp-content\/uploads\/2024\/05\/inteligenciaartificial.jpg","datePublished":"2024-05-22T12:38:00+00:00","breadcrumb":{"@id":"https:\/\/luchonoticias.com\/editor\/docentes-huilenses-capacitados-en-inteligencia-artificial\/#breadcrumb"},"inLanguage":"es","potentialAction":[{"@type":"ReadAction","target":["https:\/\/luchonoticias.com\/editor\/docentes-huilenses-capacitados-en-inteligencia-artificial\/"]}]},{"@type":"ImageObject","inLanguage":"es","@id":"https:\/\/luchonoticias.com\/editor\/docentes-huilenses-capacitados-en-inteligencia-artificial\/#primaryimage","url":"https:\/\/luchonoticias.com\/editor\/wp-content\/uploads\/2024\/05\/inteligenciaartificial.jpg","contentUrl":"https:\/\/luchonoticias.com\/editor\/wp-content\/uploads\/2024\/05\/inteligenciaartificial.jpg","width":700,"height":400},{"@type":"BreadcrumbList","@id":"https:\/\/luchonoticias.com\/editor\/docentes-huilenses-capacitados-en-inteligencia-artificial\/#breadcrumb","itemListElement":[{"@type":"ListItem","position":1,"name":"Portada","item":"https:\/\/luchonoticias.com\/editor\/"},{"@type":"ListItem","position":2,"name":"Docentes huilenses capacitados en inteligencia artificial"}]},{"@type":"WebSite","@id":"https:\/\/luchonoticias.com\/editor\/#website","url":"https:\/\/luchonoticias.com\/editor\/","name":"","description":"","publisher":{"@id":"https:\/\/luchonoticias.com\/editor\/#\/schema\/person\/7a7fd911f58561fd056dbac7b55af9cd"},"potentialAction":[{"@type":"SearchAction","target":{"@type":"EntryPoint","urlTemplate":"https:\/\/luchonoticias.com\/editor\/?s={search_term_string}"},"query-input":{"@type":"PropertyValueSpecification","valueRequired":true,"valueName":"search_term_string"}}],"inLanguage":"es"},{"@type":["Person","Organization"],"@id":"https:\/\/luchonoticias.com\/editor\/#\/schema\/person\/7a7fd911f58561fd056dbac7b55af9cd","name":"admin","image":{"@type":"ImageObject","inLanguage":"es","@id":"https:\/\/luchonoticias.com\/editor\/#\/schema\/person\/image\/","url":"https:\/\/luchonoticias.com\/editor\/wp-content\/uploads\/2024\/02\/cropped-cropped-logolu.webp","contentUrl":"https:\/\/luchonoticias.com\/editor\/wp-content\/uploads\/2024\/02\/cropped-cropped-logolu.webp","width":382,"height":170,"caption":"admin"},"logo":{"@id":"https:\/\/luchonoticias.com\/editor\/#\/schema\/person\/image\/"},"sameAs":["https:\/\/www.facebook.com\/luchonoticiasneiva"]},{"@type":"Person","@id":"https:\/\/luchonoticias.com\/editor\/#\/schema\/person\/29217990ddf6f14e35912b2866d591fb","name":"Editor General","image":{"@type":"ImageObject","inLanguage":"es","@id":"https:\/\/luchonoticias.com\/editor\/#\/schema\/person\/image\/","url":"https:\/\/luchonoticias.com\/editor\/wp-content\/uploads\/2024\/02\/cropped-cropped-logolu-150x150.webp","contentUrl":"https:\/\/luchonoticias.com\/editor\/wp-content\/uploads\/2024\/02\/cropped-cropped-logolu-150x150.webp","caption":"Editor General"},"sameAs":["https:\/\/luchonoticias.com\/"],"url":"https:\/\/luchonoticias.com\/editor\/author\/editor-general\/"}]}},"_links":{"self":[{"href":"https:\/\/luchonoticias.com\/editor\/wp-json\/wp\/v2\/posts\/73321","targetHints":{"allow":["GET"]}}],"collection":[{"href":"https:\/\/luchonoticias.com\/editor\/wp-json\/wp\/v2\/posts"}],"about":[{"href":"https:\/\/luchonoticias.com\/editor\/wp-json\/wp\/v2\/types\/post"}],"author":[{"embeddable":true,"href":"https:\/\/luchonoticias.com\/editor\/wp-json\/wp\/v2\/users\/2"}],"replies":[{"embeddable":true,"href":"https:\/\/luchonoticias.com\/editor\/wp-json\/wp\/v2\/comments?post=73321"}],"version-history":[{"count":0,"href":"https:\/\/luchonoticias.com\/editor\/wp-json\/wp\/v2\/posts\/73321\/revisions"}],"wp:featuredmedia":[{"embeddable":true,"href":"https:\/\/luchonoticias.com\/editor\/wp-json\/wp\/v2\/media\/73322"}],"wp:attachment":[{"href":"https:\/\/luchonoticias.com\/editor\/wp-json\/wp\/v2\/media?parent=73321"}],"wp:term":[{"taxonomy":"category","embeddable":true,"href":"https:\/\/luchonoticias.com\/editor\/wp-json\/wp\/v2\/categories?post=73321"},{"taxonomy":"post_tag","embeddable":true,"href":"https:\/\/luchonoticias.com\/editor\/wp-json\/wp\/v2\/tags?post=73321"}],"curies":[{"name":"wp","href":"https:\/\/api.w.org\/{rel}","templated":true}]}}