{"id":73324,"date":"2024-05-22T08:29:51","date_gmt":"2024-05-22T13:29:51","guid":{"rendered":"https:\/\/luchonoticias.com\/?p=73324"},"modified":"2024-05-22T08:29:51","modified_gmt":"2024-05-22T13:29:51","slug":"ana-gabriel-sigue-hospitalizada-peligra-concierto-en-neiva","status":"publish","type":"post","link":"https:\/\/luchonoticias.com\/editor\/ana-gabriel-sigue-hospitalizada-peligra-concierto-en-neiva\/","title":{"rendered":"Ana Gabriel sigue hospitalizada&#8230;\u00bfpeligra concierto en Neiva?"},"content":{"rendered":"<p class=\"paragraph\">Tras tener que cancelar algunos conciertos y ser hospitalizada,\u00a0<b>Ana Gabriel\u00a0<\/b>dio a conocer que no saldr\u00e1 pronto de la instituci\u00f3n de salud en donde fue internada, ya que present\u00f3\u00a0algunas complicaciones.<\/p>\n<p class=\"paragraph\">Fue a trav\u00e9s de su cuenta de\u00a0<i>Instagram<\/i> donde revel\u00f3 que tendr\u00eda que posponer algunas presentaciones en <b>Paraguay y Brasil.<\/b><\/p>\n<p class=\"paragraph\">\u201cAmigos (&#8230;) quiero informarles, no una buena noticia, la influenza se complic\u00f3 y se volvi\u00f3 neumon\u00eda. Por \u00f3rdenes m\u00e9dicas debo permanecer bajo reposo absoluto<b>, bajo vigilancia de ellos, y medicamentos\u201d,\u00a0<\/b>puntualiz\u00f3 Ana Gabriel.<\/p>\n<p class=\"paragraph\">Aunque no entr\u00f3 en mayores detalles, la artista explic\u00f3 que no habr\u00eda seguido al pie de la letra las instrucciones que le dieron los m\u00e9dicos.<\/p>\n<p class=\"paragraph\">\u201cQuiz\u00e1 me sent\u00ed valiente y<b>\u00a0no hice caso de las indicaciones m\u00e9dicas<\/b>, pero bueno, aqu\u00ed estoy, aun as\u00ed con todo y mi pesar, comunicarles lo que est\u00e1 sucediendo\u201d, coment\u00f3 y a\u00f1adi\u00f3: \u201cLes agradezco mucho su comprensi\u00f3n. No me suelten de la mano (\u2026) pero por mi salud es que yo me tengo que cuidar para poder cumplir con toda la gira hasta diciembre\u201d.<\/p>\n<p>La cantante mexicana forma parte del grupo de artistas que estar\u00e1 presente en Neiva con motivo de la temporada sampedrina, no obstante no hay informaciones sobre si estar\u00e1 o no en la capital huilense.<\/p>\n<p>Con informaci\u00f3n y foto de Infobae.<\/p>\n","protected":false},"excerpt":{"rendered":"<p>Tras tener que cancelar algunos conciertos y ser hospitalizada,\u00a0Ana Gabriel\u00a0dio a conocer que no saldr\u00e1 pronto de la instituci\u00f3n de salud en donde fue internada, ya que present\u00f3\u00a0algunas complicaciones. Fue a trav\u00e9s de su cuenta de\u00a0Instagram donde revel\u00f3 que tendr\u00eda que posponer algunas presentaciones en Paraguay y Brasil. \u201cAmigos (&#8230;) quiero informarles, no una buena [&hellip;]<\/p>\n","protected":false},"author":2,"featured_media":73325,"comment_status":"closed","ping_status":"open","sticky":false,"template":"","format":"standard","meta":{"footnotes":""},"categories":[31],"tags":[],"class_list":["post-73324","post","type-post","status-publish","format-standard","has-post-thumbnail","hentry","category-local"],"yoast_head":"<!-- This site is optimized with the Yoast SEO plugin v26.6 - https:\/\/yoast.com\/wordpress\/plugins\/seo\/ -->\n<title>Ana Gabriel sigue hospitalizada...\u00bfpeligra concierto en Neiva? -<\/title>\n<meta name=\"robots\" content=\"index, follow, max-snippet:-1, max-image-preview:large, max-video-preview:-1\" \/>\n<link rel=\"canonical\" href=\"https:\/\/luchonoticias.com\/editor\/ana-gabriel-sigue-hospitalizada-peligra-concierto-en-neiva\/\" \/>\n<meta property=\"og:locale\" content=\"es_ES\" \/>\n<meta property=\"og:type\" content=\"article\" \/>\n<meta property=\"og:title\" content=\"Ana Gabriel sigue hospitalizada...\u00bfpeligra concierto en Neiva? -\" \/>\n<meta property=\"og:url\" content=\"https:\/\/luchonoticias.com\/editor\/ana-gabriel-sigue-hospitalizada-peligra-concierto-en-neiva\/\" \/>\n<meta property=\"article:publisher\" content=\"https:\/\/www.facebook.com\/luchonoticiasneiva\" \/>\n<meta property=\"article:published_time\" content=\"2024-05-22T13:29:51+00:00\" \/>\n<meta property=\"og:image\" content=\"https:\/\/luchonoticias.com\/editor\/wp-content\/uploads\/2024\/05\/ana-gabriel.jpg\" \/>\n\t<meta property=\"og:image:width\" content=\"700\" \/>\n\t<meta property=\"og:image:height\" content=\"400\" \/>\n\t<meta property=\"og:image:type\" content=\"image\/jpeg\" \/>\n<meta name=\"author\" content=\"Editor General\" \/>\n<meta name=\"twitter:card\" content=\"summary_large_image\" \/>\n<meta name=\"twitter:label1\" content=\"Escrito por\" \/>\n\t<meta name=\"twitter:data1\" content=\"Editor General\" \/>\n\t<meta name=\"twitter:label2\" content=\"Tiempo de lectura\" \/>\n\t<meta name=\"twitter:data2\" content=\"1 minuto\" \/>\n<script type=\"application\/ld+json\" class=\"yoast-schema-graph\">{\"@context\":\"https:\/\/schema.org\",\"@graph\":[{\"@type\":\"Article\",\"@id\":\"https:\/\/luchonoticias.com\/editor\/ana-gabriel-sigue-hospitalizada-peligra-concierto-en-neiva\/#article\",\"isPartOf\":{\"@id\":\"https:\/\/luchonoticias.com\/editor\/ana-gabriel-sigue-hospitalizada-peligra-concierto-en-neiva\/\"},\"author\":{\"name\":\"Editor General\",\"@id\":\"https:\/\/luchonoticias.com\/editor\/#\/schema\/person\/29217990ddf6f14e35912b2866d591fb\"},\"headline\":\"Ana Gabriel sigue hospitalizada&#8230;\u00bfpeligra concierto en Neiva?\",\"datePublished\":\"2024-05-22T13:29:51+00:00\",\"mainEntityOfPage\":{\"@id\":\"https:\/\/luchonoticias.com\/editor\/ana-gabriel-sigue-hospitalizada-peligra-concierto-en-neiva\/\"},\"wordCount\":230,\"publisher\":{\"@id\":\"https:\/\/luchonoticias.com\/editor\/#\/schema\/person\/7a7fd911f58561fd056dbac7b55af9cd\"},\"image\":{\"@id\":\"https:\/\/luchonoticias.com\/editor\/ana-gabriel-sigue-hospitalizada-peligra-concierto-en-neiva\/#primaryimage\"},\"thumbnailUrl\":\"https:\/\/luchonoticias.com\/editor\/wp-content\/uploads\/2024\/05\/ana-gabriel.jpg\",\"articleSection\":[\"Local\"],\"inLanguage\":\"es\"},{\"@type\":\"WebPage\",\"@id\":\"https:\/\/luchonoticias.com\/editor\/ana-gabriel-sigue-hospitalizada-peligra-concierto-en-neiva\/\",\"url\":\"https:\/\/luchonoticias.com\/editor\/ana-gabriel-sigue-hospitalizada-peligra-concierto-en-neiva\/\",\"name\":\"Ana Gabriel sigue hospitalizada...\u00bfpeligra concierto en Neiva? -\",\"isPartOf\":{\"@id\":\"https:\/\/luchonoticias.com\/editor\/#website\"},\"primaryImageOfPage\":{\"@id\":\"https:\/\/luchonoticias.com\/editor\/ana-gabriel-sigue-hospitalizada-peligra-concierto-en-neiva\/#primaryimage\"},\"image\":{\"@id\":\"https:\/\/luchonoticias.com\/editor\/ana-gabriel-sigue-hospitalizada-peligra-concierto-en-neiva\/#primaryimage\"},\"thumbnailUrl\":\"https:\/\/luchonoticias.com\/editor\/wp-content\/uploads\/2024\/05\/ana-gabriel.jpg\",\"datePublished\":\"2024-05-22T13:29:51+00:00\",\"breadcrumb\":{\"@id\":\"https:\/\/luchonoticias.com\/editor\/ana-gabriel-sigue-hospitalizada-peligra-concierto-en-neiva\/#breadcrumb\"},\"inLanguage\":\"es\",\"potentialAction\":[{\"@type\":\"ReadAction\",\"target\":[\"https:\/\/luchonoticias.com\/editor\/ana-gabriel-sigue-hospitalizada-peligra-concierto-en-neiva\/\"]}]},{\"@type\":\"ImageObject\",\"inLanguage\":\"es\",\"@id\":\"https:\/\/luchonoticias.com\/editor\/ana-gabriel-sigue-hospitalizada-peligra-concierto-en-neiva\/#primaryimage\",\"url\":\"https:\/\/luchonoticias.com\/editor\/wp-content\/uploads\/2024\/05\/ana-gabriel.jpg\",\"contentUrl\":\"https:\/\/luchonoticias.com\/editor\/wp-content\/uploads\/2024\/05\/ana-gabriel.jpg\",\"width\":700,\"height\":400},{\"@type\":\"BreadcrumbList\",\"@id\":\"https:\/\/luchonoticias.com\/editor\/ana-gabriel-sigue-hospitalizada-peligra-concierto-en-neiva\/#breadcrumb\",\"itemListElement\":[{\"@type\":\"ListItem\",\"position\":1,\"name\":\"Portada\",\"item\":\"https:\/\/luchonoticias.com\/editor\/\"},{\"@type\":\"ListItem\",\"position\":2,\"name\":\"Ana Gabriel sigue hospitalizada&#8230;\u00bfpeligra concierto en Neiva?\"}]},{\"@type\":\"WebSite\",\"@id\":\"https:\/\/luchonoticias.com\/editor\/#website\",\"url\":\"https:\/\/luchonoticias.com\/editor\/\",\"name\":\"\",\"description\":\"\",\"publisher\":{\"@id\":\"https:\/\/luchonoticias.com\/editor\/#\/schema\/person\/7a7fd911f58561fd056dbac7b55af9cd\"},\"potentialAction\":[{\"@type\":\"SearchAction\",\"target\":{\"@type\":\"EntryPoint\",\"urlTemplate\":\"https:\/\/luchonoticias.com\/editor\/?s={search_term_string}\"},\"query-input\":{\"@type\":\"PropertyValueSpecification\",\"valueRequired\":true,\"valueName\":\"search_term_string\"}}],\"inLanguage\":\"es\"},{\"@type\":[\"Person\",\"Organization\"],\"@id\":\"https:\/\/luchonoticias.com\/editor\/#\/schema\/person\/7a7fd911f58561fd056dbac7b55af9cd\",\"name\":\"admin\",\"image\":{\"@type\":\"ImageObject\",\"inLanguage\":\"es\",\"@id\":\"https:\/\/luchonoticias.com\/editor\/#\/schema\/person\/image\/\",\"url\":\"https:\/\/luchonoticias.com\/editor\/wp-content\/uploads\/2024\/02\/cropped-cropped-logolu.webp\",\"contentUrl\":\"https:\/\/luchonoticias.com\/editor\/wp-content\/uploads\/2024\/02\/cropped-cropped-logolu.webp\",\"width\":382,\"height\":170,\"caption\":\"admin\"},\"logo\":{\"@id\":\"https:\/\/luchonoticias.com\/editor\/#\/schema\/person\/image\/\"},\"sameAs\":[\"https:\/\/www.facebook.com\/luchonoticiasneiva\"]},{\"@type\":\"Person\",\"@id\":\"https:\/\/luchonoticias.com\/editor\/#\/schema\/person\/29217990ddf6f14e35912b2866d591fb\",\"name\":\"Editor General\",\"image\":{\"@type\":\"ImageObject\",\"inLanguage\":\"es\",\"@id\":\"https:\/\/luchonoticias.com\/editor\/#\/schema\/person\/image\/\",\"url\":\"https:\/\/luchonoticias.com\/editor\/wp-content\/uploads\/2024\/02\/cropped-cropped-logolu-150x150.webp\",\"contentUrl\":\"https:\/\/luchonoticias.com\/editor\/wp-content\/uploads\/2024\/02\/cropped-cropped-logolu-150x150.webp\",\"caption\":\"Editor General\"},\"sameAs\":[\"https:\/\/luchonoticias.com\/\"],\"url\":\"https:\/\/luchonoticias.com\/editor\/author\/editor-general\/\"}]}<\/script>\n<!-- \/ Yoast SEO plugin. -->","yoast_head_json":{"title":"Ana Gabriel sigue hospitalizada...\u00bfpeligra concierto en Neiva? -","robots":{"index":"index","follow":"follow","max-snippet":"max-snippet:-1","max-image-preview":"max-image-preview:large","max-video-preview":"max-video-preview:-1"},"canonical":"https:\/\/luchonoticias.com\/editor\/ana-gabriel-sigue-hospitalizada-peligra-concierto-en-neiva\/","og_locale":"es_ES","og_type":"article","og_title":"Ana Gabriel sigue hospitalizada...\u00bfpeligra concierto en Neiva? -","og_url":"https:\/\/luchonoticias.com\/editor\/ana-gabriel-sigue-hospitalizada-peligra-concierto-en-neiva\/","article_publisher":"https:\/\/www.facebook.com\/luchonoticiasneiva","article_published_time":"2024-05-22T13:29:51+00:00","og_image":[{"width":700,"height":400,"url":"https:\/\/luchonoticias.com\/editor\/wp-content\/uploads\/2024\/05\/ana-gabriel.jpg","type":"image\/jpeg"}],"author":"Editor General","twitter_card":"summary_large_image","twitter_misc":{"Escrito por":"Editor General","Tiempo de lectura":"1 minuto"},"schema":{"@context":"https:\/\/schema.org","@graph":[{"@type":"Article","@id":"https:\/\/luchonoticias.com\/editor\/ana-gabriel-sigue-hospitalizada-peligra-concierto-en-neiva\/#article","isPartOf":{"@id":"https:\/\/luchonoticias.com\/editor\/ana-gabriel-sigue-hospitalizada-peligra-concierto-en-neiva\/"},"author":{"name":"Editor General","@id":"https:\/\/luchonoticias.com\/editor\/#\/schema\/person\/29217990ddf6f14e35912b2866d591fb"},"headline":"Ana Gabriel sigue hospitalizada&#8230;\u00bfpeligra concierto en Neiva?","datePublished":"2024-05-22T13:29:51+00:00","mainEntityOfPage":{"@id":"https:\/\/luchonoticias.com\/editor\/ana-gabriel-sigue-hospitalizada-peligra-concierto-en-neiva\/"},"wordCount":230,"publisher":{"@id":"https:\/\/luchonoticias.com\/editor\/#\/schema\/person\/7a7fd911f58561fd056dbac7b55af9cd"},"image":{"@id":"https:\/\/luchonoticias.com\/editor\/ana-gabriel-sigue-hospitalizada-peligra-concierto-en-neiva\/#primaryimage"},"thumbnailUrl":"https:\/\/luchonoticias.com\/editor\/wp-content\/uploads\/2024\/05\/ana-gabriel.jpg","articleSection":["Local"],"inLanguage":"es"},{"@type":"WebPage","@id":"https:\/\/luchonoticias.com\/editor\/ana-gabriel-sigue-hospitalizada-peligra-concierto-en-neiva\/","url":"https:\/\/luchonoticias.com\/editor\/ana-gabriel-sigue-hospitalizada-peligra-concierto-en-neiva\/","name":"Ana Gabriel sigue hospitalizada...\u00bfpeligra concierto en Neiva? -","isPartOf":{"@id":"https:\/\/luchonoticias.com\/editor\/#website"},"primaryImageOfPage":{"@id":"https:\/\/luchonoticias.com\/editor\/ana-gabriel-sigue-hospitalizada-peligra-concierto-en-neiva\/#primaryimage"},"image":{"@id":"https:\/\/luchonoticias.com\/editor\/ana-gabriel-sigue-hospitalizada-peligra-concierto-en-neiva\/#primaryimage"},"thumbnailUrl":"https:\/\/luchonoticias.com\/editor\/wp-content\/uploads\/2024\/05\/ana-gabriel.jpg","datePublished":"2024-05-22T13:29:51+00:00","breadcrumb":{"@id":"https:\/\/luchonoticias.com\/editor\/ana-gabriel-sigue-hospitalizada-peligra-concierto-en-neiva\/#breadcrumb"},"inLanguage":"es","potentialAction":[{"@type":"ReadAction","target":["https:\/\/luchonoticias.com\/editor\/ana-gabriel-sigue-hospitalizada-peligra-concierto-en-neiva\/"]}]},{"@type":"ImageObject","inLanguage":"es","@id":"https:\/\/luchonoticias.com\/editor\/ana-gabriel-sigue-hospitalizada-peligra-concierto-en-neiva\/#primaryimage","url":"https:\/\/luchonoticias.com\/editor\/wp-content\/uploads\/2024\/05\/ana-gabriel.jpg","contentUrl":"https:\/\/luchonoticias.com\/editor\/wp-content\/uploads\/2024\/05\/ana-gabriel.jpg","width":700,"height":400},{"@type":"BreadcrumbList","@id":"https:\/\/luchonoticias.com\/editor\/ana-gabriel-sigue-hospitalizada-peligra-concierto-en-neiva\/#breadcrumb","itemListElement":[{"@type":"ListItem","position":1,"name":"Portada","item":"https:\/\/luchonoticias.com\/editor\/"},{"@type":"ListItem","position":2,"name":"Ana Gabriel sigue hospitalizada&#8230;\u00bfpeligra concierto en Neiva?"}]},{"@type":"WebSite","@id":"https:\/\/luchonoticias.com\/editor\/#website","url":"https:\/\/luchonoticias.com\/editor\/","name":"","description":"","publisher":{"@id":"https:\/\/luchonoticias.com\/editor\/#\/schema\/person\/7a7fd911f58561fd056dbac7b55af9cd"},"potentialAction":[{"@type":"SearchAction","target":{"@type":"EntryPoint","urlTemplate":"https:\/\/luchonoticias.com\/editor\/?s={search_term_string}"},"query-input":{"@type":"PropertyValueSpecification","valueRequired":true,"valueName":"search_term_string"}}],"inLanguage":"es"},{"@type":["Person","Organization"],"@id":"https:\/\/luchonoticias.com\/editor\/#\/schema\/person\/7a7fd911f58561fd056dbac7b55af9cd","name":"admin","image":{"@type":"ImageObject","inLanguage":"es","@id":"https:\/\/luchonoticias.com\/editor\/#\/schema\/person\/image\/","url":"https:\/\/luchonoticias.com\/editor\/wp-content\/uploads\/2024\/02\/cropped-cropped-logolu.webp","contentUrl":"https:\/\/luchonoticias.com\/editor\/wp-content\/uploads\/2024\/02\/cropped-cropped-logolu.webp","width":382,"height":170,"caption":"admin"},"logo":{"@id":"https:\/\/luchonoticias.com\/editor\/#\/schema\/person\/image\/"},"sameAs":["https:\/\/www.facebook.com\/luchonoticiasneiva"]},{"@type":"Person","@id":"https:\/\/luchonoticias.com\/editor\/#\/schema\/person\/29217990ddf6f14e35912b2866d591fb","name":"Editor General","image":{"@type":"ImageObject","inLanguage":"es","@id":"https:\/\/luchonoticias.com\/editor\/#\/schema\/person\/image\/","url":"https:\/\/luchonoticias.com\/editor\/wp-content\/uploads\/2024\/02\/cropped-cropped-logolu-150x150.webp","contentUrl":"https:\/\/luchonoticias.com\/editor\/wp-content\/uploads\/2024\/02\/cropped-cropped-logolu-150x150.webp","caption":"Editor General"},"sameAs":["https:\/\/luchonoticias.com\/"],"url":"https:\/\/luchonoticias.com\/editor\/author\/editor-general\/"}]}},"_links":{"self":[{"href":"https:\/\/luchonoticias.com\/editor\/wp-json\/wp\/v2\/posts\/73324","targetHints":{"allow":["GET"]}}],"collection":[{"href":"https:\/\/luchonoticias.com\/editor\/wp-json\/wp\/v2\/posts"}],"about":[{"href":"https:\/\/luchonoticias.com\/editor\/wp-json\/wp\/v2\/types\/post"}],"author":[{"embeddable":true,"href":"https:\/\/luchonoticias.com\/editor\/wp-json\/wp\/v2\/users\/2"}],"replies":[{"embeddable":true,"href":"https:\/\/luchonoticias.com\/editor\/wp-json\/wp\/v2\/comments?post=73324"}],"version-history":[{"count":0,"href":"https:\/\/luchonoticias.com\/editor\/wp-json\/wp\/v2\/posts\/73324\/revisions"}],"wp:featuredmedia":[{"embeddable":true,"href":"https:\/\/luchonoticias.com\/editor\/wp-json\/wp\/v2\/media\/73325"}],"wp:attachment":[{"href":"https:\/\/luchonoticias.com\/editor\/wp-json\/wp\/v2\/media?parent=73324"}],"wp:term":[{"taxonomy":"category","embeddable":true,"href":"https:\/\/luchonoticias.com\/editor\/wp-json\/wp\/v2\/categories?post=73324"},{"taxonomy":"post_tag","embeddable":true,"href":"https:\/\/luchonoticias.com\/editor\/wp-json\/wp\/v2\/tags?post=73324"}],"curies":[{"name":"wp","href":"https:\/\/api.w.org\/{rel}","templated":true}]}}