{"id":73338,"date":"2024-05-22T17:09:15","date_gmt":"2024-05-22T22:09:15","guid":{"rendered":"https:\/\/luchonoticias.com\/?p=73338"},"modified":"2024-05-22T17:09:15","modified_gmt":"2024-05-22T22:09:15","slug":"se-viene-nueva-jornada-del-mercado-campesino","status":"publish","type":"post","link":"https:\/\/luchonoticias.com\/editor\/se-viene-nueva-jornada-del-mercado-campesino\/","title":{"rendered":"Se viene nueva jornada del mercado campesino"},"content":{"rendered":"<p>Peque\u00f1os productores agropecuarios de varios municipios huilenses, se dar\u00e1n cita en el mercado campesino institucional que se desarrollar\u00e1 el pr\u00f3ximo 31 de mayo a partir de las 7:00 de la ma\u00f1ana y hasta las 2:00 de la tarde en el Parque Santander de Neiva, con el prop\u00f3sito de ofertar los productos m\u00e1s frescos y de alta calidad, logrados con su esfuerzo y dedicaci\u00f3n.<\/p>\n<p>Este ejercicio de comercializaci\u00f3n liderado por la Gobernaci\u00f3n de Huila de la mano de aliados estrat\u00e9gicos, est\u00e1 direccionado a favorecer las econom\u00edas campesinas, brindando un espacio de encuentro directo entre compradores y productores primarios, lo que sin duda mejora sus ingresos al eliminar la intermediaci\u00f3n.<\/p>\n<p>Huevos criollos y semicriollos, quesos asados, yogurt, caf\u00e9, chocolates artesanales, pollo, pescado, carne de cordero, panela, aguacate, pl\u00e1tanos, frijol, verduras, miel de abejas, productos de panader\u00eda, vinos, sabajones, y hasta alimentos preparados y listos para el consumo, har\u00e1n parte de esta gran oferta, enmarcada dentro de los circuitos cortos de comercializaci\u00f3n.<\/p>\n<p>Adem\u00e1s, los mercados campesinos se vienen consolidando como una plataforma de comercializaci\u00f3n para emprendedores de la regi\u00f3n, especialmente mujeres y j\u00f3venes, que tras capacitarse le apuestan a la transformaci\u00f3n de materias primas producidas en el departamento, logrando ofertar sus propias marcas de caf\u00e9, chocolater\u00eda fina, licores, embutidos, helados, derivados l\u00e1cteos, entre otra diversa gama de productos.<\/p>\n<p>Por eso desde la Secretar\u00eda de Agricultura y Miner\u00eda del Huila, se valora el esfuerzo de mujeres y hombres que con su trabajo y dedicaci\u00f3n producen alimentos en el departamento, por lo que invita a todas las familias neivanas a apoyar a los productores agropecuarios y emprendedores del departamento, comprando sus productos en el mercado campesino institucional, teniendo la seguridad de adquirir un producto fresco que llega directamente del campo a su mesa.<\/p>\n<p>Esta estrategia de comercializaci\u00f3n enfocada en favorecer los ingresos de las familias campesinas, se logra mediante la uni\u00f3n de fuerzas de entidades como la Gobernaci\u00f3n del Huila, Agencia de Desarrollo Rural- ADR, Corporaci\u00f3n Aut\u00f3noma Regional del Alto Magdalena &#8211; CAM, SENA Emprende Rural, Universidad Surcolombiana, Alcald\u00eda de Neiva, Agencia para la Reincorporaci\u00f3n y la Normalizaci\u00f3n \u2013 ARN, Pastoral Social, C\u00e1mara de Comercio del Huila, Prosperidad Social, Novena Brigada del Ej\u00e9rcito, entre otros actores del orden departamental y nacional.<\/p>\n","protected":false},"excerpt":{"rendered":"<p>Peque\u00f1os productores agropecuarios de varios municipios huilenses, se dar\u00e1n cita en el mercado campesino institucional que se desarrollar\u00e1 el pr\u00f3ximo 31 de mayo a partir de las 7:00 de la ma\u00f1ana y hasta las 2:00 de la tarde en el Parque Santander de Neiva, con el prop\u00f3sito de ofertar los productos m\u00e1s frescos y de [&hellip;]<\/p>\n","protected":false},"author":2,"featured_media":73340,"comment_status":"closed","ping_status":"open","sticky":false,"template":"","format":"standard","meta":{"footnotes":""},"categories":[33],"tags":[],"class_list":["post-73338","post","type-post","status-publish","format-standard","has-post-thumbnail","hentry","category-huila"],"yoast_head":"<!-- This site is optimized with the Yoast SEO plugin v26.6 - https:\/\/yoast.com\/wordpress\/plugins\/seo\/ -->\n<title>Se viene nueva jornada del mercado campesino -<\/title>\n<meta name=\"robots\" content=\"index, follow, max-snippet:-1, max-image-preview:large, max-video-preview:-1\" \/>\n<link rel=\"canonical\" href=\"https:\/\/luchonoticias.com\/editor\/se-viene-nueva-jornada-del-mercado-campesino\/\" \/>\n<meta property=\"og:locale\" content=\"es_ES\" \/>\n<meta property=\"og:type\" content=\"article\" \/>\n<meta property=\"og:title\" content=\"Se viene nueva jornada del mercado campesino -\" \/>\n<meta property=\"og:url\" content=\"https:\/\/luchonoticias.com\/editor\/se-viene-nueva-jornada-del-mercado-campesino\/\" \/>\n<meta property=\"article:publisher\" content=\"https:\/\/www.facebook.com\/luchonoticiasneiva\" \/>\n<meta property=\"article:published_time\" content=\"2024-05-22T22:09:15+00:00\" \/>\n<meta property=\"og:image\" content=\"https:\/\/luchonoticias.com\/editor\/wp-content\/uploads\/2024\/05\/mercado-campesino-1.jpg\" \/>\n\t<meta property=\"og:image:width\" content=\"700\" \/>\n\t<meta property=\"og:image:height\" content=\"400\" \/>\n\t<meta property=\"og:image:type\" content=\"image\/jpeg\" \/>\n<meta name=\"author\" content=\"Editor General\" \/>\n<meta name=\"twitter:card\" content=\"summary_large_image\" \/>\n<meta name=\"twitter:label1\" content=\"Escrito por\" \/>\n\t<meta name=\"twitter:data1\" content=\"Editor General\" \/>\n\t<meta name=\"twitter:label2\" content=\"Tiempo de lectura\" \/>\n\t<meta name=\"twitter:data2\" content=\"2 minutos\" \/>\n<script type=\"application\/ld+json\" class=\"yoast-schema-graph\">{\"@context\":\"https:\/\/schema.org\",\"@graph\":[{\"@type\":\"Article\",\"@id\":\"https:\/\/luchonoticias.com\/editor\/se-viene-nueva-jornada-del-mercado-campesino\/#article\",\"isPartOf\":{\"@id\":\"https:\/\/luchonoticias.com\/editor\/se-viene-nueva-jornada-del-mercado-campesino\/\"},\"author\":{\"name\":\"Editor General\",\"@id\":\"https:\/\/luchonoticias.com\/editor\/#\/schema\/person\/29217990ddf6f14e35912b2866d591fb\"},\"headline\":\"Se viene nueva jornada del mercado campesino\",\"datePublished\":\"2024-05-22T22:09:15+00:00\",\"mainEntityOfPage\":{\"@id\":\"https:\/\/luchonoticias.com\/editor\/se-viene-nueva-jornada-del-mercado-campesino\/\"},\"wordCount\":405,\"publisher\":{\"@id\":\"https:\/\/luchonoticias.com\/editor\/#\/schema\/person\/7a7fd911f58561fd056dbac7b55af9cd\"},\"image\":{\"@id\":\"https:\/\/luchonoticias.com\/editor\/se-viene-nueva-jornada-del-mercado-campesino\/#primaryimage\"},\"thumbnailUrl\":\"https:\/\/luchonoticias.com\/editor\/wp-content\/uploads\/2024\/05\/mercado-campesino-1.jpg\",\"articleSection\":[\"Huila\"],\"inLanguage\":\"es\"},{\"@type\":\"WebPage\",\"@id\":\"https:\/\/luchonoticias.com\/editor\/se-viene-nueva-jornada-del-mercado-campesino\/\",\"url\":\"https:\/\/luchonoticias.com\/editor\/se-viene-nueva-jornada-del-mercado-campesino\/\",\"name\":\"Se viene nueva jornada del mercado campesino -\",\"isPartOf\":{\"@id\":\"https:\/\/luchonoticias.com\/editor\/#website\"},\"primaryImageOfPage\":{\"@id\":\"https:\/\/luchonoticias.com\/editor\/se-viene-nueva-jornada-del-mercado-campesino\/#primaryimage\"},\"image\":{\"@id\":\"https:\/\/luchonoticias.com\/editor\/se-viene-nueva-jornada-del-mercado-campesino\/#primaryimage\"},\"thumbnailUrl\":\"https:\/\/luchonoticias.com\/editor\/wp-content\/uploads\/2024\/05\/mercado-campesino-1.jpg\",\"datePublished\":\"2024-05-22T22:09:15+00:00\",\"breadcrumb\":{\"@id\":\"https:\/\/luchonoticias.com\/editor\/se-viene-nueva-jornada-del-mercado-campesino\/#breadcrumb\"},\"inLanguage\":\"es\",\"potentialAction\":[{\"@type\":\"ReadAction\",\"target\":[\"https:\/\/luchonoticias.com\/editor\/se-viene-nueva-jornada-del-mercado-campesino\/\"]}]},{\"@type\":\"ImageObject\",\"inLanguage\":\"es\",\"@id\":\"https:\/\/luchonoticias.com\/editor\/se-viene-nueva-jornada-del-mercado-campesino\/#primaryimage\",\"url\":\"https:\/\/luchonoticias.com\/editor\/wp-content\/uploads\/2024\/05\/mercado-campesino-1.jpg\",\"contentUrl\":\"https:\/\/luchonoticias.com\/editor\/wp-content\/uploads\/2024\/05\/mercado-campesino-1.jpg\",\"width\":700,\"height\":400},{\"@type\":\"BreadcrumbList\",\"@id\":\"https:\/\/luchonoticias.com\/editor\/se-viene-nueva-jornada-del-mercado-campesino\/#breadcrumb\",\"itemListElement\":[{\"@type\":\"ListItem\",\"position\":1,\"name\":\"Portada\",\"item\":\"https:\/\/luchonoticias.com\/editor\/\"},{\"@type\":\"ListItem\",\"position\":2,\"name\":\"Se viene nueva jornada del mercado campesino\"}]},{\"@type\":\"WebSite\",\"@id\":\"https:\/\/luchonoticias.com\/editor\/#website\",\"url\":\"https:\/\/luchonoticias.com\/editor\/\",\"name\":\"\",\"description\":\"\",\"publisher\":{\"@id\":\"https:\/\/luchonoticias.com\/editor\/#\/schema\/person\/7a7fd911f58561fd056dbac7b55af9cd\"},\"potentialAction\":[{\"@type\":\"SearchAction\",\"target\":{\"@type\":\"EntryPoint\",\"urlTemplate\":\"https:\/\/luchonoticias.com\/editor\/?s={search_term_string}\"},\"query-input\":{\"@type\":\"PropertyValueSpecification\",\"valueRequired\":true,\"valueName\":\"search_term_string\"}}],\"inLanguage\":\"es\"},{\"@type\":[\"Person\",\"Organization\"],\"@id\":\"https:\/\/luchonoticias.com\/editor\/#\/schema\/person\/7a7fd911f58561fd056dbac7b55af9cd\",\"name\":\"admin\",\"image\":{\"@type\":\"ImageObject\",\"inLanguage\":\"es\",\"@id\":\"https:\/\/luchonoticias.com\/editor\/#\/schema\/person\/image\/\",\"url\":\"https:\/\/luchonoticias.com\/editor\/wp-content\/uploads\/2024\/02\/cropped-cropped-logolu.webp\",\"contentUrl\":\"https:\/\/luchonoticias.com\/editor\/wp-content\/uploads\/2024\/02\/cropped-cropped-logolu.webp\",\"width\":382,\"height\":170,\"caption\":\"admin\"},\"logo\":{\"@id\":\"https:\/\/luchonoticias.com\/editor\/#\/schema\/person\/image\/\"},\"sameAs\":[\"https:\/\/www.facebook.com\/luchonoticiasneiva\"]},{\"@type\":\"Person\",\"@id\":\"https:\/\/luchonoticias.com\/editor\/#\/schema\/person\/29217990ddf6f14e35912b2866d591fb\",\"name\":\"Editor General\",\"image\":{\"@type\":\"ImageObject\",\"inLanguage\":\"es\",\"@id\":\"https:\/\/luchonoticias.com\/editor\/#\/schema\/person\/image\/\",\"url\":\"https:\/\/luchonoticias.com\/editor\/wp-content\/uploads\/2024\/02\/cropped-cropped-logolu-150x150.webp\",\"contentUrl\":\"https:\/\/luchonoticias.com\/editor\/wp-content\/uploads\/2024\/02\/cropped-cropped-logolu-150x150.webp\",\"caption\":\"Editor General\"},\"sameAs\":[\"https:\/\/luchonoticias.com\/\"],\"url\":\"https:\/\/luchonoticias.com\/editor\/author\/editor-general\/\"}]}<\/script>\n<!-- \/ Yoast SEO plugin. -->","yoast_head_json":{"title":"Se viene nueva jornada del mercado campesino -","robots":{"index":"index","follow":"follow","max-snippet":"max-snippet:-1","max-image-preview":"max-image-preview:large","max-video-preview":"max-video-preview:-1"},"canonical":"https:\/\/luchonoticias.com\/editor\/se-viene-nueva-jornada-del-mercado-campesino\/","og_locale":"es_ES","og_type":"article","og_title":"Se viene nueva jornada del mercado campesino -","og_url":"https:\/\/luchonoticias.com\/editor\/se-viene-nueva-jornada-del-mercado-campesino\/","article_publisher":"https:\/\/www.facebook.com\/luchonoticiasneiva","article_published_time":"2024-05-22T22:09:15+00:00","og_image":[{"width":700,"height":400,"url":"https:\/\/luchonoticias.com\/editor\/wp-content\/uploads\/2024\/05\/mercado-campesino-1.jpg","type":"image\/jpeg"}],"author":"Editor General","twitter_card":"summary_large_image","twitter_misc":{"Escrito por":"Editor General","Tiempo de lectura":"2 minutos"},"schema":{"@context":"https:\/\/schema.org","@graph":[{"@type":"Article","@id":"https:\/\/luchonoticias.com\/editor\/se-viene-nueva-jornada-del-mercado-campesino\/#article","isPartOf":{"@id":"https:\/\/luchonoticias.com\/editor\/se-viene-nueva-jornada-del-mercado-campesino\/"},"author":{"name":"Editor General","@id":"https:\/\/luchonoticias.com\/editor\/#\/schema\/person\/29217990ddf6f14e35912b2866d591fb"},"headline":"Se viene nueva jornada del mercado campesino","datePublished":"2024-05-22T22:09:15+00:00","mainEntityOfPage":{"@id":"https:\/\/luchonoticias.com\/editor\/se-viene-nueva-jornada-del-mercado-campesino\/"},"wordCount":405,"publisher":{"@id":"https:\/\/luchonoticias.com\/editor\/#\/schema\/person\/7a7fd911f58561fd056dbac7b55af9cd"},"image":{"@id":"https:\/\/luchonoticias.com\/editor\/se-viene-nueva-jornada-del-mercado-campesino\/#primaryimage"},"thumbnailUrl":"https:\/\/luchonoticias.com\/editor\/wp-content\/uploads\/2024\/05\/mercado-campesino-1.jpg","articleSection":["Huila"],"inLanguage":"es"},{"@type":"WebPage","@id":"https:\/\/luchonoticias.com\/editor\/se-viene-nueva-jornada-del-mercado-campesino\/","url":"https:\/\/luchonoticias.com\/editor\/se-viene-nueva-jornada-del-mercado-campesino\/","name":"Se viene nueva jornada del mercado campesino -","isPartOf":{"@id":"https:\/\/luchonoticias.com\/editor\/#website"},"primaryImageOfPage":{"@id":"https:\/\/luchonoticias.com\/editor\/se-viene-nueva-jornada-del-mercado-campesino\/#primaryimage"},"image":{"@id":"https:\/\/luchonoticias.com\/editor\/se-viene-nueva-jornada-del-mercado-campesino\/#primaryimage"},"thumbnailUrl":"https:\/\/luchonoticias.com\/editor\/wp-content\/uploads\/2024\/05\/mercado-campesino-1.jpg","datePublished":"2024-05-22T22:09:15+00:00","breadcrumb":{"@id":"https:\/\/luchonoticias.com\/editor\/se-viene-nueva-jornada-del-mercado-campesino\/#breadcrumb"},"inLanguage":"es","potentialAction":[{"@type":"ReadAction","target":["https:\/\/luchonoticias.com\/editor\/se-viene-nueva-jornada-del-mercado-campesino\/"]}]},{"@type":"ImageObject","inLanguage":"es","@id":"https:\/\/luchonoticias.com\/editor\/se-viene-nueva-jornada-del-mercado-campesino\/#primaryimage","url":"https:\/\/luchonoticias.com\/editor\/wp-content\/uploads\/2024\/05\/mercado-campesino-1.jpg","contentUrl":"https:\/\/luchonoticias.com\/editor\/wp-content\/uploads\/2024\/05\/mercado-campesino-1.jpg","width":700,"height":400},{"@type":"BreadcrumbList","@id":"https:\/\/luchonoticias.com\/editor\/se-viene-nueva-jornada-del-mercado-campesino\/#breadcrumb","itemListElement":[{"@type":"ListItem","position":1,"name":"Portada","item":"https:\/\/luchonoticias.com\/editor\/"},{"@type":"ListItem","position":2,"name":"Se viene nueva jornada del mercado campesino"}]},{"@type":"WebSite","@id":"https:\/\/luchonoticias.com\/editor\/#website","url":"https:\/\/luchonoticias.com\/editor\/","name":"","description":"","publisher":{"@id":"https:\/\/luchonoticias.com\/editor\/#\/schema\/person\/7a7fd911f58561fd056dbac7b55af9cd"},"potentialAction":[{"@type":"SearchAction","target":{"@type":"EntryPoint","urlTemplate":"https:\/\/luchonoticias.com\/editor\/?s={search_term_string}"},"query-input":{"@type":"PropertyValueSpecification","valueRequired":true,"valueName":"search_term_string"}}],"inLanguage":"es"},{"@type":["Person","Organization"],"@id":"https:\/\/luchonoticias.com\/editor\/#\/schema\/person\/7a7fd911f58561fd056dbac7b55af9cd","name":"admin","image":{"@type":"ImageObject","inLanguage":"es","@id":"https:\/\/luchonoticias.com\/editor\/#\/schema\/person\/image\/","url":"https:\/\/luchonoticias.com\/editor\/wp-content\/uploads\/2024\/02\/cropped-cropped-logolu.webp","contentUrl":"https:\/\/luchonoticias.com\/editor\/wp-content\/uploads\/2024\/02\/cropped-cropped-logolu.webp","width":382,"height":170,"caption":"admin"},"logo":{"@id":"https:\/\/luchonoticias.com\/editor\/#\/schema\/person\/image\/"},"sameAs":["https:\/\/www.facebook.com\/luchonoticiasneiva"]},{"@type":"Person","@id":"https:\/\/luchonoticias.com\/editor\/#\/schema\/person\/29217990ddf6f14e35912b2866d591fb","name":"Editor General","image":{"@type":"ImageObject","inLanguage":"es","@id":"https:\/\/luchonoticias.com\/editor\/#\/schema\/person\/image\/","url":"https:\/\/luchonoticias.com\/editor\/wp-content\/uploads\/2024\/02\/cropped-cropped-logolu-150x150.webp","contentUrl":"https:\/\/luchonoticias.com\/editor\/wp-content\/uploads\/2024\/02\/cropped-cropped-logolu-150x150.webp","caption":"Editor General"},"sameAs":["https:\/\/luchonoticias.com\/"],"url":"https:\/\/luchonoticias.com\/editor\/author\/editor-general\/"}]}},"_links":{"self":[{"href":"https:\/\/luchonoticias.com\/editor\/wp-json\/wp\/v2\/posts\/73338","targetHints":{"allow":["GET"]}}],"collection":[{"href":"https:\/\/luchonoticias.com\/editor\/wp-json\/wp\/v2\/posts"}],"about":[{"href":"https:\/\/luchonoticias.com\/editor\/wp-json\/wp\/v2\/types\/post"}],"author":[{"embeddable":true,"href":"https:\/\/luchonoticias.com\/editor\/wp-json\/wp\/v2\/users\/2"}],"replies":[{"embeddable":true,"href":"https:\/\/luchonoticias.com\/editor\/wp-json\/wp\/v2\/comments?post=73338"}],"version-history":[{"count":0,"href":"https:\/\/luchonoticias.com\/editor\/wp-json\/wp\/v2\/posts\/73338\/revisions"}],"wp:featuredmedia":[{"embeddable":true,"href":"https:\/\/luchonoticias.com\/editor\/wp-json\/wp\/v2\/media\/73340"}],"wp:attachment":[{"href":"https:\/\/luchonoticias.com\/editor\/wp-json\/wp\/v2\/media?parent=73338"}],"wp:term":[{"taxonomy":"category","embeddable":true,"href":"https:\/\/luchonoticias.com\/editor\/wp-json\/wp\/v2\/categories?post=73338"},{"taxonomy":"post_tag","embeddable":true,"href":"https:\/\/luchonoticias.com\/editor\/wp-json\/wp\/v2\/tags?post=73338"}],"curies":[{"name":"wp","href":"https:\/\/api.w.org\/{rel}","templated":true}]}}