{"id":73350,"date":"2024-05-23T06:27:02","date_gmt":"2024-05-23T11:27:02","guid":{"rendered":"https:\/\/luchonoticias.com\/?p=73350"},"modified":"2024-05-23T06:27:02","modified_gmt":"2024-05-23T11:27:02","slug":"presentadas-las-fiestas-del-san-pedro-en-bogota","status":"publish","type":"post","link":"https:\/\/luchonoticias.com\/editor\/presentadas-las-fiestas-del-san-pedro-en-bogota\/","title":{"rendered":"Presentadas las fiestas del San Pedro en Bogot\u00e1"},"content":{"rendered":"<p>Traigo este saludo efusivo de la gente de una regi\u00f3n que se siente orgullosa de su origen, de lo que somos y representamos\u201d, fueron las emotivas palabras del Gobernador del Huila, Rodrigo Villalba Mosquera, en el acto de lanzamiento de una las fiestas m\u00e1s importantes del pa\u00eds, las de San Juan y San Pedro, que se viven principalmente en la capital huilense y que est\u00e1n programadas a desarrollarse entre el 14 de junio y el 1 de julio de 2024.<\/p>\n<p>El lanzamiento realizado desde las 7 de la noche, llen\u00f3 las expectativas del p\u00fablico asistente al Teatro Mayor Julio Mario Santo Domingo, que fue cautivado con la representaci\u00f3n art\u00edstica de m\u00e1s de 140 artistas acompa\u00f1ados por la majestuosidad de la Banda Sinf\u00f3nica del Huila.<\/p>\n<p>\u201cEl Huila es una potencia agr\u00edcola. Caf\u00e9, piscicultura, arroz, ganader\u00eda, panela, porcicultura, apicultura, frijol, aguacate, entre otros. Es uno de los cinco departamentos productores de alimentos por excelencia en Colombia. El Huila es una potencia tur\u00edstica, sobre todo en turismo rural\u201d, afirm\u00f3 el Gobernador Villalba.<\/p>\n<p>\u201cSin exceso en regionalismo, podemos decir, que tenemos desde desierto hasta nevado, macizo colombiano, el r\u00edo grande de la patria, todos los pisos t\u00e9rmicos, paisajes, termalismo, la mano del Gigante, la ruta m\u00e1gica del caf\u00e9, la Cueva de los Gu\u00e1charos y la joya de la corona: el turismo cient\u00edfico, cultural e internacional, alrededor del Parque Arqueol\u00f3gico de San Agust\u00edn. Tambi\u00e9n tenemos el turismo de naturaleza en Isnos, la Caja de Agua de Paicol, San Andr\u00e9s de La Plata y los santuarios religiosos del occidente\u201d, a\u00f1adi\u00f3.<\/p>\n<p>Fiestas para el disfrute de todos<\/p>\n<p>Como el prop\u00f3sito fue el de resaltar el Festival del Bambuco ante el pa\u00eds, se logr\u00f3 ofrecer una importante muestra no s\u00f3lo del talento art\u00edstico huilense, sino tambi\u00e9n de una exquisita gastronom\u00eda opita que incluy\u00f3 el bizcocho de achira de Fortalecillas, el quesillo Yaguare\u00f1o, los alfandoques, el asado huilense, el caf\u00e9 de Pitalito, la panela de Isnos, la Cholupa de Rivera y el cacao de Gigante, entre otros productos y atractivos tur\u00edsticos del Huila.<\/p>\n<p>\u201cHoy visionamos que podemos ser tambi\u00e9n una potencia generadora de energ\u00eda sostenible, la de la transici\u00f3n, la del futuro. Tenemos folclor, nuestras tradiciones, nuestra festividad tradicional de San Juan y San Pedro. Una de las fiestas m\u00e1s importantes del pa\u00eds y que esta noche estamos promocionando, que tienen origen colonial, en donde celebraba el final de las cosechas, que coincid\u00edan con el d\u00eda de San Juan, tradiciones que se fueron arraigando y las vimos uniendo con las fiestas de San Pedro. Del \u00e1mbito religioso inicial, nos hemos ido a uno m\u00e1s cultural y comercial, con la afluencia de turistas manteniendo la columna vertebral de nuestras tradiciones y folclor\u201d, continu\u00f3 el mandatario de los huilenses.<\/p>\n<p>Mientras los visitantes al lanzamiento disfrutaron del espect\u00e1culo folcl\u00f3rico principal, \u00abSan Juan y San Pedro: Una Fiesta desde el Alma del Huila\u00bb, que logr\u00f3 transmitir la imponencia del R\u00edo Magdalena que nace en el territorio huilense, el gobernador del Huila record\u00f3 a todos que este festival del Bambuco, fue creado por Ordenanza en 1959, y desde entonces, se ha celebrado con todo el rigor y con el compromiso de todos los huilenses, con sede en Neiva.<\/p>\n","protected":false},"excerpt":{"rendered":"<p>Traigo este saludo efusivo de la gente de una regi\u00f3n que se siente orgullosa de su origen, de lo que somos y representamos\u201d, fueron las emotivas palabras del Gobernador del Huila, Rodrigo Villalba Mosquera, en el acto de lanzamiento de una las fiestas m\u00e1s importantes del pa\u00eds, las de San Juan y San Pedro, que [&hellip;]<\/p>\n","protected":false},"author":2,"featured_media":73351,"comment_status":"closed","ping_status":"open","sticky":false,"template":"","format":"standard","meta":{"footnotes":""},"categories":[33],"tags":[],"class_list":["post-73350","post","type-post","status-publish","format-standard","has-post-thumbnail","hentry","category-huila"],"yoast_head":"<!-- This site is optimized with the Yoast SEO plugin v26.6 - https:\/\/yoast.com\/wordpress\/plugins\/seo\/ -->\n<title>Presentadas las fiestas del San Pedro en Bogot\u00e1 -<\/title>\n<meta name=\"robots\" content=\"index, follow, max-snippet:-1, max-image-preview:large, max-video-preview:-1\" \/>\n<link rel=\"canonical\" href=\"https:\/\/luchonoticias.com\/editor\/presentadas-las-fiestas-del-san-pedro-en-bogota\/\" \/>\n<meta property=\"og:locale\" content=\"es_ES\" \/>\n<meta property=\"og:type\" content=\"article\" \/>\n<meta property=\"og:title\" content=\"Presentadas las fiestas del San Pedro en Bogot\u00e1 -\" \/>\n<meta property=\"og:url\" content=\"https:\/\/luchonoticias.com\/editor\/presentadas-las-fiestas-del-san-pedro-en-bogota\/\" \/>\n<meta property=\"article:publisher\" content=\"https:\/\/www.facebook.com\/luchonoticiasneiva\" \/>\n<meta property=\"article:published_time\" content=\"2024-05-23T11:27:02+00:00\" \/>\n<meta property=\"og:image\" content=\"https:\/\/luchonoticias.com\/editor\/wp-content\/uploads\/2024\/05\/san-pedro-1.jpg\" \/>\n\t<meta property=\"og:image:width\" content=\"700\" \/>\n\t<meta property=\"og:image:height\" content=\"400\" \/>\n\t<meta property=\"og:image:type\" content=\"image\/jpeg\" \/>\n<meta name=\"author\" content=\"Editor General\" \/>\n<meta name=\"twitter:card\" content=\"summary_large_image\" \/>\n<meta name=\"twitter:label1\" content=\"Escrito por\" \/>\n\t<meta name=\"twitter:data1\" content=\"Editor General\" \/>\n\t<meta name=\"twitter:label2\" content=\"Tiempo de lectura\" \/>\n\t<meta name=\"twitter:data2\" content=\"3 minutos\" \/>\n<script type=\"application\/ld+json\" class=\"yoast-schema-graph\">{\"@context\":\"https:\/\/schema.org\",\"@graph\":[{\"@type\":\"Article\",\"@id\":\"https:\/\/luchonoticias.com\/editor\/presentadas-las-fiestas-del-san-pedro-en-bogota\/#article\",\"isPartOf\":{\"@id\":\"https:\/\/luchonoticias.com\/editor\/presentadas-las-fiestas-del-san-pedro-en-bogota\/\"},\"author\":{\"name\":\"Editor General\",\"@id\":\"https:\/\/luchonoticias.com\/editor\/#\/schema\/person\/29217990ddf6f14e35912b2866d591fb\"},\"headline\":\"Presentadas las fiestas del San Pedro en Bogot\u00e1\",\"datePublished\":\"2024-05-23T11:27:02+00:00\",\"mainEntityOfPage\":{\"@id\":\"https:\/\/luchonoticias.com\/editor\/presentadas-las-fiestas-del-san-pedro-en-bogota\/\"},\"wordCount\":568,\"publisher\":{\"@id\":\"https:\/\/luchonoticias.com\/editor\/#\/schema\/person\/7a7fd911f58561fd056dbac7b55af9cd\"},\"image\":{\"@id\":\"https:\/\/luchonoticias.com\/editor\/presentadas-las-fiestas-del-san-pedro-en-bogota\/#primaryimage\"},\"thumbnailUrl\":\"https:\/\/luchonoticias.com\/editor\/wp-content\/uploads\/2024\/05\/san-pedro-1.jpg\",\"articleSection\":[\"Huila\"],\"inLanguage\":\"es\"},{\"@type\":\"WebPage\",\"@id\":\"https:\/\/luchonoticias.com\/editor\/presentadas-las-fiestas-del-san-pedro-en-bogota\/\",\"url\":\"https:\/\/luchonoticias.com\/editor\/presentadas-las-fiestas-del-san-pedro-en-bogota\/\",\"name\":\"Presentadas las fiestas del San Pedro en Bogot\u00e1 -\",\"isPartOf\":{\"@id\":\"https:\/\/luchonoticias.com\/editor\/#website\"},\"primaryImageOfPage\":{\"@id\":\"https:\/\/luchonoticias.com\/editor\/presentadas-las-fiestas-del-san-pedro-en-bogota\/#primaryimage\"},\"image\":{\"@id\":\"https:\/\/luchonoticias.com\/editor\/presentadas-las-fiestas-del-san-pedro-en-bogota\/#primaryimage\"},\"thumbnailUrl\":\"https:\/\/luchonoticias.com\/editor\/wp-content\/uploads\/2024\/05\/san-pedro-1.jpg\",\"datePublished\":\"2024-05-23T11:27:02+00:00\",\"breadcrumb\":{\"@id\":\"https:\/\/luchonoticias.com\/editor\/presentadas-las-fiestas-del-san-pedro-en-bogota\/#breadcrumb\"},\"inLanguage\":\"es\",\"potentialAction\":[{\"@type\":\"ReadAction\",\"target\":[\"https:\/\/luchonoticias.com\/editor\/presentadas-las-fiestas-del-san-pedro-en-bogota\/\"]}]},{\"@type\":\"ImageObject\",\"inLanguage\":\"es\",\"@id\":\"https:\/\/luchonoticias.com\/editor\/presentadas-las-fiestas-del-san-pedro-en-bogota\/#primaryimage\",\"url\":\"https:\/\/luchonoticias.com\/editor\/wp-content\/uploads\/2024\/05\/san-pedro-1.jpg\",\"contentUrl\":\"https:\/\/luchonoticias.com\/editor\/wp-content\/uploads\/2024\/05\/san-pedro-1.jpg\",\"width\":700,\"height\":400},{\"@type\":\"BreadcrumbList\",\"@id\":\"https:\/\/luchonoticias.com\/editor\/presentadas-las-fiestas-del-san-pedro-en-bogota\/#breadcrumb\",\"itemListElement\":[{\"@type\":\"ListItem\",\"position\":1,\"name\":\"Portada\",\"item\":\"https:\/\/luchonoticias.com\/editor\/\"},{\"@type\":\"ListItem\",\"position\":2,\"name\":\"Presentadas las fiestas del San Pedro en Bogot\u00e1\"}]},{\"@type\":\"WebSite\",\"@id\":\"https:\/\/luchonoticias.com\/editor\/#website\",\"url\":\"https:\/\/luchonoticias.com\/editor\/\",\"name\":\"\",\"description\":\"\",\"publisher\":{\"@id\":\"https:\/\/luchonoticias.com\/editor\/#\/schema\/person\/7a7fd911f58561fd056dbac7b55af9cd\"},\"potentialAction\":[{\"@type\":\"SearchAction\",\"target\":{\"@type\":\"EntryPoint\",\"urlTemplate\":\"https:\/\/luchonoticias.com\/editor\/?s={search_term_string}\"},\"query-input\":{\"@type\":\"PropertyValueSpecification\",\"valueRequired\":true,\"valueName\":\"search_term_string\"}}],\"inLanguage\":\"es\"},{\"@type\":[\"Person\",\"Organization\"],\"@id\":\"https:\/\/luchonoticias.com\/editor\/#\/schema\/person\/7a7fd911f58561fd056dbac7b55af9cd\",\"name\":\"admin\",\"image\":{\"@type\":\"ImageObject\",\"inLanguage\":\"es\",\"@id\":\"https:\/\/luchonoticias.com\/editor\/#\/schema\/person\/image\/\",\"url\":\"https:\/\/luchonoticias.com\/editor\/wp-content\/uploads\/2024\/02\/cropped-cropped-logolu.webp\",\"contentUrl\":\"https:\/\/luchonoticias.com\/editor\/wp-content\/uploads\/2024\/02\/cropped-cropped-logolu.webp\",\"width\":382,\"height\":170,\"caption\":\"admin\"},\"logo\":{\"@id\":\"https:\/\/luchonoticias.com\/editor\/#\/schema\/person\/image\/\"},\"sameAs\":[\"https:\/\/www.facebook.com\/luchonoticiasneiva\"]},{\"@type\":\"Person\",\"@id\":\"https:\/\/luchonoticias.com\/editor\/#\/schema\/person\/29217990ddf6f14e35912b2866d591fb\",\"name\":\"Editor General\",\"image\":{\"@type\":\"ImageObject\",\"inLanguage\":\"es\",\"@id\":\"https:\/\/luchonoticias.com\/editor\/#\/schema\/person\/image\/\",\"url\":\"https:\/\/luchonoticias.com\/editor\/wp-content\/uploads\/2024\/02\/cropped-cropped-logolu-150x150.webp\",\"contentUrl\":\"https:\/\/luchonoticias.com\/editor\/wp-content\/uploads\/2024\/02\/cropped-cropped-logolu-150x150.webp\",\"caption\":\"Editor General\"},\"sameAs\":[\"https:\/\/luchonoticias.com\/\"],\"url\":\"https:\/\/luchonoticias.com\/editor\/author\/editor-general\/\"}]}<\/script>\n<!-- \/ Yoast SEO plugin. -->","yoast_head_json":{"title":"Presentadas las fiestas del San Pedro en Bogot\u00e1 -","robots":{"index":"index","follow":"follow","max-snippet":"max-snippet:-1","max-image-preview":"max-image-preview:large","max-video-preview":"max-video-preview:-1"},"canonical":"https:\/\/luchonoticias.com\/editor\/presentadas-las-fiestas-del-san-pedro-en-bogota\/","og_locale":"es_ES","og_type":"article","og_title":"Presentadas las fiestas del San Pedro en Bogot\u00e1 -","og_url":"https:\/\/luchonoticias.com\/editor\/presentadas-las-fiestas-del-san-pedro-en-bogota\/","article_publisher":"https:\/\/www.facebook.com\/luchonoticiasneiva","article_published_time":"2024-05-23T11:27:02+00:00","og_image":[{"width":700,"height":400,"url":"https:\/\/luchonoticias.com\/editor\/wp-content\/uploads\/2024\/05\/san-pedro-1.jpg","type":"image\/jpeg"}],"author":"Editor General","twitter_card":"summary_large_image","twitter_misc":{"Escrito por":"Editor General","Tiempo de lectura":"3 minutos"},"schema":{"@context":"https:\/\/schema.org","@graph":[{"@type":"Article","@id":"https:\/\/luchonoticias.com\/editor\/presentadas-las-fiestas-del-san-pedro-en-bogota\/#article","isPartOf":{"@id":"https:\/\/luchonoticias.com\/editor\/presentadas-las-fiestas-del-san-pedro-en-bogota\/"},"author":{"name":"Editor General","@id":"https:\/\/luchonoticias.com\/editor\/#\/schema\/person\/29217990ddf6f14e35912b2866d591fb"},"headline":"Presentadas las fiestas del San Pedro en Bogot\u00e1","datePublished":"2024-05-23T11:27:02+00:00","mainEntityOfPage":{"@id":"https:\/\/luchonoticias.com\/editor\/presentadas-las-fiestas-del-san-pedro-en-bogota\/"},"wordCount":568,"publisher":{"@id":"https:\/\/luchonoticias.com\/editor\/#\/schema\/person\/7a7fd911f58561fd056dbac7b55af9cd"},"image":{"@id":"https:\/\/luchonoticias.com\/editor\/presentadas-las-fiestas-del-san-pedro-en-bogota\/#primaryimage"},"thumbnailUrl":"https:\/\/luchonoticias.com\/editor\/wp-content\/uploads\/2024\/05\/san-pedro-1.jpg","articleSection":["Huila"],"inLanguage":"es"},{"@type":"WebPage","@id":"https:\/\/luchonoticias.com\/editor\/presentadas-las-fiestas-del-san-pedro-en-bogota\/","url":"https:\/\/luchonoticias.com\/editor\/presentadas-las-fiestas-del-san-pedro-en-bogota\/","name":"Presentadas las fiestas del San Pedro en Bogot\u00e1 -","isPartOf":{"@id":"https:\/\/luchonoticias.com\/editor\/#website"},"primaryImageOfPage":{"@id":"https:\/\/luchonoticias.com\/editor\/presentadas-las-fiestas-del-san-pedro-en-bogota\/#primaryimage"},"image":{"@id":"https:\/\/luchonoticias.com\/editor\/presentadas-las-fiestas-del-san-pedro-en-bogota\/#primaryimage"},"thumbnailUrl":"https:\/\/luchonoticias.com\/editor\/wp-content\/uploads\/2024\/05\/san-pedro-1.jpg","datePublished":"2024-05-23T11:27:02+00:00","breadcrumb":{"@id":"https:\/\/luchonoticias.com\/editor\/presentadas-las-fiestas-del-san-pedro-en-bogota\/#breadcrumb"},"inLanguage":"es","potentialAction":[{"@type":"ReadAction","target":["https:\/\/luchonoticias.com\/editor\/presentadas-las-fiestas-del-san-pedro-en-bogota\/"]}]},{"@type":"ImageObject","inLanguage":"es","@id":"https:\/\/luchonoticias.com\/editor\/presentadas-las-fiestas-del-san-pedro-en-bogota\/#primaryimage","url":"https:\/\/luchonoticias.com\/editor\/wp-content\/uploads\/2024\/05\/san-pedro-1.jpg","contentUrl":"https:\/\/luchonoticias.com\/editor\/wp-content\/uploads\/2024\/05\/san-pedro-1.jpg","width":700,"height":400},{"@type":"BreadcrumbList","@id":"https:\/\/luchonoticias.com\/editor\/presentadas-las-fiestas-del-san-pedro-en-bogota\/#breadcrumb","itemListElement":[{"@type":"ListItem","position":1,"name":"Portada","item":"https:\/\/luchonoticias.com\/editor\/"},{"@type":"ListItem","position":2,"name":"Presentadas las fiestas del San Pedro en Bogot\u00e1"}]},{"@type":"WebSite","@id":"https:\/\/luchonoticias.com\/editor\/#website","url":"https:\/\/luchonoticias.com\/editor\/","name":"","description":"","publisher":{"@id":"https:\/\/luchonoticias.com\/editor\/#\/schema\/person\/7a7fd911f58561fd056dbac7b55af9cd"},"potentialAction":[{"@type":"SearchAction","target":{"@type":"EntryPoint","urlTemplate":"https:\/\/luchonoticias.com\/editor\/?s={search_term_string}"},"query-input":{"@type":"PropertyValueSpecification","valueRequired":true,"valueName":"search_term_string"}}],"inLanguage":"es"},{"@type":["Person","Organization"],"@id":"https:\/\/luchonoticias.com\/editor\/#\/schema\/person\/7a7fd911f58561fd056dbac7b55af9cd","name":"admin","image":{"@type":"ImageObject","inLanguage":"es","@id":"https:\/\/luchonoticias.com\/editor\/#\/schema\/person\/image\/","url":"https:\/\/luchonoticias.com\/editor\/wp-content\/uploads\/2024\/02\/cropped-cropped-logolu.webp","contentUrl":"https:\/\/luchonoticias.com\/editor\/wp-content\/uploads\/2024\/02\/cropped-cropped-logolu.webp","width":382,"height":170,"caption":"admin"},"logo":{"@id":"https:\/\/luchonoticias.com\/editor\/#\/schema\/person\/image\/"},"sameAs":["https:\/\/www.facebook.com\/luchonoticiasneiva"]},{"@type":"Person","@id":"https:\/\/luchonoticias.com\/editor\/#\/schema\/person\/29217990ddf6f14e35912b2866d591fb","name":"Editor General","image":{"@type":"ImageObject","inLanguage":"es","@id":"https:\/\/luchonoticias.com\/editor\/#\/schema\/person\/image\/","url":"https:\/\/luchonoticias.com\/editor\/wp-content\/uploads\/2024\/02\/cropped-cropped-logolu-150x150.webp","contentUrl":"https:\/\/luchonoticias.com\/editor\/wp-content\/uploads\/2024\/02\/cropped-cropped-logolu-150x150.webp","caption":"Editor General"},"sameAs":["https:\/\/luchonoticias.com\/"],"url":"https:\/\/luchonoticias.com\/editor\/author\/editor-general\/"}]}},"_links":{"self":[{"href":"https:\/\/luchonoticias.com\/editor\/wp-json\/wp\/v2\/posts\/73350","targetHints":{"allow":["GET"]}}],"collection":[{"href":"https:\/\/luchonoticias.com\/editor\/wp-json\/wp\/v2\/posts"}],"about":[{"href":"https:\/\/luchonoticias.com\/editor\/wp-json\/wp\/v2\/types\/post"}],"author":[{"embeddable":true,"href":"https:\/\/luchonoticias.com\/editor\/wp-json\/wp\/v2\/users\/2"}],"replies":[{"embeddable":true,"href":"https:\/\/luchonoticias.com\/editor\/wp-json\/wp\/v2\/comments?post=73350"}],"version-history":[{"count":0,"href":"https:\/\/luchonoticias.com\/editor\/wp-json\/wp\/v2\/posts\/73350\/revisions"}],"wp:featuredmedia":[{"embeddable":true,"href":"https:\/\/luchonoticias.com\/editor\/wp-json\/wp\/v2\/media\/73351"}],"wp:attachment":[{"href":"https:\/\/luchonoticias.com\/editor\/wp-json\/wp\/v2\/media?parent=73350"}],"wp:term":[{"taxonomy":"category","embeddable":true,"href":"https:\/\/luchonoticias.com\/editor\/wp-json\/wp\/v2\/categories?post=73350"},{"taxonomy":"post_tag","embeddable":true,"href":"https:\/\/luchonoticias.com\/editor\/wp-json\/wp\/v2\/tags?post=73350"}],"curies":[{"name":"wp","href":"https:\/\/api.w.org\/{rel}","templated":true}]}}