{"id":73356,"date":"2024-05-23T06:40:02","date_gmt":"2024-05-23T11:40:02","guid":{"rendered":"https:\/\/luchonoticias.com\/?p=73356"},"modified":"2024-05-23T06:40:02","modified_gmt":"2024-05-23T11:40:02","slug":"radicado-proyecto-de-ley-para-convertir-a-colombia-en-productor-tecnologico","status":"publish","type":"post","link":"https:\/\/luchonoticias.com\/editor\/radicado-proyecto-de-ley-para-convertir-a-colombia-en-productor-tecnologico\/","title":{"rendered":"Radicado proyecto de ley para convertir a Colombia en productor tecnol\u00f3gico"},"content":{"rendered":"<div>El ministro de las Tecnolog\u00edas, la Informaci\u00f3n y las Comunicaciones (TIC), Mauricio Lizcano, radic\u00f3 en la C\u00e1mara de Representantes el proyecto de ley 448 de 2024, que busca que Colombia se convierta en un productor de tecnolog\u00eda, en especial de Inteligencia Artificial (IA), y deje de ser un consumidor.<\/div>\n<div><\/div>\n<div>\u201cLos datos son la base para desarrollar Inteligencia Artificial. Si queremos que Colombia se vuelva en pa\u00eds productor de tecnolog\u00eda, necesitamos datos. Por eso, con este proyecto, las entidades estatales se obligar\u00edan a producir unos datos relevantes e importantes, obviamente con privacidad, para que sean usados por el Gobierno con interoperabilidad\u201d, dijo el ministro.<\/div>\n<div><\/div>\n<div>Explic\u00f3 que la informaci\u00f3n se utilizar\u00e1 para decisiones de pol\u00edtica p\u00fablica y para construir Inteligencia Artificial, pues actualmente los algoritmos con que trabaja esta tecnolog\u00eda son de Estados Unidos o de Europa y no representan a Colombia.<\/div>\n<div><\/div>\n<div>\u201cEstamos convencidos de que esta ley va a dar un avance muy importante para que Colombia se convierta en lo que queremos: una Potencia Digital y un l\u00edder regional en transformaci\u00f3n e Inteligencia Artificial\u201d, dijo.<\/div>\n<div><\/div>\n<div>Adem\u00e1s, Lizcano hizo \u00e9nfasis en que la iniciativa que se radic\u00f3 es respetuosa del Habeas Data, es decir, no toca los datos personales de los ciudadanos.<\/div>\n<div><\/div>\n<div>\u201cLa idea es utilizar lo que se conoce t\u00e9cnicamente como datos an\u00f3nimos o pseudoan\u00f3nimos, es decir, datos que no tienen nombre y apellido, datos maestros, de referencia, geoespaciales y similares, que sirven para la construcci\u00f3n de pol\u00edtica p\u00fablica y el desarrollo de IA\u201d, agreg\u00f3.<\/div>\n<div><\/div>\n<div>Indic\u00f3 que la ley le traer\u00e1 al pa\u00eds beneficios como el uso, intercambio y reutilizaci\u00f3n de datos entre los distintos actores del ecosistema; la no aportaci\u00f3n de datos por parte de ciudadanos para sus distintas relaciones con las autoridades y sujetos que administran recursos del Estado; la toma de decisiones de pol\u00edtica p\u00fablica; la priorizaci\u00f3n de proyectos a partir de los datos y el an\u00e1lisis de informaci\u00f3n para la implementaci\u00f3n de proyectos estrat\u00e9gicos.<\/div>\n<div><\/div>\n<div>\u201cHay que insistir en que sin datos no hay Inteligencia Artificial, no hay desarrollo tecnol\u00f3gico, ni podremos convertirnos en Potencia Digital. Por eso, presentamos este proyecto de ley, que har\u00e1 que todas las entidades p\u00fablicas tengan que producir datos\u201d, enfatiz\u00f3 el ministro Lizcano.<\/div>\n<div><\/div>\n<div>El MinTIC inform\u00f3 que espera que el proyecto tenga una primera discusi\u00f3n en este periodo legislativo, para que pueda seguir su proceso en el siguiente semestre.<\/div>\n<div><\/div>\n<div>Una vez que la iniciativa surta su tr\u00e1mite en el Congreso y sea sancionada por el Presidente de la Rep\u00fablica aplicar\u00eda a las entidades que conforman la administraci\u00f3n p\u00fablica, as\u00ed como a los particulares que cumplen funciones administrativas y que administran recursos del Estado.<\/div>\n","protected":false},"excerpt":{"rendered":"<p>El ministro de las Tecnolog\u00edas, la Informaci\u00f3n y las Comunicaciones (TIC), Mauricio Lizcano, radic\u00f3 en la C\u00e1mara de Representantes el proyecto de ley 448 de 2024, que busca que Colombia se convierta en un productor de tecnolog\u00eda, en especial de Inteligencia Artificial (IA), y deje de ser un consumidor. \u201cLos datos son la base para [&hellip;]<\/p>\n","protected":false},"author":2,"featured_media":73357,"comment_status":"closed","ping_status":"open","sticky":false,"template":"","format":"standard","meta":{"footnotes":""},"categories":[28],"tags":[],"class_list":["post-73356","post","type-post","status-publish","format-standard","has-post-thumbnail","hentry","category-actualidad"],"yoast_head":"<!-- This site is optimized with the Yoast SEO plugin v26.6 - https:\/\/yoast.com\/wordpress\/plugins\/seo\/ -->\n<title>Radicado proyecto de ley para convertir a Colombia en productor tecnol\u00f3gico -<\/title>\n<meta name=\"robots\" content=\"index, follow, max-snippet:-1, max-image-preview:large, max-video-preview:-1\" \/>\n<link rel=\"canonical\" href=\"https:\/\/luchonoticias.com\/editor\/radicado-proyecto-de-ley-para-convertir-a-colombia-en-productor-tecnologico\/\" \/>\n<meta property=\"og:locale\" content=\"es_ES\" \/>\n<meta property=\"og:type\" content=\"article\" \/>\n<meta property=\"og:title\" content=\"Radicado proyecto de ley para convertir a Colombia en productor tecnol\u00f3gico -\" \/>\n<meta property=\"og:url\" content=\"https:\/\/luchonoticias.com\/editor\/radicado-proyecto-de-ley-para-convertir-a-colombia-en-productor-tecnologico\/\" \/>\n<meta property=\"article:publisher\" content=\"https:\/\/www.facebook.com\/luchonoticiasneiva\" \/>\n<meta property=\"article:published_time\" content=\"2024-05-23T11:40:02+00:00\" \/>\n<meta property=\"og:image\" content=\"https:\/\/luchonoticias.com\/editor\/wp-content\/uploads\/2024\/05\/proyecto-mintic.jpg\" \/>\n\t<meta property=\"og:image:width\" content=\"700\" \/>\n\t<meta property=\"og:image:height\" content=\"400\" \/>\n\t<meta property=\"og:image:type\" content=\"image\/jpeg\" \/>\n<meta name=\"author\" content=\"Editor General\" \/>\n<meta name=\"twitter:card\" content=\"summary_large_image\" \/>\n<meta name=\"twitter:label1\" content=\"Escrito por\" \/>\n\t<meta name=\"twitter:data1\" content=\"Editor General\" \/>\n\t<meta name=\"twitter:label2\" content=\"Tiempo de lectura\" \/>\n\t<meta name=\"twitter:data2\" content=\"2 minutos\" \/>\n<script type=\"application\/ld+json\" class=\"yoast-schema-graph\">{\"@context\":\"https:\/\/schema.org\",\"@graph\":[{\"@type\":\"Article\",\"@id\":\"https:\/\/luchonoticias.com\/editor\/radicado-proyecto-de-ley-para-convertir-a-colombia-en-productor-tecnologico\/#article\",\"isPartOf\":{\"@id\":\"https:\/\/luchonoticias.com\/editor\/radicado-proyecto-de-ley-para-convertir-a-colombia-en-productor-tecnologico\/\"},\"author\":{\"name\":\"Editor General\",\"@id\":\"https:\/\/luchonoticias.com\/editor\/#\/schema\/person\/29217990ddf6f14e35912b2866d591fb\"},\"headline\":\"Radicado proyecto de ley para convertir a Colombia en productor tecnol\u00f3gico\",\"datePublished\":\"2024-05-23T11:40:02+00:00\",\"mainEntityOfPage\":{\"@id\":\"https:\/\/luchonoticias.com\/editor\/radicado-proyecto-de-ley-para-convertir-a-colombia-en-productor-tecnologico\/\"},\"wordCount\":479,\"publisher\":{\"@id\":\"https:\/\/luchonoticias.com\/editor\/#\/schema\/person\/7a7fd911f58561fd056dbac7b55af9cd\"},\"image\":{\"@id\":\"https:\/\/luchonoticias.com\/editor\/radicado-proyecto-de-ley-para-convertir-a-colombia-en-productor-tecnologico\/#primaryimage\"},\"thumbnailUrl\":\"https:\/\/luchonoticias.com\/editor\/wp-content\/uploads\/2024\/05\/proyecto-mintic.jpg\",\"articleSection\":[\"Actualidad\"],\"inLanguage\":\"es\"},{\"@type\":\"WebPage\",\"@id\":\"https:\/\/luchonoticias.com\/editor\/radicado-proyecto-de-ley-para-convertir-a-colombia-en-productor-tecnologico\/\",\"url\":\"https:\/\/luchonoticias.com\/editor\/radicado-proyecto-de-ley-para-convertir-a-colombia-en-productor-tecnologico\/\",\"name\":\"Radicado proyecto de ley para convertir a Colombia en productor tecnol\u00f3gico -\",\"isPartOf\":{\"@id\":\"https:\/\/luchonoticias.com\/editor\/#website\"},\"primaryImageOfPage\":{\"@id\":\"https:\/\/luchonoticias.com\/editor\/radicado-proyecto-de-ley-para-convertir-a-colombia-en-productor-tecnologico\/#primaryimage\"},\"image\":{\"@id\":\"https:\/\/luchonoticias.com\/editor\/radicado-proyecto-de-ley-para-convertir-a-colombia-en-productor-tecnologico\/#primaryimage\"},\"thumbnailUrl\":\"https:\/\/luchonoticias.com\/editor\/wp-content\/uploads\/2024\/05\/proyecto-mintic.jpg\",\"datePublished\":\"2024-05-23T11:40:02+00:00\",\"breadcrumb\":{\"@id\":\"https:\/\/luchonoticias.com\/editor\/radicado-proyecto-de-ley-para-convertir-a-colombia-en-productor-tecnologico\/#breadcrumb\"},\"inLanguage\":\"es\",\"potentialAction\":[{\"@type\":\"ReadAction\",\"target\":[\"https:\/\/luchonoticias.com\/editor\/radicado-proyecto-de-ley-para-convertir-a-colombia-en-productor-tecnologico\/\"]}]},{\"@type\":\"ImageObject\",\"inLanguage\":\"es\",\"@id\":\"https:\/\/luchonoticias.com\/editor\/radicado-proyecto-de-ley-para-convertir-a-colombia-en-productor-tecnologico\/#primaryimage\",\"url\":\"https:\/\/luchonoticias.com\/editor\/wp-content\/uploads\/2024\/05\/proyecto-mintic.jpg\",\"contentUrl\":\"https:\/\/luchonoticias.com\/editor\/wp-content\/uploads\/2024\/05\/proyecto-mintic.jpg\",\"width\":700,\"height\":400},{\"@type\":\"BreadcrumbList\",\"@id\":\"https:\/\/luchonoticias.com\/editor\/radicado-proyecto-de-ley-para-convertir-a-colombia-en-productor-tecnologico\/#breadcrumb\",\"itemListElement\":[{\"@type\":\"ListItem\",\"position\":1,\"name\":\"Portada\",\"item\":\"https:\/\/luchonoticias.com\/editor\/\"},{\"@type\":\"ListItem\",\"position\":2,\"name\":\"Radicado proyecto de ley para convertir a Colombia en productor tecnol\u00f3gico\"}]},{\"@type\":\"WebSite\",\"@id\":\"https:\/\/luchonoticias.com\/editor\/#website\",\"url\":\"https:\/\/luchonoticias.com\/editor\/\",\"name\":\"\",\"description\":\"\",\"publisher\":{\"@id\":\"https:\/\/luchonoticias.com\/editor\/#\/schema\/person\/7a7fd911f58561fd056dbac7b55af9cd\"},\"potentialAction\":[{\"@type\":\"SearchAction\",\"target\":{\"@type\":\"EntryPoint\",\"urlTemplate\":\"https:\/\/luchonoticias.com\/editor\/?s={search_term_string}\"},\"query-input\":{\"@type\":\"PropertyValueSpecification\",\"valueRequired\":true,\"valueName\":\"search_term_string\"}}],\"inLanguage\":\"es\"},{\"@type\":[\"Person\",\"Organization\"],\"@id\":\"https:\/\/luchonoticias.com\/editor\/#\/schema\/person\/7a7fd911f58561fd056dbac7b55af9cd\",\"name\":\"admin\",\"image\":{\"@type\":\"ImageObject\",\"inLanguage\":\"es\",\"@id\":\"https:\/\/luchonoticias.com\/editor\/#\/schema\/person\/image\/\",\"url\":\"https:\/\/luchonoticias.com\/editor\/wp-content\/uploads\/2024\/02\/cropped-cropped-logolu.webp\",\"contentUrl\":\"https:\/\/luchonoticias.com\/editor\/wp-content\/uploads\/2024\/02\/cropped-cropped-logolu.webp\",\"width\":382,\"height\":170,\"caption\":\"admin\"},\"logo\":{\"@id\":\"https:\/\/luchonoticias.com\/editor\/#\/schema\/person\/image\/\"},\"sameAs\":[\"https:\/\/www.facebook.com\/luchonoticiasneiva\"]},{\"@type\":\"Person\",\"@id\":\"https:\/\/luchonoticias.com\/editor\/#\/schema\/person\/29217990ddf6f14e35912b2866d591fb\",\"name\":\"Editor General\",\"image\":{\"@type\":\"ImageObject\",\"inLanguage\":\"es\",\"@id\":\"https:\/\/luchonoticias.com\/editor\/#\/schema\/person\/image\/\",\"url\":\"https:\/\/luchonoticias.com\/editor\/wp-content\/uploads\/2024\/02\/cropped-cropped-logolu-150x150.webp\",\"contentUrl\":\"https:\/\/luchonoticias.com\/editor\/wp-content\/uploads\/2024\/02\/cropped-cropped-logolu-150x150.webp\",\"caption\":\"Editor General\"},\"sameAs\":[\"https:\/\/luchonoticias.com\/\"],\"url\":\"https:\/\/luchonoticias.com\/editor\/author\/editor-general\/\"}]}<\/script>\n<!-- \/ Yoast SEO plugin. -->","yoast_head_json":{"title":"Radicado proyecto de ley para convertir a Colombia en productor tecnol\u00f3gico -","robots":{"index":"index","follow":"follow","max-snippet":"max-snippet:-1","max-image-preview":"max-image-preview:large","max-video-preview":"max-video-preview:-1"},"canonical":"https:\/\/luchonoticias.com\/editor\/radicado-proyecto-de-ley-para-convertir-a-colombia-en-productor-tecnologico\/","og_locale":"es_ES","og_type":"article","og_title":"Radicado proyecto de ley para convertir a Colombia en productor tecnol\u00f3gico -","og_url":"https:\/\/luchonoticias.com\/editor\/radicado-proyecto-de-ley-para-convertir-a-colombia-en-productor-tecnologico\/","article_publisher":"https:\/\/www.facebook.com\/luchonoticiasneiva","article_published_time":"2024-05-23T11:40:02+00:00","og_image":[{"width":700,"height":400,"url":"https:\/\/luchonoticias.com\/editor\/wp-content\/uploads\/2024\/05\/proyecto-mintic.jpg","type":"image\/jpeg"}],"author":"Editor General","twitter_card":"summary_large_image","twitter_misc":{"Escrito por":"Editor General","Tiempo de lectura":"2 minutos"},"schema":{"@context":"https:\/\/schema.org","@graph":[{"@type":"Article","@id":"https:\/\/luchonoticias.com\/editor\/radicado-proyecto-de-ley-para-convertir-a-colombia-en-productor-tecnologico\/#article","isPartOf":{"@id":"https:\/\/luchonoticias.com\/editor\/radicado-proyecto-de-ley-para-convertir-a-colombia-en-productor-tecnologico\/"},"author":{"name":"Editor General","@id":"https:\/\/luchonoticias.com\/editor\/#\/schema\/person\/29217990ddf6f14e35912b2866d591fb"},"headline":"Radicado proyecto de ley para convertir a Colombia en productor tecnol\u00f3gico","datePublished":"2024-05-23T11:40:02+00:00","mainEntityOfPage":{"@id":"https:\/\/luchonoticias.com\/editor\/radicado-proyecto-de-ley-para-convertir-a-colombia-en-productor-tecnologico\/"},"wordCount":479,"publisher":{"@id":"https:\/\/luchonoticias.com\/editor\/#\/schema\/person\/7a7fd911f58561fd056dbac7b55af9cd"},"image":{"@id":"https:\/\/luchonoticias.com\/editor\/radicado-proyecto-de-ley-para-convertir-a-colombia-en-productor-tecnologico\/#primaryimage"},"thumbnailUrl":"https:\/\/luchonoticias.com\/editor\/wp-content\/uploads\/2024\/05\/proyecto-mintic.jpg","articleSection":["Actualidad"],"inLanguage":"es"},{"@type":"WebPage","@id":"https:\/\/luchonoticias.com\/editor\/radicado-proyecto-de-ley-para-convertir-a-colombia-en-productor-tecnologico\/","url":"https:\/\/luchonoticias.com\/editor\/radicado-proyecto-de-ley-para-convertir-a-colombia-en-productor-tecnologico\/","name":"Radicado proyecto de ley para convertir a Colombia en productor tecnol\u00f3gico -","isPartOf":{"@id":"https:\/\/luchonoticias.com\/editor\/#website"},"primaryImageOfPage":{"@id":"https:\/\/luchonoticias.com\/editor\/radicado-proyecto-de-ley-para-convertir-a-colombia-en-productor-tecnologico\/#primaryimage"},"image":{"@id":"https:\/\/luchonoticias.com\/editor\/radicado-proyecto-de-ley-para-convertir-a-colombia-en-productor-tecnologico\/#primaryimage"},"thumbnailUrl":"https:\/\/luchonoticias.com\/editor\/wp-content\/uploads\/2024\/05\/proyecto-mintic.jpg","datePublished":"2024-05-23T11:40:02+00:00","breadcrumb":{"@id":"https:\/\/luchonoticias.com\/editor\/radicado-proyecto-de-ley-para-convertir-a-colombia-en-productor-tecnologico\/#breadcrumb"},"inLanguage":"es","potentialAction":[{"@type":"ReadAction","target":["https:\/\/luchonoticias.com\/editor\/radicado-proyecto-de-ley-para-convertir-a-colombia-en-productor-tecnologico\/"]}]},{"@type":"ImageObject","inLanguage":"es","@id":"https:\/\/luchonoticias.com\/editor\/radicado-proyecto-de-ley-para-convertir-a-colombia-en-productor-tecnologico\/#primaryimage","url":"https:\/\/luchonoticias.com\/editor\/wp-content\/uploads\/2024\/05\/proyecto-mintic.jpg","contentUrl":"https:\/\/luchonoticias.com\/editor\/wp-content\/uploads\/2024\/05\/proyecto-mintic.jpg","width":700,"height":400},{"@type":"BreadcrumbList","@id":"https:\/\/luchonoticias.com\/editor\/radicado-proyecto-de-ley-para-convertir-a-colombia-en-productor-tecnologico\/#breadcrumb","itemListElement":[{"@type":"ListItem","position":1,"name":"Portada","item":"https:\/\/luchonoticias.com\/editor\/"},{"@type":"ListItem","position":2,"name":"Radicado proyecto de ley para convertir a Colombia en productor tecnol\u00f3gico"}]},{"@type":"WebSite","@id":"https:\/\/luchonoticias.com\/editor\/#website","url":"https:\/\/luchonoticias.com\/editor\/","name":"","description":"","publisher":{"@id":"https:\/\/luchonoticias.com\/editor\/#\/schema\/person\/7a7fd911f58561fd056dbac7b55af9cd"},"potentialAction":[{"@type":"SearchAction","target":{"@type":"EntryPoint","urlTemplate":"https:\/\/luchonoticias.com\/editor\/?s={search_term_string}"},"query-input":{"@type":"PropertyValueSpecification","valueRequired":true,"valueName":"search_term_string"}}],"inLanguage":"es"},{"@type":["Person","Organization"],"@id":"https:\/\/luchonoticias.com\/editor\/#\/schema\/person\/7a7fd911f58561fd056dbac7b55af9cd","name":"admin","image":{"@type":"ImageObject","inLanguage":"es","@id":"https:\/\/luchonoticias.com\/editor\/#\/schema\/person\/image\/","url":"https:\/\/luchonoticias.com\/editor\/wp-content\/uploads\/2024\/02\/cropped-cropped-logolu.webp","contentUrl":"https:\/\/luchonoticias.com\/editor\/wp-content\/uploads\/2024\/02\/cropped-cropped-logolu.webp","width":382,"height":170,"caption":"admin"},"logo":{"@id":"https:\/\/luchonoticias.com\/editor\/#\/schema\/person\/image\/"},"sameAs":["https:\/\/www.facebook.com\/luchonoticiasneiva"]},{"@type":"Person","@id":"https:\/\/luchonoticias.com\/editor\/#\/schema\/person\/29217990ddf6f14e35912b2866d591fb","name":"Editor General","image":{"@type":"ImageObject","inLanguage":"es","@id":"https:\/\/luchonoticias.com\/editor\/#\/schema\/person\/image\/","url":"https:\/\/luchonoticias.com\/editor\/wp-content\/uploads\/2024\/02\/cropped-cropped-logolu-150x150.webp","contentUrl":"https:\/\/luchonoticias.com\/editor\/wp-content\/uploads\/2024\/02\/cropped-cropped-logolu-150x150.webp","caption":"Editor General"},"sameAs":["https:\/\/luchonoticias.com\/"],"url":"https:\/\/luchonoticias.com\/editor\/author\/editor-general\/"}]}},"_links":{"self":[{"href":"https:\/\/luchonoticias.com\/editor\/wp-json\/wp\/v2\/posts\/73356","targetHints":{"allow":["GET"]}}],"collection":[{"href":"https:\/\/luchonoticias.com\/editor\/wp-json\/wp\/v2\/posts"}],"about":[{"href":"https:\/\/luchonoticias.com\/editor\/wp-json\/wp\/v2\/types\/post"}],"author":[{"embeddable":true,"href":"https:\/\/luchonoticias.com\/editor\/wp-json\/wp\/v2\/users\/2"}],"replies":[{"embeddable":true,"href":"https:\/\/luchonoticias.com\/editor\/wp-json\/wp\/v2\/comments?post=73356"}],"version-history":[{"count":0,"href":"https:\/\/luchonoticias.com\/editor\/wp-json\/wp\/v2\/posts\/73356\/revisions"}],"wp:featuredmedia":[{"embeddable":true,"href":"https:\/\/luchonoticias.com\/editor\/wp-json\/wp\/v2\/media\/73357"}],"wp:attachment":[{"href":"https:\/\/luchonoticias.com\/editor\/wp-json\/wp\/v2\/media?parent=73356"}],"wp:term":[{"taxonomy":"category","embeddable":true,"href":"https:\/\/luchonoticias.com\/editor\/wp-json\/wp\/v2\/categories?post=73356"},{"taxonomy":"post_tag","embeddable":true,"href":"https:\/\/luchonoticias.com\/editor\/wp-json\/wp\/v2\/tags?post=73356"}],"curies":[{"name":"wp","href":"https:\/\/api.w.org\/{rel}","templated":true}]}}