{"id":73359,"date":"2024-05-23T06:46:41","date_gmt":"2024-05-23T11:46:41","guid":{"rendered":"https:\/\/luchonoticias.com\/?p=73359"},"modified":"2024-05-23T06:46:41","modified_gmt":"2024-05-23T11:46:41","slug":"en-marcha-proyecto-para-que-congresistas-desarrollen-rendicion-de-cuentas","status":"publish","type":"post","link":"https:\/\/luchonoticias.com\/editor\/en-marcha-proyecto-para-que-congresistas-desarrollen-rendicion-de-cuentas\/","title":{"rendered":"En marcha proyecto para que congresistas desarrollen rendici\u00f3n de cuentas"},"content":{"rendered":"<p class=\"s10\"><span class=\"s14\"><span class=\"bumpedFont15\">La<\/span><\/span><span class=\"s14\"><span class=\"bumpedFont15\">\u00a0Comisi\u00f3n Primera de Senado aprob\u00f3 el \u00a0<\/span><\/span><span class=\"s15\"><span class=\"bumpedFont15\">Proyecto de Ley No. 273 de 2024 Senado &#8211; 157 de 2023 C\u00e1mara<\/span><\/span><span class=\"s14\"><span class=\"bumpedFont15\">. \u201cPor medio de la cual se promueve una cultura de apertura de la informaci\u00f3n, transparencia y di\u00e1logo entre el congreso de la rep\u00fablica y la ciudadan\u00eda, se establecen mecanismos para informar, explicar y dar a conocer la gesti\u00f3n de los congresistas, y se dictan otras disposiciones\u201d, del cual fue ponente el senador\u00a0<\/span><\/span><span class=\"s16\"><span class=\"bumpedFont15\">Germ\u00e1n Blanco<\/span><\/span><span class=\"s14\"><span class=\"bumpedFont15\">, del\u00a0<\/span><\/span><span class=\"s16\"><span class=\"bumpedFont15\">Pa<\/span><\/span><span class=\"s16\"><span class=\"bumpedFont15\">rtido Conservador<\/span><\/span><span class=\"s14\"><span class=\"bumpedFont15\">.<\/span><\/span><\/p>\n<p class=\"s17\"><span class=\"s14\"><span class=\"bumpedFont15\">\u201d<\/span><\/span><span class=\"s14\"><span class=\"bumpedFont15\">Esta ley p<\/span><\/span><span class=\"s14\"><span class=\"bumpedFont15\">romueve una cultura de apertura de la Informaci\u00f3n de la transparencia entre el Congreso y la ciudadan\u00eda, como algunos la denominan, rendici\u00f3n de cuentas\u201d<\/span><\/span><span class=\"s14\"><span class=\"bumpedFont15\">, se\u00f1al\u00f3\u00a0<\/span><\/span><span class=\"s14\"><span class=\"bumpedFont15\">el congresista.\u00a0<\/span><\/span><\/p>\n<p class=\"s17\"><span class=\"s14\"><span class=\"bumpedFont15\">La\u00a0<\/span><\/span><span class=\"s14\"><span class=\"bumpedFont15\">representante a la C\u00e1mara,\u00a0<\/span><\/span><span class=\"s16\"><span class=\"bumpedFont15\">Catherine Juvinao<\/span><\/span><span class=\"s14\"><span class=\"bumpedFont15\">,\u00a0<\/span><\/span><span class=\"s14\"><span class=\"bumpedFont15\">del\u00a0<\/span><\/span><span class=\"s16\"><span class=\"bumpedFont15\">Partido Alianza Verde,\u00a0<\/span><\/span><span class=\"s14\"><span class=\"bumpedFont15\">quien adem\u00e1s \u00a0es coautora de la iniciativa,\u00a0<\/span><\/span><span class=\"s14\"><span class=\"bumpedFont15\">se hizo presente en la sesi\u00f3n<\/span><\/span><span class=\"s14\"><span class=\"bumpedFont15\">y record\u00f3 que en el pasado ya se hab\u00eda intentado promover una ley que obliga<\/span><\/span><span class=\"s14\"><span class=\"bumpedFont15\">ba a los congresistas a rendir cuentas, pero que infortunadamente no pas\u00f3 el control de constitucionalidad.<\/span><\/span><\/p>\n<p class=\"s17\"><span class=\"s14\"><span class=\"bumpedFont15\">\u201c<\/span><\/span><span class=\"s14\"><span class=\"bumpedFont15\">La rendici\u00f3n de cuentas que hab\u00eda sido aprobada en el\u00a0<\/span><\/span><span class=\"s14\"><span class=\"bumpedFont15\">G<\/span><\/span><span class=\"s14\"><span class=\"bumpedFont15\">obierno pasado lo tumb\u00f3 la Corte Constitucional <\/span><\/span><span class=\"s14\"><span class=\"bumpedFont15\">porque tuvo vicios de tr\u00e1mite en materia de publicidad. Por esa raz\u00f3n el compromiso fue volver a radicar esta ley<\/span><\/span><span class=\"s14\"><span class=\"bumpedFont15\">\u00a0(\u2026) el\u00a0<\/span><\/span><span class=\"s14\"><span class=\"bumpedFont15\">Congreso no tiene una ley de rendici\u00f3n de cuentas en firme. Nos dar\u00eda a todos una herramienta de utilizar la rendici\u00f3n de cuentas para estrechar el v\u00ednculo de representaci\u00f3n y el v\u00ednculo electoral\u201d<\/span><\/span><span class=\"s14\"><span class=\"bumpedFont15\">, se\u00f1al\u00f3 la congresista.<\/span><\/span><\/p>\n<p class=\"s18\"><span class=\"s14\"><span class=\"bumpedFont15\">Los integrantes de la Comisi\u00f3n, manifestaron su apoyo al proyecto <\/span><\/span><span class=\"s14\"><span class=\"bumpedFont15\">consider\u00e1ndolo como<\/span><\/span><span class=\"s14\"><span class=\"bumpedFont15\">\u00a0un mecanismo de transparencia complementario a<\/span><\/span><span class=\"s14\"><span class=\"bumpedFont15\">l<\/span><\/span><span class=\"s14\"><span class=\"bumpedFont15\"> ejercicio p\u00fablico diario\u00a0<\/span><\/span><span class=\"s14\"><span class=\"bumpedFont15\">de los congresistas<\/span><\/span><span class=\"s14\"><span class=\"bumpedFont15\">, mediante el uso de\u00a0<\/span><\/span><span class=\"s14\"><span class=\"bumpedFont15\">sus<\/span><\/span><span class=\"s14\"><span class=\"bumpedFont15\">\u00a0redes sociale<\/span><\/span><span class=\"s14\"><span class=\"bumpedFont15\">s.<\/span><\/span><span class=\"s14\"><span class=\"bumpedFont15\">\u00a0Sin embargo se aclar\u00f3 que es<\/span><\/span><span class=\"s14\"><span class=\"bumpedFont15\">\u00a0importan<\/span><\/span><span class=\"s14\"><span class=\"bumpedFont15\">te<\/span><\/span><span class=\"s14\"><span class=\"bumpedFont15\">\u00a0tener claridad respecto a la forma de la rendici\u00f3n de cuentas<\/span><\/span><span class=\"s14\"><span class=\"bumpedFont15\">.\u00a0<\/span><\/span><\/p>\n<p class=\"s18\"><span class=\"s14\"><span class=\"bumpedFont15\">\u201cYo creo que la rendici\u00f3n de cuentas deber\u00eda estar mucho m\u00e1s enfocada en el ejercicio de la coherencia ideol\u00f3gica del congresista en el que muestre toda su gesti\u00f3n respecto a las diferentes iniciativas legislativas\u201d<\/span><\/span><span class=\"s14\"><span class=\"bumpedFont15\">, se\u00f1al\u00f3 la<\/span><\/span><span class=\"s14\"><span class=\"bumpedFont15\">\u00a0senadora\u00a0<\/span><\/span><span class=\"s16\"><span class=\"bumpedFont15\">Paloma Valencia <\/span><\/span><span class=\"s14\"><span class=\"bumpedFont15\">del\u00a0<\/span><\/span><span class=\"s16\"><span class=\"bumpedFont15\">Partido Centro Democr\u00e1tico.\u00a0<\/span><\/span><\/p>\n<p class=\"s18\"><span class=\"s14\"><span class=\"bumpedFont15\">Igualmente solicit\u00f3\u00a0<\/span><\/span><span class=\"s14\"><span class=\"bumpedFont15\">que los informes no sean extensos sino que por el contrario sean unos\u00a0<\/span><\/span><span class=\"s14\"><span class=\"bumpedFont15\">\u201cres\u00famenes\u00a0<\/span><\/span><span class=\"s14\"><span class=\"bumpedFont15\">ejecutivos<\/span><\/span><span class=\"s14\"><span class=\"bumpedFont15\">\u201d<\/span><\/span><span class=\"s14\"><span class=\"bumpedFont15\">,\u00a0<\/span><\/span><span class=\"s14\"><span class=\"bumpedFont15\">para que<\/span><\/span><span class=\"s14\"><span class=\"bumpedFont15\">\u00a0realmente le sirvan al ciudadano<\/span><\/span><span class=\"s14\"><span class=\"bumpedFont15\">\u00a0y<\/span><\/span><span class=\"s14\"><span class=\"bumpedFont15\">\u00a0los pueda entender f\u00e1cilmente<\/span><\/span><span class=\"s14\"><span class=\"bumpedFont15\">. Dicha petici\u00f3n\u00a0<\/span><\/span><span class=\"s14\"><span class=\"bumpedFont15\">fue apoyada por<\/span><\/span><span class=\"s14\"><span class=\"bumpedFont15\">\u00a0otros miembros de la c\u00e9lula legislativa.<\/span><\/span><\/p>\n<p class=\"s18\"><span class=\"s14\"><span class=\"bumpedFont15\">Tras aprobarse la iniciativa, la representante a la C\u00e1mara,\u00a0<\/span><\/span><span class=\"s16\"><span class=\"bumpedFont15\">Catherine Juvinao<\/span><\/span><span class=\"s14\"><span class=\"bumpedFont15\">\u00a0agradeci\u00f3 por la promoci\u00f3n del proyecto<\/span><\/span><span class=\"s14\"><span class=\"bumpedFont15\">.<\/span><\/span><\/p>\n<p class=\"s18\"><span class=\"s14\"><span class=\"bumpedFont15\">\u201cLa\u00a0<\/span><\/span><span class=\"s14\"><span class=\"bumpedFont15\">rendici\u00f3n de cuentas buscar\u00e1 que sea amigable para el ciudadano que lo vea y lo entienda f\u00e1cilmente y que tambi\u00e9n se facilite la vida para los equipos de trabajo<\/span><\/span><span class=\"s14\"><span class=\"bumpedFont15\">,<\/span><\/span><span class=\"s14\"><span class=\"bumpedFont15\">\u00a0para que puedan entregar ese informe de rendici\u00f3n de cuentas y que se le facilite tambi\u00e9n a la corporaci\u00f3n hacer este ejercicio que va de cara a la ciudadan\u00eda\u201d<\/span><\/span><span class=\"s14\"><span class=\"bumpedFont15\">, puntualiz\u00f3 la congresista.<\/span><\/span><\/p>\n","protected":false},"excerpt":{"rendered":"<p>La\u00a0Comisi\u00f3n Primera de Senado aprob\u00f3 el \u00a0Proyecto de Ley No. 273 de 2024 Senado &#8211; 157 de 2023 C\u00e1mara. \u201cPor medio de la cual se promueve una cultura de apertura de la informaci\u00f3n, transparencia y di\u00e1logo entre el congreso de la rep\u00fablica y la ciudadan\u00eda, se establecen mecanismos para informar, explicar y dar a conocer [&hellip;]<\/p>\n","protected":false},"author":2,"featured_media":73360,"comment_status":"closed","ping_status":"open","sticky":false,"template":"","format":"standard","meta":{"footnotes":""},"categories":[28],"tags":[],"class_list":["post-73359","post","type-post","status-publish","format-standard","has-post-thumbnail","hentry","category-actualidad"],"yoast_head":"<!-- This site is optimized with the Yoast SEO plugin v26.6 - https:\/\/yoast.com\/wordpress\/plugins\/seo\/ -->\n<title>En marcha proyecto para que congresistas desarrollen rendici\u00f3n de cuentas -<\/title>\n<meta name=\"robots\" content=\"index, follow, max-snippet:-1, max-image-preview:large, max-video-preview:-1\" \/>\n<link rel=\"canonical\" href=\"https:\/\/luchonoticias.com\/editor\/en-marcha-proyecto-para-que-congresistas-desarrollen-rendicion-de-cuentas\/\" \/>\n<meta property=\"og:locale\" content=\"es_ES\" \/>\n<meta property=\"og:type\" content=\"article\" \/>\n<meta property=\"og:title\" content=\"En marcha proyecto para que congresistas desarrollen rendici\u00f3n de cuentas -\" \/>\n<meta property=\"og:url\" content=\"https:\/\/luchonoticias.com\/editor\/en-marcha-proyecto-para-que-congresistas-desarrollen-rendicion-de-cuentas\/\" \/>\n<meta property=\"article:publisher\" content=\"https:\/\/www.facebook.com\/luchonoticiasneiva\" \/>\n<meta property=\"article:published_time\" content=\"2024-05-23T11:46:41+00:00\" \/>\n<meta property=\"og:image\" content=\"https:\/\/luchonoticias.com\/editor\/wp-content\/uploads\/2024\/05\/senado-6.jpg\" \/>\n\t<meta property=\"og:image:width\" content=\"700\" \/>\n\t<meta property=\"og:image:height\" content=\"400\" \/>\n\t<meta property=\"og:image:type\" content=\"image\/jpeg\" \/>\n<meta name=\"author\" content=\"Editor General\" \/>\n<meta name=\"twitter:card\" content=\"summary_large_image\" \/>\n<meta name=\"twitter:label1\" content=\"Escrito por\" \/>\n\t<meta name=\"twitter:data1\" content=\"Editor General\" \/>\n\t<meta name=\"twitter:label2\" content=\"Tiempo de lectura\" \/>\n\t<meta name=\"twitter:data2\" content=\"2 minutos\" \/>\n<script type=\"application\/ld+json\" class=\"yoast-schema-graph\">{\"@context\":\"https:\/\/schema.org\",\"@graph\":[{\"@type\":\"Article\",\"@id\":\"https:\/\/luchonoticias.com\/editor\/en-marcha-proyecto-para-que-congresistas-desarrollen-rendicion-de-cuentas\/#article\",\"isPartOf\":{\"@id\":\"https:\/\/luchonoticias.com\/editor\/en-marcha-proyecto-para-que-congresistas-desarrollen-rendicion-de-cuentas\/\"},\"author\":{\"name\":\"Editor General\",\"@id\":\"https:\/\/luchonoticias.com\/editor\/#\/schema\/person\/29217990ddf6f14e35912b2866d591fb\"},\"headline\":\"En marcha proyecto para que congresistas desarrollen rendici\u00f3n de cuentas\",\"datePublished\":\"2024-05-23T11:46:41+00:00\",\"mainEntityOfPage\":{\"@id\":\"https:\/\/luchonoticias.com\/editor\/en-marcha-proyecto-para-que-congresistas-desarrollen-rendicion-de-cuentas\/\"},\"wordCount\":510,\"publisher\":{\"@id\":\"https:\/\/luchonoticias.com\/editor\/#\/schema\/person\/7a7fd911f58561fd056dbac7b55af9cd\"},\"image\":{\"@id\":\"https:\/\/luchonoticias.com\/editor\/en-marcha-proyecto-para-que-congresistas-desarrollen-rendicion-de-cuentas\/#primaryimage\"},\"thumbnailUrl\":\"https:\/\/luchonoticias.com\/editor\/wp-content\/uploads\/2024\/05\/senado-6.jpg\",\"articleSection\":[\"Actualidad\"],\"inLanguage\":\"es\"},{\"@type\":\"WebPage\",\"@id\":\"https:\/\/luchonoticias.com\/editor\/en-marcha-proyecto-para-que-congresistas-desarrollen-rendicion-de-cuentas\/\",\"url\":\"https:\/\/luchonoticias.com\/editor\/en-marcha-proyecto-para-que-congresistas-desarrollen-rendicion-de-cuentas\/\",\"name\":\"En marcha proyecto para que congresistas desarrollen rendici\u00f3n de cuentas -\",\"isPartOf\":{\"@id\":\"https:\/\/luchonoticias.com\/editor\/#website\"},\"primaryImageOfPage\":{\"@id\":\"https:\/\/luchonoticias.com\/editor\/en-marcha-proyecto-para-que-congresistas-desarrollen-rendicion-de-cuentas\/#primaryimage\"},\"image\":{\"@id\":\"https:\/\/luchonoticias.com\/editor\/en-marcha-proyecto-para-que-congresistas-desarrollen-rendicion-de-cuentas\/#primaryimage\"},\"thumbnailUrl\":\"https:\/\/luchonoticias.com\/editor\/wp-content\/uploads\/2024\/05\/senado-6.jpg\",\"datePublished\":\"2024-05-23T11:46:41+00:00\",\"breadcrumb\":{\"@id\":\"https:\/\/luchonoticias.com\/editor\/en-marcha-proyecto-para-que-congresistas-desarrollen-rendicion-de-cuentas\/#breadcrumb\"},\"inLanguage\":\"es\",\"potentialAction\":[{\"@type\":\"ReadAction\",\"target\":[\"https:\/\/luchonoticias.com\/editor\/en-marcha-proyecto-para-que-congresistas-desarrollen-rendicion-de-cuentas\/\"]}]},{\"@type\":\"ImageObject\",\"inLanguage\":\"es\",\"@id\":\"https:\/\/luchonoticias.com\/editor\/en-marcha-proyecto-para-que-congresistas-desarrollen-rendicion-de-cuentas\/#primaryimage\",\"url\":\"https:\/\/luchonoticias.com\/editor\/wp-content\/uploads\/2024\/05\/senado-6.jpg\",\"contentUrl\":\"https:\/\/luchonoticias.com\/editor\/wp-content\/uploads\/2024\/05\/senado-6.jpg\",\"width\":700,\"height\":400},{\"@type\":\"BreadcrumbList\",\"@id\":\"https:\/\/luchonoticias.com\/editor\/en-marcha-proyecto-para-que-congresistas-desarrollen-rendicion-de-cuentas\/#breadcrumb\",\"itemListElement\":[{\"@type\":\"ListItem\",\"position\":1,\"name\":\"Portada\",\"item\":\"https:\/\/luchonoticias.com\/editor\/\"},{\"@type\":\"ListItem\",\"position\":2,\"name\":\"En marcha proyecto para que congresistas desarrollen rendici\u00f3n de cuentas\"}]},{\"@type\":\"WebSite\",\"@id\":\"https:\/\/luchonoticias.com\/editor\/#website\",\"url\":\"https:\/\/luchonoticias.com\/editor\/\",\"name\":\"\",\"description\":\"\",\"publisher\":{\"@id\":\"https:\/\/luchonoticias.com\/editor\/#\/schema\/person\/7a7fd911f58561fd056dbac7b55af9cd\"},\"potentialAction\":[{\"@type\":\"SearchAction\",\"target\":{\"@type\":\"EntryPoint\",\"urlTemplate\":\"https:\/\/luchonoticias.com\/editor\/?s={search_term_string}\"},\"query-input\":{\"@type\":\"PropertyValueSpecification\",\"valueRequired\":true,\"valueName\":\"search_term_string\"}}],\"inLanguage\":\"es\"},{\"@type\":[\"Person\",\"Organization\"],\"@id\":\"https:\/\/luchonoticias.com\/editor\/#\/schema\/person\/7a7fd911f58561fd056dbac7b55af9cd\",\"name\":\"admin\",\"image\":{\"@type\":\"ImageObject\",\"inLanguage\":\"es\",\"@id\":\"https:\/\/luchonoticias.com\/editor\/#\/schema\/person\/image\/\",\"url\":\"https:\/\/luchonoticias.com\/editor\/wp-content\/uploads\/2024\/02\/cropped-cropped-logolu.webp\",\"contentUrl\":\"https:\/\/luchonoticias.com\/editor\/wp-content\/uploads\/2024\/02\/cropped-cropped-logolu.webp\",\"width\":382,\"height\":170,\"caption\":\"admin\"},\"logo\":{\"@id\":\"https:\/\/luchonoticias.com\/editor\/#\/schema\/person\/image\/\"},\"sameAs\":[\"https:\/\/www.facebook.com\/luchonoticiasneiva\"]},{\"@type\":\"Person\",\"@id\":\"https:\/\/luchonoticias.com\/editor\/#\/schema\/person\/29217990ddf6f14e35912b2866d591fb\",\"name\":\"Editor General\",\"image\":{\"@type\":\"ImageObject\",\"inLanguage\":\"es\",\"@id\":\"https:\/\/luchonoticias.com\/editor\/#\/schema\/person\/image\/\",\"url\":\"https:\/\/luchonoticias.com\/editor\/wp-content\/uploads\/2024\/02\/cropped-cropped-logolu-150x150.webp\",\"contentUrl\":\"https:\/\/luchonoticias.com\/editor\/wp-content\/uploads\/2024\/02\/cropped-cropped-logolu-150x150.webp\",\"caption\":\"Editor General\"},\"sameAs\":[\"https:\/\/luchonoticias.com\/\"],\"url\":\"https:\/\/luchonoticias.com\/editor\/author\/editor-general\/\"}]}<\/script>\n<!-- \/ Yoast SEO plugin. -->","yoast_head_json":{"title":"En marcha proyecto para que congresistas desarrollen rendici\u00f3n de cuentas -","robots":{"index":"index","follow":"follow","max-snippet":"max-snippet:-1","max-image-preview":"max-image-preview:large","max-video-preview":"max-video-preview:-1"},"canonical":"https:\/\/luchonoticias.com\/editor\/en-marcha-proyecto-para-que-congresistas-desarrollen-rendicion-de-cuentas\/","og_locale":"es_ES","og_type":"article","og_title":"En marcha proyecto para que congresistas desarrollen rendici\u00f3n de cuentas -","og_url":"https:\/\/luchonoticias.com\/editor\/en-marcha-proyecto-para-que-congresistas-desarrollen-rendicion-de-cuentas\/","article_publisher":"https:\/\/www.facebook.com\/luchonoticiasneiva","article_published_time":"2024-05-23T11:46:41+00:00","og_image":[{"width":700,"height":400,"url":"https:\/\/luchonoticias.com\/editor\/wp-content\/uploads\/2024\/05\/senado-6.jpg","type":"image\/jpeg"}],"author":"Editor General","twitter_card":"summary_large_image","twitter_misc":{"Escrito por":"Editor General","Tiempo de lectura":"2 minutos"},"schema":{"@context":"https:\/\/schema.org","@graph":[{"@type":"Article","@id":"https:\/\/luchonoticias.com\/editor\/en-marcha-proyecto-para-que-congresistas-desarrollen-rendicion-de-cuentas\/#article","isPartOf":{"@id":"https:\/\/luchonoticias.com\/editor\/en-marcha-proyecto-para-que-congresistas-desarrollen-rendicion-de-cuentas\/"},"author":{"name":"Editor General","@id":"https:\/\/luchonoticias.com\/editor\/#\/schema\/person\/29217990ddf6f14e35912b2866d591fb"},"headline":"En marcha proyecto para que congresistas desarrollen rendici\u00f3n de cuentas","datePublished":"2024-05-23T11:46:41+00:00","mainEntityOfPage":{"@id":"https:\/\/luchonoticias.com\/editor\/en-marcha-proyecto-para-que-congresistas-desarrollen-rendicion-de-cuentas\/"},"wordCount":510,"publisher":{"@id":"https:\/\/luchonoticias.com\/editor\/#\/schema\/person\/7a7fd911f58561fd056dbac7b55af9cd"},"image":{"@id":"https:\/\/luchonoticias.com\/editor\/en-marcha-proyecto-para-que-congresistas-desarrollen-rendicion-de-cuentas\/#primaryimage"},"thumbnailUrl":"https:\/\/luchonoticias.com\/editor\/wp-content\/uploads\/2024\/05\/senado-6.jpg","articleSection":["Actualidad"],"inLanguage":"es"},{"@type":"WebPage","@id":"https:\/\/luchonoticias.com\/editor\/en-marcha-proyecto-para-que-congresistas-desarrollen-rendicion-de-cuentas\/","url":"https:\/\/luchonoticias.com\/editor\/en-marcha-proyecto-para-que-congresistas-desarrollen-rendicion-de-cuentas\/","name":"En marcha proyecto para que congresistas desarrollen rendici\u00f3n de cuentas -","isPartOf":{"@id":"https:\/\/luchonoticias.com\/editor\/#website"},"primaryImageOfPage":{"@id":"https:\/\/luchonoticias.com\/editor\/en-marcha-proyecto-para-que-congresistas-desarrollen-rendicion-de-cuentas\/#primaryimage"},"image":{"@id":"https:\/\/luchonoticias.com\/editor\/en-marcha-proyecto-para-que-congresistas-desarrollen-rendicion-de-cuentas\/#primaryimage"},"thumbnailUrl":"https:\/\/luchonoticias.com\/editor\/wp-content\/uploads\/2024\/05\/senado-6.jpg","datePublished":"2024-05-23T11:46:41+00:00","breadcrumb":{"@id":"https:\/\/luchonoticias.com\/editor\/en-marcha-proyecto-para-que-congresistas-desarrollen-rendicion-de-cuentas\/#breadcrumb"},"inLanguage":"es","potentialAction":[{"@type":"ReadAction","target":["https:\/\/luchonoticias.com\/editor\/en-marcha-proyecto-para-que-congresistas-desarrollen-rendicion-de-cuentas\/"]}]},{"@type":"ImageObject","inLanguage":"es","@id":"https:\/\/luchonoticias.com\/editor\/en-marcha-proyecto-para-que-congresistas-desarrollen-rendicion-de-cuentas\/#primaryimage","url":"https:\/\/luchonoticias.com\/editor\/wp-content\/uploads\/2024\/05\/senado-6.jpg","contentUrl":"https:\/\/luchonoticias.com\/editor\/wp-content\/uploads\/2024\/05\/senado-6.jpg","width":700,"height":400},{"@type":"BreadcrumbList","@id":"https:\/\/luchonoticias.com\/editor\/en-marcha-proyecto-para-que-congresistas-desarrollen-rendicion-de-cuentas\/#breadcrumb","itemListElement":[{"@type":"ListItem","position":1,"name":"Portada","item":"https:\/\/luchonoticias.com\/editor\/"},{"@type":"ListItem","position":2,"name":"En marcha proyecto para que congresistas desarrollen rendici\u00f3n de cuentas"}]},{"@type":"WebSite","@id":"https:\/\/luchonoticias.com\/editor\/#website","url":"https:\/\/luchonoticias.com\/editor\/","name":"","description":"","publisher":{"@id":"https:\/\/luchonoticias.com\/editor\/#\/schema\/person\/7a7fd911f58561fd056dbac7b55af9cd"},"potentialAction":[{"@type":"SearchAction","target":{"@type":"EntryPoint","urlTemplate":"https:\/\/luchonoticias.com\/editor\/?s={search_term_string}"},"query-input":{"@type":"PropertyValueSpecification","valueRequired":true,"valueName":"search_term_string"}}],"inLanguage":"es"},{"@type":["Person","Organization"],"@id":"https:\/\/luchonoticias.com\/editor\/#\/schema\/person\/7a7fd911f58561fd056dbac7b55af9cd","name":"admin","image":{"@type":"ImageObject","inLanguage":"es","@id":"https:\/\/luchonoticias.com\/editor\/#\/schema\/person\/image\/","url":"https:\/\/luchonoticias.com\/editor\/wp-content\/uploads\/2024\/02\/cropped-cropped-logolu.webp","contentUrl":"https:\/\/luchonoticias.com\/editor\/wp-content\/uploads\/2024\/02\/cropped-cropped-logolu.webp","width":382,"height":170,"caption":"admin"},"logo":{"@id":"https:\/\/luchonoticias.com\/editor\/#\/schema\/person\/image\/"},"sameAs":["https:\/\/www.facebook.com\/luchonoticiasneiva"]},{"@type":"Person","@id":"https:\/\/luchonoticias.com\/editor\/#\/schema\/person\/29217990ddf6f14e35912b2866d591fb","name":"Editor General","image":{"@type":"ImageObject","inLanguage":"es","@id":"https:\/\/luchonoticias.com\/editor\/#\/schema\/person\/image\/","url":"https:\/\/luchonoticias.com\/editor\/wp-content\/uploads\/2024\/02\/cropped-cropped-logolu-150x150.webp","contentUrl":"https:\/\/luchonoticias.com\/editor\/wp-content\/uploads\/2024\/02\/cropped-cropped-logolu-150x150.webp","caption":"Editor General"},"sameAs":["https:\/\/luchonoticias.com\/"],"url":"https:\/\/luchonoticias.com\/editor\/author\/editor-general\/"}]}},"_links":{"self":[{"href":"https:\/\/luchonoticias.com\/editor\/wp-json\/wp\/v2\/posts\/73359","targetHints":{"allow":["GET"]}}],"collection":[{"href":"https:\/\/luchonoticias.com\/editor\/wp-json\/wp\/v2\/posts"}],"about":[{"href":"https:\/\/luchonoticias.com\/editor\/wp-json\/wp\/v2\/types\/post"}],"author":[{"embeddable":true,"href":"https:\/\/luchonoticias.com\/editor\/wp-json\/wp\/v2\/users\/2"}],"replies":[{"embeddable":true,"href":"https:\/\/luchonoticias.com\/editor\/wp-json\/wp\/v2\/comments?post=73359"}],"version-history":[{"count":0,"href":"https:\/\/luchonoticias.com\/editor\/wp-json\/wp\/v2\/posts\/73359\/revisions"}],"wp:featuredmedia":[{"embeddable":true,"href":"https:\/\/luchonoticias.com\/editor\/wp-json\/wp\/v2\/media\/73360"}],"wp:attachment":[{"href":"https:\/\/luchonoticias.com\/editor\/wp-json\/wp\/v2\/media?parent=73359"}],"wp:term":[{"taxonomy":"category","embeddable":true,"href":"https:\/\/luchonoticias.com\/editor\/wp-json\/wp\/v2\/categories?post=73359"},{"taxonomy":"post_tag","embeddable":true,"href":"https:\/\/luchonoticias.com\/editor\/wp-json\/wp\/v2\/tags?post=73359"}],"curies":[{"name":"wp","href":"https:\/\/api.w.org\/{rel}","templated":true}]}}