{"id":73378,"date":"2024-05-23T16:07:05","date_gmt":"2024-05-23T21:07:05","guid":{"rendered":"https:\/\/luchonoticias.com\/?p=73378"},"modified":"2024-05-23T16:07:05","modified_gmt":"2024-05-23T21:07:05","slug":"minagricultura-de-nuevo-ausente-en-debate-del-senado","status":"publish","type":"post","link":"https:\/\/luchonoticias.com\/editor\/minagricultura-de-nuevo-ausente-en-debate-del-senado\/","title":{"rendered":"Minagricultura, de nuevo ausente en debate del Senado"},"content":{"rendered":"<p class=\"s3\"><span class=\"s10\"><span class=\"bumpedFont15\">\u00a0<\/span><\/span>Con una silla vac\u00eda instalada en el centro de la\u00a0Comisi\u00f3n\u00a0Quinta, el senador\u00a0citante\u00a0<span class=\"s2\">Andr\u00e9s Guerra<\/span>, del\u00a0<span class=\"s2\">Partido Centro Democr\u00e1tico<\/span>,\u00a0solicit\u00f3 dar\u00a0aplazamiento al debate de control pol\u00edtico programado para\u00a0el 22 de mayo a la\u00a0ministra de Agricultura<span class=\"s2\">\u00a0Jhenifer Mojica<\/span>, por inasistencia.<\/p>\n<p class=\"s3\">El debate,\u00a0al que\u00a0tambi\u00e9n fue citado el\u00a0ministro de Hacienda\u00a0<span class=\"s2\">Ricardo Bonilla<\/span>\u00a0y\u00a0quien tampoco se hizo presente, ten\u00eda como\u00a0objetivo\u00a0hacer\u00a0seguimiento al\u00a0Catastro\u00a0Multiprop\u00f3sito y su implementaci\u00f3n en Colombia,\u00a0adem\u00e1s de las\u00a0alertas\u00a0y quejas por\u00a0el exagerado aumento del impuesto en todos los estratos urbanos y rurales.<\/p>\n<p class=\"s3\">El senador citante,\u00a0<span class=\"s2\">Andr\u00e9s Guerra<\/span>\u00a0quien\u00a0expres\u00f3 inconformidad por las reiteradas\u00a0ocasiones\u00a0en que la\u00a0ministra de Agricultura no acude al llamado de esa c\u00e9lula legislativa, sino\u00a0lo hace mediante el env\u00edo de\u00a0delegados. Adem\u00e1s advirti\u00f3 que no\u00a0se entiende la selectividad de los ministros para asistir a debates en el Congreso.<\/p>\n<p class=\"s3\">\u201cC\u00f3mo\u00a0hemos perdido peso y fuerza en nuestro rol como \u00a0senadores\u201d expres\u00f3 el senador mientras colocaba una silla vac\u00eda en el centro del recinto\u00a0como acto simb\u00f3lico, manifestando as\u00ed su descontento.<\/p>\n<p class=\"s3\">Con la ministra de Agricultura tampoco se ha logrado concretar el debate sobre la dif\u00edcil situaci\u00f3n que atraviesa la producci\u00f3n de ma\u00edz y yuca en el pa\u00eds, pues fue convocada en abril los d\u00edas 3, 10, 16, y 30, mientras que para el debate de Catastro Multiprop\u00f3sito se solicito su presencia en abril 17 y se volvi\u00f3 a citar el 22 de mayo. En ninguna de las fechas asisti\u00f3.<\/p>\n<p class=\"s3\">En su intervenci\u00f3n el senador del\u00a0<span class=\"s2\">Partido Comunes, Pablo Catatumbo<\/span><span class=\"s2\">,<\/span>\u00a0no solo cuestion\u00f3 la inasistencia de la ministra, sino\u00a0lament\u00f3 que a la fecha el pa\u00eds no cuente con un inventario de tierras\u00a0y solo se tenga informaci\u00f3n del 10% de la actualizaci\u00f3n catastral.<a name=\"_Hlk167285233\"><\/a><\/p>\n<p class=\"s3\">\u201cA mi\u00a0me preocupa el futuro del\u00a0Gobierno Petro. Si\u00a0nosotros no le prestamos atenci\u00f3n,\u00a0que hacemos parte de la coalici\u00f3n de\u00a0Gobierno, esto nos va a pasar factura\u201d\u00a0sentencio\u00a0el senador\u00a0Catatumbo.<\/p>\n<p class=\"s3\">Por su parte\u00a0el\u00a0presidente\u00a0de la comisi\u00f3n, el\u00a0<span class=\"s2\">senador\u00a0<\/span><span class=\"s2\">Jaime Duran <\/span>del\u00a0<span class=\"s2\">Partido Liberal,\u00a0<\/span>manifest\u00f3 su respaldo al senador\u00a0<span class=\"s2\">Andr\u00e9s Guerra<\/span><span class=\"s2\">, <\/span>aplazando el debate y dejando claro que la inasistencia de la ministra de Agricultura, como la del director general del Departamento Nacional de Planeaci\u00f3n\u00a0<span class=\"s2\">Alexander L\u00f3pez<\/span>,\u00a0no solo constitu\u00eda una falta de respeto, sino que instaba a la mesa directiva a tomar medidas legales y\u00a0disciplinarias.<\/p>\n<p class=\"s3\">\u201cDe seguir\u00a0as\u00ed con el comportamiento de los funcionarios, en esta comisi\u00f3n miraremos que requerimientos de orden legal le haremos a quienes son citados con antelaci\u00f3n y no se presentan\u201d.<\/p>\n","protected":false},"excerpt":{"rendered":"<p>\u00a0Con una silla vac\u00eda instalada en el centro de la\u00a0Comisi\u00f3n\u00a0Quinta, el senador\u00a0citante\u00a0Andr\u00e9s Guerra, del\u00a0Partido Centro Democr\u00e1tico,\u00a0solicit\u00f3 dar\u00a0aplazamiento al debate de control pol\u00edtico programado para\u00a0el 22 de mayo a la\u00a0ministra de Agricultura\u00a0Jhenifer Mojica, por inasistencia. El debate,\u00a0al que\u00a0tambi\u00e9n fue citado el\u00a0ministro de Hacienda\u00a0Ricardo Bonilla\u00a0y\u00a0quien tampoco se hizo presente, ten\u00eda como\u00a0objetivo\u00a0hacer\u00a0seguimiento al\u00a0Catastro\u00a0Multiprop\u00f3sito y su implementaci\u00f3n en Colombia,\u00a0adem\u00e1s [&hellip;]<\/p>\n","protected":false},"author":2,"featured_media":73379,"comment_status":"closed","ping_status":"open","sticky":false,"template":"","format":"standard","meta":{"footnotes":""},"categories":[28],"tags":[],"class_list":["post-73378","post","type-post","status-publish","format-standard","has-post-thumbnail","hentry","category-actualidad"],"yoast_head":"<!-- This site is optimized with the Yoast SEO plugin v26.6 - https:\/\/yoast.com\/wordpress\/plugins\/seo\/ -->\n<title>Minagricultura, de nuevo ausente en debate del Senado -<\/title>\n<meta name=\"robots\" content=\"index, follow, max-snippet:-1, max-image-preview:large, max-video-preview:-1\" \/>\n<link rel=\"canonical\" href=\"https:\/\/luchonoticias.com\/editor\/minagricultura-de-nuevo-ausente-en-debate-del-senado\/\" \/>\n<meta property=\"og:locale\" content=\"es_ES\" \/>\n<meta property=\"og:type\" content=\"article\" \/>\n<meta property=\"og:title\" content=\"Minagricultura, de nuevo ausente en debate del Senado -\" \/>\n<meta property=\"og:url\" content=\"https:\/\/luchonoticias.com\/editor\/minagricultura-de-nuevo-ausente-en-debate-del-senado\/\" \/>\n<meta property=\"article:publisher\" content=\"https:\/\/www.facebook.com\/luchonoticiasneiva\" \/>\n<meta property=\"article:published_time\" content=\"2024-05-23T21:07:05+00:00\" \/>\n<meta property=\"og:image\" content=\"https:\/\/luchonoticias.com\/editor\/wp-content\/uploads\/2024\/05\/senado-agricultura.jpg\" \/>\n\t<meta property=\"og:image:width\" content=\"700\" \/>\n\t<meta property=\"og:image:height\" content=\"400\" \/>\n\t<meta property=\"og:image:type\" content=\"image\/jpeg\" \/>\n<meta name=\"author\" content=\"Editor General\" \/>\n<meta name=\"twitter:card\" content=\"summary_large_image\" \/>\n<meta name=\"twitter:label1\" content=\"Escrito por\" \/>\n\t<meta name=\"twitter:data1\" content=\"Editor General\" \/>\n\t<meta name=\"twitter:label2\" content=\"Tiempo de lectura\" \/>\n\t<meta name=\"twitter:data2\" content=\"2 minutos\" \/>\n<script type=\"application\/ld+json\" class=\"yoast-schema-graph\">{\"@context\":\"https:\/\/schema.org\",\"@graph\":[{\"@type\":\"Article\",\"@id\":\"https:\/\/luchonoticias.com\/editor\/minagricultura-de-nuevo-ausente-en-debate-del-senado\/#article\",\"isPartOf\":{\"@id\":\"https:\/\/luchonoticias.com\/editor\/minagricultura-de-nuevo-ausente-en-debate-del-senado\/\"},\"author\":{\"name\":\"Editor General\",\"@id\":\"https:\/\/luchonoticias.com\/editor\/#\/schema\/person\/29217990ddf6f14e35912b2866d591fb\"},\"headline\":\"Minagricultura, de nuevo ausente en debate del Senado\",\"datePublished\":\"2024-05-23T21:07:05+00:00\",\"mainEntityOfPage\":{\"@id\":\"https:\/\/luchonoticias.com\/editor\/minagricultura-de-nuevo-ausente-en-debate-del-senado\/\"},\"wordCount\":459,\"publisher\":{\"@id\":\"https:\/\/luchonoticias.com\/editor\/#\/schema\/person\/7a7fd911f58561fd056dbac7b55af9cd\"},\"image\":{\"@id\":\"https:\/\/luchonoticias.com\/editor\/minagricultura-de-nuevo-ausente-en-debate-del-senado\/#primaryimage\"},\"thumbnailUrl\":\"https:\/\/luchonoticias.com\/editor\/wp-content\/uploads\/2024\/05\/senado-agricultura.jpg\",\"articleSection\":[\"Actualidad\"],\"inLanguage\":\"es\"},{\"@type\":\"WebPage\",\"@id\":\"https:\/\/luchonoticias.com\/editor\/minagricultura-de-nuevo-ausente-en-debate-del-senado\/\",\"url\":\"https:\/\/luchonoticias.com\/editor\/minagricultura-de-nuevo-ausente-en-debate-del-senado\/\",\"name\":\"Minagricultura, de nuevo ausente en debate del Senado -\",\"isPartOf\":{\"@id\":\"https:\/\/luchonoticias.com\/editor\/#website\"},\"primaryImageOfPage\":{\"@id\":\"https:\/\/luchonoticias.com\/editor\/minagricultura-de-nuevo-ausente-en-debate-del-senado\/#primaryimage\"},\"image\":{\"@id\":\"https:\/\/luchonoticias.com\/editor\/minagricultura-de-nuevo-ausente-en-debate-del-senado\/#primaryimage\"},\"thumbnailUrl\":\"https:\/\/luchonoticias.com\/editor\/wp-content\/uploads\/2024\/05\/senado-agricultura.jpg\",\"datePublished\":\"2024-05-23T21:07:05+00:00\",\"breadcrumb\":{\"@id\":\"https:\/\/luchonoticias.com\/editor\/minagricultura-de-nuevo-ausente-en-debate-del-senado\/#breadcrumb\"},\"inLanguage\":\"es\",\"potentialAction\":[{\"@type\":\"ReadAction\",\"target\":[\"https:\/\/luchonoticias.com\/editor\/minagricultura-de-nuevo-ausente-en-debate-del-senado\/\"]}]},{\"@type\":\"ImageObject\",\"inLanguage\":\"es\",\"@id\":\"https:\/\/luchonoticias.com\/editor\/minagricultura-de-nuevo-ausente-en-debate-del-senado\/#primaryimage\",\"url\":\"https:\/\/luchonoticias.com\/editor\/wp-content\/uploads\/2024\/05\/senado-agricultura.jpg\",\"contentUrl\":\"https:\/\/luchonoticias.com\/editor\/wp-content\/uploads\/2024\/05\/senado-agricultura.jpg\",\"width\":700,\"height\":400},{\"@type\":\"BreadcrumbList\",\"@id\":\"https:\/\/luchonoticias.com\/editor\/minagricultura-de-nuevo-ausente-en-debate-del-senado\/#breadcrumb\",\"itemListElement\":[{\"@type\":\"ListItem\",\"position\":1,\"name\":\"Portada\",\"item\":\"https:\/\/luchonoticias.com\/editor\/\"},{\"@type\":\"ListItem\",\"position\":2,\"name\":\"Minagricultura, de nuevo ausente en debate del Senado\"}]},{\"@type\":\"WebSite\",\"@id\":\"https:\/\/luchonoticias.com\/editor\/#website\",\"url\":\"https:\/\/luchonoticias.com\/editor\/\",\"name\":\"\",\"description\":\"\",\"publisher\":{\"@id\":\"https:\/\/luchonoticias.com\/editor\/#\/schema\/person\/7a7fd911f58561fd056dbac7b55af9cd\"},\"potentialAction\":[{\"@type\":\"SearchAction\",\"target\":{\"@type\":\"EntryPoint\",\"urlTemplate\":\"https:\/\/luchonoticias.com\/editor\/?s={search_term_string}\"},\"query-input\":{\"@type\":\"PropertyValueSpecification\",\"valueRequired\":true,\"valueName\":\"search_term_string\"}}],\"inLanguage\":\"es\"},{\"@type\":[\"Person\",\"Organization\"],\"@id\":\"https:\/\/luchonoticias.com\/editor\/#\/schema\/person\/7a7fd911f58561fd056dbac7b55af9cd\",\"name\":\"admin\",\"image\":{\"@type\":\"ImageObject\",\"inLanguage\":\"es\",\"@id\":\"https:\/\/luchonoticias.com\/editor\/#\/schema\/person\/image\/\",\"url\":\"https:\/\/luchonoticias.com\/editor\/wp-content\/uploads\/2024\/02\/cropped-cropped-logolu.webp\",\"contentUrl\":\"https:\/\/luchonoticias.com\/editor\/wp-content\/uploads\/2024\/02\/cropped-cropped-logolu.webp\",\"width\":382,\"height\":170,\"caption\":\"admin\"},\"logo\":{\"@id\":\"https:\/\/luchonoticias.com\/editor\/#\/schema\/person\/image\/\"},\"sameAs\":[\"https:\/\/www.facebook.com\/luchonoticiasneiva\"]},{\"@type\":\"Person\",\"@id\":\"https:\/\/luchonoticias.com\/editor\/#\/schema\/person\/29217990ddf6f14e35912b2866d591fb\",\"name\":\"Editor General\",\"image\":{\"@type\":\"ImageObject\",\"inLanguage\":\"es\",\"@id\":\"https:\/\/luchonoticias.com\/editor\/#\/schema\/person\/image\/\",\"url\":\"https:\/\/luchonoticias.com\/editor\/wp-content\/uploads\/2024\/02\/cropped-cropped-logolu-150x150.webp\",\"contentUrl\":\"https:\/\/luchonoticias.com\/editor\/wp-content\/uploads\/2024\/02\/cropped-cropped-logolu-150x150.webp\",\"caption\":\"Editor General\"},\"sameAs\":[\"https:\/\/luchonoticias.com\/\"],\"url\":\"https:\/\/luchonoticias.com\/editor\/author\/editor-general\/\"}]}<\/script>\n<!-- \/ Yoast SEO plugin. -->","yoast_head_json":{"title":"Minagricultura, de nuevo ausente en debate del Senado -","robots":{"index":"index","follow":"follow","max-snippet":"max-snippet:-1","max-image-preview":"max-image-preview:large","max-video-preview":"max-video-preview:-1"},"canonical":"https:\/\/luchonoticias.com\/editor\/minagricultura-de-nuevo-ausente-en-debate-del-senado\/","og_locale":"es_ES","og_type":"article","og_title":"Minagricultura, de nuevo ausente en debate del Senado -","og_url":"https:\/\/luchonoticias.com\/editor\/minagricultura-de-nuevo-ausente-en-debate-del-senado\/","article_publisher":"https:\/\/www.facebook.com\/luchonoticiasneiva","article_published_time":"2024-05-23T21:07:05+00:00","og_image":[{"width":700,"height":400,"url":"https:\/\/luchonoticias.com\/editor\/wp-content\/uploads\/2024\/05\/senado-agricultura.jpg","type":"image\/jpeg"}],"author":"Editor General","twitter_card":"summary_large_image","twitter_misc":{"Escrito por":"Editor General","Tiempo de lectura":"2 minutos"},"schema":{"@context":"https:\/\/schema.org","@graph":[{"@type":"Article","@id":"https:\/\/luchonoticias.com\/editor\/minagricultura-de-nuevo-ausente-en-debate-del-senado\/#article","isPartOf":{"@id":"https:\/\/luchonoticias.com\/editor\/minagricultura-de-nuevo-ausente-en-debate-del-senado\/"},"author":{"name":"Editor General","@id":"https:\/\/luchonoticias.com\/editor\/#\/schema\/person\/29217990ddf6f14e35912b2866d591fb"},"headline":"Minagricultura, de nuevo ausente en debate del Senado","datePublished":"2024-05-23T21:07:05+00:00","mainEntityOfPage":{"@id":"https:\/\/luchonoticias.com\/editor\/minagricultura-de-nuevo-ausente-en-debate-del-senado\/"},"wordCount":459,"publisher":{"@id":"https:\/\/luchonoticias.com\/editor\/#\/schema\/person\/7a7fd911f58561fd056dbac7b55af9cd"},"image":{"@id":"https:\/\/luchonoticias.com\/editor\/minagricultura-de-nuevo-ausente-en-debate-del-senado\/#primaryimage"},"thumbnailUrl":"https:\/\/luchonoticias.com\/editor\/wp-content\/uploads\/2024\/05\/senado-agricultura.jpg","articleSection":["Actualidad"],"inLanguage":"es"},{"@type":"WebPage","@id":"https:\/\/luchonoticias.com\/editor\/minagricultura-de-nuevo-ausente-en-debate-del-senado\/","url":"https:\/\/luchonoticias.com\/editor\/minagricultura-de-nuevo-ausente-en-debate-del-senado\/","name":"Minagricultura, de nuevo ausente en debate del Senado -","isPartOf":{"@id":"https:\/\/luchonoticias.com\/editor\/#website"},"primaryImageOfPage":{"@id":"https:\/\/luchonoticias.com\/editor\/minagricultura-de-nuevo-ausente-en-debate-del-senado\/#primaryimage"},"image":{"@id":"https:\/\/luchonoticias.com\/editor\/minagricultura-de-nuevo-ausente-en-debate-del-senado\/#primaryimage"},"thumbnailUrl":"https:\/\/luchonoticias.com\/editor\/wp-content\/uploads\/2024\/05\/senado-agricultura.jpg","datePublished":"2024-05-23T21:07:05+00:00","breadcrumb":{"@id":"https:\/\/luchonoticias.com\/editor\/minagricultura-de-nuevo-ausente-en-debate-del-senado\/#breadcrumb"},"inLanguage":"es","potentialAction":[{"@type":"ReadAction","target":["https:\/\/luchonoticias.com\/editor\/minagricultura-de-nuevo-ausente-en-debate-del-senado\/"]}]},{"@type":"ImageObject","inLanguage":"es","@id":"https:\/\/luchonoticias.com\/editor\/minagricultura-de-nuevo-ausente-en-debate-del-senado\/#primaryimage","url":"https:\/\/luchonoticias.com\/editor\/wp-content\/uploads\/2024\/05\/senado-agricultura.jpg","contentUrl":"https:\/\/luchonoticias.com\/editor\/wp-content\/uploads\/2024\/05\/senado-agricultura.jpg","width":700,"height":400},{"@type":"BreadcrumbList","@id":"https:\/\/luchonoticias.com\/editor\/minagricultura-de-nuevo-ausente-en-debate-del-senado\/#breadcrumb","itemListElement":[{"@type":"ListItem","position":1,"name":"Portada","item":"https:\/\/luchonoticias.com\/editor\/"},{"@type":"ListItem","position":2,"name":"Minagricultura, de nuevo ausente en debate del Senado"}]},{"@type":"WebSite","@id":"https:\/\/luchonoticias.com\/editor\/#website","url":"https:\/\/luchonoticias.com\/editor\/","name":"","description":"","publisher":{"@id":"https:\/\/luchonoticias.com\/editor\/#\/schema\/person\/7a7fd911f58561fd056dbac7b55af9cd"},"potentialAction":[{"@type":"SearchAction","target":{"@type":"EntryPoint","urlTemplate":"https:\/\/luchonoticias.com\/editor\/?s={search_term_string}"},"query-input":{"@type":"PropertyValueSpecification","valueRequired":true,"valueName":"search_term_string"}}],"inLanguage":"es"},{"@type":["Person","Organization"],"@id":"https:\/\/luchonoticias.com\/editor\/#\/schema\/person\/7a7fd911f58561fd056dbac7b55af9cd","name":"admin","image":{"@type":"ImageObject","inLanguage":"es","@id":"https:\/\/luchonoticias.com\/editor\/#\/schema\/person\/image\/","url":"https:\/\/luchonoticias.com\/editor\/wp-content\/uploads\/2024\/02\/cropped-cropped-logolu.webp","contentUrl":"https:\/\/luchonoticias.com\/editor\/wp-content\/uploads\/2024\/02\/cropped-cropped-logolu.webp","width":382,"height":170,"caption":"admin"},"logo":{"@id":"https:\/\/luchonoticias.com\/editor\/#\/schema\/person\/image\/"},"sameAs":["https:\/\/www.facebook.com\/luchonoticiasneiva"]},{"@type":"Person","@id":"https:\/\/luchonoticias.com\/editor\/#\/schema\/person\/29217990ddf6f14e35912b2866d591fb","name":"Editor General","image":{"@type":"ImageObject","inLanguage":"es","@id":"https:\/\/luchonoticias.com\/editor\/#\/schema\/person\/image\/","url":"https:\/\/luchonoticias.com\/editor\/wp-content\/uploads\/2024\/02\/cropped-cropped-logolu-150x150.webp","contentUrl":"https:\/\/luchonoticias.com\/editor\/wp-content\/uploads\/2024\/02\/cropped-cropped-logolu-150x150.webp","caption":"Editor General"},"sameAs":["https:\/\/luchonoticias.com\/"],"url":"https:\/\/luchonoticias.com\/editor\/author\/editor-general\/"}]}},"_links":{"self":[{"href":"https:\/\/luchonoticias.com\/editor\/wp-json\/wp\/v2\/posts\/73378","targetHints":{"allow":["GET"]}}],"collection":[{"href":"https:\/\/luchonoticias.com\/editor\/wp-json\/wp\/v2\/posts"}],"about":[{"href":"https:\/\/luchonoticias.com\/editor\/wp-json\/wp\/v2\/types\/post"}],"author":[{"embeddable":true,"href":"https:\/\/luchonoticias.com\/editor\/wp-json\/wp\/v2\/users\/2"}],"replies":[{"embeddable":true,"href":"https:\/\/luchonoticias.com\/editor\/wp-json\/wp\/v2\/comments?post=73378"}],"version-history":[{"count":0,"href":"https:\/\/luchonoticias.com\/editor\/wp-json\/wp\/v2\/posts\/73378\/revisions"}],"wp:featuredmedia":[{"embeddable":true,"href":"https:\/\/luchonoticias.com\/editor\/wp-json\/wp\/v2\/media\/73379"}],"wp:attachment":[{"href":"https:\/\/luchonoticias.com\/editor\/wp-json\/wp\/v2\/media?parent=73378"}],"wp:term":[{"taxonomy":"category","embeddable":true,"href":"https:\/\/luchonoticias.com\/editor\/wp-json\/wp\/v2\/categories?post=73378"},{"taxonomy":"post_tag","embeddable":true,"href":"https:\/\/luchonoticias.com\/editor\/wp-json\/wp\/v2\/tags?post=73378"}],"curies":[{"name":"wp","href":"https:\/\/api.w.org\/{rel}","templated":true}]}}