{"id":73381,"date":"2024-05-23T18:22:31","date_gmt":"2024-05-23T23:22:31","guid":{"rendered":"https:\/\/luchonoticias.com\/?p=73381"},"modified":"2024-05-23T18:25:56","modified_gmt":"2024-05-23T23:25:56","slug":"premio-a-las-mejores-iniciativas-de-educacion-ambiental-del-norte-del-huila","status":"publish","type":"post","link":"https:\/\/luchonoticias.com\/editor\/premio-a-las-mejores-iniciativas-de-educacion-ambiental-del-norte-del-huila\/","title":{"rendered":"Premio a las mejores iniciativas de educaci\u00f3n ambiental del norte del Huila"},"content":{"rendered":"<p>Once fueron las iniciativas ambientales del norte del Huila que recibieron, por parte de la Corporaci\u00f3n Aut\u00f3noma Regional del Alto Magdalena CAM, los premios del concurso de los Proyectos Ciudadanos de Educaci\u00f3n Ambiental Proceda \u201cJos\u00e9 Joaqu\u00edn Sanabria Cabrera\u201d.<\/p>\n<p>Temas como manejo y transformaci\u00f3n de residuos, conservaci\u00f3n de fuentes h\u00eddricas, conservaci\u00f3n de la biodiversidad, radio comunitaria ambiental, conservaci\u00f3n de Frailejones, entre otros fueron los tratados por los ganadores de la convocatoria.<\/p>\n<p>\u201cPremiamos en el norte del departamento el concurso que busca fortalecer los procesos de educaci\u00f3n ambiental y participaci\u00f3n ciudadana al tiempo que trabaja las problem\u00e1ticas ambientales en cada territorio\u201d, indic\u00f3 Maribel Lozano Vargas, profesional de apoyo en Educaci\u00f3n Ambiental de la CAM, quien asegur\u00f3 de esta manera con apoyo de la comunidad y la entidad ambiental se generan estrategias comunicativas para la conservaci\u00f3n de los recursos naturales del departamento.<\/p>\n<p><img loading=\"lazy\" decoding=\"async\" class=\"alignnone wp-image-73385\" src=\"https:\/\/luchonoticias.com\/wp-content\/uploads\/2024\/05\/WhatsApp-Image-2024-05-23-at-17.59.27-1-300x217.jpeg\" alt=\"\" width=\"700\" height=\"506\" srcset=\"https:\/\/luchonoticias.com\/editor\/wp-content\/uploads\/2024\/05\/WhatsApp-Image-2024-05-23-at-17.59.27-1-300x217.jpeg 300w, https:\/\/luchonoticias.com\/editor\/wp-content\/uploads\/2024\/05\/WhatsApp-Image-2024-05-23-at-17.59.27-1-1024x740.jpeg 1024w, https:\/\/luchonoticias.com\/editor\/wp-content\/uploads\/2024\/05\/WhatsApp-Image-2024-05-23-at-17.59.27-1-768x555.jpeg 768w, https:\/\/luchonoticias.com\/editor\/wp-content\/uploads\/2024\/05\/WhatsApp-Image-2024-05-23-at-17.59.27-1-1536x1111.jpeg 1536w, https:\/\/luchonoticias.com\/editor\/wp-content\/uploads\/2024\/05\/WhatsApp-Image-2024-05-23-at-17.59.27-1.jpeg 1600w\" sizes=\"auto, (max-width: 700px) 100vw, 700px\" \/><\/p>\n<p><strong>Premiaci\u00f3n<\/strong><\/p>\n<p>En la premiaci\u00f3n se hizo la entrega de equipos tecnol\u00f3gicos como un computador port\u00e1til, un video beam, una c\u00e1mara fotogr\u00e1fica profesional, un GPS, un Kit de primeros auxilios y un kit de supervivencia, que permitir\u00e1n fortalecer estas iniciativas ambientales.<\/p>\n<p>En este sentido Juan Sebasti\u00e1n Arana Rivera director del Museo de Historia Natural Mar\u00eda Bel\u00e9n Rivera Gualy agradeci\u00f3 a la corporaci\u00f3n ambiental la ayuda con tecnolog\u00eda que la entidad ofreci\u00f3.<\/p>\n<p>\u201cQueremos dar las gracias a la CAM por la oportunidad de crear esos espacios para fortalecer nuestras organizaciones con equipos y herramientas que nos van a ser demasiado en nuestra labor\u201d, expres\u00f3 Arana Rivera.<\/p>\n<p><img loading=\"lazy\" decoding=\"async\" class=\"alignnone wp-image-73387\" src=\"https:\/\/luchonoticias.com\/wp-content\/uploads\/2024\/05\/WhatsApp-Image-2024-05-23-at-17.59.28-300x197.jpeg\" alt=\"\" width=\"700\" height=\"461\" srcset=\"https:\/\/luchonoticias.com\/editor\/wp-content\/uploads\/2024\/05\/WhatsApp-Image-2024-05-23-at-17.59.28-300x197.jpeg 300w, https:\/\/luchonoticias.com\/editor\/wp-content\/uploads\/2024\/05\/WhatsApp-Image-2024-05-23-at-17.59.28-1024x674.jpeg 1024w, https:\/\/luchonoticias.com\/editor\/wp-content\/uploads\/2024\/05\/WhatsApp-Image-2024-05-23-at-17.59.28-768x505.jpeg 768w, https:\/\/luchonoticias.com\/editor\/wp-content\/uploads\/2024\/05\/WhatsApp-Image-2024-05-23-at-17.59.28-1536x1011.jpeg 1536w, https:\/\/luchonoticias.com\/editor\/wp-content\/uploads\/2024\/05\/WhatsApp-Image-2024-05-23-at-17.59.28-331x219.jpeg 331w, https:\/\/luchonoticias.com\/editor\/wp-content\/uploads\/2024\/05\/WhatsApp-Image-2024-05-23-at-17.59.28.jpeg 1600w\" sizes=\"auto, (max-width: 700px) 100vw, 700px\" \/><\/p>\n<p><strong>Los ganadores<\/strong><\/p>\n<p>En esta oportunidad fueron 50 los grupos ambientales que se inscribieron en el norte del Huila, eligi\u00e9ndose once ganadores.<\/p>\n<p>Los elegidos fueron: \u201cTransformaci\u00f3n de residuos s\u00f3lidos en escobas ecol\u00f3gicas de la Corporaci\u00f3n Recicambio Fortalecillas Sostenible\u201d del corregimiento de Fortalecillas del municipio de Neiva, \u201cIdentificaci\u00f3n Biof\u00edsica de Afloramientos de Agua para la Conservaci\u00f3n de la Cuenca Hidrogr\u00e1fica del R\u00edo del Oro en la ciudad de Neiva\u201d de la Corporaci\u00f3n Ambiental Social y Cient\u00edfica NunaHuil del municipio de Neiva, \u201cCuribano de coraz\u00f3n\u201d de la Fundaci\u00f3n Huellas Verdes del Huila del municipio de Neiva, \u201cGuardianes del ma\u00f1ana: estrategia de educaci\u00f3n ambiental para la preservaci\u00f3n del medio ambiente y el embellecimiento de las zonas verdes del barrio Divino Ni\u00f1o del Centro Poblado El Juncal\u201d de la Junta de Acci\u00f3n Comunal Urbanizaci\u00f3n El Divino Ni\u00f1o centro poblado el Juncal del municipio de Palermo, \u201cSensibilizaci\u00f3n para la conservaci\u00f3n de serpientes con un enfoque participativo en las veredas San Francisco, Bachecito, San Joaqu\u00edn y San Miguel\u201d de la Asociaci\u00f3n de Campesinos de las reservas naturales de la sociedad civil de Santa Mar\u00eda \u2013 ACRENASH y \u201cBiodiversidad, tradici\u00f3n y cultura del Ca\u00f1\u00f3n del Ambic\u00e1\u201d del Grupo de monitoreo Guardianes del Ambic\u00e1 del municipio de Colombia.<\/p>\n<p>Igualmente fueron premiados los proyectos \u00abRenovando el Coraz\u00f3n del P\u00e1ramo: Restauraci\u00f3n Ecol\u00f3gica en Las Oseras\u00bb de la Junta de Acci\u00f3n Comunal de la vereda San Rafael del municipio de Colombia, \u201cAlas Verdes para la Conservaci\u00f3n &#8211; Fase II\u201d de la Asociaci\u00f3n Vig\u00edas del Patrimonio Montes Altos de \u00cdquira, \u201cReducci\u00f3n de la Mortalidad de la Fauna por Atropellamiento en la Ruta 45 del municipio de Rivera del Museo de Historia Natural Mar\u00eda Bel\u00e9n Rivera Gualy\u201d del municipio de Rivera, \u201cConozcamos y conservemos la fauna silvestre de las \u00e1reas protegidas del municipio de Algeciras\u201d del Grupo de monitoreo comunitario Algeciras h\u00e1bitat sostenible del municipio de Algeciras y \u201cNasagro, conservando y produciendo\u201d del Resguardo Nasa P\u00e1ez Huila del municipio de \u00cdquira.<\/p>\n","protected":false},"excerpt":{"rendered":"<p>Once fueron las iniciativas ambientales del norte del Huila que recibieron, por parte de la Corporaci\u00f3n Aut\u00f3noma Regional del Alto Magdalena CAM, los premios del concurso de los Proyectos Ciudadanos de Educaci\u00f3n Ambiental Proceda \u201cJos\u00e9 Joaqu\u00edn Sanabria Cabrera\u201d. Temas como manejo y transformaci\u00f3n de residuos, conservaci\u00f3n de fuentes h\u00eddricas, conservaci\u00f3n de la biodiversidad, radio comunitaria [&hellip;]<\/p>\n","protected":false},"author":2,"featured_media":73382,"comment_status":"closed","ping_status":"open","sticky":false,"template":"","format":"standard","meta":{"footnotes":""},"categories":[33],"tags":[],"class_list":["post-73381","post","type-post","status-publish","format-standard","has-post-thumbnail","hentry","category-huila"],"yoast_head":"<!-- This site is optimized with the Yoast SEO plugin v26.6 - https:\/\/yoast.com\/wordpress\/plugins\/seo\/ -->\n<title>Premio a las mejores iniciativas de educaci\u00f3n ambiental del norte del Huila -<\/title>\n<meta name=\"robots\" content=\"index, follow, max-snippet:-1, max-image-preview:large, max-video-preview:-1\" \/>\n<link rel=\"canonical\" href=\"https:\/\/luchonoticias.com\/editor\/premio-a-las-mejores-iniciativas-de-educacion-ambiental-del-norte-del-huila\/\" \/>\n<meta property=\"og:locale\" content=\"es_ES\" \/>\n<meta property=\"og:type\" content=\"article\" \/>\n<meta property=\"og:title\" content=\"Premio a las mejores iniciativas de educaci\u00f3n ambiental del norte del Huila -\" \/>\n<meta property=\"og:url\" content=\"https:\/\/luchonoticias.com\/editor\/premio-a-las-mejores-iniciativas-de-educacion-ambiental-del-norte-del-huila\/\" \/>\n<meta property=\"article:publisher\" content=\"https:\/\/www.facebook.com\/luchonoticiasneiva\" \/>\n<meta property=\"article:published_time\" content=\"2024-05-23T23:22:31+00:00\" \/>\n<meta property=\"article:modified_time\" content=\"2024-05-23T23:25:56+00:00\" \/>\n<meta property=\"og:image\" content=\"https:\/\/luchonoticias.com\/editor\/wp-content\/uploads\/2024\/05\/CAM-medio-ambiente.jpg\" \/>\n\t<meta property=\"og:image:width\" content=\"700\" \/>\n\t<meta property=\"og:image:height\" content=\"400\" \/>\n\t<meta property=\"og:image:type\" content=\"image\/jpeg\" \/>\n<meta name=\"author\" content=\"Editor General\" \/>\n<meta name=\"twitter:card\" content=\"summary_large_image\" \/>\n<meta name=\"twitter:label1\" content=\"Escrito por\" \/>\n\t<meta name=\"twitter:data1\" content=\"Editor General\" \/>\n\t<meta name=\"twitter:label2\" content=\"Tiempo de lectura\" \/>\n\t<meta name=\"twitter:data2\" content=\"3 minutos\" \/>\n<script type=\"application\/ld+json\" class=\"yoast-schema-graph\">{\"@context\":\"https:\/\/schema.org\",\"@graph\":[{\"@type\":\"Article\",\"@id\":\"https:\/\/luchonoticias.com\/editor\/premio-a-las-mejores-iniciativas-de-educacion-ambiental-del-norte-del-huila\/#article\",\"isPartOf\":{\"@id\":\"https:\/\/luchonoticias.com\/editor\/premio-a-las-mejores-iniciativas-de-educacion-ambiental-del-norte-del-huila\/\"},\"author\":{\"name\":\"Editor General\",\"@id\":\"https:\/\/luchonoticias.com\/editor\/#\/schema\/person\/29217990ddf6f14e35912b2866d591fb\"},\"headline\":\"Premio a las mejores iniciativas de educaci\u00f3n ambiental del norte del Huila\",\"datePublished\":\"2024-05-23T23:22:31+00:00\",\"dateModified\":\"2024-05-23T23:25:56+00:00\",\"mainEntityOfPage\":{\"@id\":\"https:\/\/luchonoticias.com\/editor\/premio-a-las-mejores-iniciativas-de-educacion-ambiental-del-norte-del-huila\/\"},\"wordCount\":637,\"publisher\":{\"@id\":\"https:\/\/luchonoticias.com\/editor\/#\/schema\/person\/7a7fd911f58561fd056dbac7b55af9cd\"},\"image\":{\"@id\":\"https:\/\/luchonoticias.com\/editor\/premio-a-las-mejores-iniciativas-de-educacion-ambiental-del-norte-del-huila\/#primaryimage\"},\"thumbnailUrl\":\"https:\/\/luchonoticias.com\/editor\/wp-content\/uploads\/2024\/05\/CAM-medio-ambiente.jpg\",\"articleSection\":[\"Huila\"],\"inLanguage\":\"es\"},{\"@type\":\"WebPage\",\"@id\":\"https:\/\/luchonoticias.com\/editor\/premio-a-las-mejores-iniciativas-de-educacion-ambiental-del-norte-del-huila\/\",\"url\":\"https:\/\/luchonoticias.com\/editor\/premio-a-las-mejores-iniciativas-de-educacion-ambiental-del-norte-del-huila\/\",\"name\":\"Premio a las mejores iniciativas de educaci\u00f3n ambiental del norte del Huila -\",\"isPartOf\":{\"@id\":\"https:\/\/luchonoticias.com\/editor\/#website\"},\"primaryImageOfPage\":{\"@id\":\"https:\/\/luchonoticias.com\/editor\/premio-a-las-mejores-iniciativas-de-educacion-ambiental-del-norte-del-huila\/#primaryimage\"},\"image\":{\"@id\":\"https:\/\/luchonoticias.com\/editor\/premio-a-las-mejores-iniciativas-de-educacion-ambiental-del-norte-del-huila\/#primaryimage\"},\"thumbnailUrl\":\"https:\/\/luchonoticias.com\/editor\/wp-content\/uploads\/2024\/05\/CAM-medio-ambiente.jpg\",\"datePublished\":\"2024-05-23T23:22:31+00:00\",\"dateModified\":\"2024-05-23T23:25:56+00:00\",\"breadcrumb\":{\"@id\":\"https:\/\/luchonoticias.com\/editor\/premio-a-las-mejores-iniciativas-de-educacion-ambiental-del-norte-del-huila\/#breadcrumb\"},\"inLanguage\":\"es\",\"potentialAction\":[{\"@type\":\"ReadAction\",\"target\":[\"https:\/\/luchonoticias.com\/editor\/premio-a-las-mejores-iniciativas-de-educacion-ambiental-del-norte-del-huila\/\"]}]},{\"@type\":\"ImageObject\",\"inLanguage\":\"es\",\"@id\":\"https:\/\/luchonoticias.com\/editor\/premio-a-las-mejores-iniciativas-de-educacion-ambiental-del-norte-del-huila\/#primaryimage\",\"url\":\"https:\/\/luchonoticias.com\/editor\/wp-content\/uploads\/2024\/05\/CAM-medio-ambiente.jpg\",\"contentUrl\":\"https:\/\/luchonoticias.com\/editor\/wp-content\/uploads\/2024\/05\/CAM-medio-ambiente.jpg\",\"width\":700,\"height\":400},{\"@type\":\"BreadcrumbList\",\"@id\":\"https:\/\/luchonoticias.com\/editor\/premio-a-las-mejores-iniciativas-de-educacion-ambiental-del-norte-del-huila\/#breadcrumb\",\"itemListElement\":[{\"@type\":\"ListItem\",\"position\":1,\"name\":\"Portada\",\"item\":\"https:\/\/luchonoticias.com\/editor\/\"},{\"@type\":\"ListItem\",\"position\":2,\"name\":\"Premio a las mejores iniciativas de educaci\u00f3n ambiental del norte del Huila\"}]},{\"@type\":\"WebSite\",\"@id\":\"https:\/\/luchonoticias.com\/editor\/#website\",\"url\":\"https:\/\/luchonoticias.com\/editor\/\",\"name\":\"\",\"description\":\"\",\"publisher\":{\"@id\":\"https:\/\/luchonoticias.com\/editor\/#\/schema\/person\/7a7fd911f58561fd056dbac7b55af9cd\"},\"potentialAction\":[{\"@type\":\"SearchAction\",\"target\":{\"@type\":\"EntryPoint\",\"urlTemplate\":\"https:\/\/luchonoticias.com\/editor\/?s={search_term_string}\"},\"query-input\":{\"@type\":\"PropertyValueSpecification\",\"valueRequired\":true,\"valueName\":\"search_term_string\"}}],\"inLanguage\":\"es\"},{\"@type\":[\"Person\",\"Organization\"],\"@id\":\"https:\/\/luchonoticias.com\/editor\/#\/schema\/person\/7a7fd911f58561fd056dbac7b55af9cd\",\"name\":\"admin\",\"image\":{\"@type\":\"ImageObject\",\"inLanguage\":\"es\",\"@id\":\"https:\/\/luchonoticias.com\/editor\/#\/schema\/person\/image\/\",\"url\":\"https:\/\/luchonoticias.com\/editor\/wp-content\/uploads\/2024\/02\/cropped-cropped-logolu.webp\",\"contentUrl\":\"https:\/\/luchonoticias.com\/editor\/wp-content\/uploads\/2024\/02\/cropped-cropped-logolu.webp\",\"width\":382,\"height\":170,\"caption\":\"admin\"},\"logo\":{\"@id\":\"https:\/\/luchonoticias.com\/editor\/#\/schema\/person\/image\/\"},\"sameAs\":[\"https:\/\/www.facebook.com\/luchonoticiasneiva\"]},{\"@type\":\"Person\",\"@id\":\"https:\/\/luchonoticias.com\/editor\/#\/schema\/person\/29217990ddf6f14e35912b2866d591fb\",\"name\":\"Editor General\",\"image\":{\"@type\":\"ImageObject\",\"inLanguage\":\"es\",\"@id\":\"https:\/\/luchonoticias.com\/editor\/#\/schema\/person\/image\/\",\"url\":\"https:\/\/luchonoticias.com\/editor\/wp-content\/uploads\/2024\/02\/cropped-cropped-logolu-150x150.webp\",\"contentUrl\":\"https:\/\/luchonoticias.com\/editor\/wp-content\/uploads\/2024\/02\/cropped-cropped-logolu-150x150.webp\",\"caption\":\"Editor General\"},\"sameAs\":[\"https:\/\/luchonoticias.com\/\"],\"url\":\"https:\/\/luchonoticias.com\/editor\/author\/editor-general\/\"}]}<\/script>\n<!-- \/ Yoast SEO plugin. -->","yoast_head_json":{"title":"Premio a las mejores iniciativas de educaci\u00f3n ambiental del norte del Huila -","robots":{"index":"index","follow":"follow","max-snippet":"max-snippet:-1","max-image-preview":"max-image-preview:large","max-video-preview":"max-video-preview:-1"},"canonical":"https:\/\/luchonoticias.com\/editor\/premio-a-las-mejores-iniciativas-de-educacion-ambiental-del-norte-del-huila\/","og_locale":"es_ES","og_type":"article","og_title":"Premio a las mejores iniciativas de educaci\u00f3n ambiental del norte del Huila -","og_url":"https:\/\/luchonoticias.com\/editor\/premio-a-las-mejores-iniciativas-de-educacion-ambiental-del-norte-del-huila\/","article_publisher":"https:\/\/www.facebook.com\/luchonoticiasneiva","article_published_time":"2024-05-23T23:22:31+00:00","article_modified_time":"2024-05-23T23:25:56+00:00","og_image":[{"width":700,"height":400,"url":"https:\/\/luchonoticias.com\/editor\/wp-content\/uploads\/2024\/05\/CAM-medio-ambiente.jpg","type":"image\/jpeg"}],"author":"Editor General","twitter_card":"summary_large_image","twitter_misc":{"Escrito por":"Editor General","Tiempo de lectura":"3 minutos"},"schema":{"@context":"https:\/\/schema.org","@graph":[{"@type":"Article","@id":"https:\/\/luchonoticias.com\/editor\/premio-a-las-mejores-iniciativas-de-educacion-ambiental-del-norte-del-huila\/#article","isPartOf":{"@id":"https:\/\/luchonoticias.com\/editor\/premio-a-las-mejores-iniciativas-de-educacion-ambiental-del-norte-del-huila\/"},"author":{"name":"Editor General","@id":"https:\/\/luchonoticias.com\/editor\/#\/schema\/person\/29217990ddf6f14e35912b2866d591fb"},"headline":"Premio a las mejores iniciativas de educaci\u00f3n ambiental del norte del Huila","datePublished":"2024-05-23T23:22:31+00:00","dateModified":"2024-05-23T23:25:56+00:00","mainEntityOfPage":{"@id":"https:\/\/luchonoticias.com\/editor\/premio-a-las-mejores-iniciativas-de-educacion-ambiental-del-norte-del-huila\/"},"wordCount":637,"publisher":{"@id":"https:\/\/luchonoticias.com\/editor\/#\/schema\/person\/7a7fd911f58561fd056dbac7b55af9cd"},"image":{"@id":"https:\/\/luchonoticias.com\/editor\/premio-a-las-mejores-iniciativas-de-educacion-ambiental-del-norte-del-huila\/#primaryimage"},"thumbnailUrl":"https:\/\/luchonoticias.com\/editor\/wp-content\/uploads\/2024\/05\/CAM-medio-ambiente.jpg","articleSection":["Huila"],"inLanguage":"es"},{"@type":"WebPage","@id":"https:\/\/luchonoticias.com\/editor\/premio-a-las-mejores-iniciativas-de-educacion-ambiental-del-norte-del-huila\/","url":"https:\/\/luchonoticias.com\/editor\/premio-a-las-mejores-iniciativas-de-educacion-ambiental-del-norte-del-huila\/","name":"Premio a las mejores iniciativas de educaci\u00f3n ambiental del norte del Huila -","isPartOf":{"@id":"https:\/\/luchonoticias.com\/editor\/#website"},"primaryImageOfPage":{"@id":"https:\/\/luchonoticias.com\/editor\/premio-a-las-mejores-iniciativas-de-educacion-ambiental-del-norte-del-huila\/#primaryimage"},"image":{"@id":"https:\/\/luchonoticias.com\/editor\/premio-a-las-mejores-iniciativas-de-educacion-ambiental-del-norte-del-huila\/#primaryimage"},"thumbnailUrl":"https:\/\/luchonoticias.com\/editor\/wp-content\/uploads\/2024\/05\/CAM-medio-ambiente.jpg","datePublished":"2024-05-23T23:22:31+00:00","dateModified":"2024-05-23T23:25:56+00:00","breadcrumb":{"@id":"https:\/\/luchonoticias.com\/editor\/premio-a-las-mejores-iniciativas-de-educacion-ambiental-del-norte-del-huila\/#breadcrumb"},"inLanguage":"es","potentialAction":[{"@type":"ReadAction","target":["https:\/\/luchonoticias.com\/editor\/premio-a-las-mejores-iniciativas-de-educacion-ambiental-del-norte-del-huila\/"]}]},{"@type":"ImageObject","inLanguage":"es","@id":"https:\/\/luchonoticias.com\/editor\/premio-a-las-mejores-iniciativas-de-educacion-ambiental-del-norte-del-huila\/#primaryimage","url":"https:\/\/luchonoticias.com\/editor\/wp-content\/uploads\/2024\/05\/CAM-medio-ambiente.jpg","contentUrl":"https:\/\/luchonoticias.com\/editor\/wp-content\/uploads\/2024\/05\/CAM-medio-ambiente.jpg","width":700,"height":400},{"@type":"BreadcrumbList","@id":"https:\/\/luchonoticias.com\/editor\/premio-a-las-mejores-iniciativas-de-educacion-ambiental-del-norte-del-huila\/#breadcrumb","itemListElement":[{"@type":"ListItem","position":1,"name":"Portada","item":"https:\/\/luchonoticias.com\/editor\/"},{"@type":"ListItem","position":2,"name":"Premio a las mejores iniciativas de educaci\u00f3n ambiental del norte del Huila"}]},{"@type":"WebSite","@id":"https:\/\/luchonoticias.com\/editor\/#website","url":"https:\/\/luchonoticias.com\/editor\/","name":"","description":"","publisher":{"@id":"https:\/\/luchonoticias.com\/editor\/#\/schema\/person\/7a7fd911f58561fd056dbac7b55af9cd"},"potentialAction":[{"@type":"SearchAction","target":{"@type":"EntryPoint","urlTemplate":"https:\/\/luchonoticias.com\/editor\/?s={search_term_string}"},"query-input":{"@type":"PropertyValueSpecification","valueRequired":true,"valueName":"search_term_string"}}],"inLanguage":"es"},{"@type":["Person","Organization"],"@id":"https:\/\/luchonoticias.com\/editor\/#\/schema\/person\/7a7fd911f58561fd056dbac7b55af9cd","name":"admin","image":{"@type":"ImageObject","inLanguage":"es","@id":"https:\/\/luchonoticias.com\/editor\/#\/schema\/person\/image\/","url":"https:\/\/luchonoticias.com\/editor\/wp-content\/uploads\/2024\/02\/cropped-cropped-logolu.webp","contentUrl":"https:\/\/luchonoticias.com\/editor\/wp-content\/uploads\/2024\/02\/cropped-cropped-logolu.webp","width":382,"height":170,"caption":"admin"},"logo":{"@id":"https:\/\/luchonoticias.com\/editor\/#\/schema\/person\/image\/"},"sameAs":["https:\/\/www.facebook.com\/luchonoticiasneiva"]},{"@type":"Person","@id":"https:\/\/luchonoticias.com\/editor\/#\/schema\/person\/29217990ddf6f14e35912b2866d591fb","name":"Editor General","image":{"@type":"ImageObject","inLanguage":"es","@id":"https:\/\/luchonoticias.com\/editor\/#\/schema\/person\/image\/","url":"https:\/\/luchonoticias.com\/editor\/wp-content\/uploads\/2024\/02\/cropped-cropped-logolu-150x150.webp","contentUrl":"https:\/\/luchonoticias.com\/editor\/wp-content\/uploads\/2024\/02\/cropped-cropped-logolu-150x150.webp","caption":"Editor General"},"sameAs":["https:\/\/luchonoticias.com\/"],"url":"https:\/\/luchonoticias.com\/editor\/author\/editor-general\/"}]}},"_links":{"self":[{"href":"https:\/\/luchonoticias.com\/editor\/wp-json\/wp\/v2\/posts\/73381","targetHints":{"allow":["GET"]}}],"collection":[{"href":"https:\/\/luchonoticias.com\/editor\/wp-json\/wp\/v2\/posts"}],"about":[{"href":"https:\/\/luchonoticias.com\/editor\/wp-json\/wp\/v2\/types\/post"}],"author":[{"embeddable":true,"href":"https:\/\/luchonoticias.com\/editor\/wp-json\/wp\/v2\/users\/2"}],"replies":[{"embeddable":true,"href":"https:\/\/luchonoticias.com\/editor\/wp-json\/wp\/v2\/comments?post=73381"}],"version-history":[{"count":0,"href":"https:\/\/luchonoticias.com\/editor\/wp-json\/wp\/v2\/posts\/73381\/revisions"}],"wp:featuredmedia":[{"embeddable":true,"href":"https:\/\/luchonoticias.com\/editor\/wp-json\/wp\/v2\/media\/73382"}],"wp:attachment":[{"href":"https:\/\/luchonoticias.com\/editor\/wp-json\/wp\/v2\/media?parent=73381"}],"wp:term":[{"taxonomy":"category","embeddable":true,"href":"https:\/\/luchonoticias.com\/editor\/wp-json\/wp\/v2\/categories?post=73381"},{"taxonomy":"post_tag","embeddable":true,"href":"https:\/\/luchonoticias.com\/editor\/wp-json\/wp\/v2\/tags?post=73381"}],"curies":[{"name":"wp","href":"https:\/\/api.w.org\/{rel}","templated":true}]}}