{"id":73396,"date":"2024-05-24T07:00:52","date_gmt":"2024-05-24T12:00:52","guid":{"rendered":"https:\/\/luchonoticias.com\/?p=73396"},"modified":"2024-05-24T07:00:52","modified_gmt":"2024-05-24T12:00:52","slug":"la-cultura-se-tomo-neiva","status":"publish","type":"post","link":"https:\/\/luchonoticias.com\/editor\/la-cultura-se-tomo-neiva\/","title":{"rendered":"La cultura se tom\u00f3 Neiva"},"content":{"rendered":"<p>Un concierto y la presentaci\u00f3n del XXI Encuentro Nacional Infantil de Danzas Folcl\u00f3ricas Ciudad Neiva, hicieron parte de esta celebraci\u00f3n a la que se sum\u00f3 la comunidad de manera masiva.<\/p>\n<p>La cita se dio sobre las 6:00 p.m. en el recinto de la Asamblea Departamental, donde los neivanos y turistas tuvieron la oportunidad de disfrutar de un espacio lleno de tradiciones y cultura, a ritmo de los grupos danc\u00edsticos que proced\u00edan de diferentes partes del pa\u00eds los cuales deleitaron con sus interpretaciones a los asistentes.<\/p>\n<p>\u201cDentro de nuestra gran estrategia de tener una agenda durante todo el a\u00f1o, hoy tuvimos el honor de realizar el gran Encuentro Nacional Infantil de Danzas Folcl\u00f3ricas, en donde muchas delegaciones de diferentes municipios y departamentos, hicieron presencia y nos deleitaron con estas muestras culturales\u201d, coment\u00f3 Germ\u00e1n Casagua, Alcalde de Neiva.<\/p>\n<p><strong>Grupos que participaron del XXI Encuentro Nacional Infantil de Danzas Folcl\u00f3ricas Ciudad Neiva<\/strong><\/p>\n<p>&#8211; Compa\u00f1\u00eda Art\u00edstica Tributo Pisabarro, de Tocancip\u00e1, Cundinamarca. Director: Luis Fernando G\u00f3mez.<\/p>\n<p>&#8211; Compa\u00f1\u00eda Danza Kapital, de Bogot\u00e1 D.C. Directora: Ang\u00e9lica Nieves.<\/p>\n<p>&#8211; Centro Cultural Bacat\u00e1, de Funza, Cundinamarca. Director: Juan David Barbosa.<\/p>\n<p>&#8211; Ballet Tierra Colombiana, de Bogot\u00e1 D.C. Director: Fernando Urbina<\/p>\n<p>&#8211; Agrupaci\u00f3n Expresi\u00f3n Urbana, Melgar, Tolima. Director: David Su\u00e1rez.<\/p>\n<p>&#8211; Agrupaci\u00f3n Los Timbicos, de Santa Mar\u00eda, Huila. Director: Alexander Bautista.<\/p>\n<p>-Compa\u00f1\u00eda Danzas M\u00f3nica Lindo, de Barranquilla, Atl\u00e1ntico. Directora: M\u00f3nica Lindo.<\/p>\n<p>&#8211; Fundaci\u00f3n Caminos e Identidades (Funcei), de Santa Marta, Magdalena. Director: Jaime Castro.<\/p>\n<p>* Fundanza, de Armenia, Quind\u00edo. Director: James Gonz\u00e1lez.<\/p>\n<p>* Compa\u00f1\u00eda Pies descalzos, de Soat\u00e1, Boyac\u00e1. Director: Orlando Vivas.<\/p>\n<p>* Colombia Grande Proyecci\u00f3n, Danza y folclor, de Villeta, Cundinamarca. Directora: Adriana Copete.<\/p>\n<p>* Corporaci\u00f3n Cultural Colombia Ytama, de Neiva, Huila. Directora: Marcela Quintero.<\/p>\n<p>\u201cEl Encuentro Nacional de Danza Infantil, en conmemoraci\u00f3n de los 412 a\u00f1os de nuestra ciudad ha sido un total \u00e9xito, la participaci\u00f3n de doce representantes de diferentes rincones de nuestro pa\u00eds, dejando una huella danc\u00edstica llena de alegr\u00eda, un espect\u00e1culo lleno de colores, en donde nos ense\u00f1an los diferentes ritmos\u201d, expres\u00f3 Tania Beatriz Pe\u00f1afiel Espa\u00f1a, secretaria de Cultura.<\/p>\n<p>Este espacio estuvo cargado de muestras folcl\u00f3ricas que brindaron espect\u00e1culos a trav\u00e9s de las danzas culturales de cada una de las regiones de las que proced\u00edan a nivel nacional, dando lo mejor de s\u00ed mismos con el prop\u00f3sito de enaltecer sus tradiciones en una noche llena de buenas interpretaciones.<\/p>\n","protected":false},"excerpt":{"rendered":"<p>Un concierto y la presentaci\u00f3n del XXI Encuentro Nacional Infantil de Danzas Folcl\u00f3ricas Ciudad Neiva, hicieron parte de esta celebraci\u00f3n a la que se sum\u00f3 la comunidad de manera masiva. La cita se dio sobre las 6:00 p.m. en el recinto de la Asamblea Departamental, donde los neivanos y turistas tuvieron la oportunidad de disfrutar [&hellip;]<\/p>\n","protected":false},"author":2,"featured_media":73397,"comment_status":"closed","ping_status":"open","sticky":false,"template":"","format":"standard","meta":{"footnotes":""},"categories":[31],"tags":[],"class_list":["post-73396","post","type-post","status-publish","format-standard","has-post-thumbnail","hentry","category-local"],"yoast_head":"<!-- This site is optimized with the Yoast SEO plugin v26.6 - https:\/\/yoast.com\/wordpress\/plugins\/seo\/ -->\n<title>La cultura se tom\u00f3 Neiva -<\/title>\n<meta name=\"robots\" content=\"index, follow, max-snippet:-1, max-image-preview:large, max-video-preview:-1\" \/>\n<link rel=\"canonical\" href=\"https:\/\/luchonoticias.com\/editor\/la-cultura-se-tomo-neiva\/\" \/>\n<meta property=\"og:locale\" content=\"es_ES\" \/>\n<meta property=\"og:type\" content=\"article\" \/>\n<meta property=\"og:title\" content=\"La cultura se tom\u00f3 Neiva -\" \/>\n<meta property=\"og:url\" content=\"https:\/\/luchonoticias.com\/editor\/la-cultura-se-tomo-neiva\/\" \/>\n<meta property=\"article:publisher\" content=\"https:\/\/www.facebook.com\/luchonoticiasneiva\" \/>\n<meta property=\"article:published_time\" content=\"2024-05-24T12:00:52+00:00\" \/>\n<meta property=\"og:image\" content=\"https:\/\/luchonoticias.com\/editor\/wp-content\/uploads\/2024\/05\/neiva-cultura.jpg\" \/>\n\t<meta property=\"og:image:width\" content=\"700\" \/>\n\t<meta property=\"og:image:height\" content=\"400\" \/>\n\t<meta property=\"og:image:type\" content=\"image\/jpeg\" \/>\n<meta name=\"author\" content=\"Editor General\" \/>\n<meta name=\"twitter:card\" content=\"summary_large_image\" \/>\n<meta name=\"twitter:label1\" content=\"Escrito por\" \/>\n\t<meta name=\"twitter:data1\" content=\"Editor General\" \/>\n\t<meta name=\"twitter:label2\" content=\"Tiempo de lectura\" \/>\n\t<meta name=\"twitter:data2\" content=\"2 minutos\" \/>\n<script type=\"application\/ld+json\" class=\"yoast-schema-graph\">{\"@context\":\"https:\/\/schema.org\",\"@graph\":[{\"@type\":\"Article\",\"@id\":\"https:\/\/luchonoticias.com\/editor\/la-cultura-se-tomo-neiva\/#article\",\"isPartOf\":{\"@id\":\"https:\/\/luchonoticias.com\/editor\/la-cultura-se-tomo-neiva\/\"},\"author\":{\"name\":\"Editor General\",\"@id\":\"https:\/\/luchonoticias.com\/editor\/#\/schema\/person\/29217990ddf6f14e35912b2866d591fb\"},\"headline\":\"La cultura se tom\u00f3 Neiva\",\"datePublished\":\"2024-05-24T12:00:52+00:00\",\"mainEntityOfPage\":{\"@id\":\"https:\/\/luchonoticias.com\/editor\/la-cultura-se-tomo-neiva\/\"},\"wordCount\":431,\"publisher\":{\"@id\":\"https:\/\/luchonoticias.com\/editor\/#\/schema\/person\/7a7fd911f58561fd056dbac7b55af9cd\"},\"image\":{\"@id\":\"https:\/\/luchonoticias.com\/editor\/la-cultura-se-tomo-neiva\/#primaryimage\"},\"thumbnailUrl\":\"https:\/\/luchonoticias.com\/editor\/wp-content\/uploads\/2024\/05\/neiva-cultura.jpg\",\"articleSection\":[\"Local\"],\"inLanguage\":\"es\"},{\"@type\":\"WebPage\",\"@id\":\"https:\/\/luchonoticias.com\/editor\/la-cultura-se-tomo-neiva\/\",\"url\":\"https:\/\/luchonoticias.com\/editor\/la-cultura-se-tomo-neiva\/\",\"name\":\"La cultura se tom\u00f3 Neiva -\",\"isPartOf\":{\"@id\":\"https:\/\/luchonoticias.com\/editor\/#website\"},\"primaryImageOfPage\":{\"@id\":\"https:\/\/luchonoticias.com\/editor\/la-cultura-se-tomo-neiva\/#primaryimage\"},\"image\":{\"@id\":\"https:\/\/luchonoticias.com\/editor\/la-cultura-se-tomo-neiva\/#primaryimage\"},\"thumbnailUrl\":\"https:\/\/luchonoticias.com\/editor\/wp-content\/uploads\/2024\/05\/neiva-cultura.jpg\",\"datePublished\":\"2024-05-24T12:00:52+00:00\",\"breadcrumb\":{\"@id\":\"https:\/\/luchonoticias.com\/editor\/la-cultura-se-tomo-neiva\/#breadcrumb\"},\"inLanguage\":\"es\",\"potentialAction\":[{\"@type\":\"ReadAction\",\"target\":[\"https:\/\/luchonoticias.com\/editor\/la-cultura-se-tomo-neiva\/\"]}]},{\"@type\":\"ImageObject\",\"inLanguage\":\"es\",\"@id\":\"https:\/\/luchonoticias.com\/editor\/la-cultura-se-tomo-neiva\/#primaryimage\",\"url\":\"https:\/\/luchonoticias.com\/editor\/wp-content\/uploads\/2024\/05\/neiva-cultura.jpg\",\"contentUrl\":\"https:\/\/luchonoticias.com\/editor\/wp-content\/uploads\/2024\/05\/neiva-cultura.jpg\",\"width\":700,\"height\":400},{\"@type\":\"BreadcrumbList\",\"@id\":\"https:\/\/luchonoticias.com\/editor\/la-cultura-se-tomo-neiva\/#breadcrumb\",\"itemListElement\":[{\"@type\":\"ListItem\",\"position\":1,\"name\":\"Portada\",\"item\":\"https:\/\/luchonoticias.com\/editor\/\"},{\"@type\":\"ListItem\",\"position\":2,\"name\":\"La cultura se tom\u00f3 Neiva\"}]},{\"@type\":\"WebSite\",\"@id\":\"https:\/\/luchonoticias.com\/editor\/#website\",\"url\":\"https:\/\/luchonoticias.com\/editor\/\",\"name\":\"\",\"description\":\"\",\"publisher\":{\"@id\":\"https:\/\/luchonoticias.com\/editor\/#\/schema\/person\/7a7fd911f58561fd056dbac7b55af9cd\"},\"potentialAction\":[{\"@type\":\"SearchAction\",\"target\":{\"@type\":\"EntryPoint\",\"urlTemplate\":\"https:\/\/luchonoticias.com\/editor\/?s={search_term_string}\"},\"query-input\":{\"@type\":\"PropertyValueSpecification\",\"valueRequired\":true,\"valueName\":\"search_term_string\"}}],\"inLanguage\":\"es\"},{\"@type\":[\"Person\",\"Organization\"],\"@id\":\"https:\/\/luchonoticias.com\/editor\/#\/schema\/person\/7a7fd911f58561fd056dbac7b55af9cd\",\"name\":\"admin\",\"image\":{\"@type\":\"ImageObject\",\"inLanguage\":\"es\",\"@id\":\"https:\/\/luchonoticias.com\/editor\/#\/schema\/person\/image\/\",\"url\":\"https:\/\/luchonoticias.com\/editor\/wp-content\/uploads\/2024\/02\/cropped-cropped-logolu.webp\",\"contentUrl\":\"https:\/\/luchonoticias.com\/editor\/wp-content\/uploads\/2024\/02\/cropped-cropped-logolu.webp\",\"width\":382,\"height\":170,\"caption\":\"admin\"},\"logo\":{\"@id\":\"https:\/\/luchonoticias.com\/editor\/#\/schema\/person\/image\/\"},\"sameAs\":[\"https:\/\/www.facebook.com\/luchonoticiasneiva\"]},{\"@type\":\"Person\",\"@id\":\"https:\/\/luchonoticias.com\/editor\/#\/schema\/person\/29217990ddf6f14e35912b2866d591fb\",\"name\":\"Editor General\",\"image\":{\"@type\":\"ImageObject\",\"inLanguage\":\"es\",\"@id\":\"https:\/\/luchonoticias.com\/editor\/#\/schema\/person\/image\/\",\"url\":\"https:\/\/luchonoticias.com\/editor\/wp-content\/uploads\/2024\/02\/cropped-cropped-logolu-150x150.webp\",\"contentUrl\":\"https:\/\/luchonoticias.com\/editor\/wp-content\/uploads\/2024\/02\/cropped-cropped-logolu-150x150.webp\",\"caption\":\"Editor General\"},\"sameAs\":[\"https:\/\/luchonoticias.com\/\"],\"url\":\"https:\/\/luchonoticias.com\/editor\/author\/editor-general\/\"}]}<\/script>\n<!-- \/ Yoast SEO plugin. -->","yoast_head_json":{"title":"La cultura se tom\u00f3 Neiva -","robots":{"index":"index","follow":"follow","max-snippet":"max-snippet:-1","max-image-preview":"max-image-preview:large","max-video-preview":"max-video-preview:-1"},"canonical":"https:\/\/luchonoticias.com\/editor\/la-cultura-se-tomo-neiva\/","og_locale":"es_ES","og_type":"article","og_title":"La cultura se tom\u00f3 Neiva -","og_url":"https:\/\/luchonoticias.com\/editor\/la-cultura-se-tomo-neiva\/","article_publisher":"https:\/\/www.facebook.com\/luchonoticiasneiva","article_published_time":"2024-05-24T12:00:52+00:00","og_image":[{"width":700,"height":400,"url":"https:\/\/luchonoticias.com\/editor\/wp-content\/uploads\/2024\/05\/neiva-cultura.jpg","type":"image\/jpeg"}],"author":"Editor General","twitter_card":"summary_large_image","twitter_misc":{"Escrito por":"Editor General","Tiempo de lectura":"2 minutos"},"schema":{"@context":"https:\/\/schema.org","@graph":[{"@type":"Article","@id":"https:\/\/luchonoticias.com\/editor\/la-cultura-se-tomo-neiva\/#article","isPartOf":{"@id":"https:\/\/luchonoticias.com\/editor\/la-cultura-se-tomo-neiva\/"},"author":{"name":"Editor General","@id":"https:\/\/luchonoticias.com\/editor\/#\/schema\/person\/29217990ddf6f14e35912b2866d591fb"},"headline":"La cultura se tom\u00f3 Neiva","datePublished":"2024-05-24T12:00:52+00:00","mainEntityOfPage":{"@id":"https:\/\/luchonoticias.com\/editor\/la-cultura-se-tomo-neiva\/"},"wordCount":431,"publisher":{"@id":"https:\/\/luchonoticias.com\/editor\/#\/schema\/person\/7a7fd911f58561fd056dbac7b55af9cd"},"image":{"@id":"https:\/\/luchonoticias.com\/editor\/la-cultura-se-tomo-neiva\/#primaryimage"},"thumbnailUrl":"https:\/\/luchonoticias.com\/editor\/wp-content\/uploads\/2024\/05\/neiva-cultura.jpg","articleSection":["Local"],"inLanguage":"es"},{"@type":"WebPage","@id":"https:\/\/luchonoticias.com\/editor\/la-cultura-se-tomo-neiva\/","url":"https:\/\/luchonoticias.com\/editor\/la-cultura-se-tomo-neiva\/","name":"La cultura se tom\u00f3 Neiva -","isPartOf":{"@id":"https:\/\/luchonoticias.com\/editor\/#website"},"primaryImageOfPage":{"@id":"https:\/\/luchonoticias.com\/editor\/la-cultura-se-tomo-neiva\/#primaryimage"},"image":{"@id":"https:\/\/luchonoticias.com\/editor\/la-cultura-se-tomo-neiva\/#primaryimage"},"thumbnailUrl":"https:\/\/luchonoticias.com\/editor\/wp-content\/uploads\/2024\/05\/neiva-cultura.jpg","datePublished":"2024-05-24T12:00:52+00:00","breadcrumb":{"@id":"https:\/\/luchonoticias.com\/editor\/la-cultura-se-tomo-neiva\/#breadcrumb"},"inLanguage":"es","potentialAction":[{"@type":"ReadAction","target":["https:\/\/luchonoticias.com\/editor\/la-cultura-se-tomo-neiva\/"]}]},{"@type":"ImageObject","inLanguage":"es","@id":"https:\/\/luchonoticias.com\/editor\/la-cultura-se-tomo-neiva\/#primaryimage","url":"https:\/\/luchonoticias.com\/editor\/wp-content\/uploads\/2024\/05\/neiva-cultura.jpg","contentUrl":"https:\/\/luchonoticias.com\/editor\/wp-content\/uploads\/2024\/05\/neiva-cultura.jpg","width":700,"height":400},{"@type":"BreadcrumbList","@id":"https:\/\/luchonoticias.com\/editor\/la-cultura-se-tomo-neiva\/#breadcrumb","itemListElement":[{"@type":"ListItem","position":1,"name":"Portada","item":"https:\/\/luchonoticias.com\/editor\/"},{"@type":"ListItem","position":2,"name":"La cultura se tom\u00f3 Neiva"}]},{"@type":"WebSite","@id":"https:\/\/luchonoticias.com\/editor\/#website","url":"https:\/\/luchonoticias.com\/editor\/","name":"","description":"","publisher":{"@id":"https:\/\/luchonoticias.com\/editor\/#\/schema\/person\/7a7fd911f58561fd056dbac7b55af9cd"},"potentialAction":[{"@type":"SearchAction","target":{"@type":"EntryPoint","urlTemplate":"https:\/\/luchonoticias.com\/editor\/?s={search_term_string}"},"query-input":{"@type":"PropertyValueSpecification","valueRequired":true,"valueName":"search_term_string"}}],"inLanguage":"es"},{"@type":["Person","Organization"],"@id":"https:\/\/luchonoticias.com\/editor\/#\/schema\/person\/7a7fd911f58561fd056dbac7b55af9cd","name":"admin","image":{"@type":"ImageObject","inLanguage":"es","@id":"https:\/\/luchonoticias.com\/editor\/#\/schema\/person\/image\/","url":"https:\/\/luchonoticias.com\/editor\/wp-content\/uploads\/2024\/02\/cropped-cropped-logolu.webp","contentUrl":"https:\/\/luchonoticias.com\/editor\/wp-content\/uploads\/2024\/02\/cropped-cropped-logolu.webp","width":382,"height":170,"caption":"admin"},"logo":{"@id":"https:\/\/luchonoticias.com\/editor\/#\/schema\/person\/image\/"},"sameAs":["https:\/\/www.facebook.com\/luchonoticiasneiva"]},{"@type":"Person","@id":"https:\/\/luchonoticias.com\/editor\/#\/schema\/person\/29217990ddf6f14e35912b2866d591fb","name":"Editor General","image":{"@type":"ImageObject","inLanguage":"es","@id":"https:\/\/luchonoticias.com\/editor\/#\/schema\/person\/image\/","url":"https:\/\/luchonoticias.com\/editor\/wp-content\/uploads\/2024\/02\/cropped-cropped-logolu-150x150.webp","contentUrl":"https:\/\/luchonoticias.com\/editor\/wp-content\/uploads\/2024\/02\/cropped-cropped-logolu-150x150.webp","caption":"Editor General"},"sameAs":["https:\/\/luchonoticias.com\/"],"url":"https:\/\/luchonoticias.com\/editor\/author\/editor-general\/"}]}},"_links":{"self":[{"href":"https:\/\/luchonoticias.com\/editor\/wp-json\/wp\/v2\/posts\/73396","targetHints":{"allow":["GET"]}}],"collection":[{"href":"https:\/\/luchonoticias.com\/editor\/wp-json\/wp\/v2\/posts"}],"about":[{"href":"https:\/\/luchonoticias.com\/editor\/wp-json\/wp\/v2\/types\/post"}],"author":[{"embeddable":true,"href":"https:\/\/luchonoticias.com\/editor\/wp-json\/wp\/v2\/users\/2"}],"replies":[{"embeddable":true,"href":"https:\/\/luchonoticias.com\/editor\/wp-json\/wp\/v2\/comments?post=73396"}],"version-history":[{"count":0,"href":"https:\/\/luchonoticias.com\/editor\/wp-json\/wp\/v2\/posts\/73396\/revisions"}],"wp:featuredmedia":[{"embeddable":true,"href":"https:\/\/luchonoticias.com\/editor\/wp-json\/wp\/v2\/media\/73397"}],"wp:attachment":[{"href":"https:\/\/luchonoticias.com\/editor\/wp-json\/wp\/v2\/media?parent=73396"}],"wp:term":[{"taxonomy":"category","embeddable":true,"href":"https:\/\/luchonoticias.com\/editor\/wp-json\/wp\/v2\/categories?post=73396"},{"taxonomy":"post_tag","embeddable":true,"href":"https:\/\/luchonoticias.com\/editor\/wp-json\/wp\/v2\/tags?post=73396"}],"curies":[{"name":"wp","href":"https:\/\/api.w.org\/{rel}","templated":true}]}}