{"id":73402,"date":"2024-05-24T07:15:57","date_gmt":"2024-05-24T12:15:57","guid":{"rendered":"https:\/\/luchonoticias.com\/?p=73402"},"modified":"2024-05-24T07:15:57","modified_gmt":"2024-05-24T12:15:57","slug":"cero-tolerancia-con-las-disidencias-de-las-farc","status":"publish","type":"post","link":"https:\/\/luchonoticias.com\/editor\/cero-tolerancia-con-las-disidencias-de-las-farc\/","title":{"rendered":"Cero tolerancia con las disidencias de las Farc"},"content":{"rendered":"<div>Por orden del presidente Gustavo Petro no habr\u00e1 cese al fuego con el Estado Mayor Central (EMC) en el suroccidente del pa\u00eds y cualquier di\u00e1logo con esta organizaci\u00f3n armada ilegal se deber\u00e1 efectuar sobre la base del desmonte de sus econom\u00edas il\u00edcitas.<\/div>\n<div><\/div>\n<div>Esa fue una de las conclusiones a las que se lleg\u00f3 al t\u00e9rmino del Consejo de Seguridad celebrado en Popay\u00e1n, que fue encabezado por el jefe de Estado y con la presencia del ministro de la Defensa, Iv\u00e1n Vel\u00e1squez; la c\u00fapula militar y de Polic\u00eda, los alcaldes del Cauca, el gobernador Octavio Guzm\u00e1n y miembros de la administraci\u00f3n departamental.<\/div>\n<div><\/div>\n<div>El ministro Vel\u00e1squez anunci\u00f3 una recompensa de $500 millones por informaci\u00f3n que permita la captura de los cabecillas del frente \u2018Jaime Mart\u00ednez\u2019 de las disidencias.<\/div>\n<div><\/div>\n<div>As\u00ed mismo, el departamento contar\u00e1 con un incremento de 200 polic\u00edas y 300 efectivos del Ej\u00e9rcito para reforzar la seguridad en los municipios y se fortalecer\u00e1n los grupos Gaula en esa zona del pa\u00eds.<\/div>\n<div><\/div>\n<div>Entre las medidas adoptadas, el jefe de Estado orden\u00f3 afectar las finanzas de este grupo ilegal tanto en narcotr\u00e1fico como en la miner\u00eda ilegal, en la medida en que con esta estrategia lo que se busca, seg\u00fan explic\u00f3 el ministro de Defensa, es debilitar a la organizaci\u00f3n.<\/div>\n<div><\/div>\n<div>En este sentido, la Fuerza P\u00fablica recibi\u00f3 instrucciones para aumentar las capacidades en las operaciones y mantener un estricto seguimiento de sus resultados.<\/div>\n<div><\/div>\n<div>Adicionalmente, con la coordinaci\u00f3n del Departamento Nacional de Planeaci\u00f3n, el Departamento de Prosperidad Social y ministerios como Agricultura, Salud, Transporte y Educaci\u00f3n se emprender\u00e1n jornadas de trabajo con los alcaldes del Cauca para desarrollar proyectos de infraestructura que incluyen puestos de salud, centros escolares y v\u00edas.<\/div>\n<div><\/div>\n<div>En particular, se trabajar\u00e1 en las \u00e1reas del ca\u00f1\u00f3n de Micay y Argelia con iniciativas para la sustituci\u00f3n de m\u00e1s de 15 mil hect\u00e1reas sembradas con coca\u00edna.<\/div>\n<div><\/div>\n<div>Lo anterior, seg\u00fan el ministro Vel\u00e1squez, hace parte de la pol\u00edtica del gobierno de la transformaci\u00f3n del territorio, que busca brindar oportunidades a los campesinos, los j\u00f3venes y la poblaci\u00f3n en general.<\/div>\n","protected":false},"excerpt":{"rendered":"<p>Por orden del presidente Gustavo Petro no habr\u00e1 cese al fuego con el Estado Mayor Central (EMC) en el suroccidente del pa\u00eds y cualquier di\u00e1logo con esta organizaci\u00f3n armada ilegal se deber\u00e1 efectuar sobre la base del desmonte de sus econom\u00edas il\u00edcitas. Esa fue una de las conclusiones a las que se lleg\u00f3 al t\u00e9rmino [&hellip;]<\/p>\n","protected":false},"author":2,"featured_media":73403,"comment_status":"closed","ping_status":"open","sticky":false,"template":"","format":"standard","meta":{"footnotes":""},"categories":[28],"tags":[],"class_list":["post-73402","post","type-post","status-publish","format-standard","has-post-thumbnail","hentry","category-actualidad"],"yoast_head":"<!-- This site is optimized with the Yoast SEO plugin v26.6 - https:\/\/yoast.com\/wordpress\/plugins\/seo\/ -->\n<title>Cero tolerancia con las disidencias de las Farc -<\/title>\n<meta name=\"robots\" content=\"index, follow, max-snippet:-1, max-image-preview:large, max-video-preview:-1\" \/>\n<link rel=\"canonical\" href=\"https:\/\/luchonoticias.com\/editor\/cero-tolerancia-con-las-disidencias-de-las-farc\/\" \/>\n<meta property=\"og:locale\" content=\"es_ES\" \/>\n<meta property=\"og:type\" content=\"article\" \/>\n<meta property=\"og:title\" content=\"Cero tolerancia con las disidencias de las Farc -\" \/>\n<meta property=\"og:url\" content=\"https:\/\/luchonoticias.com\/editor\/cero-tolerancia-con-las-disidencias-de-las-farc\/\" \/>\n<meta property=\"article:publisher\" content=\"https:\/\/www.facebook.com\/luchonoticiasneiva\" \/>\n<meta property=\"article:published_time\" content=\"2024-05-24T12:15:57+00:00\" \/>\n<meta property=\"og:image\" content=\"https:\/\/luchonoticias.com\/editor\/wp-content\/uploads\/2024\/05\/militares.jpg\" \/>\n\t<meta property=\"og:image:width\" content=\"700\" \/>\n\t<meta property=\"og:image:height\" content=\"400\" \/>\n\t<meta property=\"og:image:type\" content=\"image\/jpeg\" \/>\n<meta name=\"author\" content=\"Editor General\" \/>\n<meta name=\"twitter:card\" content=\"summary_large_image\" \/>\n<meta name=\"twitter:label1\" content=\"Escrito por\" \/>\n\t<meta name=\"twitter:data1\" content=\"Editor General\" \/>\n\t<meta name=\"twitter:label2\" content=\"Tiempo de lectura\" \/>\n\t<meta name=\"twitter:data2\" content=\"2 minutos\" \/>\n<script type=\"application\/ld+json\" class=\"yoast-schema-graph\">{\"@context\":\"https:\/\/schema.org\",\"@graph\":[{\"@type\":\"Article\",\"@id\":\"https:\/\/luchonoticias.com\/editor\/cero-tolerancia-con-las-disidencias-de-las-farc\/#article\",\"isPartOf\":{\"@id\":\"https:\/\/luchonoticias.com\/editor\/cero-tolerancia-con-las-disidencias-de-las-farc\/\"},\"author\":{\"name\":\"Editor General\",\"@id\":\"https:\/\/luchonoticias.com\/editor\/#\/schema\/person\/29217990ddf6f14e35912b2866d591fb\"},\"headline\":\"Cero tolerancia con las disidencias de las Farc\",\"datePublished\":\"2024-05-24T12:15:57+00:00\",\"mainEntityOfPage\":{\"@id\":\"https:\/\/luchonoticias.com\/editor\/cero-tolerancia-con-las-disidencias-de-las-farc\/\"},\"wordCount\":380,\"publisher\":{\"@id\":\"https:\/\/luchonoticias.com\/editor\/#\/schema\/person\/7a7fd911f58561fd056dbac7b55af9cd\"},\"image\":{\"@id\":\"https:\/\/luchonoticias.com\/editor\/cero-tolerancia-con-las-disidencias-de-las-farc\/#primaryimage\"},\"thumbnailUrl\":\"https:\/\/luchonoticias.com\/editor\/wp-content\/uploads\/2024\/05\/militares.jpg\",\"articleSection\":[\"Actualidad\"],\"inLanguage\":\"es\"},{\"@type\":\"WebPage\",\"@id\":\"https:\/\/luchonoticias.com\/editor\/cero-tolerancia-con-las-disidencias-de-las-farc\/\",\"url\":\"https:\/\/luchonoticias.com\/editor\/cero-tolerancia-con-las-disidencias-de-las-farc\/\",\"name\":\"Cero tolerancia con las disidencias de las Farc -\",\"isPartOf\":{\"@id\":\"https:\/\/luchonoticias.com\/editor\/#website\"},\"primaryImageOfPage\":{\"@id\":\"https:\/\/luchonoticias.com\/editor\/cero-tolerancia-con-las-disidencias-de-las-farc\/#primaryimage\"},\"image\":{\"@id\":\"https:\/\/luchonoticias.com\/editor\/cero-tolerancia-con-las-disidencias-de-las-farc\/#primaryimage\"},\"thumbnailUrl\":\"https:\/\/luchonoticias.com\/editor\/wp-content\/uploads\/2024\/05\/militares.jpg\",\"datePublished\":\"2024-05-24T12:15:57+00:00\",\"breadcrumb\":{\"@id\":\"https:\/\/luchonoticias.com\/editor\/cero-tolerancia-con-las-disidencias-de-las-farc\/#breadcrumb\"},\"inLanguage\":\"es\",\"potentialAction\":[{\"@type\":\"ReadAction\",\"target\":[\"https:\/\/luchonoticias.com\/editor\/cero-tolerancia-con-las-disidencias-de-las-farc\/\"]}]},{\"@type\":\"ImageObject\",\"inLanguage\":\"es\",\"@id\":\"https:\/\/luchonoticias.com\/editor\/cero-tolerancia-con-las-disidencias-de-las-farc\/#primaryimage\",\"url\":\"https:\/\/luchonoticias.com\/editor\/wp-content\/uploads\/2024\/05\/militares.jpg\",\"contentUrl\":\"https:\/\/luchonoticias.com\/editor\/wp-content\/uploads\/2024\/05\/militares.jpg\",\"width\":700,\"height\":400},{\"@type\":\"BreadcrumbList\",\"@id\":\"https:\/\/luchonoticias.com\/editor\/cero-tolerancia-con-las-disidencias-de-las-farc\/#breadcrumb\",\"itemListElement\":[{\"@type\":\"ListItem\",\"position\":1,\"name\":\"Portada\",\"item\":\"https:\/\/luchonoticias.com\/editor\/\"},{\"@type\":\"ListItem\",\"position\":2,\"name\":\"Cero tolerancia con las disidencias de las Farc\"}]},{\"@type\":\"WebSite\",\"@id\":\"https:\/\/luchonoticias.com\/editor\/#website\",\"url\":\"https:\/\/luchonoticias.com\/editor\/\",\"name\":\"\",\"description\":\"\",\"publisher\":{\"@id\":\"https:\/\/luchonoticias.com\/editor\/#\/schema\/person\/7a7fd911f58561fd056dbac7b55af9cd\"},\"potentialAction\":[{\"@type\":\"SearchAction\",\"target\":{\"@type\":\"EntryPoint\",\"urlTemplate\":\"https:\/\/luchonoticias.com\/editor\/?s={search_term_string}\"},\"query-input\":{\"@type\":\"PropertyValueSpecification\",\"valueRequired\":true,\"valueName\":\"search_term_string\"}}],\"inLanguage\":\"es\"},{\"@type\":[\"Person\",\"Organization\"],\"@id\":\"https:\/\/luchonoticias.com\/editor\/#\/schema\/person\/7a7fd911f58561fd056dbac7b55af9cd\",\"name\":\"admin\",\"image\":{\"@type\":\"ImageObject\",\"inLanguage\":\"es\",\"@id\":\"https:\/\/luchonoticias.com\/editor\/#\/schema\/person\/image\/\",\"url\":\"https:\/\/luchonoticias.com\/editor\/wp-content\/uploads\/2024\/02\/cropped-cropped-logolu.webp\",\"contentUrl\":\"https:\/\/luchonoticias.com\/editor\/wp-content\/uploads\/2024\/02\/cropped-cropped-logolu.webp\",\"width\":382,\"height\":170,\"caption\":\"admin\"},\"logo\":{\"@id\":\"https:\/\/luchonoticias.com\/editor\/#\/schema\/person\/image\/\"},\"sameAs\":[\"https:\/\/www.facebook.com\/luchonoticiasneiva\"]},{\"@type\":\"Person\",\"@id\":\"https:\/\/luchonoticias.com\/editor\/#\/schema\/person\/29217990ddf6f14e35912b2866d591fb\",\"name\":\"Editor General\",\"image\":{\"@type\":\"ImageObject\",\"inLanguage\":\"es\",\"@id\":\"https:\/\/luchonoticias.com\/editor\/#\/schema\/person\/image\/\",\"url\":\"https:\/\/luchonoticias.com\/editor\/wp-content\/uploads\/2024\/02\/cropped-cropped-logolu-150x150.webp\",\"contentUrl\":\"https:\/\/luchonoticias.com\/editor\/wp-content\/uploads\/2024\/02\/cropped-cropped-logolu-150x150.webp\",\"caption\":\"Editor General\"},\"sameAs\":[\"https:\/\/luchonoticias.com\/\"],\"url\":\"https:\/\/luchonoticias.com\/editor\/author\/editor-general\/\"}]}<\/script>\n<!-- \/ Yoast SEO plugin. -->","yoast_head_json":{"title":"Cero tolerancia con las disidencias de las Farc -","robots":{"index":"index","follow":"follow","max-snippet":"max-snippet:-1","max-image-preview":"max-image-preview:large","max-video-preview":"max-video-preview:-1"},"canonical":"https:\/\/luchonoticias.com\/editor\/cero-tolerancia-con-las-disidencias-de-las-farc\/","og_locale":"es_ES","og_type":"article","og_title":"Cero tolerancia con las disidencias de las Farc -","og_url":"https:\/\/luchonoticias.com\/editor\/cero-tolerancia-con-las-disidencias-de-las-farc\/","article_publisher":"https:\/\/www.facebook.com\/luchonoticiasneiva","article_published_time":"2024-05-24T12:15:57+00:00","og_image":[{"width":700,"height":400,"url":"https:\/\/luchonoticias.com\/editor\/wp-content\/uploads\/2024\/05\/militares.jpg","type":"image\/jpeg"}],"author":"Editor General","twitter_card":"summary_large_image","twitter_misc":{"Escrito por":"Editor General","Tiempo de lectura":"2 minutos"},"schema":{"@context":"https:\/\/schema.org","@graph":[{"@type":"Article","@id":"https:\/\/luchonoticias.com\/editor\/cero-tolerancia-con-las-disidencias-de-las-farc\/#article","isPartOf":{"@id":"https:\/\/luchonoticias.com\/editor\/cero-tolerancia-con-las-disidencias-de-las-farc\/"},"author":{"name":"Editor General","@id":"https:\/\/luchonoticias.com\/editor\/#\/schema\/person\/29217990ddf6f14e35912b2866d591fb"},"headline":"Cero tolerancia con las disidencias de las Farc","datePublished":"2024-05-24T12:15:57+00:00","mainEntityOfPage":{"@id":"https:\/\/luchonoticias.com\/editor\/cero-tolerancia-con-las-disidencias-de-las-farc\/"},"wordCount":380,"publisher":{"@id":"https:\/\/luchonoticias.com\/editor\/#\/schema\/person\/7a7fd911f58561fd056dbac7b55af9cd"},"image":{"@id":"https:\/\/luchonoticias.com\/editor\/cero-tolerancia-con-las-disidencias-de-las-farc\/#primaryimage"},"thumbnailUrl":"https:\/\/luchonoticias.com\/editor\/wp-content\/uploads\/2024\/05\/militares.jpg","articleSection":["Actualidad"],"inLanguage":"es"},{"@type":"WebPage","@id":"https:\/\/luchonoticias.com\/editor\/cero-tolerancia-con-las-disidencias-de-las-farc\/","url":"https:\/\/luchonoticias.com\/editor\/cero-tolerancia-con-las-disidencias-de-las-farc\/","name":"Cero tolerancia con las disidencias de las Farc -","isPartOf":{"@id":"https:\/\/luchonoticias.com\/editor\/#website"},"primaryImageOfPage":{"@id":"https:\/\/luchonoticias.com\/editor\/cero-tolerancia-con-las-disidencias-de-las-farc\/#primaryimage"},"image":{"@id":"https:\/\/luchonoticias.com\/editor\/cero-tolerancia-con-las-disidencias-de-las-farc\/#primaryimage"},"thumbnailUrl":"https:\/\/luchonoticias.com\/editor\/wp-content\/uploads\/2024\/05\/militares.jpg","datePublished":"2024-05-24T12:15:57+00:00","breadcrumb":{"@id":"https:\/\/luchonoticias.com\/editor\/cero-tolerancia-con-las-disidencias-de-las-farc\/#breadcrumb"},"inLanguage":"es","potentialAction":[{"@type":"ReadAction","target":["https:\/\/luchonoticias.com\/editor\/cero-tolerancia-con-las-disidencias-de-las-farc\/"]}]},{"@type":"ImageObject","inLanguage":"es","@id":"https:\/\/luchonoticias.com\/editor\/cero-tolerancia-con-las-disidencias-de-las-farc\/#primaryimage","url":"https:\/\/luchonoticias.com\/editor\/wp-content\/uploads\/2024\/05\/militares.jpg","contentUrl":"https:\/\/luchonoticias.com\/editor\/wp-content\/uploads\/2024\/05\/militares.jpg","width":700,"height":400},{"@type":"BreadcrumbList","@id":"https:\/\/luchonoticias.com\/editor\/cero-tolerancia-con-las-disidencias-de-las-farc\/#breadcrumb","itemListElement":[{"@type":"ListItem","position":1,"name":"Portada","item":"https:\/\/luchonoticias.com\/editor\/"},{"@type":"ListItem","position":2,"name":"Cero tolerancia con las disidencias de las Farc"}]},{"@type":"WebSite","@id":"https:\/\/luchonoticias.com\/editor\/#website","url":"https:\/\/luchonoticias.com\/editor\/","name":"","description":"","publisher":{"@id":"https:\/\/luchonoticias.com\/editor\/#\/schema\/person\/7a7fd911f58561fd056dbac7b55af9cd"},"potentialAction":[{"@type":"SearchAction","target":{"@type":"EntryPoint","urlTemplate":"https:\/\/luchonoticias.com\/editor\/?s={search_term_string}"},"query-input":{"@type":"PropertyValueSpecification","valueRequired":true,"valueName":"search_term_string"}}],"inLanguage":"es"},{"@type":["Person","Organization"],"@id":"https:\/\/luchonoticias.com\/editor\/#\/schema\/person\/7a7fd911f58561fd056dbac7b55af9cd","name":"admin","image":{"@type":"ImageObject","inLanguage":"es","@id":"https:\/\/luchonoticias.com\/editor\/#\/schema\/person\/image\/","url":"https:\/\/luchonoticias.com\/editor\/wp-content\/uploads\/2024\/02\/cropped-cropped-logolu.webp","contentUrl":"https:\/\/luchonoticias.com\/editor\/wp-content\/uploads\/2024\/02\/cropped-cropped-logolu.webp","width":382,"height":170,"caption":"admin"},"logo":{"@id":"https:\/\/luchonoticias.com\/editor\/#\/schema\/person\/image\/"},"sameAs":["https:\/\/www.facebook.com\/luchonoticiasneiva"]},{"@type":"Person","@id":"https:\/\/luchonoticias.com\/editor\/#\/schema\/person\/29217990ddf6f14e35912b2866d591fb","name":"Editor General","image":{"@type":"ImageObject","inLanguage":"es","@id":"https:\/\/luchonoticias.com\/editor\/#\/schema\/person\/image\/","url":"https:\/\/luchonoticias.com\/editor\/wp-content\/uploads\/2024\/02\/cropped-cropped-logolu-150x150.webp","contentUrl":"https:\/\/luchonoticias.com\/editor\/wp-content\/uploads\/2024\/02\/cropped-cropped-logolu-150x150.webp","caption":"Editor General"},"sameAs":["https:\/\/luchonoticias.com\/"],"url":"https:\/\/luchonoticias.com\/editor\/author\/editor-general\/"}]}},"_links":{"self":[{"href":"https:\/\/luchonoticias.com\/editor\/wp-json\/wp\/v2\/posts\/73402","targetHints":{"allow":["GET"]}}],"collection":[{"href":"https:\/\/luchonoticias.com\/editor\/wp-json\/wp\/v2\/posts"}],"about":[{"href":"https:\/\/luchonoticias.com\/editor\/wp-json\/wp\/v2\/types\/post"}],"author":[{"embeddable":true,"href":"https:\/\/luchonoticias.com\/editor\/wp-json\/wp\/v2\/users\/2"}],"replies":[{"embeddable":true,"href":"https:\/\/luchonoticias.com\/editor\/wp-json\/wp\/v2\/comments?post=73402"}],"version-history":[{"count":0,"href":"https:\/\/luchonoticias.com\/editor\/wp-json\/wp\/v2\/posts\/73402\/revisions"}],"wp:featuredmedia":[{"embeddable":true,"href":"https:\/\/luchonoticias.com\/editor\/wp-json\/wp\/v2\/media\/73403"}],"wp:attachment":[{"href":"https:\/\/luchonoticias.com\/editor\/wp-json\/wp\/v2\/media?parent=73402"}],"wp:term":[{"taxonomy":"category","embeddable":true,"href":"https:\/\/luchonoticias.com\/editor\/wp-json\/wp\/v2\/categories?post=73402"},{"taxonomy":"post_tag","embeddable":true,"href":"https:\/\/luchonoticias.com\/editor\/wp-json\/wp\/v2\/tags?post=73402"}],"curies":[{"name":"wp","href":"https:\/\/api.w.org\/{rel}","templated":true}]}}