{"id":73405,"date":"2024-05-24T07:49:51","date_gmt":"2024-05-24T12:49:51","guid":{"rendered":"https:\/\/luchonoticias.com\/?p=73405"},"modified":"2024-05-24T07:49:51","modified_gmt":"2024-05-24T12:49:51","slug":"alcalde-de-neiva-con-nuevas-facultades","status":"publish","type":"post","link":"https:\/\/luchonoticias.com\/editor\/alcalde-de-neiva-con-nuevas-facultades\/","title":{"rendered":"Alcalde de Neiva con nuevas facultades"},"content":{"rendered":"<p>Fue aprobado para sanci\u00f3n y publicaci\u00f3n, el acuerdo para adelantar la modernizaci\u00f3n de la administraci\u00f3n central; el Proyecto de Acuerdo 010 \u201dPor medio del cual se concede facultades pro tempore al alcalde del municipio de Neiva para adelantar la modernizaci\u00f3n de la administraci\u00f3n central del municipio y se dictan otras medidas\u201d, dio ponencia positiva presentada por el concejal Miller Osorio Montenegro y atendida por el Alcalde de Neiva en la Corporaci\u00f3n Concejo de Neiva.<\/p>\n<p>Durante la sesi\u00f3n, los concejales Alejandro Serna Serna, Dagoberto G\u00f3mez M\u00e9ndez, Jes\u00fas Andr\u00e9s Garz\u00f3n Roa y Roberto Escobar, presentaron solicitud para declararse impedidos en la votaci\u00f3n del proyecto de estudio por presentar alg\u00fan tipo de conflicto de inter\u00e9s. Asimismo, el concejal Johan Steed Ortiz, hab\u00eda presentado la misma solicitud, en el primer estudio en sesi\u00f3n, en comisi\u00f3n, lo cual y cumpliendo con el reglamento interno del Concejo, aplica nuevamente para el segundo debate.<\/p>\n<p>El encuentro fue presidido por el Alcalde de Neiva, Germ\u00e1n Casagua Bonilla, quien indic\u00f3 \u201chay secretar\u00edas que consideramos no son necesarias y m\u00e1s en este momento donde el municipio viene presentando un problema financiero enorme. Secretar\u00edas como la Privada que ven\u00eda adscrita al despacho del alcalde o la uni\u00f3n, que es nuestra propuesta, de unir Secretar\u00eda de TIC con Competitividad\u201d.<\/p>\n<p>De igual forma, el mandatario de los neivanos agreg\u00f3, \u201cpero aqu\u00ed lo que qued\u00f3 claro es que este objetivo que tiene la administraci\u00f3n municipal, es poder reducir los gastos de funcionamiento para poder destinarlos a inversi\u00f3n en mantenimiento de v\u00edas, mejoramiento de la seguridad, de parques, de salones comunitarios, toda esa inversi\u00f3n es a donde queremos que los recursos vayan dirigidos\u201d.<\/p>\n<p>Las votaciones se presentaron de la siguiente manera:<\/p>\n<p>Siete (7) votos positivos, Cristhian Bautista, Juan Sebasti\u00e1n Camacho, Miller Osorio Montenegro, Juan Carlos Parada, Sebasti\u00e1n Prieto, Felix Felipe Trujillo y Ramiro Vidal.<\/p>\n<p>Cuatro (4) votos negativos, Juan Diego Amaya Palencia, Lourdes Paola Mateus, H\u00e9ctor Javier Osorio Botello y Lu\u00eds Humberto Perdomo.<\/p>\n<p>Cinco (5) concejales declarados impedidos, Johan Steed Ort\u00edz, Dagoberto G\u00f3mez M\u00e9ndez, Alejandro Serna, Jes\u00fas Andr\u00e9s Garz\u00f3n, Roberto Escobar Beltr\u00e1n.<\/p>\n<p>Uno (1) ausente, Camilo Perdomo Arenas.<\/p>\n<p>Por su parte, el concejal Miller Osorio, ponente del proyecto, expres\u00f3, \u201cla tranquilidad es que de esta forma vamos a mejorar las finanzas y esos dineros que se estaban gastando injustificadamente se puedan destinar para pagar esa cantidad de obligaciones financieras que tenemos\u201d.<\/p>\n<p>Asimismo, el cabildante sum\u00f3 que \u201chemos demostrado que ese proyecto es conveniente, tiene viabilidad y si es necesario para buscar una alternativa al municipio de Neiva para bajar esa carga burocr\u00e1tica y tener recursos suficientes para poder tambi\u00e9n pagar esa cantidad de empr\u00e9stitos, cantidad de compromisos financieros que se tiene con la entidad y poder recuperar nuevamente la armon\u00eda del municipio de Neiva, tanto en lo econ\u00f3mico como en la planta de personal\u201d.<\/p>\n<p>Por su parte, el presidente del Concejo de Neiva, Juan Diego Amaya, manifest\u00f3 su voto negativo al proyecto de acuerdo. \u201cYo lo vot\u00e9 negativo principalmente porque es una facultad y desde siempre manifest\u00e9 que no estoy de acuerdo con las facultades, con todo el gusto alleguen a la Corporaci\u00f3n el estudio donde se evidencia la reducci\u00f3n en los costos de funcionamiento y mi voto hubiera sido positivo en ese caso, es un proyecto de acuerdo legal, es una decisi\u00f3n pol\u00edtica de cada uno de los concejales, as\u00ed como fue una decisi\u00f3n pol\u00edtica de la administraci\u00f3n presentar facultades y no el estudio y, fue una decisi\u00f3n pol\u00edtica m\u00eda la de votar negativo la solicitud de facultades, no estoy en contra de la reducci\u00f3n de costos de funcionamiento, pero s\u00ed en contra de la otorgaci\u00f3n de facultades\u201d.<\/p>\n","protected":false},"excerpt":{"rendered":"<p>Fue aprobado para sanci\u00f3n y publicaci\u00f3n, el acuerdo para adelantar la modernizaci\u00f3n de la administraci\u00f3n central; el Proyecto de Acuerdo 010 \u201dPor medio del cual se concede facultades pro tempore al alcalde del municipio de Neiva para adelantar la modernizaci\u00f3n de la administraci\u00f3n central del municipio y se dictan otras medidas\u201d, dio ponencia positiva presentada [&hellip;]<\/p>\n","protected":false},"author":2,"featured_media":73406,"comment_status":"closed","ping_status":"open","sticky":false,"template":"","format":"standard","meta":{"footnotes":""},"categories":[31],"tags":[],"class_list":["post-73405","post","type-post","status-publish","format-standard","has-post-thumbnail","hentry","category-local"],"yoast_head":"<!-- This site is optimized with the Yoast SEO plugin v26.6 - https:\/\/yoast.com\/wordpress\/plugins\/seo\/ -->\n<title>Alcalde de Neiva con nuevas facultades -<\/title>\n<meta name=\"robots\" content=\"index, follow, max-snippet:-1, max-image-preview:large, max-video-preview:-1\" \/>\n<link rel=\"canonical\" href=\"https:\/\/luchonoticias.com\/editor\/alcalde-de-neiva-con-nuevas-facultades\/\" \/>\n<meta property=\"og:locale\" content=\"es_ES\" \/>\n<meta property=\"og:type\" content=\"article\" \/>\n<meta property=\"og:title\" content=\"Alcalde de Neiva con nuevas facultades -\" \/>\n<meta property=\"og:url\" content=\"https:\/\/luchonoticias.com\/editor\/alcalde-de-neiva-con-nuevas-facultades\/\" \/>\n<meta property=\"article:publisher\" content=\"https:\/\/www.facebook.com\/luchonoticiasneiva\" \/>\n<meta property=\"article:published_time\" content=\"2024-05-24T12:49:51+00:00\" \/>\n<meta property=\"og:image\" content=\"https:\/\/luchonoticias.com\/editor\/wp-content\/uploads\/2024\/05\/WhatsApp-Image-2024-05-24-at-07.47.39.jpeg\" \/>\n\t<meta property=\"og:image:width\" content=\"1600\" \/>\n\t<meta property=\"og:image:height\" content=\"1200\" \/>\n\t<meta property=\"og:image:type\" content=\"image\/jpeg\" \/>\n<meta name=\"author\" content=\"Editor General\" \/>\n<meta name=\"twitter:card\" content=\"summary_large_image\" \/>\n<meta name=\"twitter:label1\" content=\"Escrito por\" \/>\n\t<meta name=\"twitter:data1\" content=\"Editor General\" \/>\n\t<meta name=\"twitter:label2\" content=\"Tiempo de lectura\" \/>\n\t<meta name=\"twitter:data2\" content=\"3 minutos\" \/>\n<script type=\"application\/ld+json\" class=\"yoast-schema-graph\">{\"@context\":\"https:\/\/schema.org\",\"@graph\":[{\"@type\":\"Article\",\"@id\":\"https:\/\/luchonoticias.com\/editor\/alcalde-de-neiva-con-nuevas-facultades\/#article\",\"isPartOf\":{\"@id\":\"https:\/\/luchonoticias.com\/editor\/alcalde-de-neiva-con-nuevas-facultades\/\"},\"author\":{\"name\":\"Editor General\",\"@id\":\"https:\/\/luchonoticias.com\/editor\/#\/schema\/person\/29217990ddf6f14e35912b2866d591fb\"},\"headline\":\"Alcalde de Neiva con nuevas facultades\",\"datePublished\":\"2024-05-24T12:49:51+00:00\",\"mainEntityOfPage\":{\"@id\":\"https:\/\/luchonoticias.com\/editor\/alcalde-de-neiva-con-nuevas-facultades\/\"},\"wordCount\":653,\"publisher\":{\"@id\":\"https:\/\/luchonoticias.com\/editor\/#\/schema\/person\/7a7fd911f58561fd056dbac7b55af9cd\"},\"image\":{\"@id\":\"https:\/\/luchonoticias.com\/editor\/alcalde-de-neiva-con-nuevas-facultades\/#primaryimage\"},\"thumbnailUrl\":\"https:\/\/luchonoticias.com\/editor\/wp-content\/uploads\/2024\/05\/WhatsApp-Image-2024-05-24-at-07.47.39.jpeg\",\"articleSection\":[\"Local\"],\"inLanguage\":\"es\"},{\"@type\":\"WebPage\",\"@id\":\"https:\/\/luchonoticias.com\/editor\/alcalde-de-neiva-con-nuevas-facultades\/\",\"url\":\"https:\/\/luchonoticias.com\/editor\/alcalde-de-neiva-con-nuevas-facultades\/\",\"name\":\"Alcalde de Neiva con nuevas facultades -\",\"isPartOf\":{\"@id\":\"https:\/\/luchonoticias.com\/editor\/#website\"},\"primaryImageOfPage\":{\"@id\":\"https:\/\/luchonoticias.com\/editor\/alcalde-de-neiva-con-nuevas-facultades\/#primaryimage\"},\"image\":{\"@id\":\"https:\/\/luchonoticias.com\/editor\/alcalde-de-neiva-con-nuevas-facultades\/#primaryimage\"},\"thumbnailUrl\":\"https:\/\/luchonoticias.com\/editor\/wp-content\/uploads\/2024\/05\/WhatsApp-Image-2024-05-24-at-07.47.39.jpeg\",\"datePublished\":\"2024-05-24T12:49:51+00:00\",\"breadcrumb\":{\"@id\":\"https:\/\/luchonoticias.com\/editor\/alcalde-de-neiva-con-nuevas-facultades\/#breadcrumb\"},\"inLanguage\":\"es\",\"potentialAction\":[{\"@type\":\"ReadAction\",\"target\":[\"https:\/\/luchonoticias.com\/editor\/alcalde-de-neiva-con-nuevas-facultades\/\"]}]},{\"@type\":\"ImageObject\",\"inLanguage\":\"es\",\"@id\":\"https:\/\/luchonoticias.com\/editor\/alcalde-de-neiva-con-nuevas-facultades\/#primaryimage\",\"url\":\"https:\/\/luchonoticias.com\/editor\/wp-content\/uploads\/2024\/05\/WhatsApp-Image-2024-05-24-at-07.47.39.jpeg\",\"contentUrl\":\"https:\/\/luchonoticias.com\/editor\/wp-content\/uploads\/2024\/05\/WhatsApp-Image-2024-05-24-at-07.47.39.jpeg\",\"width\":1600,\"height\":1200},{\"@type\":\"BreadcrumbList\",\"@id\":\"https:\/\/luchonoticias.com\/editor\/alcalde-de-neiva-con-nuevas-facultades\/#breadcrumb\",\"itemListElement\":[{\"@type\":\"ListItem\",\"position\":1,\"name\":\"Portada\",\"item\":\"https:\/\/luchonoticias.com\/editor\/\"},{\"@type\":\"ListItem\",\"position\":2,\"name\":\"Alcalde de Neiva con nuevas facultades\"}]},{\"@type\":\"WebSite\",\"@id\":\"https:\/\/luchonoticias.com\/editor\/#website\",\"url\":\"https:\/\/luchonoticias.com\/editor\/\",\"name\":\"\",\"description\":\"\",\"publisher\":{\"@id\":\"https:\/\/luchonoticias.com\/editor\/#\/schema\/person\/7a7fd911f58561fd056dbac7b55af9cd\"},\"potentialAction\":[{\"@type\":\"SearchAction\",\"target\":{\"@type\":\"EntryPoint\",\"urlTemplate\":\"https:\/\/luchonoticias.com\/editor\/?s={search_term_string}\"},\"query-input\":{\"@type\":\"PropertyValueSpecification\",\"valueRequired\":true,\"valueName\":\"search_term_string\"}}],\"inLanguage\":\"es\"},{\"@type\":[\"Person\",\"Organization\"],\"@id\":\"https:\/\/luchonoticias.com\/editor\/#\/schema\/person\/7a7fd911f58561fd056dbac7b55af9cd\",\"name\":\"admin\",\"image\":{\"@type\":\"ImageObject\",\"inLanguage\":\"es\",\"@id\":\"https:\/\/luchonoticias.com\/editor\/#\/schema\/person\/image\/\",\"url\":\"https:\/\/luchonoticias.com\/editor\/wp-content\/uploads\/2024\/02\/cropped-cropped-logolu.webp\",\"contentUrl\":\"https:\/\/luchonoticias.com\/editor\/wp-content\/uploads\/2024\/02\/cropped-cropped-logolu.webp\",\"width\":382,\"height\":170,\"caption\":\"admin\"},\"logo\":{\"@id\":\"https:\/\/luchonoticias.com\/editor\/#\/schema\/person\/image\/\"},\"sameAs\":[\"https:\/\/www.facebook.com\/luchonoticiasneiva\"]},{\"@type\":\"Person\",\"@id\":\"https:\/\/luchonoticias.com\/editor\/#\/schema\/person\/29217990ddf6f14e35912b2866d591fb\",\"name\":\"Editor General\",\"image\":{\"@type\":\"ImageObject\",\"inLanguage\":\"es\",\"@id\":\"https:\/\/luchonoticias.com\/editor\/#\/schema\/person\/image\/\",\"url\":\"https:\/\/luchonoticias.com\/editor\/wp-content\/uploads\/2024\/02\/cropped-cropped-logolu-150x150.webp\",\"contentUrl\":\"https:\/\/luchonoticias.com\/editor\/wp-content\/uploads\/2024\/02\/cropped-cropped-logolu-150x150.webp\",\"caption\":\"Editor General\"},\"sameAs\":[\"https:\/\/luchonoticias.com\/\"],\"url\":\"https:\/\/luchonoticias.com\/editor\/author\/editor-general\/\"}]}<\/script>\n<!-- \/ Yoast SEO plugin. -->","yoast_head_json":{"title":"Alcalde de Neiva con nuevas facultades -","robots":{"index":"index","follow":"follow","max-snippet":"max-snippet:-1","max-image-preview":"max-image-preview:large","max-video-preview":"max-video-preview:-1"},"canonical":"https:\/\/luchonoticias.com\/editor\/alcalde-de-neiva-con-nuevas-facultades\/","og_locale":"es_ES","og_type":"article","og_title":"Alcalde de Neiva con nuevas facultades -","og_url":"https:\/\/luchonoticias.com\/editor\/alcalde-de-neiva-con-nuevas-facultades\/","article_publisher":"https:\/\/www.facebook.com\/luchonoticiasneiva","article_published_time":"2024-05-24T12:49:51+00:00","og_image":[{"width":1600,"height":1200,"url":"https:\/\/luchonoticias.com\/editor\/wp-content\/uploads\/2024\/05\/WhatsApp-Image-2024-05-24-at-07.47.39.jpeg","type":"image\/jpeg"}],"author":"Editor General","twitter_card":"summary_large_image","twitter_misc":{"Escrito por":"Editor General","Tiempo de lectura":"3 minutos"},"schema":{"@context":"https:\/\/schema.org","@graph":[{"@type":"Article","@id":"https:\/\/luchonoticias.com\/editor\/alcalde-de-neiva-con-nuevas-facultades\/#article","isPartOf":{"@id":"https:\/\/luchonoticias.com\/editor\/alcalde-de-neiva-con-nuevas-facultades\/"},"author":{"name":"Editor General","@id":"https:\/\/luchonoticias.com\/editor\/#\/schema\/person\/29217990ddf6f14e35912b2866d591fb"},"headline":"Alcalde de Neiva con nuevas facultades","datePublished":"2024-05-24T12:49:51+00:00","mainEntityOfPage":{"@id":"https:\/\/luchonoticias.com\/editor\/alcalde-de-neiva-con-nuevas-facultades\/"},"wordCount":653,"publisher":{"@id":"https:\/\/luchonoticias.com\/editor\/#\/schema\/person\/7a7fd911f58561fd056dbac7b55af9cd"},"image":{"@id":"https:\/\/luchonoticias.com\/editor\/alcalde-de-neiva-con-nuevas-facultades\/#primaryimage"},"thumbnailUrl":"https:\/\/luchonoticias.com\/editor\/wp-content\/uploads\/2024\/05\/WhatsApp-Image-2024-05-24-at-07.47.39.jpeg","articleSection":["Local"],"inLanguage":"es"},{"@type":"WebPage","@id":"https:\/\/luchonoticias.com\/editor\/alcalde-de-neiva-con-nuevas-facultades\/","url":"https:\/\/luchonoticias.com\/editor\/alcalde-de-neiva-con-nuevas-facultades\/","name":"Alcalde de Neiva con nuevas facultades -","isPartOf":{"@id":"https:\/\/luchonoticias.com\/editor\/#website"},"primaryImageOfPage":{"@id":"https:\/\/luchonoticias.com\/editor\/alcalde-de-neiva-con-nuevas-facultades\/#primaryimage"},"image":{"@id":"https:\/\/luchonoticias.com\/editor\/alcalde-de-neiva-con-nuevas-facultades\/#primaryimage"},"thumbnailUrl":"https:\/\/luchonoticias.com\/editor\/wp-content\/uploads\/2024\/05\/WhatsApp-Image-2024-05-24-at-07.47.39.jpeg","datePublished":"2024-05-24T12:49:51+00:00","breadcrumb":{"@id":"https:\/\/luchonoticias.com\/editor\/alcalde-de-neiva-con-nuevas-facultades\/#breadcrumb"},"inLanguage":"es","potentialAction":[{"@type":"ReadAction","target":["https:\/\/luchonoticias.com\/editor\/alcalde-de-neiva-con-nuevas-facultades\/"]}]},{"@type":"ImageObject","inLanguage":"es","@id":"https:\/\/luchonoticias.com\/editor\/alcalde-de-neiva-con-nuevas-facultades\/#primaryimage","url":"https:\/\/luchonoticias.com\/editor\/wp-content\/uploads\/2024\/05\/WhatsApp-Image-2024-05-24-at-07.47.39.jpeg","contentUrl":"https:\/\/luchonoticias.com\/editor\/wp-content\/uploads\/2024\/05\/WhatsApp-Image-2024-05-24-at-07.47.39.jpeg","width":1600,"height":1200},{"@type":"BreadcrumbList","@id":"https:\/\/luchonoticias.com\/editor\/alcalde-de-neiva-con-nuevas-facultades\/#breadcrumb","itemListElement":[{"@type":"ListItem","position":1,"name":"Portada","item":"https:\/\/luchonoticias.com\/editor\/"},{"@type":"ListItem","position":2,"name":"Alcalde de Neiva con nuevas facultades"}]},{"@type":"WebSite","@id":"https:\/\/luchonoticias.com\/editor\/#website","url":"https:\/\/luchonoticias.com\/editor\/","name":"","description":"","publisher":{"@id":"https:\/\/luchonoticias.com\/editor\/#\/schema\/person\/7a7fd911f58561fd056dbac7b55af9cd"},"potentialAction":[{"@type":"SearchAction","target":{"@type":"EntryPoint","urlTemplate":"https:\/\/luchonoticias.com\/editor\/?s={search_term_string}"},"query-input":{"@type":"PropertyValueSpecification","valueRequired":true,"valueName":"search_term_string"}}],"inLanguage":"es"},{"@type":["Person","Organization"],"@id":"https:\/\/luchonoticias.com\/editor\/#\/schema\/person\/7a7fd911f58561fd056dbac7b55af9cd","name":"admin","image":{"@type":"ImageObject","inLanguage":"es","@id":"https:\/\/luchonoticias.com\/editor\/#\/schema\/person\/image\/","url":"https:\/\/luchonoticias.com\/editor\/wp-content\/uploads\/2024\/02\/cropped-cropped-logolu.webp","contentUrl":"https:\/\/luchonoticias.com\/editor\/wp-content\/uploads\/2024\/02\/cropped-cropped-logolu.webp","width":382,"height":170,"caption":"admin"},"logo":{"@id":"https:\/\/luchonoticias.com\/editor\/#\/schema\/person\/image\/"},"sameAs":["https:\/\/www.facebook.com\/luchonoticiasneiva"]},{"@type":"Person","@id":"https:\/\/luchonoticias.com\/editor\/#\/schema\/person\/29217990ddf6f14e35912b2866d591fb","name":"Editor General","image":{"@type":"ImageObject","inLanguage":"es","@id":"https:\/\/luchonoticias.com\/editor\/#\/schema\/person\/image\/","url":"https:\/\/luchonoticias.com\/editor\/wp-content\/uploads\/2024\/02\/cropped-cropped-logolu-150x150.webp","contentUrl":"https:\/\/luchonoticias.com\/editor\/wp-content\/uploads\/2024\/02\/cropped-cropped-logolu-150x150.webp","caption":"Editor General"},"sameAs":["https:\/\/luchonoticias.com\/"],"url":"https:\/\/luchonoticias.com\/editor\/author\/editor-general\/"}]}},"_links":{"self":[{"href":"https:\/\/luchonoticias.com\/editor\/wp-json\/wp\/v2\/posts\/73405","targetHints":{"allow":["GET"]}}],"collection":[{"href":"https:\/\/luchonoticias.com\/editor\/wp-json\/wp\/v2\/posts"}],"about":[{"href":"https:\/\/luchonoticias.com\/editor\/wp-json\/wp\/v2\/types\/post"}],"author":[{"embeddable":true,"href":"https:\/\/luchonoticias.com\/editor\/wp-json\/wp\/v2\/users\/2"}],"replies":[{"embeddable":true,"href":"https:\/\/luchonoticias.com\/editor\/wp-json\/wp\/v2\/comments?post=73405"}],"version-history":[{"count":0,"href":"https:\/\/luchonoticias.com\/editor\/wp-json\/wp\/v2\/posts\/73405\/revisions"}],"wp:featuredmedia":[{"embeddable":true,"href":"https:\/\/luchonoticias.com\/editor\/wp-json\/wp\/v2\/media\/73406"}],"wp:attachment":[{"href":"https:\/\/luchonoticias.com\/editor\/wp-json\/wp\/v2\/media?parent=73405"}],"wp:term":[{"taxonomy":"category","embeddable":true,"href":"https:\/\/luchonoticias.com\/editor\/wp-json\/wp\/v2\/categories?post=73405"},{"taxonomy":"post_tag","embeddable":true,"href":"https:\/\/luchonoticias.com\/editor\/wp-json\/wp\/v2\/tags?post=73405"}],"curies":[{"name":"wp","href":"https:\/\/api.w.org\/{rel}","templated":true}]}}