{"id":73410,"date":"2024-05-24T13:55:53","date_gmt":"2024-05-24T18:55:53","guid":{"rendered":"https:\/\/luchonoticias.com\/?p=73410"},"modified":"2024-05-24T13:55:53","modified_gmt":"2024-05-24T18:55:53","slug":"neiva-celebro-sus-412-anos","status":"publish","type":"post","link":"https:\/\/luchonoticias.com\/editor\/neiva-celebro-sus-412-anos\/","title":{"rendered":"Neiva celebr\u00f3 sus 412 a\u00f1os"},"content":{"rendered":"<p>Sobre las 7:00 a.m. los asistentes al festejo del cumplea\u00f1os de la ciudad arribaron al Templo Colonial de Neiva, donde se dio inicio a la eucarist\u00eda en conmemoraci\u00f3n de los 412 a\u00f1os de fundaci\u00f3n de la capital del r\u00edo Magdalena.<\/p>\n<p>Una vez finalizada la celebraci\u00f3n religiosa la comunidad se desplaz\u00f3 hasta el Parque Santander donde a las 8:00 a.m. en el Busto del fundador de Neiva, se realiz\u00f3 la ofrenda floral y la condecoraci\u00f3n Diego de Ospina y Medinilla, condecoraci\u00f3n Cacica Gaitana y condecoraci\u00f3n Escudo de Neiva.<\/p>\n<p>\u201cEn esta fecha tan especial 24 de mayo en donde hoy Neiva est\u00e1 de fiesta, est\u00e1 de cumplea\u00f1os y son 412 a\u00f1os, en donde empezamos este hermoso d\u00eda dando gracias a Dios, encomend\u00e1ndonos, para que cada una de nuestras decisiones sean guiadas por Dios\u201d, expres\u00f3 Germ\u00e1n Casagua, Alcalde de Neiva.<\/p>\n<p><img loading=\"lazy\" decoding=\"async\" class=\"alignnone wp-image-73412\" src=\"https:\/\/luchonoticias.com\/wp-content\/uploads\/2024\/05\/WhatsApp-Image-2024-05-24-at-12.31.34-300x175.jpeg\" alt=\"\" width=\"700\" height=\"407\" srcset=\"https:\/\/luchonoticias.com\/editor\/wp-content\/uploads\/2024\/05\/WhatsApp-Image-2024-05-24-at-12.31.34-300x175.jpeg 300w, https:\/\/luchonoticias.com\/editor\/wp-content\/uploads\/2024\/05\/WhatsApp-Image-2024-05-24-at-12.31.34-1024x596.jpeg 1024w, https:\/\/luchonoticias.com\/editor\/wp-content\/uploads\/2024\/05\/WhatsApp-Image-2024-05-24-at-12.31.34-768x447.jpeg 768w, https:\/\/luchonoticias.com\/editor\/wp-content\/uploads\/2024\/05\/WhatsApp-Image-2024-05-24-at-12.31.34-1536x894.jpeg 1536w, https:\/\/luchonoticias.com\/editor\/wp-content\/uploads\/2024\/05\/WhatsApp-Image-2024-05-24-at-12.31.34-2048x1192.jpeg 2048w\" sizes=\"auto, (max-width: 700px) 100vw, 700px\" \/><\/p>\n<p><strong>Condecorados Diego de Ospina y Medinilla<\/strong><\/p>\n<p>M\u00e9rito Cultural<br \/>\n-Guillermo Valencia.<\/p>\n<p>M\u00e9rito Educativo<br \/>\n-Instituci\u00f3n Educativa Nacional Santa Librada<\/p>\n<p>M\u00e9rito Empresarial<br \/>\n-J.GOMEZ.A.S.AS<\/p>\n<p>M\u00e9rito Comunitario<br \/>\n-Orlando Medina Devia<\/p>\n<p>M\u00e9rito C\u00edvico<\/p>\n<p>-Fundaci\u00f3n Medilaser<\/p>\n<p><strong>Condecorados Cacica Gaitana<\/strong><\/p>\n<p>-Se\u00f1or Teniente Coronel Edwin Dar\u00edo Uribe Le\u00f3n, Comandante del Batallon de Artiller\u00eda de Campa\u00f1a N\u00b09 \u2018Tenerife\u2019 del Ej\u00e9rcito Nacional<\/p>\n<p>-Se\u00f1or Coronel Pedro Pablo Le\u00f3n Silva, comandante Novena Brigada del Ej\u00e9rcito Nacional<\/p>\n<p>-Se\u00f1or Coronel Alexander Castillo Mar\u00edn, Comandante de la Polic\u00eda Metropolitana de Neiva.<\/p>\n<p><img loading=\"lazy\" decoding=\"async\" class=\"alignnone wp-image-73413\" src=\"https:\/\/luchonoticias.com\/wp-content\/uploads\/2024\/05\/WhatsApp-Image-2024-05-24-at-12.31.34-1-300x200.jpeg\" alt=\"\" width=\"700\" height=\"467\" srcset=\"https:\/\/luchonoticias.com\/editor\/wp-content\/uploads\/2024\/05\/WhatsApp-Image-2024-05-24-at-12.31.34-1-300x200.jpeg 300w, https:\/\/luchonoticias.com\/editor\/wp-content\/uploads\/2024\/05\/WhatsApp-Image-2024-05-24-at-12.31.34-1-1024x683.jpeg 1024w, https:\/\/luchonoticias.com\/editor\/wp-content\/uploads\/2024\/05\/WhatsApp-Image-2024-05-24-at-12.31.34-1-768x512.jpeg 768w, https:\/\/luchonoticias.com\/editor\/wp-content\/uploads\/2024\/05\/WhatsApp-Image-2024-05-24-at-12.31.34-1-1536x1024.jpeg 1536w, https:\/\/luchonoticias.com\/editor\/wp-content\/uploads\/2024\/05\/WhatsApp-Image-2024-05-24-at-12.31.34-1-2048x1366.jpeg 2048w\" sizes=\"auto, (max-width: 700px) 100vw, 700px\" \/><\/p>\n<p><strong>Condecorados Escudo de Neiva<\/strong><\/p>\n<p>&#8211; Doctor. Vladimir Fern\u00e1ndez Andrade, Magistrado de la Corte Constitucional.<\/p>\n<p>&#8211; Doctor. Milton Fernando Ch\u00e1vez Garc\u00eda, Magistrado del Consejo de Estado.<\/p>\n<p>-Doctora. Mar\u00eda del Pilar Baham\u00f3n Falla. Magistrada del Consejo de Estado- Sala de Consulta y Servicio Civil.<\/p>\n<p>&#8211; Doctor, Hernando S\u00e1nchez S\u00e1nchez. Magistrado del Consejo de Estado.<\/p>\n<p>Es de precisar que mientras se realizaba el acto de la ofrenda floral, en el Recinto Ferial, comenz\u00f3 el desfile C\u00edvico y Folcl\u00f3rico \u2018Neiva Te Ama\u2019, el cual se desplaz\u00f3 por la carrera Cuarta y finaliz\u00f3 en la Catedral de la Inmaculada Concepci\u00f3n, all\u00ed la alegr\u00eda y el sentido de pertenencia por la ciudad se vio reflejado en todos los neivanos, quienes acompa\u00f1ados de sus familiares y amigos disfrutaron de esta celebraci\u00f3n.<\/p>\n<p>En el desfile participaron un total de diez colegios que con sus bandas marciales, hicieron presencia en el lugar interpretando diversos temas, asimismo, la Polic\u00eda Nacional y el Ej\u00e9rcito Nacional tambi\u00e9n hicieron parte en esta gran actividad de festejo, generando m\u00fasica, alegr\u00eda y patriotismo.<\/p>\n<p>\u201cEl mensaje para toda la ciudadan\u00eda es que tenemos que unirnos, pensar en qu\u00e9 definitivamente podemos construir una ciudad que queremos, es nuestro hogar, es la ciudad que nos ha brindado todo el cari\u00f1o y debemos regresarle algo de ese amor que ella nos ha dado\u201d, sostuvo Tania Beatriz Pe\u00f1afiel Espa\u00f1a, secretaria de Cultura.<\/p>\n","protected":false},"excerpt":{"rendered":"<p>Sobre las 7:00 a.m. los asistentes al festejo del cumplea\u00f1os de la ciudad arribaron al Templo Colonial de Neiva, donde se dio inicio a la eucarist\u00eda en conmemoraci\u00f3n de los 412 a\u00f1os de fundaci\u00f3n de la capital del r\u00edo Magdalena. Una vez finalizada la celebraci\u00f3n religiosa la comunidad se desplaz\u00f3 hasta el Parque Santander donde [&hellip;]<\/p>\n","protected":false},"author":2,"featured_media":73411,"comment_status":"closed","ping_status":"open","sticky":false,"template":"","format":"standard","meta":{"footnotes":""},"categories":[31],"tags":[],"class_list":["post-73410","post","type-post","status-publish","format-standard","has-post-thumbnail","hentry","category-local"],"yoast_head":"<!-- This site is optimized with the Yoast SEO plugin v26.6 - https:\/\/yoast.com\/wordpress\/plugins\/seo\/ -->\n<title>Neiva celebr\u00f3 sus 412 a\u00f1os -<\/title>\n<meta name=\"robots\" content=\"index, follow, max-snippet:-1, max-image-preview:large, max-video-preview:-1\" \/>\n<link rel=\"canonical\" href=\"https:\/\/luchonoticias.com\/editor\/neiva-celebro-sus-412-anos\/\" \/>\n<meta property=\"og:locale\" content=\"es_ES\" \/>\n<meta property=\"og:type\" content=\"article\" \/>\n<meta property=\"og:title\" content=\"Neiva celebr\u00f3 sus 412 a\u00f1os -\" \/>\n<meta property=\"og:url\" content=\"https:\/\/luchonoticias.com\/editor\/neiva-celebro-sus-412-anos\/\" \/>\n<meta property=\"article:publisher\" content=\"https:\/\/www.facebook.com\/luchonoticiasneiva\" \/>\n<meta property=\"article:published_time\" content=\"2024-05-24T18:55:53+00:00\" \/>\n<meta property=\"og:image\" content=\"https:\/\/luchonoticias.com\/editor\/wp-content\/uploads\/2024\/05\/cumpleanos-neiva.jpg\" \/>\n\t<meta property=\"og:image:width\" content=\"700\" \/>\n\t<meta property=\"og:image:height\" content=\"400\" \/>\n\t<meta property=\"og:image:type\" content=\"image\/jpeg\" \/>\n<meta name=\"author\" content=\"Editor General\" \/>\n<meta name=\"twitter:card\" content=\"summary_large_image\" \/>\n<meta name=\"twitter:label1\" content=\"Escrito por\" \/>\n\t<meta name=\"twitter:data1\" content=\"Editor General\" \/>\n\t<meta name=\"twitter:label2\" content=\"Tiempo de lectura\" \/>\n\t<meta name=\"twitter:data2\" content=\"2 minutos\" \/>\n<script type=\"application\/ld+json\" class=\"yoast-schema-graph\">{\"@context\":\"https:\/\/schema.org\",\"@graph\":[{\"@type\":\"Article\",\"@id\":\"https:\/\/luchonoticias.com\/editor\/neiva-celebro-sus-412-anos\/#article\",\"isPartOf\":{\"@id\":\"https:\/\/luchonoticias.com\/editor\/neiva-celebro-sus-412-anos\/\"},\"author\":{\"name\":\"Editor General\",\"@id\":\"https:\/\/luchonoticias.com\/editor\/#\/schema\/person\/29217990ddf6f14e35912b2866d591fb\"},\"headline\":\"Neiva celebr\u00f3 sus 412 a\u00f1os\",\"datePublished\":\"2024-05-24T18:55:53+00:00\",\"mainEntityOfPage\":{\"@id\":\"https:\/\/luchonoticias.com\/editor\/neiva-celebro-sus-412-anos\/\"},\"wordCount\":497,\"publisher\":{\"@id\":\"https:\/\/luchonoticias.com\/editor\/#\/schema\/person\/7a7fd911f58561fd056dbac7b55af9cd\"},\"image\":{\"@id\":\"https:\/\/luchonoticias.com\/editor\/neiva-celebro-sus-412-anos\/#primaryimage\"},\"thumbnailUrl\":\"https:\/\/luchonoticias.com\/editor\/wp-content\/uploads\/2024\/05\/cumpleanos-neiva.jpg\",\"articleSection\":[\"Local\"],\"inLanguage\":\"es\"},{\"@type\":\"WebPage\",\"@id\":\"https:\/\/luchonoticias.com\/editor\/neiva-celebro-sus-412-anos\/\",\"url\":\"https:\/\/luchonoticias.com\/editor\/neiva-celebro-sus-412-anos\/\",\"name\":\"Neiva celebr\u00f3 sus 412 a\u00f1os -\",\"isPartOf\":{\"@id\":\"https:\/\/luchonoticias.com\/editor\/#website\"},\"primaryImageOfPage\":{\"@id\":\"https:\/\/luchonoticias.com\/editor\/neiva-celebro-sus-412-anos\/#primaryimage\"},\"image\":{\"@id\":\"https:\/\/luchonoticias.com\/editor\/neiva-celebro-sus-412-anos\/#primaryimage\"},\"thumbnailUrl\":\"https:\/\/luchonoticias.com\/editor\/wp-content\/uploads\/2024\/05\/cumpleanos-neiva.jpg\",\"datePublished\":\"2024-05-24T18:55:53+00:00\",\"breadcrumb\":{\"@id\":\"https:\/\/luchonoticias.com\/editor\/neiva-celebro-sus-412-anos\/#breadcrumb\"},\"inLanguage\":\"es\",\"potentialAction\":[{\"@type\":\"ReadAction\",\"target\":[\"https:\/\/luchonoticias.com\/editor\/neiva-celebro-sus-412-anos\/\"]}]},{\"@type\":\"ImageObject\",\"inLanguage\":\"es\",\"@id\":\"https:\/\/luchonoticias.com\/editor\/neiva-celebro-sus-412-anos\/#primaryimage\",\"url\":\"https:\/\/luchonoticias.com\/editor\/wp-content\/uploads\/2024\/05\/cumpleanos-neiva.jpg\",\"contentUrl\":\"https:\/\/luchonoticias.com\/editor\/wp-content\/uploads\/2024\/05\/cumpleanos-neiva.jpg\",\"width\":700,\"height\":400},{\"@type\":\"BreadcrumbList\",\"@id\":\"https:\/\/luchonoticias.com\/editor\/neiva-celebro-sus-412-anos\/#breadcrumb\",\"itemListElement\":[{\"@type\":\"ListItem\",\"position\":1,\"name\":\"Portada\",\"item\":\"https:\/\/luchonoticias.com\/editor\/\"},{\"@type\":\"ListItem\",\"position\":2,\"name\":\"Neiva celebr\u00f3 sus 412 a\u00f1os\"}]},{\"@type\":\"WebSite\",\"@id\":\"https:\/\/luchonoticias.com\/editor\/#website\",\"url\":\"https:\/\/luchonoticias.com\/editor\/\",\"name\":\"\",\"description\":\"\",\"publisher\":{\"@id\":\"https:\/\/luchonoticias.com\/editor\/#\/schema\/person\/7a7fd911f58561fd056dbac7b55af9cd\"},\"potentialAction\":[{\"@type\":\"SearchAction\",\"target\":{\"@type\":\"EntryPoint\",\"urlTemplate\":\"https:\/\/luchonoticias.com\/editor\/?s={search_term_string}\"},\"query-input\":{\"@type\":\"PropertyValueSpecification\",\"valueRequired\":true,\"valueName\":\"search_term_string\"}}],\"inLanguage\":\"es\"},{\"@type\":[\"Person\",\"Organization\"],\"@id\":\"https:\/\/luchonoticias.com\/editor\/#\/schema\/person\/7a7fd911f58561fd056dbac7b55af9cd\",\"name\":\"admin\",\"image\":{\"@type\":\"ImageObject\",\"inLanguage\":\"es\",\"@id\":\"https:\/\/luchonoticias.com\/editor\/#\/schema\/person\/image\/\",\"url\":\"https:\/\/luchonoticias.com\/editor\/wp-content\/uploads\/2024\/02\/cropped-cropped-logolu.webp\",\"contentUrl\":\"https:\/\/luchonoticias.com\/editor\/wp-content\/uploads\/2024\/02\/cropped-cropped-logolu.webp\",\"width\":382,\"height\":170,\"caption\":\"admin\"},\"logo\":{\"@id\":\"https:\/\/luchonoticias.com\/editor\/#\/schema\/person\/image\/\"},\"sameAs\":[\"https:\/\/www.facebook.com\/luchonoticiasneiva\"]},{\"@type\":\"Person\",\"@id\":\"https:\/\/luchonoticias.com\/editor\/#\/schema\/person\/29217990ddf6f14e35912b2866d591fb\",\"name\":\"Editor General\",\"image\":{\"@type\":\"ImageObject\",\"inLanguage\":\"es\",\"@id\":\"https:\/\/luchonoticias.com\/editor\/#\/schema\/person\/image\/\",\"url\":\"https:\/\/luchonoticias.com\/editor\/wp-content\/uploads\/2024\/02\/cropped-cropped-logolu-150x150.webp\",\"contentUrl\":\"https:\/\/luchonoticias.com\/editor\/wp-content\/uploads\/2024\/02\/cropped-cropped-logolu-150x150.webp\",\"caption\":\"Editor General\"},\"sameAs\":[\"https:\/\/luchonoticias.com\/\"],\"url\":\"https:\/\/luchonoticias.com\/editor\/author\/editor-general\/\"}]}<\/script>\n<!-- \/ Yoast SEO plugin. -->","yoast_head_json":{"title":"Neiva celebr\u00f3 sus 412 a\u00f1os -","robots":{"index":"index","follow":"follow","max-snippet":"max-snippet:-1","max-image-preview":"max-image-preview:large","max-video-preview":"max-video-preview:-1"},"canonical":"https:\/\/luchonoticias.com\/editor\/neiva-celebro-sus-412-anos\/","og_locale":"es_ES","og_type":"article","og_title":"Neiva celebr\u00f3 sus 412 a\u00f1os -","og_url":"https:\/\/luchonoticias.com\/editor\/neiva-celebro-sus-412-anos\/","article_publisher":"https:\/\/www.facebook.com\/luchonoticiasneiva","article_published_time":"2024-05-24T18:55:53+00:00","og_image":[{"width":700,"height":400,"url":"https:\/\/luchonoticias.com\/editor\/wp-content\/uploads\/2024\/05\/cumpleanos-neiva.jpg","type":"image\/jpeg"}],"author":"Editor General","twitter_card":"summary_large_image","twitter_misc":{"Escrito por":"Editor General","Tiempo de lectura":"2 minutos"},"schema":{"@context":"https:\/\/schema.org","@graph":[{"@type":"Article","@id":"https:\/\/luchonoticias.com\/editor\/neiva-celebro-sus-412-anos\/#article","isPartOf":{"@id":"https:\/\/luchonoticias.com\/editor\/neiva-celebro-sus-412-anos\/"},"author":{"name":"Editor General","@id":"https:\/\/luchonoticias.com\/editor\/#\/schema\/person\/29217990ddf6f14e35912b2866d591fb"},"headline":"Neiva celebr\u00f3 sus 412 a\u00f1os","datePublished":"2024-05-24T18:55:53+00:00","mainEntityOfPage":{"@id":"https:\/\/luchonoticias.com\/editor\/neiva-celebro-sus-412-anos\/"},"wordCount":497,"publisher":{"@id":"https:\/\/luchonoticias.com\/editor\/#\/schema\/person\/7a7fd911f58561fd056dbac7b55af9cd"},"image":{"@id":"https:\/\/luchonoticias.com\/editor\/neiva-celebro-sus-412-anos\/#primaryimage"},"thumbnailUrl":"https:\/\/luchonoticias.com\/editor\/wp-content\/uploads\/2024\/05\/cumpleanos-neiva.jpg","articleSection":["Local"],"inLanguage":"es"},{"@type":"WebPage","@id":"https:\/\/luchonoticias.com\/editor\/neiva-celebro-sus-412-anos\/","url":"https:\/\/luchonoticias.com\/editor\/neiva-celebro-sus-412-anos\/","name":"Neiva celebr\u00f3 sus 412 a\u00f1os -","isPartOf":{"@id":"https:\/\/luchonoticias.com\/editor\/#website"},"primaryImageOfPage":{"@id":"https:\/\/luchonoticias.com\/editor\/neiva-celebro-sus-412-anos\/#primaryimage"},"image":{"@id":"https:\/\/luchonoticias.com\/editor\/neiva-celebro-sus-412-anos\/#primaryimage"},"thumbnailUrl":"https:\/\/luchonoticias.com\/editor\/wp-content\/uploads\/2024\/05\/cumpleanos-neiva.jpg","datePublished":"2024-05-24T18:55:53+00:00","breadcrumb":{"@id":"https:\/\/luchonoticias.com\/editor\/neiva-celebro-sus-412-anos\/#breadcrumb"},"inLanguage":"es","potentialAction":[{"@type":"ReadAction","target":["https:\/\/luchonoticias.com\/editor\/neiva-celebro-sus-412-anos\/"]}]},{"@type":"ImageObject","inLanguage":"es","@id":"https:\/\/luchonoticias.com\/editor\/neiva-celebro-sus-412-anos\/#primaryimage","url":"https:\/\/luchonoticias.com\/editor\/wp-content\/uploads\/2024\/05\/cumpleanos-neiva.jpg","contentUrl":"https:\/\/luchonoticias.com\/editor\/wp-content\/uploads\/2024\/05\/cumpleanos-neiva.jpg","width":700,"height":400},{"@type":"BreadcrumbList","@id":"https:\/\/luchonoticias.com\/editor\/neiva-celebro-sus-412-anos\/#breadcrumb","itemListElement":[{"@type":"ListItem","position":1,"name":"Portada","item":"https:\/\/luchonoticias.com\/editor\/"},{"@type":"ListItem","position":2,"name":"Neiva celebr\u00f3 sus 412 a\u00f1os"}]},{"@type":"WebSite","@id":"https:\/\/luchonoticias.com\/editor\/#website","url":"https:\/\/luchonoticias.com\/editor\/","name":"","description":"","publisher":{"@id":"https:\/\/luchonoticias.com\/editor\/#\/schema\/person\/7a7fd911f58561fd056dbac7b55af9cd"},"potentialAction":[{"@type":"SearchAction","target":{"@type":"EntryPoint","urlTemplate":"https:\/\/luchonoticias.com\/editor\/?s={search_term_string}"},"query-input":{"@type":"PropertyValueSpecification","valueRequired":true,"valueName":"search_term_string"}}],"inLanguage":"es"},{"@type":["Person","Organization"],"@id":"https:\/\/luchonoticias.com\/editor\/#\/schema\/person\/7a7fd911f58561fd056dbac7b55af9cd","name":"admin","image":{"@type":"ImageObject","inLanguage":"es","@id":"https:\/\/luchonoticias.com\/editor\/#\/schema\/person\/image\/","url":"https:\/\/luchonoticias.com\/editor\/wp-content\/uploads\/2024\/02\/cropped-cropped-logolu.webp","contentUrl":"https:\/\/luchonoticias.com\/editor\/wp-content\/uploads\/2024\/02\/cropped-cropped-logolu.webp","width":382,"height":170,"caption":"admin"},"logo":{"@id":"https:\/\/luchonoticias.com\/editor\/#\/schema\/person\/image\/"},"sameAs":["https:\/\/www.facebook.com\/luchonoticiasneiva"]},{"@type":"Person","@id":"https:\/\/luchonoticias.com\/editor\/#\/schema\/person\/29217990ddf6f14e35912b2866d591fb","name":"Editor General","image":{"@type":"ImageObject","inLanguage":"es","@id":"https:\/\/luchonoticias.com\/editor\/#\/schema\/person\/image\/","url":"https:\/\/luchonoticias.com\/editor\/wp-content\/uploads\/2024\/02\/cropped-cropped-logolu-150x150.webp","contentUrl":"https:\/\/luchonoticias.com\/editor\/wp-content\/uploads\/2024\/02\/cropped-cropped-logolu-150x150.webp","caption":"Editor General"},"sameAs":["https:\/\/luchonoticias.com\/"],"url":"https:\/\/luchonoticias.com\/editor\/author\/editor-general\/"}]}},"_links":{"self":[{"href":"https:\/\/luchonoticias.com\/editor\/wp-json\/wp\/v2\/posts\/73410","targetHints":{"allow":["GET"]}}],"collection":[{"href":"https:\/\/luchonoticias.com\/editor\/wp-json\/wp\/v2\/posts"}],"about":[{"href":"https:\/\/luchonoticias.com\/editor\/wp-json\/wp\/v2\/types\/post"}],"author":[{"embeddable":true,"href":"https:\/\/luchonoticias.com\/editor\/wp-json\/wp\/v2\/users\/2"}],"replies":[{"embeddable":true,"href":"https:\/\/luchonoticias.com\/editor\/wp-json\/wp\/v2\/comments?post=73410"}],"version-history":[{"count":0,"href":"https:\/\/luchonoticias.com\/editor\/wp-json\/wp\/v2\/posts\/73410\/revisions"}],"wp:featuredmedia":[{"embeddable":true,"href":"https:\/\/luchonoticias.com\/editor\/wp-json\/wp\/v2\/media\/73411"}],"wp:attachment":[{"href":"https:\/\/luchonoticias.com\/editor\/wp-json\/wp\/v2\/media?parent=73410"}],"wp:term":[{"taxonomy":"category","embeddable":true,"href":"https:\/\/luchonoticias.com\/editor\/wp-json\/wp\/v2\/categories?post=73410"},{"taxonomy":"post_tag","embeddable":true,"href":"https:\/\/luchonoticias.com\/editor\/wp-json\/wp\/v2\/tags?post=73410"}],"curies":[{"name":"wp","href":"https:\/\/api.w.org\/{rel}","templated":true}]}}