{"id":73427,"date":"2024-05-25T07:12:37","date_gmt":"2024-05-25T12:12:37","guid":{"rendered":"https:\/\/luchonoticias.com\/?p=73427"},"modified":"2024-05-25T07:12:37","modified_gmt":"2024-05-25T12:12:37","slug":"campana-de-sentido-de-pertenencia-hacia-neiva","status":"publish","type":"post","link":"https:\/\/luchonoticias.com\/editor\/campana-de-sentido-de-pertenencia-hacia-neiva\/","title":{"rendered":"Campa\u00f1a de sentido de pertenencia hacia Neiva"},"content":{"rendered":"<p>Con total orgullo, la Administraci\u00f3n Municipal dio inicio a la estrategia de amor por la ciudad y de la ciudad para con sus habitantes, que pretende, adem\u00e1s, fortalecer los lazos emocionales en el Municipio, resaltar la identidad y los arraigos que caracterizan a los neivanos y motivar a cada habitante a amar al territorio que ha sido testigo de los momentos m\u00e1s significativos de cada uno.<\/p>\n<p>La clave de la estrategia es que los neivanos comiencen a adoptar, en clave positiva, todas aquellas frases que en alg\u00fan momento fueron negativas y con las que la gente cotidianamente se refiere a Neiva.<\/p>\n<p>Por lo anterior, el inicio de la campa\u00f1a se dio con un proceso de expectativa, en donde las calles de la ciudad fueron las protagonistas de las dudas que invadieron a los neivanos y a las redes sociales, pues de manera an\u00f3nima se colgaron pasacalles en lugares estrat\u00e9gicos de la ciudad, en los que se le ofrec\u00eda perd\u00f3n a \u2018N\u2019 y se retractaba de ciertas situaciones en las que \u2018N\u2019 no fue valorada o tal vez fue incomprendida. La pregunta especial que se hicieron los habitantes del municipio rondaba en \u00bfqui\u00e9n es \u2018N\u2019?<\/p>\n<p>Por ende, en medio de la conmemoraci\u00f3n de los 412 a\u00f1os de Neiva, se desarroll\u00f3 un desfile liderado por el alcalde Germ\u00e1n Casagua y la gestora social Mar\u00eda Juliana Parra, en el que se tuvo como objetivo eliminar aquellas frases negativas con las que en ocasiones se hace referencia a la ciudad y reemplazarlas por unas en las que se resalten las buenas caracter\u00edsticas del Municipio.<\/p>\n<p>\u201cLo que busca esta gran estrategia es que los neivanos no olviden que Neiva los ama. Neiva es una hermosa ciudad que nos ha dado tanto, por lo tanto la invitaci\u00f3n es a que la respetemos, a que la cuidemos. Hoy en su cumplea\u00f1os, 412 a\u00f1os, es el mejor regalo que podemos hacerle todos los neivanos a esta gran ciudad\u201d, explic\u00f3 el alcalde Germ\u00e1n Casagua Bonilla.<\/p>\n<p>\u201cEstamos felices celebrando estos 412 a\u00f1os de Neiva y quiero hacerles una invitaci\u00f3n: a que tambi\u00e9n se unan a la campa\u00f1a que hoy 24 de mayo lanzamos, donde nos recuerda cu\u00e1nto nos ama Neiva. Es por eso que nosotros tambi\u00e9n debemos contribuir y trabajar para que todo salga muy bien en nuestra ciudad\u201d, agreg\u00f3 Mar\u00eda Juliana Parra, gestora social del Municipio.<\/p>\n<p>La estrategia fomenta que cada neivano reconozca que Neiva lo ama con su calidez, con su biodiversidad y sus maravillosos paisajes, con su historia que narra millones de an\u00e9cdotas y que ha visto nacer y crecer a cada neivano; Neiva demuestra su amor a trav\u00e9s de sus procesos de transformaci\u00f3n, pues en cabeza del ingeniero Germ\u00e1n Casagua el objetivo es que Neiva pueda amar a sus habitantes, con la adecuaci\u00f3n de las v\u00edas, con la mejora de la seguridad y trabajando en pro del bienestar de todos los neivanos.<\/p>\n<p>La campa\u00f1a, que continuar\u00e1 durante el cuatrienio, buscar\u00e1 cambiar el \u2018chip\u2019 cotidiano y demostrarle a la comunidad, a trav\u00e9s de diversas acciones que muchos municipios te quieren, pero Neiva te ama, y por eso la gran invitaci\u00f3n es a que cada uno la respete, la cuide, la valore y la ame tambi\u00e9n.<\/p>\n","protected":false},"excerpt":{"rendered":"<p>Con total orgullo, la Administraci\u00f3n Municipal dio inicio a la estrategia de amor por la ciudad y de la ciudad para con sus habitantes, que pretende, adem\u00e1s, fortalecer los lazos emocionales en el Municipio, resaltar la identidad y los arraigos que caracterizan a los neivanos y motivar a cada habitante a amar al territorio que [&hellip;]<\/p>\n","protected":false},"author":2,"featured_media":73428,"comment_status":"closed","ping_status":"open","sticky":false,"template":"","format":"standard","meta":{"footnotes":""},"categories":[31],"tags":[],"class_list":["post-73427","post","type-post","status-publish","format-standard","has-post-thumbnail","hentry","category-local"],"yoast_head":"<!-- This site is optimized with the Yoast SEO plugin v26.6 - https:\/\/yoast.com\/wordpress\/plugins\/seo\/ -->\n<title>Campa\u00f1a de sentido de pertenencia hacia Neiva -<\/title>\n<meta name=\"robots\" content=\"index, follow, max-snippet:-1, max-image-preview:large, max-video-preview:-1\" \/>\n<link rel=\"canonical\" href=\"https:\/\/luchonoticias.com\/editor\/campana-de-sentido-de-pertenencia-hacia-neiva\/\" \/>\n<meta property=\"og:locale\" content=\"es_ES\" \/>\n<meta property=\"og:type\" content=\"article\" \/>\n<meta property=\"og:title\" content=\"Campa\u00f1a de sentido de pertenencia hacia Neiva -\" \/>\n<meta property=\"og:url\" content=\"https:\/\/luchonoticias.com\/editor\/campana-de-sentido-de-pertenencia-hacia-neiva\/\" \/>\n<meta property=\"article:publisher\" content=\"https:\/\/www.facebook.com\/luchonoticiasneiva\" \/>\n<meta property=\"article:published_time\" content=\"2024-05-25T12:12:37+00:00\" \/>\n<meta property=\"og:image\" content=\"https:\/\/luchonoticias.com\/editor\/wp-content\/uploads\/2024\/05\/neiva-campanapertenencia.jpg\" \/>\n\t<meta property=\"og:image:width\" content=\"700\" \/>\n\t<meta property=\"og:image:height\" content=\"400\" \/>\n\t<meta property=\"og:image:type\" content=\"image\/jpeg\" \/>\n<meta name=\"author\" content=\"Editor General\" \/>\n<meta name=\"twitter:card\" content=\"summary_large_image\" \/>\n<meta name=\"twitter:label1\" content=\"Escrito por\" \/>\n\t<meta name=\"twitter:data1\" content=\"Editor General\" \/>\n\t<meta name=\"twitter:label2\" content=\"Tiempo de lectura\" \/>\n\t<meta name=\"twitter:data2\" content=\"3 minutos\" \/>\n<script type=\"application\/ld+json\" class=\"yoast-schema-graph\">{\"@context\":\"https:\/\/schema.org\",\"@graph\":[{\"@type\":\"Article\",\"@id\":\"https:\/\/luchonoticias.com\/editor\/campana-de-sentido-de-pertenencia-hacia-neiva\/#article\",\"isPartOf\":{\"@id\":\"https:\/\/luchonoticias.com\/editor\/campana-de-sentido-de-pertenencia-hacia-neiva\/\"},\"author\":{\"name\":\"Editor General\",\"@id\":\"https:\/\/luchonoticias.com\/editor\/#\/schema\/person\/29217990ddf6f14e35912b2866d591fb\"},\"headline\":\"Campa\u00f1a de sentido de pertenencia hacia Neiva\",\"datePublished\":\"2024-05-25T12:12:37+00:00\",\"mainEntityOfPage\":{\"@id\":\"https:\/\/luchonoticias.com\/editor\/campana-de-sentido-de-pertenencia-hacia-neiva\/\"},\"wordCount\":568,\"publisher\":{\"@id\":\"https:\/\/luchonoticias.com\/editor\/#\/schema\/person\/7a7fd911f58561fd056dbac7b55af9cd\"},\"image\":{\"@id\":\"https:\/\/luchonoticias.com\/editor\/campana-de-sentido-de-pertenencia-hacia-neiva\/#primaryimage\"},\"thumbnailUrl\":\"https:\/\/luchonoticias.com\/editor\/wp-content\/uploads\/2024\/05\/neiva-campanapertenencia.jpg\",\"articleSection\":[\"Local\"],\"inLanguage\":\"es\"},{\"@type\":\"WebPage\",\"@id\":\"https:\/\/luchonoticias.com\/editor\/campana-de-sentido-de-pertenencia-hacia-neiva\/\",\"url\":\"https:\/\/luchonoticias.com\/editor\/campana-de-sentido-de-pertenencia-hacia-neiva\/\",\"name\":\"Campa\u00f1a de sentido de pertenencia hacia Neiva -\",\"isPartOf\":{\"@id\":\"https:\/\/luchonoticias.com\/editor\/#website\"},\"primaryImageOfPage\":{\"@id\":\"https:\/\/luchonoticias.com\/editor\/campana-de-sentido-de-pertenencia-hacia-neiva\/#primaryimage\"},\"image\":{\"@id\":\"https:\/\/luchonoticias.com\/editor\/campana-de-sentido-de-pertenencia-hacia-neiva\/#primaryimage\"},\"thumbnailUrl\":\"https:\/\/luchonoticias.com\/editor\/wp-content\/uploads\/2024\/05\/neiva-campanapertenencia.jpg\",\"datePublished\":\"2024-05-25T12:12:37+00:00\",\"breadcrumb\":{\"@id\":\"https:\/\/luchonoticias.com\/editor\/campana-de-sentido-de-pertenencia-hacia-neiva\/#breadcrumb\"},\"inLanguage\":\"es\",\"potentialAction\":[{\"@type\":\"ReadAction\",\"target\":[\"https:\/\/luchonoticias.com\/editor\/campana-de-sentido-de-pertenencia-hacia-neiva\/\"]}]},{\"@type\":\"ImageObject\",\"inLanguage\":\"es\",\"@id\":\"https:\/\/luchonoticias.com\/editor\/campana-de-sentido-de-pertenencia-hacia-neiva\/#primaryimage\",\"url\":\"https:\/\/luchonoticias.com\/editor\/wp-content\/uploads\/2024\/05\/neiva-campanapertenencia.jpg\",\"contentUrl\":\"https:\/\/luchonoticias.com\/editor\/wp-content\/uploads\/2024\/05\/neiva-campanapertenencia.jpg\",\"width\":700,\"height\":400},{\"@type\":\"BreadcrumbList\",\"@id\":\"https:\/\/luchonoticias.com\/editor\/campana-de-sentido-de-pertenencia-hacia-neiva\/#breadcrumb\",\"itemListElement\":[{\"@type\":\"ListItem\",\"position\":1,\"name\":\"Portada\",\"item\":\"https:\/\/luchonoticias.com\/editor\/\"},{\"@type\":\"ListItem\",\"position\":2,\"name\":\"Campa\u00f1a de sentido de pertenencia hacia Neiva\"}]},{\"@type\":\"WebSite\",\"@id\":\"https:\/\/luchonoticias.com\/editor\/#website\",\"url\":\"https:\/\/luchonoticias.com\/editor\/\",\"name\":\"\",\"description\":\"\",\"publisher\":{\"@id\":\"https:\/\/luchonoticias.com\/editor\/#\/schema\/person\/7a7fd911f58561fd056dbac7b55af9cd\"},\"potentialAction\":[{\"@type\":\"SearchAction\",\"target\":{\"@type\":\"EntryPoint\",\"urlTemplate\":\"https:\/\/luchonoticias.com\/editor\/?s={search_term_string}\"},\"query-input\":{\"@type\":\"PropertyValueSpecification\",\"valueRequired\":true,\"valueName\":\"search_term_string\"}}],\"inLanguage\":\"es\"},{\"@type\":[\"Person\",\"Organization\"],\"@id\":\"https:\/\/luchonoticias.com\/editor\/#\/schema\/person\/7a7fd911f58561fd056dbac7b55af9cd\",\"name\":\"admin\",\"image\":{\"@type\":\"ImageObject\",\"inLanguage\":\"es\",\"@id\":\"https:\/\/luchonoticias.com\/editor\/#\/schema\/person\/image\/\",\"url\":\"https:\/\/luchonoticias.com\/editor\/wp-content\/uploads\/2024\/02\/cropped-cropped-logolu.webp\",\"contentUrl\":\"https:\/\/luchonoticias.com\/editor\/wp-content\/uploads\/2024\/02\/cropped-cropped-logolu.webp\",\"width\":382,\"height\":170,\"caption\":\"admin\"},\"logo\":{\"@id\":\"https:\/\/luchonoticias.com\/editor\/#\/schema\/person\/image\/\"},\"sameAs\":[\"https:\/\/www.facebook.com\/luchonoticiasneiva\"]},{\"@type\":\"Person\",\"@id\":\"https:\/\/luchonoticias.com\/editor\/#\/schema\/person\/29217990ddf6f14e35912b2866d591fb\",\"name\":\"Editor General\",\"image\":{\"@type\":\"ImageObject\",\"inLanguage\":\"es\",\"@id\":\"https:\/\/luchonoticias.com\/editor\/#\/schema\/person\/image\/\",\"url\":\"https:\/\/luchonoticias.com\/editor\/wp-content\/uploads\/2024\/02\/cropped-cropped-logolu-150x150.webp\",\"contentUrl\":\"https:\/\/luchonoticias.com\/editor\/wp-content\/uploads\/2024\/02\/cropped-cropped-logolu-150x150.webp\",\"caption\":\"Editor General\"},\"sameAs\":[\"https:\/\/luchonoticias.com\/\"],\"url\":\"https:\/\/luchonoticias.com\/editor\/author\/editor-general\/\"}]}<\/script>\n<!-- \/ Yoast SEO plugin. -->","yoast_head_json":{"title":"Campa\u00f1a de sentido de pertenencia hacia Neiva -","robots":{"index":"index","follow":"follow","max-snippet":"max-snippet:-1","max-image-preview":"max-image-preview:large","max-video-preview":"max-video-preview:-1"},"canonical":"https:\/\/luchonoticias.com\/editor\/campana-de-sentido-de-pertenencia-hacia-neiva\/","og_locale":"es_ES","og_type":"article","og_title":"Campa\u00f1a de sentido de pertenencia hacia Neiva -","og_url":"https:\/\/luchonoticias.com\/editor\/campana-de-sentido-de-pertenencia-hacia-neiva\/","article_publisher":"https:\/\/www.facebook.com\/luchonoticiasneiva","article_published_time":"2024-05-25T12:12:37+00:00","og_image":[{"width":700,"height":400,"url":"https:\/\/luchonoticias.com\/editor\/wp-content\/uploads\/2024\/05\/neiva-campanapertenencia.jpg","type":"image\/jpeg"}],"author":"Editor General","twitter_card":"summary_large_image","twitter_misc":{"Escrito por":"Editor General","Tiempo de lectura":"3 minutos"},"schema":{"@context":"https:\/\/schema.org","@graph":[{"@type":"Article","@id":"https:\/\/luchonoticias.com\/editor\/campana-de-sentido-de-pertenencia-hacia-neiva\/#article","isPartOf":{"@id":"https:\/\/luchonoticias.com\/editor\/campana-de-sentido-de-pertenencia-hacia-neiva\/"},"author":{"name":"Editor General","@id":"https:\/\/luchonoticias.com\/editor\/#\/schema\/person\/29217990ddf6f14e35912b2866d591fb"},"headline":"Campa\u00f1a de sentido de pertenencia hacia Neiva","datePublished":"2024-05-25T12:12:37+00:00","mainEntityOfPage":{"@id":"https:\/\/luchonoticias.com\/editor\/campana-de-sentido-de-pertenencia-hacia-neiva\/"},"wordCount":568,"publisher":{"@id":"https:\/\/luchonoticias.com\/editor\/#\/schema\/person\/7a7fd911f58561fd056dbac7b55af9cd"},"image":{"@id":"https:\/\/luchonoticias.com\/editor\/campana-de-sentido-de-pertenencia-hacia-neiva\/#primaryimage"},"thumbnailUrl":"https:\/\/luchonoticias.com\/editor\/wp-content\/uploads\/2024\/05\/neiva-campanapertenencia.jpg","articleSection":["Local"],"inLanguage":"es"},{"@type":"WebPage","@id":"https:\/\/luchonoticias.com\/editor\/campana-de-sentido-de-pertenencia-hacia-neiva\/","url":"https:\/\/luchonoticias.com\/editor\/campana-de-sentido-de-pertenencia-hacia-neiva\/","name":"Campa\u00f1a de sentido de pertenencia hacia Neiva -","isPartOf":{"@id":"https:\/\/luchonoticias.com\/editor\/#website"},"primaryImageOfPage":{"@id":"https:\/\/luchonoticias.com\/editor\/campana-de-sentido-de-pertenencia-hacia-neiva\/#primaryimage"},"image":{"@id":"https:\/\/luchonoticias.com\/editor\/campana-de-sentido-de-pertenencia-hacia-neiva\/#primaryimage"},"thumbnailUrl":"https:\/\/luchonoticias.com\/editor\/wp-content\/uploads\/2024\/05\/neiva-campanapertenencia.jpg","datePublished":"2024-05-25T12:12:37+00:00","breadcrumb":{"@id":"https:\/\/luchonoticias.com\/editor\/campana-de-sentido-de-pertenencia-hacia-neiva\/#breadcrumb"},"inLanguage":"es","potentialAction":[{"@type":"ReadAction","target":["https:\/\/luchonoticias.com\/editor\/campana-de-sentido-de-pertenencia-hacia-neiva\/"]}]},{"@type":"ImageObject","inLanguage":"es","@id":"https:\/\/luchonoticias.com\/editor\/campana-de-sentido-de-pertenencia-hacia-neiva\/#primaryimage","url":"https:\/\/luchonoticias.com\/editor\/wp-content\/uploads\/2024\/05\/neiva-campanapertenencia.jpg","contentUrl":"https:\/\/luchonoticias.com\/editor\/wp-content\/uploads\/2024\/05\/neiva-campanapertenencia.jpg","width":700,"height":400},{"@type":"BreadcrumbList","@id":"https:\/\/luchonoticias.com\/editor\/campana-de-sentido-de-pertenencia-hacia-neiva\/#breadcrumb","itemListElement":[{"@type":"ListItem","position":1,"name":"Portada","item":"https:\/\/luchonoticias.com\/editor\/"},{"@type":"ListItem","position":2,"name":"Campa\u00f1a de sentido de pertenencia hacia Neiva"}]},{"@type":"WebSite","@id":"https:\/\/luchonoticias.com\/editor\/#website","url":"https:\/\/luchonoticias.com\/editor\/","name":"","description":"","publisher":{"@id":"https:\/\/luchonoticias.com\/editor\/#\/schema\/person\/7a7fd911f58561fd056dbac7b55af9cd"},"potentialAction":[{"@type":"SearchAction","target":{"@type":"EntryPoint","urlTemplate":"https:\/\/luchonoticias.com\/editor\/?s={search_term_string}"},"query-input":{"@type":"PropertyValueSpecification","valueRequired":true,"valueName":"search_term_string"}}],"inLanguage":"es"},{"@type":["Person","Organization"],"@id":"https:\/\/luchonoticias.com\/editor\/#\/schema\/person\/7a7fd911f58561fd056dbac7b55af9cd","name":"admin","image":{"@type":"ImageObject","inLanguage":"es","@id":"https:\/\/luchonoticias.com\/editor\/#\/schema\/person\/image\/","url":"https:\/\/luchonoticias.com\/editor\/wp-content\/uploads\/2024\/02\/cropped-cropped-logolu.webp","contentUrl":"https:\/\/luchonoticias.com\/editor\/wp-content\/uploads\/2024\/02\/cropped-cropped-logolu.webp","width":382,"height":170,"caption":"admin"},"logo":{"@id":"https:\/\/luchonoticias.com\/editor\/#\/schema\/person\/image\/"},"sameAs":["https:\/\/www.facebook.com\/luchonoticiasneiva"]},{"@type":"Person","@id":"https:\/\/luchonoticias.com\/editor\/#\/schema\/person\/29217990ddf6f14e35912b2866d591fb","name":"Editor General","image":{"@type":"ImageObject","inLanguage":"es","@id":"https:\/\/luchonoticias.com\/editor\/#\/schema\/person\/image\/","url":"https:\/\/luchonoticias.com\/editor\/wp-content\/uploads\/2024\/02\/cropped-cropped-logolu-150x150.webp","contentUrl":"https:\/\/luchonoticias.com\/editor\/wp-content\/uploads\/2024\/02\/cropped-cropped-logolu-150x150.webp","caption":"Editor General"},"sameAs":["https:\/\/luchonoticias.com\/"],"url":"https:\/\/luchonoticias.com\/editor\/author\/editor-general\/"}]}},"_links":{"self":[{"href":"https:\/\/luchonoticias.com\/editor\/wp-json\/wp\/v2\/posts\/73427","targetHints":{"allow":["GET"]}}],"collection":[{"href":"https:\/\/luchonoticias.com\/editor\/wp-json\/wp\/v2\/posts"}],"about":[{"href":"https:\/\/luchonoticias.com\/editor\/wp-json\/wp\/v2\/types\/post"}],"author":[{"embeddable":true,"href":"https:\/\/luchonoticias.com\/editor\/wp-json\/wp\/v2\/users\/2"}],"replies":[{"embeddable":true,"href":"https:\/\/luchonoticias.com\/editor\/wp-json\/wp\/v2\/comments?post=73427"}],"version-history":[{"count":0,"href":"https:\/\/luchonoticias.com\/editor\/wp-json\/wp\/v2\/posts\/73427\/revisions"}],"wp:featuredmedia":[{"embeddable":true,"href":"https:\/\/luchonoticias.com\/editor\/wp-json\/wp\/v2\/media\/73428"}],"wp:attachment":[{"href":"https:\/\/luchonoticias.com\/editor\/wp-json\/wp\/v2\/media?parent=73427"}],"wp:term":[{"taxonomy":"category","embeddable":true,"href":"https:\/\/luchonoticias.com\/editor\/wp-json\/wp\/v2\/categories?post=73427"},{"taxonomy":"post_tag","embeddable":true,"href":"https:\/\/luchonoticias.com\/editor\/wp-json\/wp\/v2\/tags?post=73427"}],"curies":[{"name":"wp","href":"https:\/\/api.w.org\/{rel}","templated":true}]}}