{"id":73430,"date":"2024-05-25T07:20:11","date_gmt":"2024-05-25T12:20:11","guid":{"rendered":"https:\/\/luchonoticias.com\/?p=73430"},"modified":"2024-05-25T07:20:11","modified_gmt":"2024-05-25T12:20:11","slug":"rueda-de-negocios-para-pequenos-productores-del-departamento","status":"publish","type":"post","link":"https:\/\/luchonoticias.com\/editor\/rueda-de-negocios-para-pequenos-productores-del-departamento\/","title":{"rendered":"Rueda de negocios para peque\u00f1os productores del departamento"},"content":{"rendered":"<p>Exitosa jornada de compras p\u00fablicas en el departamento del Huila, adelant\u00f3 la firma de 31 acuerdos protocolarios de compras p\u00fablicas por un valor de $296.871.000 entre 22 organizaciones y productores locales con 18 compradores. Productos como: huevos, chocolate de mesa, lechuga crespa, arroz, banano, panela, caf\u00e9, cebolla, cilantro, pl\u00e1tano, hamburguesas de tilapia, naranjas, mandarinas frijol, aguacate, pollo, pan, entre otros, llegar\u00e1n a la mesa de los programas de las instituciones y organizaciones del departamento que le apuestan al desarrollo econ\u00f3mico y social de la regi\u00f3n, disminuyendo la intermediaci\u00f3n y generando m\u00e1s oportunidades de crecimiento para los productores locales.<\/p>\n<p>Sorleidy Barreiro productora agroecol\u00f3gica de Agro 360 Grados, se\u00f1ala que: \u201cestos espacios son muy importantes porque ampliara la comercializaci\u00f3n de los peque\u00f1os productores, cuidando el planeta porque son productos limpios que garantizan seguridad alimentaria\u201d.<\/p>\n<p>Dando alcance y cumplimiento de la Ley 2046 de 2020 de Compras P\u00fablicas Locales como medio para la reactivaci\u00f3n de la econom\u00eda y el cierre de brechas, se desarroll\u00f3 el primer encuentro presencial de la rueda de negocios el d\u00eda 23 de mayo de 2024 en las instalaciones centro empresarial Huila E de la C\u00e1mara de Comercio del Huila.<br \/>\n\u201cBuscamos de manera estrat\u00e9gica generar un acercamiento efectivo entre el peque\u00f1o productor y operador de la entidad p\u00fablica para que le compren sus productos de manera directa; pero tambi\u00e9n, como agencia buscamos garantizar que los productos cumplan con toda la normatividad sanitaria, tributaria y administrativa\u201d, afirm\u00f3 Francisco Montoya, Coordinador Nacional de Circuitos Cortos de Comercializaci\u00f3n durante la rueda de negocios.<\/p>\n<p>Este es un proceso de articulaci\u00f3n en el espacio de la Mesa Nacional de Compras P\u00fablicas Locales en donde participaron entidades tales como: Gobernaci\u00f3n a trav\u00e9s de las Secretar\u00eda de Agricultura y Miner\u00eda, Agencia de Desarrollo Rural, Instituto Colombiano Familiar (ICBF), SENA, CAM, Unidad Solidaria, INVIMA, DIAN, ANT, Finagro, ICA, C\u00e1mara de Comercio del Huila, Alcaldia de Neiva, Programa Fe en Colombia del Ej\u00e9rcito Nacional, entre otros.<\/p>\n<p>En la rueda se reunieron compradores y productores del departamento, con el fin de generar din\u00e1micas comerciales que permiten optimizar los circuitos cortos de comercializaci\u00f3n, fortaleciendo la econom\u00eda de los productores locales a trav\u00e9s de la compra p\u00fablica de alimentos para los programas sociales del estado con entidades como el Instituto Colombiano de Bienestar Familiar -ICBF, las ETC de los Programa de Alimentaci\u00f3n Escolar, y la participaci\u00f3n de PETROCASINOS, entre otros.<\/p>\n<p>\u201cSeguiremos aportando al departamento del Huila con el cumplimiento de la Ley 2046 de 2020 en su pedagog\u00eda de seguimiento a los acuerdos para fortalecer las capacidades en los territorios, dinamizando la econom\u00eda local y promoviendo la Seguridad y Soberan\u00eda Alimentaria en el departamento\u201d, Karen D\u00edaz, Direcci\u00f3n de Comercializaci\u00f3n-Unidad T\u00e9cnica Territorial 11 (Huila y Caquet\u00e1).<\/p>\n","protected":false},"excerpt":{"rendered":"<p>Exitosa jornada de compras p\u00fablicas en el departamento del Huila, adelant\u00f3 la firma de 31 acuerdos protocolarios de compras p\u00fablicas por un valor de $296.871.000 entre 22 organizaciones y productores locales con 18 compradores. Productos como: huevos, chocolate de mesa, lechuga crespa, arroz, banano, panela, caf\u00e9, cebolla, cilantro, pl\u00e1tano, hamburguesas de tilapia, naranjas, mandarinas frijol, [&hellip;]<\/p>\n","protected":false},"author":2,"featured_media":73432,"comment_status":"closed","ping_status":"open","sticky":false,"template":"","format":"standard","meta":{"footnotes":""},"categories":[33],"tags":[],"class_list":["post-73430","post","type-post","status-publish","format-standard","has-post-thumbnail","hentry","category-huila"],"yoast_head":"<!-- This site is optimized with the Yoast SEO plugin v26.6 - https:\/\/yoast.com\/wordpress\/plugins\/seo\/ -->\n<title>Rueda de negocios para peque\u00f1os productores del departamento -<\/title>\n<meta name=\"robots\" content=\"index, follow, max-snippet:-1, max-image-preview:large, max-video-preview:-1\" \/>\n<link rel=\"canonical\" href=\"https:\/\/luchonoticias.com\/editor\/rueda-de-negocios-para-pequenos-productores-del-departamento\/\" \/>\n<meta property=\"og:locale\" content=\"es_ES\" \/>\n<meta property=\"og:type\" content=\"article\" \/>\n<meta property=\"og:title\" content=\"Rueda de negocios para peque\u00f1os productores del departamento -\" \/>\n<meta property=\"og:url\" content=\"https:\/\/luchonoticias.com\/editor\/rueda-de-negocios-para-pequenos-productores-del-departamento\/\" \/>\n<meta property=\"article:publisher\" content=\"https:\/\/www.facebook.com\/luchonoticiasneiva\" \/>\n<meta property=\"article:published_time\" content=\"2024-05-25T12:20:11+00:00\" \/>\n<meta property=\"og:image\" content=\"https:\/\/luchonoticias.com\/editor\/wp-content\/uploads\/2024\/05\/rueda-de-negocios.jpg\" \/>\n\t<meta property=\"og:image:width\" content=\"700\" \/>\n\t<meta property=\"og:image:height\" content=\"400\" \/>\n\t<meta property=\"og:image:type\" content=\"image\/jpeg\" \/>\n<meta name=\"author\" content=\"Editor General\" \/>\n<meta name=\"twitter:card\" content=\"summary_large_image\" \/>\n<meta name=\"twitter:label1\" content=\"Escrito por\" \/>\n\t<meta name=\"twitter:data1\" content=\"Editor General\" \/>\n\t<meta name=\"twitter:label2\" content=\"Tiempo de lectura\" \/>\n\t<meta name=\"twitter:data2\" content=\"2 minutos\" \/>\n<script type=\"application\/ld+json\" class=\"yoast-schema-graph\">{\"@context\":\"https:\/\/schema.org\",\"@graph\":[{\"@type\":\"Article\",\"@id\":\"https:\/\/luchonoticias.com\/editor\/rueda-de-negocios-para-pequenos-productores-del-departamento\/#article\",\"isPartOf\":{\"@id\":\"https:\/\/luchonoticias.com\/editor\/rueda-de-negocios-para-pequenos-productores-del-departamento\/\"},\"author\":{\"name\":\"Editor General\",\"@id\":\"https:\/\/luchonoticias.com\/editor\/#\/schema\/person\/29217990ddf6f14e35912b2866d591fb\"},\"headline\":\"Rueda de negocios para peque\u00f1os productores del departamento\",\"datePublished\":\"2024-05-25T12:20:11+00:00\",\"mainEntityOfPage\":{\"@id\":\"https:\/\/luchonoticias.com\/editor\/rueda-de-negocios-para-pequenos-productores-del-departamento\/\"},\"wordCount\":485,\"publisher\":{\"@id\":\"https:\/\/luchonoticias.com\/editor\/#\/schema\/person\/7a7fd911f58561fd056dbac7b55af9cd\"},\"image\":{\"@id\":\"https:\/\/luchonoticias.com\/editor\/rueda-de-negocios-para-pequenos-productores-del-departamento\/#primaryimage\"},\"thumbnailUrl\":\"https:\/\/luchonoticias.com\/editor\/wp-content\/uploads\/2024\/05\/rueda-de-negocios.jpg\",\"articleSection\":[\"Huila\"],\"inLanguage\":\"es\"},{\"@type\":\"WebPage\",\"@id\":\"https:\/\/luchonoticias.com\/editor\/rueda-de-negocios-para-pequenos-productores-del-departamento\/\",\"url\":\"https:\/\/luchonoticias.com\/editor\/rueda-de-negocios-para-pequenos-productores-del-departamento\/\",\"name\":\"Rueda de negocios para peque\u00f1os productores del departamento -\",\"isPartOf\":{\"@id\":\"https:\/\/luchonoticias.com\/editor\/#website\"},\"primaryImageOfPage\":{\"@id\":\"https:\/\/luchonoticias.com\/editor\/rueda-de-negocios-para-pequenos-productores-del-departamento\/#primaryimage\"},\"image\":{\"@id\":\"https:\/\/luchonoticias.com\/editor\/rueda-de-negocios-para-pequenos-productores-del-departamento\/#primaryimage\"},\"thumbnailUrl\":\"https:\/\/luchonoticias.com\/editor\/wp-content\/uploads\/2024\/05\/rueda-de-negocios.jpg\",\"datePublished\":\"2024-05-25T12:20:11+00:00\",\"breadcrumb\":{\"@id\":\"https:\/\/luchonoticias.com\/editor\/rueda-de-negocios-para-pequenos-productores-del-departamento\/#breadcrumb\"},\"inLanguage\":\"es\",\"potentialAction\":[{\"@type\":\"ReadAction\",\"target\":[\"https:\/\/luchonoticias.com\/editor\/rueda-de-negocios-para-pequenos-productores-del-departamento\/\"]}]},{\"@type\":\"ImageObject\",\"inLanguage\":\"es\",\"@id\":\"https:\/\/luchonoticias.com\/editor\/rueda-de-negocios-para-pequenos-productores-del-departamento\/#primaryimage\",\"url\":\"https:\/\/luchonoticias.com\/editor\/wp-content\/uploads\/2024\/05\/rueda-de-negocios.jpg\",\"contentUrl\":\"https:\/\/luchonoticias.com\/editor\/wp-content\/uploads\/2024\/05\/rueda-de-negocios.jpg\",\"width\":700,\"height\":400},{\"@type\":\"BreadcrumbList\",\"@id\":\"https:\/\/luchonoticias.com\/editor\/rueda-de-negocios-para-pequenos-productores-del-departamento\/#breadcrumb\",\"itemListElement\":[{\"@type\":\"ListItem\",\"position\":1,\"name\":\"Portada\",\"item\":\"https:\/\/luchonoticias.com\/editor\/\"},{\"@type\":\"ListItem\",\"position\":2,\"name\":\"Rueda de negocios para peque\u00f1os productores del departamento\"}]},{\"@type\":\"WebSite\",\"@id\":\"https:\/\/luchonoticias.com\/editor\/#website\",\"url\":\"https:\/\/luchonoticias.com\/editor\/\",\"name\":\"\",\"description\":\"\",\"publisher\":{\"@id\":\"https:\/\/luchonoticias.com\/editor\/#\/schema\/person\/7a7fd911f58561fd056dbac7b55af9cd\"},\"potentialAction\":[{\"@type\":\"SearchAction\",\"target\":{\"@type\":\"EntryPoint\",\"urlTemplate\":\"https:\/\/luchonoticias.com\/editor\/?s={search_term_string}\"},\"query-input\":{\"@type\":\"PropertyValueSpecification\",\"valueRequired\":true,\"valueName\":\"search_term_string\"}}],\"inLanguage\":\"es\"},{\"@type\":[\"Person\",\"Organization\"],\"@id\":\"https:\/\/luchonoticias.com\/editor\/#\/schema\/person\/7a7fd911f58561fd056dbac7b55af9cd\",\"name\":\"admin\",\"image\":{\"@type\":\"ImageObject\",\"inLanguage\":\"es\",\"@id\":\"https:\/\/luchonoticias.com\/editor\/#\/schema\/person\/image\/\",\"url\":\"https:\/\/luchonoticias.com\/editor\/wp-content\/uploads\/2024\/02\/cropped-cropped-logolu.webp\",\"contentUrl\":\"https:\/\/luchonoticias.com\/editor\/wp-content\/uploads\/2024\/02\/cropped-cropped-logolu.webp\",\"width\":382,\"height\":170,\"caption\":\"admin\"},\"logo\":{\"@id\":\"https:\/\/luchonoticias.com\/editor\/#\/schema\/person\/image\/\"},\"sameAs\":[\"https:\/\/www.facebook.com\/luchonoticiasneiva\"]},{\"@type\":\"Person\",\"@id\":\"https:\/\/luchonoticias.com\/editor\/#\/schema\/person\/29217990ddf6f14e35912b2866d591fb\",\"name\":\"Editor General\",\"image\":{\"@type\":\"ImageObject\",\"inLanguage\":\"es\",\"@id\":\"https:\/\/luchonoticias.com\/editor\/#\/schema\/person\/image\/\",\"url\":\"https:\/\/luchonoticias.com\/editor\/wp-content\/uploads\/2024\/02\/cropped-cropped-logolu-150x150.webp\",\"contentUrl\":\"https:\/\/luchonoticias.com\/editor\/wp-content\/uploads\/2024\/02\/cropped-cropped-logolu-150x150.webp\",\"caption\":\"Editor General\"},\"sameAs\":[\"https:\/\/luchonoticias.com\/\"],\"url\":\"https:\/\/luchonoticias.com\/editor\/author\/editor-general\/\"}]}<\/script>\n<!-- \/ Yoast SEO plugin. -->","yoast_head_json":{"title":"Rueda de negocios para peque\u00f1os productores del departamento -","robots":{"index":"index","follow":"follow","max-snippet":"max-snippet:-1","max-image-preview":"max-image-preview:large","max-video-preview":"max-video-preview:-1"},"canonical":"https:\/\/luchonoticias.com\/editor\/rueda-de-negocios-para-pequenos-productores-del-departamento\/","og_locale":"es_ES","og_type":"article","og_title":"Rueda de negocios para peque\u00f1os productores del departamento -","og_url":"https:\/\/luchonoticias.com\/editor\/rueda-de-negocios-para-pequenos-productores-del-departamento\/","article_publisher":"https:\/\/www.facebook.com\/luchonoticiasneiva","article_published_time":"2024-05-25T12:20:11+00:00","og_image":[{"width":700,"height":400,"url":"https:\/\/luchonoticias.com\/editor\/wp-content\/uploads\/2024\/05\/rueda-de-negocios.jpg","type":"image\/jpeg"}],"author":"Editor General","twitter_card":"summary_large_image","twitter_misc":{"Escrito por":"Editor General","Tiempo de lectura":"2 minutos"},"schema":{"@context":"https:\/\/schema.org","@graph":[{"@type":"Article","@id":"https:\/\/luchonoticias.com\/editor\/rueda-de-negocios-para-pequenos-productores-del-departamento\/#article","isPartOf":{"@id":"https:\/\/luchonoticias.com\/editor\/rueda-de-negocios-para-pequenos-productores-del-departamento\/"},"author":{"name":"Editor General","@id":"https:\/\/luchonoticias.com\/editor\/#\/schema\/person\/29217990ddf6f14e35912b2866d591fb"},"headline":"Rueda de negocios para peque\u00f1os productores del departamento","datePublished":"2024-05-25T12:20:11+00:00","mainEntityOfPage":{"@id":"https:\/\/luchonoticias.com\/editor\/rueda-de-negocios-para-pequenos-productores-del-departamento\/"},"wordCount":485,"publisher":{"@id":"https:\/\/luchonoticias.com\/editor\/#\/schema\/person\/7a7fd911f58561fd056dbac7b55af9cd"},"image":{"@id":"https:\/\/luchonoticias.com\/editor\/rueda-de-negocios-para-pequenos-productores-del-departamento\/#primaryimage"},"thumbnailUrl":"https:\/\/luchonoticias.com\/editor\/wp-content\/uploads\/2024\/05\/rueda-de-negocios.jpg","articleSection":["Huila"],"inLanguage":"es"},{"@type":"WebPage","@id":"https:\/\/luchonoticias.com\/editor\/rueda-de-negocios-para-pequenos-productores-del-departamento\/","url":"https:\/\/luchonoticias.com\/editor\/rueda-de-negocios-para-pequenos-productores-del-departamento\/","name":"Rueda de negocios para peque\u00f1os productores del departamento -","isPartOf":{"@id":"https:\/\/luchonoticias.com\/editor\/#website"},"primaryImageOfPage":{"@id":"https:\/\/luchonoticias.com\/editor\/rueda-de-negocios-para-pequenos-productores-del-departamento\/#primaryimage"},"image":{"@id":"https:\/\/luchonoticias.com\/editor\/rueda-de-negocios-para-pequenos-productores-del-departamento\/#primaryimage"},"thumbnailUrl":"https:\/\/luchonoticias.com\/editor\/wp-content\/uploads\/2024\/05\/rueda-de-negocios.jpg","datePublished":"2024-05-25T12:20:11+00:00","breadcrumb":{"@id":"https:\/\/luchonoticias.com\/editor\/rueda-de-negocios-para-pequenos-productores-del-departamento\/#breadcrumb"},"inLanguage":"es","potentialAction":[{"@type":"ReadAction","target":["https:\/\/luchonoticias.com\/editor\/rueda-de-negocios-para-pequenos-productores-del-departamento\/"]}]},{"@type":"ImageObject","inLanguage":"es","@id":"https:\/\/luchonoticias.com\/editor\/rueda-de-negocios-para-pequenos-productores-del-departamento\/#primaryimage","url":"https:\/\/luchonoticias.com\/editor\/wp-content\/uploads\/2024\/05\/rueda-de-negocios.jpg","contentUrl":"https:\/\/luchonoticias.com\/editor\/wp-content\/uploads\/2024\/05\/rueda-de-negocios.jpg","width":700,"height":400},{"@type":"BreadcrumbList","@id":"https:\/\/luchonoticias.com\/editor\/rueda-de-negocios-para-pequenos-productores-del-departamento\/#breadcrumb","itemListElement":[{"@type":"ListItem","position":1,"name":"Portada","item":"https:\/\/luchonoticias.com\/editor\/"},{"@type":"ListItem","position":2,"name":"Rueda de negocios para peque\u00f1os productores del departamento"}]},{"@type":"WebSite","@id":"https:\/\/luchonoticias.com\/editor\/#website","url":"https:\/\/luchonoticias.com\/editor\/","name":"","description":"","publisher":{"@id":"https:\/\/luchonoticias.com\/editor\/#\/schema\/person\/7a7fd911f58561fd056dbac7b55af9cd"},"potentialAction":[{"@type":"SearchAction","target":{"@type":"EntryPoint","urlTemplate":"https:\/\/luchonoticias.com\/editor\/?s={search_term_string}"},"query-input":{"@type":"PropertyValueSpecification","valueRequired":true,"valueName":"search_term_string"}}],"inLanguage":"es"},{"@type":["Person","Organization"],"@id":"https:\/\/luchonoticias.com\/editor\/#\/schema\/person\/7a7fd911f58561fd056dbac7b55af9cd","name":"admin","image":{"@type":"ImageObject","inLanguage":"es","@id":"https:\/\/luchonoticias.com\/editor\/#\/schema\/person\/image\/","url":"https:\/\/luchonoticias.com\/editor\/wp-content\/uploads\/2024\/02\/cropped-cropped-logolu.webp","contentUrl":"https:\/\/luchonoticias.com\/editor\/wp-content\/uploads\/2024\/02\/cropped-cropped-logolu.webp","width":382,"height":170,"caption":"admin"},"logo":{"@id":"https:\/\/luchonoticias.com\/editor\/#\/schema\/person\/image\/"},"sameAs":["https:\/\/www.facebook.com\/luchonoticiasneiva"]},{"@type":"Person","@id":"https:\/\/luchonoticias.com\/editor\/#\/schema\/person\/29217990ddf6f14e35912b2866d591fb","name":"Editor General","image":{"@type":"ImageObject","inLanguage":"es","@id":"https:\/\/luchonoticias.com\/editor\/#\/schema\/person\/image\/","url":"https:\/\/luchonoticias.com\/editor\/wp-content\/uploads\/2024\/02\/cropped-cropped-logolu-150x150.webp","contentUrl":"https:\/\/luchonoticias.com\/editor\/wp-content\/uploads\/2024\/02\/cropped-cropped-logolu-150x150.webp","caption":"Editor General"},"sameAs":["https:\/\/luchonoticias.com\/"],"url":"https:\/\/luchonoticias.com\/editor\/author\/editor-general\/"}]}},"_links":{"self":[{"href":"https:\/\/luchonoticias.com\/editor\/wp-json\/wp\/v2\/posts\/73430","targetHints":{"allow":["GET"]}}],"collection":[{"href":"https:\/\/luchonoticias.com\/editor\/wp-json\/wp\/v2\/posts"}],"about":[{"href":"https:\/\/luchonoticias.com\/editor\/wp-json\/wp\/v2\/types\/post"}],"author":[{"embeddable":true,"href":"https:\/\/luchonoticias.com\/editor\/wp-json\/wp\/v2\/users\/2"}],"replies":[{"embeddable":true,"href":"https:\/\/luchonoticias.com\/editor\/wp-json\/wp\/v2\/comments?post=73430"}],"version-history":[{"count":0,"href":"https:\/\/luchonoticias.com\/editor\/wp-json\/wp\/v2\/posts\/73430\/revisions"}],"wp:featuredmedia":[{"embeddable":true,"href":"https:\/\/luchonoticias.com\/editor\/wp-json\/wp\/v2\/media\/73432"}],"wp:attachment":[{"href":"https:\/\/luchonoticias.com\/editor\/wp-json\/wp\/v2\/media?parent=73430"}],"wp:term":[{"taxonomy":"category","embeddable":true,"href":"https:\/\/luchonoticias.com\/editor\/wp-json\/wp\/v2\/categories?post=73430"},{"taxonomy":"post_tag","embeddable":true,"href":"https:\/\/luchonoticias.com\/editor\/wp-json\/wp\/v2\/tags?post=73430"}],"curies":[{"name":"wp","href":"https:\/\/api.w.org\/{rel}","templated":true}]}}