{"id":73434,"date":"2024-05-25T07:26:54","date_gmt":"2024-05-25T12:26:54","guid":{"rendered":"https:\/\/luchonoticias.com\/?p=73434"},"modified":"2024-05-25T07:26:54","modified_gmt":"2024-05-25T12:26:54","slug":"celebracion-del-dia-de-la-madre-para-las-adultas-mayores-de-neiva","status":"publish","type":"post","link":"https:\/\/luchonoticias.com\/editor\/celebracion-del-dia-de-la-madre-para-las-adultas-mayores-de-neiva\/","title":{"rendered":"Celebraci\u00f3n del D\u00eda de la Madre para las adultas mayores de Neiva"},"content":{"rendered":"<p>En el marco de la celebraci\u00f3n del mes de las madres, las adultas mayores de la ciudad han sido las beneficiarias, llev\u00e1ndoles m\u00fasica, baile, brigadas de belleza, entre otras actividades a los Centros de Vida de las diferentes comunas de Neiva.<\/p>\n<p>\u201cLa Secretar\u00eda de Desarrollo Social e Inclusi\u00f3n de la Alcald\u00eda de Neiva, en el marco de la celebraci\u00f3n del mes de las madres, nos encontramos haciendo una serie de actividades maravillosas en cada uno de los Centros Vidas del Adulto Mayor, le estamos llevando alegr\u00eda, un momento especial a las mamitas adultas mayores del municipio de Neiva, en donde con baile, recreaci\u00f3n y con una gran integraci\u00f3n compartimos unas maravillosas jornadas que dan vida a cada una de estas mujeres que merecen siempre lo mejor\u201d, puntualiz\u00f3 Clara Eugenia Pe\u00f1a, secretaria (e) de Desarrollo Social e Inclusi\u00f3n.<\/p>\n<p>En esta oportunidad la celebraci\u00f3n se llev\u00f3 a cabo en el Centro de Vida Pal Com\u00fan de la comuna Ocho, donde las adultas mayores gozaron y disfrutaron de todas las actividades.<\/p>\n<p>\u201cLe quiero dar las gracias a Dios, al se\u00f1or alcalde Germ\u00e1n Casagua, a la doctora Clara Eugenia Pe\u00f1a, al doctor John, el director de centro vida, por haber hecho posible esta actividad tan bella como la celebraci\u00f3n del d\u00eda de las madres para todas nuestras abuelas de nuestra comuna y a todas las personas que han hecho posible este evento tan maravilloso, tan bonito y darle las gracias a todas las personas que vinieron ac\u00e1 a hacer esa actividad, a compartir con todos nosotros\u201d, expres\u00f3 Amparo Trujillo, Coordinadora de Adulta Mayor de la comuna Ocho.<\/p>\n<p>Para hacer posible este tipo de actividades, se cont\u00f3 con el apoyo de la Secretar\u00eda de Salud que, a trav\u00e9s de sus funcionarios, sensibiliz\u00f3 a las presentes sobre la L\u00ednea de Vida y Esperanza, para la protecci\u00f3n de la salud mental, tambi\u00e9n se cont\u00f3 con el apoyo de la Emisora Tropicana quienes trajeron a Dora la Parrendera, el Ej\u00e9rcito Nacional, Academia Fashion, Academia de belleza de la Cruz Roja, la Panader\u00eda Santander, la empresa Surcolac, entre otras que se han sumando a esta noble causa.<\/p>\n<p>La pr\u00f3xima celebraci\u00f3n del mes de las madres a las adultas mayores ser\u00e1 en el Centro Vida Manzanares de la comuna Seis.<\/p>\n","protected":false},"excerpt":{"rendered":"<p>En el marco de la celebraci\u00f3n del mes de las madres, las adultas mayores de la ciudad han sido las beneficiarias, llev\u00e1ndoles m\u00fasica, baile, brigadas de belleza, entre otras actividades a los Centros de Vida de las diferentes comunas de Neiva. \u201cLa Secretar\u00eda de Desarrollo Social e Inclusi\u00f3n de la Alcald\u00eda de Neiva, en el [&hellip;]<\/p>\n","protected":false},"author":2,"featured_media":73435,"comment_status":"closed","ping_status":"open","sticky":false,"template":"","format":"standard","meta":{"footnotes":""},"categories":[31],"tags":[],"class_list":["post-73434","post","type-post","status-publish","format-standard","has-post-thumbnail","hentry","category-local"],"yoast_head":"<!-- This site is optimized with the Yoast SEO plugin v26.6 - https:\/\/yoast.com\/wordpress\/plugins\/seo\/ -->\n<title>Celebraci\u00f3n del D\u00eda de la Madre para las adultas mayores de Neiva -<\/title>\n<meta name=\"robots\" content=\"index, follow, max-snippet:-1, max-image-preview:large, max-video-preview:-1\" \/>\n<link rel=\"canonical\" href=\"https:\/\/luchonoticias.com\/editor\/celebracion-del-dia-de-la-madre-para-las-adultas-mayores-de-neiva\/\" \/>\n<meta property=\"og:locale\" content=\"es_ES\" \/>\n<meta property=\"og:type\" content=\"article\" \/>\n<meta property=\"og:title\" content=\"Celebraci\u00f3n del D\u00eda de la Madre para las adultas mayores de Neiva -\" \/>\n<meta property=\"og:url\" content=\"https:\/\/luchonoticias.com\/editor\/celebracion-del-dia-de-la-madre-para-las-adultas-mayores-de-neiva\/\" \/>\n<meta property=\"article:publisher\" content=\"https:\/\/www.facebook.com\/luchonoticiasneiva\" \/>\n<meta property=\"article:published_time\" content=\"2024-05-25T12:26:54+00:00\" \/>\n<meta property=\"og:image\" content=\"https:\/\/luchonoticias.com\/editor\/wp-content\/uploads\/2024\/05\/abuelas-mayores-neiva.jpg\" \/>\n\t<meta property=\"og:image:width\" content=\"700\" \/>\n\t<meta property=\"og:image:height\" content=\"400\" \/>\n\t<meta property=\"og:image:type\" content=\"image\/jpeg\" \/>\n<meta name=\"author\" content=\"Editor General\" \/>\n<meta name=\"twitter:card\" content=\"summary_large_image\" \/>\n<meta name=\"twitter:label1\" content=\"Escrito por\" \/>\n\t<meta name=\"twitter:data1\" content=\"Editor General\" \/>\n\t<meta name=\"twitter:label2\" content=\"Tiempo de lectura\" \/>\n\t<meta name=\"twitter:data2\" content=\"2 minutos\" \/>\n<script type=\"application\/ld+json\" class=\"yoast-schema-graph\">{\"@context\":\"https:\/\/schema.org\",\"@graph\":[{\"@type\":\"Article\",\"@id\":\"https:\/\/luchonoticias.com\/editor\/celebracion-del-dia-de-la-madre-para-las-adultas-mayores-de-neiva\/#article\",\"isPartOf\":{\"@id\":\"https:\/\/luchonoticias.com\/editor\/celebracion-del-dia-de-la-madre-para-las-adultas-mayores-de-neiva\/\"},\"author\":{\"name\":\"Editor General\",\"@id\":\"https:\/\/luchonoticias.com\/editor\/#\/schema\/person\/29217990ddf6f14e35912b2866d591fb\"},\"headline\":\"Celebraci\u00f3n del D\u00eda de la Madre para las adultas mayores de Neiva\",\"datePublished\":\"2024-05-25T12:26:54+00:00\",\"mainEntityOfPage\":{\"@id\":\"https:\/\/luchonoticias.com\/editor\/celebracion-del-dia-de-la-madre-para-las-adultas-mayores-de-neiva\/\"},\"wordCount\":412,\"publisher\":{\"@id\":\"https:\/\/luchonoticias.com\/editor\/#\/schema\/person\/7a7fd911f58561fd056dbac7b55af9cd\"},\"image\":{\"@id\":\"https:\/\/luchonoticias.com\/editor\/celebracion-del-dia-de-la-madre-para-las-adultas-mayores-de-neiva\/#primaryimage\"},\"thumbnailUrl\":\"https:\/\/luchonoticias.com\/editor\/wp-content\/uploads\/2024\/05\/abuelas-mayores-neiva.jpg\",\"articleSection\":[\"Local\"],\"inLanguage\":\"es\"},{\"@type\":\"WebPage\",\"@id\":\"https:\/\/luchonoticias.com\/editor\/celebracion-del-dia-de-la-madre-para-las-adultas-mayores-de-neiva\/\",\"url\":\"https:\/\/luchonoticias.com\/editor\/celebracion-del-dia-de-la-madre-para-las-adultas-mayores-de-neiva\/\",\"name\":\"Celebraci\u00f3n del D\u00eda de la Madre para las adultas mayores de Neiva -\",\"isPartOf\":{\"@id\":\"https:\/\/luchonoticias.com\/editor\/#website\"},\"primaryImageOfPage\":{\"@id\":\"https:\/\/luchonoticias.com\/editor\/celebracion-del-dia-de-la-madre-para-las-adultas-mayores-de-neiva\/#primaryimage\"},\"image\":{\"@id\":\"https:\/\/luchonoticias.com\/editor\/celebracion-del-dia-de-la-madre-para-las-adultas-mayores-de-neiva\/#primaryimage\"},\"thumbnailUrl\":\"https:\/\/luchonoticias.com\/editor\/wp-content\/uploads\/2024\/05\/abuelas-mayores-neiva.jpg\",\"datePublished\":\"2024-05-25T12:26:54+00:00\",\"breadcrumb\":{\"@id\":\"https:\/\/luchonoticias.com\/editor\/celebracion-del-dia-de-la-madre-para-las-adultas-mayores-de-neiva\/#breadcrumb\"},\"inLanguage\":\"es\",\"potentialAction\":[{\"@type\":\"ReadAction\",\"target\":[\"https:\/\/luchonoticias.com\/editor\/celebracion-del-dia-de-la-madre-para-las-adultas-mayores-de-neiva\/\"]}]},{\"@type\":\"ImageObject\",\"inLanguage\":\"es\",\"@id\":\"https:\/\/luchonoticias.com\/editor\/celebracion-del-dia-de-la-madre-para-las-adultas-mayores-de-neiva\/#primaryimage\",\"url\":\"https:\/\/luchonoticias.com\/editor\/wp-content\/uploads\/2024\/05\/abuelas-mayores-neiva.jpg\",\"contentUrl\":\"https:\/\/luchonoticias.com\/editor\/wp-content\/uploads\/2024\/05\/abuelas-mayores-neiva.jpg\",\"width\":700,\"height\":400},{\"@type\":\"BreadcrumbList\",\"@id\":\"https:\/\/luchonoticias.com\/editor\/celebracion-del-dia-de-la-madre-para-las-adultas-mayores-de-neiva\/#breadcrumb\",\"itemListElement\":[{\"@type\":\"ListItem\",\"position\":1,\"name\":\"Portada\",\"item\":\"https:\/\/luchonoticias.com\/editor\/\"},{\"@type\":\"ListItem\",\"position\":2,\"name\":\"Celebraci\u00f3n del D\u00eda de la Madre para las adultas mayores de Neiva\"}]},{\"@type\":\"WebSite\",\"@id\":\"https:\/\/luchonoticias.com\/editor\/#website\",\"url\":\"https:\/\/luchonoticias.com\/editor\/\",\"name\":\"\",\"description\":\"\",\"publisher\":{\"@id\":\"https:\/\/luchonoticias.com\/editor\/#\/schema\/person\/7a7fd911f58561fd056dbac7b55af9cd\"},\"potentialAction\":[{\"@type\":\"SearchAction\",\"target\":{\"@type\":\"EntryPoint\",\"urlTemplate\":\"https:\/\/luchonoticias.com\/editor\/?s={search_term_string}\"},\"query-input\":{\"@type\":\"PropertyValueSpecification\",\"valueRequired\":true,\"valueName\":\"search_term_string\"}}],\"inLanguage\":\"es\"},{\"@type\":[\"Person\",\"Organization\"],\"@id\":\"https:\/\/luchonoticias.com\/editor\/#\/schema\/person\/7a7fd911f58561fd056dbac7b55af9cd\",\"name\":\"admin\",\"image\":{\"@type\":\"ImageObject\",\"inLanguage\":\"es\",\"@id\":\"https:\/\/luchonoticias.com\/editor\/#\/schema\/person\/image\/\",\"url\":\"https:\/\/luchonoticias.com\/editor\/wp-content\/uploads\/2024\/02\/cropped-cropped-logolu.webp\",\"contentUrl\":\"https:\/\/luchonoticias.com\/editor\/wp-content\/uploads\/2024\/02\/cropped-cropped-logolu.webp\",\"width\":382,\"height\":170,\"caption\":\"admin\"},\"logo\":{\"@id\":\"https:\/\/luchonoticias.com\/editor\/#\/schema\/person\/image\/\"},\"sameAs\":[\"https:\/\/www.facebook.com\/luchonoticiasneiva\"]},{\"@type\":\"Person\",\"@id\":\"https:\/\/luchonoticias.com\/editor\/#\/schema\/person\/29217990ddf6f14e35912b2866d591fb\",\"name\":\"Editor General\",\"image\":{\"@type\":\"ImageObject\",\"inLanguage\":\"es\",\"@id\":\"https:\/\/luchonoticias.com\/editor\/#\/schema\/person\/image\/\",\"url\":\"https:\/\/luchonoticias.com\/editor\/wp-content\/uploads\/2024\/02\/cropped-cropped-logolu-150x150.webp\",\"contentUrl\":\"https:\/\/luchonoticias.com\/editor\/wp-content\/uploads\/2024\/02\/cropped-cropped-logolu-150x150.webp\",\"caption\":\"Editor General\"},\"sameAs\":[\"https:\/\/luchonoticias.com\/\"],\"url\":\"https:\/\/luchonoticias.com\/editor\/author\/editor-general\/\"}]}<\/script>\n<!-- \/ Yoast SEO plugin. -->","yoast_head_json":{"title":"Celebraci\u00f3n del D\u00eda de la Madre para las adultas mayores de Neiva -","robots":{"index":"index","follow":"follow","max-snippet":"max-snippet:-1","max-image-preview":"max-image-preview:large","max-video-preview":"max-video-preview:-1"},"canonical":"https:\/\/luchonoticias.com\/editor\/celebracion-del-dia-de-la-madre-para-las-adultas-mayores-de-neiva\/","og_locale":"es_ES","og_type":"article","og_title":"Celebraci\u00f3n del D\u00eda de la Madre para las adultas mayores de Neiva -","og_url":"https:\/\/luchonoticias.com\/editor\/celebracion-del-dia-de-la-madre-para-las-adultas-mayores-de-neiva\/","article_publisher":"https:\/\/www.facebook.com\/luchonoticiasneiva","article_published_time":"2024-05-25T12:26:54+00:00","og_image":[{"width":700,"height":400,"url":"https:\/\/luchonoticias.com\/editor\/wp-content\/uploads\/2024\/05\/abuelas-mayores-neiva.jpg","type":"image\/jpeg"}],"author":"Editor General","twitter_card":"summary_large_image","twitter_misc":{"Escrito por":"Editor General","Tiempo de lectura":"2 minutos"},"schema":{"@context":"https:\/\/schema.org","@graph":[{"@type":"Article","@id":"https:\/\/luchonoticias.com\/editor\/celebracion-del-dia-de-la-madre-para-las-adultas-mayores-de-neiva\/#article","isPartOf":{"@id":"https:\/\/luchonoticias.com\/editor\/celebracion-del-dia-de-la-madre-para-las-adultas-mayores-de-neiva\/"},"author":{"name":"Editor General","@id":"https:\/\/luchonoticias.com\/editor\/#\/schema\/person\/29217990ddf6f14e35912b2866d591fb"},"headline":"Celebraci\u00f3n del D\u00eda de la Madre para las adultas mayores de Neiva","datePublished":"2024-05-25T12:26:54+00:00","mainEntityOfPage":{"@id":"https:\/\/luchonoticias.com\/editor\/celebracion-del-dia-de-la-madre-para-las-adultas-mayores-de-neiva\/"},"wordCount":412,"publisher":{"@id":"https:\/\/luchonoticias.com\/editor\/#\/schema\/person\/7a7fd911f58561fd056dbac7b55af9cd"},"image":{"@id":"https:\/\/luchonoticias.com\/editor\/celebracion-del-dia-de-la-madre-para-las-adultas-mayores-de-neiva\/#primaryimage"},"thumbnailUrl":"https:\/\/luchonoticias.com\/editor\/wp-content\/uploads\/2024\/05\/abuelas-mayores-neiva.jpg","articleSection":["Local"],"inLanguage":"es"},{"@type":"WebPage","@id":"https:\/\/luchonoticias.com\/editor\/celebracion-del-dia-de-la-madre-para-las-adultas-mayores-de-neiva\/","url":"https:\/\/luchonoticias.com\/editor\/celebracion-del-dia-de-la-madre-para-las-adultas-mayores-de-neiva\/","name":"Celebraci\u00f3n del D\u00eda de la Madre para las adultas mayores de Neiva -","isPartOf":{"@id":"https:\/\/luchonoticias.com\/editor\/#website"},"primaryImageOfPage":{"@id":"https:\/\/luchonoticias.com\/editor\/celebracion-del-dia-de-la-madre-para-las-adultas-mayores-de-neiva\/#primaryimage"},"image":{"@id":"https:\/\/luchonoticias.com\/editor\/celebracion-del-dia-de-la-madre-para-las-adultas-mayores-de-neiva\/#primaryimage"},"thumbnailUrl":"https:\/\/luchonoticias.com\/editor\/wp-content\/uploads\/2024\/05\/abuelas-mayores-neiva.jpg","datePublished":"2024-05-25T12:26:54+00:00","breadcrumb":{"@id":"https:\/\/luchonoticias.com\/editor\/celebracion-del-dia-de-la-madre-para-las-adultas-mayores-de-neiva\/#breadcrumb"},"inLanguage":"es","potentialAction":[{"@type":"ReadAction","target":["https:\/\/luchonoticias.com\/editor\/celebracion-del-dia-de-la-madre-para-las-adultas-mayores-de-neiva\/"]}]},{"@type":"ImageObject","inLanguage":"es","@id":"https:\/\/luchonoticias.com\/editor\/celebracion-del-dia-de-la-madre-para-las-adultas-mayores-de-neiva\/#primaryimage","url":"https:\/\/luchonoticias.com\/editor\/wp-content\/uploads\/2024\/05\/abuelas-mayores-neiva.jpg","contentUrl":"https:\/\/luchonoticias.com\/editor\/wp-content\/uploads\/2024\/05\/abuelas-mayores-neiva.jpg","width":700,"height":400},{"@type":"BreadcrumbList","@id":"https:\/\/luchonoticias.com\/editor\/celebracion-del-dia-de-la-madre-para-las-adultas-mayores-de-neiva\/#breadcrumb","itemListElement":[{"@type":"ListItem","position":1,"name":"Portada","item":"https:\/\/luchonoticias.com\/editor\/"},{"@type":"ListItem","position":2,"name":"Celebraci\u00f3n del D\u00eda de la Madre para las adultas mayores de Neiva"}]},{"@type":"WebSite","@id":"https:\/\/luchonoticias.com\/editor\/#website","url":"https:\/\/luchonoticias.com\/editor\/","name":"","description":"","publisher":{"@id":"https:\/\/luchonoticias.com\/editor\/#\/schema\/person\/7a7fd911f58561fd056dbac7b55af9cd"},"potentialAction":[{"@type":"SearchAction","target":{"@type":"EntryPoint","urlTemplate":"https:\/\/luchonoticias.com\/editor\/?s={search_term_string}"},"query-input":{"@type":"PropertyValueSpecification","valueRequired":true,"valueName":"search_term_string"}}],"inLanguage":"es"},{"@type":["Person","Organization"],"@id":"https:\/\/luchonoticias.com\/editor\/#\/schema\/person\/7a7fd911f58561fd056dbac7b55af9cd","name":"admin","image":{"@type":"ImageObject","inLanguage":"es","@id":"https:\/\/luchonoticias.com\/editor\/#\/schema\/person\/image\/","url":"https:\/\/luchonoticias.com\/editor\/wp-content\/uploads\/2024\/02\/cropped-cropped-logolu.webp","contentUrl":"https:\/\/luchonoticias.com\/editor\/wp-content\/uploads\/2024\/02\/cropped-cropped-logolu.webp","width":382,"height":170,"caption":"admin"},"logo":{"@id":"https:\/\/luchonoticias.com\/editor\/#\/schema\/person\/image\/"},"sameAs":["https:\/\/www.facebook.com\/luchonoticiasneiva"]},{"@type":"Person","@id":"https:\/\/luchonoticias.com\/editor\/#\/schema\/person\/29217990ddf6f14e35912b2866d591fb","name":"Editor General","image":{"@type":"ImageObject","inLanguage":"es","@id":"https:\/\/luchonoticias.com\/editor\/#\/schema\/person\/image\/","url":"https:\/\/luchonoticias.com\/editor\/wp-content\/uploads\/2024\/02\/cropped-cropped-logolu-150x150.webp","contentUrl":"https:\/\/luchonoticias.com\/editor\/wp-content\/uploads\/2024\/02\/cropped-cropped-logolu-150x150.webp","caption":"Editor General"},"sameAs":["https:\/\/luchonoticias.com\/"],"url":"https:\/\/luchonoticias.com\/editor\/author\/editor-general\/"}]}},"_links":{"self":[{"href":"https:\/\/luchonoticias.com\/editor\/wp-json\/wp\/v2\/posts\/73434","targetHints":{"allow":["GET"]}}],"collection":[{"href":"https:\/\/luchonoticias.com\/editor\/wp-json\/wp\/v2\/posts"}],"about":[{"href":"https:\/\/luchonoticias.com\/editor\/wp-json\/wp\/v2\/types\/post"}],"author":[{"embeddable":true,"href":"https:\/\/luchonoticias.com\/editor\/wp-json\/wp\/v2\/users\/2"}],"replies":[{"embeddable":true,"href":"https:\/\/luchonoticias.com\/editor\/wp-json\/wp\/v2\/comments?post=73434"}],"version-history":[{"count":0,"href":"https:\/\/luchonoticias.com\/editor\/wp-json\/wp\/v2\/posts\/73434\/revisions"}],"wp:featuredmedia":[{"embeddable":true,"href":"https:\/\/luchonoticias.com\/editor\/wp-json\/wp\/v2\/media\/73435"}],"wp:attachment":[{"href":"https:\/\/luchonoticias.com\/editor\/wp-json\/wp\/v2\/media?parent=73434"}],"wp:term":[{"taxonomy":"category","embeddable":true,"href":"https:\/\/luchonoticias.com\/editor\/wp-json\/wp\/v2\/categories?post=73434"},{"taxonomy":"post_tag","embeddable":true,"href":"https:\/\/luchonoticias.com\/editor\/wp-json\/wp\/v2\/tags?post=73434"}],"curies":[{"name":"wp","href":"https:\/\/api.w.org\/{rel}","templated":true}]}}