{"id":73439,"date":"2024-05-25T13:41:32","date_gmt":"2024-05-25T18:41:32","guid":{"rendered":"https:\/\/luchonoticias.com\/?p=73439"},"modified":"2024-05-25T13:41:32","modified_gmt":"2024-05-25T18:41:32","slug":"plan-de-desarrollo-departamental-ha-sido-aprobado-en-la-asamblea","status":"publish","type":"post","link":"https:\/\/luchonoticias.com\/editor\/plan-de-desarrollo-departamental-ha-sido-aprobado-en-la-asamblea\/","title":{"rendered":"Plan de desarrollo departamental ha sido aprobado en la Asamblea"},"content":{"rendered":"<p>La Asamblea Departamental aval\u00f3 en segundo debate el Plan de Desarrollo \u00abPor un Huila Grande\u00bb. Este documento, que guiar\u00e1 las acciones estrat\u00e9gicas durante los pr\u00f3ximos cuatro a\u00f1os, establece una s\u00f3lida hoja de ruta bajo los cinco pilares fundamentales delineados para el progreso integral del Huila.<\/p>\n<p>Los cinco pilares que estructuran el Plan de Desarrollo reci\u00e9n aprobado son: Alianza para la seguridad y buen gobierno, alianza para el progreso social, alianza para el desarrollo econ\u00f3mico, alianza para la sostenibilidad y alianza por un Huila rural y m\u00e1s sostenible. Estos pilares no solo representan objetivos claros, sino tambi\u00e9n compromisos firmes con el bienestar y el avance del departamento del Huila.<\/p>\n<p>\u201cHoy es un d\u00eda muy importante para el departamento porque con la aprobaci\u00f3n de este plan de desarrollo departamental \u201cPor un Huila Grande\u201d empieza un recorrido estrat\u00e9gico durante los pr\u00f3ximos cuatro a\u00f1os, para hacer realidad de manera articulada, la ejecuci\u00f3n de los cinco pilares que est\u00e1n establecidos y as\u00ed poder lograr nuestra gran meta que es conducir al departamento por la v\u00eda del progreso\u201d, expres\u00f3 Camilo Ernesto Lozano Hermida, director del Departamento Administrativo de Planeaci\u00f3n de la gobernaci\u00f3n del Huila.<\/p>\n<p>El plan plurianual de inversiones, fundamental para la materializaci\u00f3n de las metas, asciende a $5.2 billones, distribuidos de manera estrat\u00e9gica entre diversas fuentes de financiaci\u00f3n. La mayor parte proviene del sistema general de participaci\u00f3n, con una asignaci\u00f3n de $2.7 billones, que son transferencias de la Naci\u00f3n al departamento, seguido por recursos propios del departamento por un total de $889.000 millones. Adem\u00e1s, el gobierno departamental y los huilenses contar\u00e1n con aportes significativos provenientes del sistema general de regal\u00edas, con $627.000 millones, y una l\u00ednea de cr\u00e9dito establecida por $90.000 millones.<\/p>\n<p>\u201cHoy por supuesto reconocemos no solamente el trabajo del gobierno departamental, sino tambi\u00e9n el trabajo juicioso de los cuatro diputados que hicieron parte de la comisi\u00f3n del plan de desarrollo, donde juiciosamente concertaron, hicieron un recorrido por todo el departamento escuchando a los huilenses y por supuesto que se tradujo en este gran plan de desarrollo que sabemos que har\u00e1 de este Huila, grande como el que todos so\u00f1amos\u201d, resalt\u00f3 Victoria Eugenia Castro, presidenta de la Asamblea.<\/p>\n<p>De igual manera, otra de las fuentes de financiaci\u00f3n que se tiene prevista es la articulaci\u00f3n con el Gobierno Nacional, mediante el Plan de Desarrollo Nacional, para acceder a programas y recursos adicionales que fortalezcan el desarrollo de proyectos. La meta es obtener una cofinanciaci\u00f3n del \u00e1mbito nacional superior a los $6.000 millones, complementando as\u00ed los esfuerzos regionales con el respaldo del Gobierno Central.<\/p>\n","protected":false},"excerpt":{"rendered":"<p>La Asamblea Departamental aval\u00f3 en segundo debate el Plan de Desarrollo \u00abPor un Huila Grande\u00bb. Este documento, que guiar\u00e1 las acciones estrat\u00e9gicas durante los pr\u00f3ximos cuatro a\u00f1os, establece una s\u00f3lida hoja de ruta bajo los cinco pilares fundamentales delineados para el progreso integral del Huila. Los cinco pilares que estructuran el Plan de Desarrollo reci\u00e9n [&hellip;]<\/p>\n","protected":false},"author":2,"featured_media":73440,"comment_status":"closed","ping_status":"open","sticky":false,"template":"","format":"standard","meta":{"footnotes":""},"categories":[33],"tags":[],"class_list":["post-73439","post","type-post","status-publish","format-standard","has-post-thumbnail","hentry","category-huila"],"yoast_head":"<!-- This site is optimized with the Yoast SEO plugin v26.6 - https:\/\/yoast.com\/wordpress\/plugins\/seo\/ -->\n<title>Plan de desarrollo departamental ha sido aprobado en la Asamblea -<\/title>\n<meta name=\"robots\" content=\"index, follow, max-snippet:-1, max-image-preview:large, max-video-preview:-1\" \/>\n<link rel=\"canonical\" href=\"https:\/\/luchonoticias.com\/editor\/plan-de-desarrollo-departamental-ha-sido-aprobado-en-la-asamblea\/\" \/>\n<meta property=\"og:locale\" content=\"es_ES\" \/>\n<meta property=\"og:type\" content=\"article\" \/>\n<meta property=\"og:title\" content=\"Plan de desarrollo departamental ha sido aprobado en la Asamblea -\" \/>\n<meta property=\"og:url\" content=\"https:\/\/luchonoticias.com\/editor\/plan-de-desarrollo-departamental-ha-sido-aprobado-en-la-asamblea\/\" \/>\n<meta property=\"article:publisher\" content=\"https:\/\/www.facebook.com\/luchonoticiasneiva\" \/>\n<meta property=\"article:published_time\" content=\"2024-05-25T18:41:32+00:00\" \/>\n<meta property=\"og:image\" content=\"https:\/\/luchonoticias.com\/editor\/wp-content\/uploads\/2024\/05\/asamblea-departamental.jpg\" \/>\n\t<meta property=\"og:image:width\" content=\"700\" \/>\n\t<meta property=\"og:image:height\" content=\"400\" \/>\n\t<meta property=\"og:image:type\" content=\"image\/jpeg\" \/>\n<meta name=\"author\" content=\"Editor General\" \/>\n<meta name=\"twitter:card\" content=\"summary_large_image\" \/>\n<meta name=\"twitter:label1\" content=\"Escrito por\" \/>\n\t<meta name=\"twitter:data1\" content=\"Editor General\" \/>\n\t<meta name=\"twitter:label2\" content=\"Tiempo de lectura\" \/>\n\t<meta name=\"twitter:data2\" content=\"2 minutos\" \/>\n<script type=\"application\/ld+json\" class=\"yoast-schema-graph\">{\"@context\":\"https:\/\/schema.org\",\"@graph\":[{\"@type\":\"Article\",\"@id\":\"https:\/\/luchonoticias.com\/editor\/plan-de-desarrollo-departamental-ha-sido-aprobado-en-la-asamblea\/#article\",\"isPartOf\":{\"@id\":\"https:\/\/luchonoticias.com\/editor\/plan-de-desarrollo-departamental-ha-sido-aprobado-en-la-asamblea\/\"},\"author\":{\"name\":\"Editor General\",\"@id\":\"https:\/\/luchonoticias.com\/editor\/#\/schema\/person\/29217990ddf6f14e35912b2866d591fb\"},\"headline\":\"Plan de desarrollo departamental ha sido aprobado en la Asamblea\",\"datePublished\":\"2024-05-25T18:41:32+00:00\",\"mainEntityOfPage\":{\"@id\":\"https:\/\/luchonoticias.com\/editor\/plan-de-desarrollo-departamental-ha-sido-aprobado-en-la-asamblea\/\"},\"wordCount\":457,\"publisher\":{\"@id\":\"https:\/\/luchonoticias.com\/editor\/#\/schema\/person\/7a7fd911f58561fd056dbac7b55af9cd\"},\"image\":{\"@id\":\"https:\/\/luchonoticias.com\/editor\/plan-de-desarrollo-departamental-ha-sido-aprobado-en-la-asamblea\/#primaryimage\"},\"thumbnailUrl\":\"https:\/\/luchonoticias.com\/editor\/wp-content\/uploads\/2024\/05\/asamblea-departamental.jpg\",\"articleSection\":[\"Huila\"],\"inLanguage\":\"es\"},{\"@type\":\"WebPage\",\"@id\":\"https:\/\/luchonoticias.com\/editor\/plan-de-desarrollo-departamental-ha-sido-aprobado-en-la-asamblea\/\",\"url\":\"https:\/\/luchonoticias.com\/editor\/plan-de-desarrollo-departamental-ha-sido-aprobado-en-la-asamblea\/\",\"name\":\"Plan de desarrollo departamental ha sido aprobado en la Asamblea -\",\"isPartOf\":{\"@id\":\"https:\/\/luchonoticias.com\/editor\/#website\"},\"primaryImageOfPage\":{\"@id\":\"https:\/\/luchonoticias.com\/editor\/plan-de-desarrollo-departamental-ha-sido-aprobado-en-la-asamblea\/#primaryimage\"},\"image\":{\"@id\":\"https:\/\/luchonoticias.com\/editor\/plan-de-desarrollo-departamental-ha-sido-aprobado-en-la-asamblea\/#primaryimage\"},\"thumbnailUrl\":\"https:\/\/luchonoticias.com\/editor\/wp-content\/uploads\/2024\/05\/asamblea-departamental.jpg\",\"datePublished\":\"2024-05-25T18:41:32+00:00\",\"breadcrumb\":{\"@id\":\"https:\/\/luchonoticias.com\/editor\/plan-de-desarrollo-departamental-ha-sido-aprobado-en-la-asamblea\/#breadcrumb\"},\"inLanguage\":\"es\",\"potentialAction\":[{\"@type\":\"ReadAction\",\"target\":[\"https:\/\/luchonoticias.com\/editor\/plan-de-desarrollo-departamental-ha-sido-aprobado-en-la-asamblea\/\"]}]},{\"@type\":\"ImageObject\",\"inLanguage\":\"es\",\"@id\":\"https:\/\/luchonoticias.com\/editor\/plan-de-desarrollo-departamental-ha-sido-aprobado-en-la-asamblea\/#primaryimage\",\"url\":\"https:\/\/luchonoticias.com\/editor\/wp-content\/uploads\/2024\/05\/asamblea-departamental.jpg\",\"contentUrl\":\"https:\/\/luchonoticias.com\/editor\/wp-content\/uploads\/2024\/05\/asamblea-departamental.jpg\",\"width\":700,\"height\":400},{\"@type\":\"BreadcrumbList\",\"@id\":\"https:\/\/luchonoticias.com\/editor\/plan-de-desarrollo-departamental-ha-sido-aprobado-en-la-asamblea\/#breadcrumb\",\"itemListElement\":[{\"@type\":\"ListItem\",\"position\":1,\"name\":\"Portada\",\"item\":\"https:\/\/luchonoticias.com\/editor\/\"},{\"@type\":\"ListItem\",\"position\":2,\"name\":\"Plan de desarrollo departamental ha sido aprobado en la Asamblea\"}]},{\"@type\":\"WebSite\",\"@id\":\"https:\/\/luchonoticias.com\/editor\/#website\",\"url\":\"https:\/\/luchonoticias.com\/editor\/\",\"name\":\"\",\"description\":\"\",\"publisher\":{\"@id\":\"https:\/\/luchonoticias.com\/editor\/#\/schema\/person\/7a7fd911f58561fd056dbac7b55af9cd\"},\"potentialAction\":[{\"@type\":\"SearchAction\",\"target\":{\"@type\":\"EntryPoint\",\"urlTemplate\":\"https:\/\/luchonoticias.com\/editor\/?s={search_term_string}\"},\"query-input\":{\"@type\":\"PropertyValueSpecification\",\"valueRequired\":true,\"valueName\":\"search_term_string\"}}],\"inLanguage\":\"es\"},{\"@type\":[\"Person\",\"Organization\"],\"@id\":\"https:\/\/luchonoticias.com\/editor\/#\/schema\/person\/7a7fd911f58561fd056dbac7b55af9cd\",\"name\":\"admin\",\"image\":{\"@type\":\"ImageObject\",\"inLanguage\":\"es\",\"@id\":\"https:\/\/luchonoticias.com\/editor\/#\/schema\/person\/image\/\",\"url\":\"https:\/\/luchonoticias.com\/editor\/wp-content\/uploads\/2024\/02\/cropped-cropped-logolu.webp\",\"contentUrl\":\"https:\/\/luchonoticias.com\/editor\/wp-content\/uploads\/2024\/02\/cropped-cropped-logolu.webp\",\"width\":382,\"height\":170,\"caption\":\"admin\"},\"logo\":{\"@id\":\"https:\/\/luchonoticias.com\/editor\/#\/schema\/person\/image\/\"},\"sameAs\":[\"https:\/\/www.facebook.com\/luchonoticiasneiva\"]},{\"@type\":\"Person\",\"@id\":\"https:\/\/luchonoticias.com\/editor\/#\/schema\/person\/29217990ddf6f14e35912b2866d591fb\",\"name\":\"Editor General\",\"image\":{\"@type\":\"ImageObject\",\"inLanguage\":\"es\",\"@id\":\"https:\/\/luchonoticias.com\/editor\/#\/schema\/person\/image\/\",\"url\":\"https:\/\/luchonoticias.com\/editor\/wp-content\/uploads\/2024\/02\/cropped-cropped-logolu-150x150.webp\",\"contentUrl\":\"https:\/\/luchonoticias.com\/editor\/wp-content\/uploads\/2024\/02\/cropped-cropped-logolu-150x150.webp\",\"caption\":\"Editor General\"},\"sameAs\":[\"https:\/\/luchonoticias.com\/\"],\"url\":\"https:\/\/luchonoticias.com\/editor\/author\/editor-general\/\"}]}<\/script>\n<!-- \/ Yoast SEO plugin. -->","yoast_head_json":{"title":"Plan de desarrollo departamental ha sido aprobado en la Asamblea -","robots":{"index":"index","follow":"follow","max-snippet":"max-snippet:-1","max-image-preview":"max-image-preview:large","max-video-preview":"max-video-preview:-1"},"canonical":"https:\/\/luchonoticias.com\/editor\/plan-de-desarrollo-departamental-ha-sido-aprobado-en-la-asamblea\/","og_locale":"es_ES","og_type":"article","og_title":"Plan de desarrollo departamental ha sido aprobado en la Asamblea -","og_url":"https:\/\/luchonoticias.com\/editor\/plan-de-desarrollo-departamental-ha-sido-aprobado-en-la-asamblea\/","article_publisher":"https:\/\/www.facebook.com\/luchonoticiasneiva","article_published_time":"2024-05-25T18:41:32+00:00","og_image":[{"width":700,"height":400,"url":"https:\/\/luchonoticias.com\/editor\/wp-content\/uploads\/2024\/05\/asamblea-departamental.jpg","type":"image\/jpeg"}],"author":"Editor General","twitter_card":"summary_large_image","twitter_misc":{"Escrito por":"Editor General","Tiempo de lectura":"2 minutos"},"schema":{"@context":"https:\/\/schema.org","@graph":[{"@type":"Article","@id":"https:\/\/luchonoticias.com\/editor\/plan-de-desarrollo-departamental-ha-sido-aprobado-en-la-asamblea\/#article","isPartOf":{"@id":"https:\/\/luchonoticias.com\/editor\/plan-de-desarrollo-departamental-ha-sido-aprobado-en-la-asamblea\/"},"author":{"name":"Editor General","@id":"https:\/\/luchonoticias.com\/editor\/#\/schema\/person\/29217990ddf6f14e35912b2866d591fb"},"headline":"Plan de desarrollo departamental ha sido aprobado en la Asamblea","datePublished":"2024-05-25T18:41:32+00:00","mainEntityOfPage":{"@id":"https:\/\/luchonoticias.com\/editor\/plan-de-desarrollo-departamental-ha-sido-aprobado-en-la-asamblea\/"},"wordCount":457,"publisher":{"@id":"https:\/\/luchonoticias.com\/editor\/#\/schema\/person\/7a7fd911f58561fd056dbac7b55af9cd"},"image":{"@id":"https:\/\/luchonoticias.com\/editor\/plan-de-desarrollo-departamental-ha-sido-aprobado-en-la-asamblea\/#primaryimage"},"thumbnailUrl":"https:\/\/luchonoticias.com\/editor\/wp-content\/uploads\/2024\/05\/asamblea-departamental.jpg","articleSection":["Huila"],"inLanguage":"es"},{"@type":"WebPage","@id":"https:\/\/luchonoticias.com\/editor\/plan-de-desarrollo-departamental-ha-sido-aprobado-en-la-asamblea\/","url":"https:\/\/luchonoticias.com\/editor\/plan-de-desarrollo-departamental-ha-sido-aprobado-en-la-asamblea\/","name":"Plan de desarrollo departamental ha sido aprobado en la Asamblea -","isPartOf":{"@id":"https:\/\/luchonoticias.com\/editor\/#website"},"primaryImageOfPage":{"@id":"https:\/\/luchonoticias.com\/editor\/plan-de-desarrollo-departamental-ha-sido-aprobado-en-la-asamblea\/#primaryimage"},"image":{"@id":"https:\/\/luchonoticias.com\/editor\/plan-de-desarrollo-departamental-ha-sido-aprobado-en-la-asamblea\/#primaryimage"},"thumbnailUrl":"https:\/\/luchonoticias.com\/editor\/wp-content\/uploads\/2024\/05\/asamblea-departamental.jpg","datePublished":"2024-05-25T18:41:32+00:00","breadcrumb":{"@id":"https:\/\/luchonoticias.com\/editor\/plan-de-desarrollo-departamental-ha-sido-aprobado-en-la-asamblea\/#breadcrumb"},"inLanguage":"es","potentialAction":[{"@type":"ReadAction","target":["https:\/\/luchonoticias.com\/editor\/plan-de-desarrollo-departamental-ha-sido-aprobado-en-la-asamblea\/"]}]},{"@type":"ImageObject","inLanguage":"es","@id":"https:\/\/luchonoticias.com\/editor\/plan-de-desarrollo-departamental-ha-sido-aprobado-en-la-asamblea\/#primaryimage","url":"https:\/\/luchonoticias.com\/editor\/wp-content\/uploads\/2024\/05\/asamblea-departamental.jpg","contentUrl":"https:\/\/luchonoticias.com\/editor\/wp-content\/uploads\/2024\/05\/asamblea-departamental.jpg","width":700,"height":400},{"@type":"BreadcrumbList","@id":"https:\/\/luchonoticias.com\/editor\/plan-de-desarrollo-departamental-ha-sido-aprobado-en-la-asamblea\/#breadcrumb","itemListElement":[{"@type":"ListItem","position":1,"name":"Portada","item":"https:\/\/luchonoticias.com\/editor\/"},{"@type":"ListItem","position":2,"name":"Plan de desarrollo departamental ha sido aprobado en la Asamblea"}]},{"@type":"WebSite","@id":"https:\/\/luchonoticias.com\/editor\/#website","url":"https:\/\/luchonoticias.com\/editor\/","name":"","description":"","publisher":{"@id":"https:\/\/luchonoticias.com\/editor\/#\/schema\/person\/7a7fd911f58561fd056dbac7b55af9cd"},"potentialAction":[{"@type":"SearchAction","target":{"@type":"EntryPoint","urlTemplate":"https:\/\/luchonoticias.com\/editor\/?s={search_term_string}"},"query-input":{"@type":"PropertyValueSpecification","valueRequired":true,"valueName":"search_term_string"}}],"inLanguage":"es"},{"@type":["Person","Organization"],"@id":"https:\/\/luchonoticias.com\/editor\/#\/schema\/person\/7a7fd911f58561fd056dbac7b55af9cd","name":"admin","image":{"@type":"ImageObject","inLanguage":"es","@id":"https:\/\/luchonoticias.com\/editor\/#\/schema\/person\/image\/","url":"https:\/\/luchonoticias.com\/editor\/wp-content\/uploads\/2024\/02\/cropped-cropped-logolu.webp","contentUrl":"https:\/\/luchonoticias.com\/editor\/wp-content\/uploads\/2024\/02\/cropped-cropped-logolu.webp","width":382,"height":170,"caption":"admin"},"logo":{"@id":"https:\/\/luchonoticias.com\/editor\/#\/schema\/person\/image\/"},"sameAs":["https:\/\/www.facebook.com\/luchonoticiasneiva"]},{"@type":"Person","@id":"https:\/\/luchonoticias.com\/editor\/#\/schema\/person\/29217990ddf6f14e35912b2866d591fb","name":"Editor General","image":{"@type":"ImageObject","inLanguage":"es","@id":"https:\/\/luchonoticias.com\/editor\/#\/schema\/person\/image\/","url":"https:\/\/luchonoticias.com\/editor\/wp-content\/uploads\/2024\/02\/cropped-cropped-logolu-150x150.webp","contentUrl":"https:\/\/luchonoticias.com\/editor\/wp-content\/uploads\/2024\/02\/cropped-cropped-logolu-150x150.webp","caption":"Editor General"},"sameAs":["https:\/\/luchonoticias.com\/"],"url":"https:\/\/luchonoticias.com\/editor\/author\/editor-general\/"}]}},"_links":{"self":[{"href":"https:\/\/luchonoticias.com\/editor\/wp-json\/wp\/v2\/posts\/73439","targetHints":{"allow":["GET"]}}],"collection":[{"href":"https:\/\/luchonoticias.com\/editor\/wp-json\/wp\/v2\/posts"}],"about":[{"href":"https:\/\/luchonoticias.com\/editor\/wp-json\/wp\/v2\/types\/post"}],"author":[{"embeddable":true,"href":"https:\/\/luchonoticias.com\/editor\/wp-json\/wp\/v2\/users\/2"}],"replies":[{"embeddable":true,"href":"https:\/\/luchonoticias.com\/editor\/wp-json\/wp\/v2\/comments?post=73439"}],"version-history":[{"count":0,"href":"https:\/\/luchonoticias.com\/editor\/wp-json\/wp\/v2\/posts\/73439\/revisions"}],"wp:featuredmedia":[{"embeddable":true,"href":"https:\/\/luchonoticias.com\/editor\/wp-json\/wp\/v2\/media\/73440"}],"wp:attachment":[{"href":"https:\/\/luchonoticias.com\/editor\/wp-json\/wp\/v2\/media?parent=73439"}],"wp:term":[{"taxonomy":"category","embeddable":true,"href":"https:\/\/luchonoticias.com\/editor\/wp-json\/wp\/v2\/categories?post=73439"},{"taxonomy":"post_tag","embeddable":true,"href":"https:\/\/luchonoticias.com\/editor\/wp-json\/wp\/v2\/tags?post=73439"}],"curies":[{"name":"wp","href":"https:\/\/api.w.org\/{rel}","templated":true}]}}